{"id":168377,"date":"2026-01-22T07:09:19","date_gmt":"2026-01-22T07:09:19","guid":{"rendered":"https:\/\/www.nettali.com\/?p=168377"},"modified":"2026-01-22T19:53:22","modified_gmt":"2026-01-22T19:53:22","slug":"relance-de-leconomie-ousmane-sonko-presente-le-plan-dinvestissement-economique-2026-2028","status":"publish","type":"post","link":"https:\/\/www.nettali.com\/2026\/01\/22\/relance-de-leconomie-ousmane-sonko-presente-le-plan-dinvestissement-economique-2026-2028\/","title":{"rendered":"RELANCE DE L'\u00c9CONOMIE - Ousmane Sonko pr\u00e9sente le Plan d'investissement \u00e9conomique 2026-2028"},"content":{"rendered":"<p><strong>NETTALI.COM - Lors du Conseil des ministres, le Premier ministre Ousmane Sonko a pr\u00e9sent\u00e9 le Plan sp\u00e9cial d'investissement et de financement 2026-2028 destin\u00e9 \u00e0 transformer durablement le tissu productif national.\u00a0<\/strong><\/p>\n<p>Le Plan d'investissement \u00e9conomique 2026-202 pr\u00e9sent\u00e9 par le Premier ministre, lors du Conseil des ministres de ce mercredi 21 janvier 2025, vise une m\u00e9tamorphose profonde et p\u00e9renne de la structure productive du pays. L'architecture de ce plan repose sur une exigence de pr\u00e9cision chirurgicale dans l'allocation des ressources, car selon le document, \u00ab <em>le financement attendu et mobilis\u00e9 dans ce cadre doit rigoureusement \u00eatre orient\u00e9 vers les priorit\u00e9s pertinentes, aussi bien dans l'objectif de transformation poursuivi que dans les domaines d'intervention retenus<\/em> \u00bb.<\/p>\n<p>Au-del\u00e0 de la simple croissance \u00e9conomique, l'enjeu est de consolider les secteurs moteurs de l'\u00e9conomie tout en valorisant le potentiel humain. Cette approche cherche \u00e0 instaurer une prosp\u00e9rit\u00e9 mieux partag\u00e9e, capable de g\u00e9n\u00e9rer des emplois massifs, d'\u00e9lever le niveau de vie des populations et de solidifier les fondements de la paix sociale et de la s\u00e9curit\u00e9 nationale.<\/p>\n<p>Selon le communiqu\u00e9 du Gouvernement l'a mise en \u0153uvre de cette vision s'articule autour de trois axes fondamentaux : une s\u00e9lection strat\u00e9gique et coh\u00e9rente des projets, le positionnement du secteur priv\u00e9 comme moteur essentiel de la production, et une exigence absolue de transparence de la part de l'\u00c9tat.<\/p>\n<p>Pour Ousmane Sonko, la r\u00e9ussite de ce basculement \u00e9conomique d\u00e9pendra de la capacit\u00e9 des acteurs \u00e0 converger vers une m\u00e9thode de financement unifi\u00e9e, particuli\u00e8rement au sein des fili\u00e8res de production. Le calendrier de d\u00e9ploiement pr\u00e9voit que plusieurs projets d'envergure atteindront leur pleine maturit\u00e9 d'ici 2028.<\/p>\n<p>Le Premier ministre a ainsi cit\u00e9 des infrastructures cl\u00e9s telles que le port sec de Tambacounda, le Grand transfert d'eau, les Agropoles du Sud et du Centre, ainsi que le R\u00e9seau gazier national et les complexes portuaires de Ndayane et Sendou.<\/p>\n<p>Parall\u00e8lement, le gouvernement s'engage dans le lancement ou la poursuite de chantiers structurants li\u00e9s \u00e0 l'\u00e9nergie et \u00e0 la transition num\u00e9rique. D'apr\u00e8s le Ousmane Sonko, un accent particulier est mis sur le redressement de fleurons nationaux en difficult\u00e9, notamment la Sonacos, le groupe Air S\u00e9n\u00e9gal\/Aibd et La Poste, le tout soutenu par un renforcement des \u00e9quipements sociaux.<\/p>\n<p>Cette strat\u00e9gie de financement ne se limite pas \u00e0 une simple gestion budg\u00e9taire. La source pr\u00e9cise qu'elle repr\u00e9sente un changement de paradigme politique. Selon les termes du chef du gouvernement, \u00ab <em>cette orientation marque une refondation profonde de lagouvernance de l'investissement public visant \u00e0 immuniser les projets catalytiques, essentiels au d\u00e9veloppement et \u00e0 la transformation \u00e9conomique du pays, contre les risques inh\u00e9rents aux financements ext\u00e9rieurs comme la lourdeur des proc\u00e9dures et les suspensions ou annulations li\u00e9es aux chocs exog\u00e8nes<\/em> \u00bb.<\/p>\n<div class='share-to-whatsapp-wrapper'><div class='share-on-whsp'>PARTAGER SUR : <\/div><a data-text='RELANCE DE L'\u00c9CONOMIE - Ousmane Sonko pr\u00e9sente le Plan d'investissement \u00e9conomique 2026-2028' data-link='https:\/\/www.nettali.com\/2026\/01\/22\/relance-de-leconomie-ousmane-sonko-presente-le-plan-dinvestissement-economique-2026-2028\/' class='whatsapp-button whatsapp-share'>WhatsApp<\/a><div class='clear '><\/div><\/div>","protected":false},"excerpt":{"rendered":"<p>NETTALI.COM - Lors du Conseil des ministres, le Premier ministre Ousmane Sonko a pr\u00e9sent\u00e9 le Plan sp\u00e9cial d'investissement et de financement 2026-2028 destin\u00e9 \u00e0 transformer durablement le tissu productif national.\u00a0 Le Plan d'investissement \u00e9conomique 2026-202 pr\u00e9sent\u00e9 par le Premier ministre, lors du Conseil des ministres de ce mercredi 21 janvier 2025, vise une m\u00e9tamorphose profonde [&hellip;]<\/p>\n","protected":false},"author":6,"featured_media":157409,"comment_status":"open","ping_status":"open","sticky":false,"template":"","format":"standard","meta":{"_et_pb_use_builder":"","_et_pb_old_content":""},"categories":[4],"tags":[],"yoast_head":"<!-- This site is optimized with the Yoast SEO Premium plugin v17.8 (Yoast SEO v17.8) - https:\/\/yoast.com\/wordpress\/plugins\/seo\/ -->\n<title>RELANCE DE L&#039;\u00c9CONOMIE - Ousmane Sonko pr\u00e9sente le Plan d&#039;investissement \u00e9conomique 2026-2028 | Nettali.com<\/title>\n<meta name=\"robots\" content=\"index, follow, max-snippet:-1, max-image-preview:large, max-video-preview:-1\" \/>\n<link rel=\"canonical\" href=\"https:\/\/www.nettali.com\/2026\/01\/22\/relance-de-leconomie-ousmane-sonko-presente-le-plan-dinvestissement-economique-2026-2028\/\" \/>\n<meta property=\"og:locale\" content=\"fr_FR\" \/>\n<meta property=\"og:type\" content=\"article\" \/>\n<meta property=\"og:title\" content=\"RELANCE DE L&#039;\u00c9CONOMIE - Ousmane Sonko pr\u00e9sente le Plan d&#039;investissement \u00e9conomique 2026-2028\" \/>\n<meta property=\"og:description\" content=\"NETTALI.COM - Lors du Conseil des ministres, le Premier ministre Ousmane Sonko a pr\u00e9sent\u00e9 le Plan sp\u00e9cial d&#039;investissement et de financement 2026-2028 destin\u00e9 \u00e0 transformer durablement le tissu productif national.\u00a0 Le Plan d&#039;investissement \u00e9conomique 2026-202 pr\u00e9sent\u00e9 par le Premier ministre, lors du Conseil des ministres de ce mercredi 21 janvier 2025, vise une m\u00e9tamorphose profonde [&hellip;]\" \/>\n<meta property=\"og:url\" content=\"https:\/\/www.nettali.com\/2026\/01\/22\/relance-de-leconomie-ousmane-sonko-presente-le-plan-dinvestissement-economique-2026-2028\/\" \/>\n<meta property=\"og:site_name\" content=\"Nettali.com\" \/>\n<meta property=\"article:publisher\" content=\"https:\/\/www.facebook.com\/nettalicom\" \/>\n<meta property=\"article:published_time\" content=\"2026-01-22T07:09:19+00:00\" \/>\n<meta property=\"article:modified_time\" content=\"2026-01-22T19:53:22+00:00\" \/>\n<meta property=\"og:image\" content=\"https:\/\/www.nettali.com\/wp-content\/uploads\/2025\/07\/Sonkooo.jpg\" \/>\n\t<meta property=\"og:image:width\" content=\"1280\" \/>\n\t<meta property=\"og:image:height\" content=\"814\" \/>\n<meta name=\"twitter:card\" content=\"summary_large_image\" \/>\n<meta name=\"twitter:label1\" content=\"\u00c9crit par\" \/>\n\t<meta name=\"twitter:data1\" content=\"Fatou\" \/>\n\t<meta name=\"twitter:label2\" content=\"Dur\u00e9e de lecture estim\u00e9e\" \/>\n\t<meta name=\"twitter:data2\" content=\"3 minutes\" \/>\n<script type=\"application\/ld+json\" class=\"yoast-schema-graph\">{\"@context\":\"https:\/\/schema.org\",\"@graph\":[{\"@type\":\"WebSite\",\"@id\":\"https:\/\/www.nettali.com\/#website\",\"url\":\"https:\/\/www.nettali.com\/\",\"name\":\"Nettali.com\",\"description\":\"Le rendez-vous critique du Net\",\"potentialAction\":[{\"@type\":\"SearchAction\",\"target\":{\"@type\":\"EntryPoint\",\"urlTemplate\":\"https:\/\/www.nettali.com\/?s={search_term_string}\"},\"query-input\":\"required name=search_term_string\"}],\"inLanguage\":\"fr-FR\"},{\"@type\":\"ImageObject\",\"@id\":\"https:\/\/www.nettali.com\/2026\/01\/22\/relance-de-leconomie-ousmane-sonko-presente-le-plan-dinvestissement-economique-2026-2028\/#primaryimage\",\"inLanguage\":\"fr-FR\",\"url\":\"https:\/\/www.nettali.com\/wp-content\/uploads\/2025\/07\/Sonkooo.jpg\",\"contentUrl\":\"https:\/\/www.nettali.com\/wp-content\/uploads\/2025\/07\/Sonkooo.jpg\",\"width\":1280,\"height\":814},{\"@type\":\"WebPage\",\"@id\":\"https:\/\/www.nettali.com\/2026\/01\/22\/relance-de-leconomie-ousmane-sonko-presente-le-plan-dinvestissement-economique-2026-2028\/#webpage\",\"url\":\"https:\/\/www.nettali.com\/2026\/01\/22\/relance-de-leconomie-ousmane-sonko-presente-le-plan-dinvestissement-economique-2026-2028\/\",\"name\":\"RELANCE DE L'\\u00c9CONOMIE - Ousmane Sonko pr\\u00e9sente le Plan d'investissement \\u00e9conomique 2026-2028 | Nettali.com\",\"isPartOf\":{\"@id\":\"https:\/\/www.nettali.com\/#website\"},\"primaryImageOfPage\":{\"@id\":\"https:\/\/www.nettali.com\/2026\/01\/22\/relance-de-leconomie-ousmane-sonko-presente-le-plan-dinvestissement-economique-2026-2028\/#primaryimage\"},\"datePublished\":\"2026-01-22T07:09:19+00:00\",\"dateModified\":\"2026-01-22T19:53:22+00:00\",\"author\":{\"@id\":\"https:\/\/www.nettali.com\/#\/schema\/person\/418274a86bdf87caff7a3ef476bd0bbf\"},\"breadcrumb\":{\"@id\":\"https:\/\/www.nettali.com\/2026\/01\/22\/relance-de-leconomie-ousmane-sonko-presente-le-plan-dinvestissement-economique-2026-2028\/#breadcrumb\"},\"inLanguage\":\"fr-FR\",\"potentialAction\":[{\"@type\":\"ReadAction\",\"target\":[\"https:\/\/www.nettali.com\/2026\/01\/22\/relance-de-leconomie-ousmane-sonko-presente-le-plan-dinvestissement-economique-2026-2028\/\"]}]},{\"@type\":\"BreadcrumbList\",\"@id\":\"https:\/\/www.nettali.com\/2026\/01\/22\/relance-de-leconomie-ousmane-sonko-presente-le-plan-dinvestissement-economique-2026-2028\/#breadcrumb\",\"itemListElement\":[{\"@type\":\"ListItem\",\"position\":1,\"name\":\"Accueil\",\"item\":\"https:\/\/www.nettali.com\/\"},{\"@type\":\"ListItem\",\"position\":2,\"name\":\"RELANCE DE L'\\u00c9CONOMIE - Ousmane Sonko pr\\u00e9sente le Plan d'investissement \\u00e9conomique 2026-2028\"}]},{\"@type\":\"Person\",\"@id\":\"https:\/\/www.nettali.com\/#\/schema\/person\/418274a86bdf87caff7a3ef476bd0bbf\",\"name\":\"Fatou\",\"image\":{\"@type\":\"ImageObject\",\"@id\":\"https:\/\/www.nettali.com\/#personlogo\",\"inLanguage\":\"fr-FR\",\"url\":\"https:\/\/secure.gravatar.com\/avatar\/5a9442a2bee7b4dcf167cab035858e9a?s=96&d=mm&r=g\",\"contentUrl\":\"https:\/\/secure.gravatar.com\/avatar\/5a9442a2bee7b4dcf167cab035858e9a?s=96&d=mm&r=g\",\"caption\":\"Fatou\"},\"sameAs\":[\"https:\/\/www.nettali.com\"]}]}<\/script>\n<!-- \/ Yoast SEO Premium plugin. -->","yoast_head_json":{"title":"RELANCE DE L'\u00c9CONOMIE - Ousmane Sonko pr\u00e9sente le Plan d'investissement \u00e9conomique 2026-2028 | Nettali.com","robots":{"index":"index","follow":"follow","max-snippet":"max-snippet:-1","max-image-preview":"max-image-preview:large","max-video-preview":"max-video-preview:-1"},"canonical":"https:\/\/www.nettali.com\/2026\/01\/22\/relance-de-leconomie-ousmane-sonko-presente-le-plan-dinvestissement-economique-2026-2028\/","og_locale":"fr_FR","og_type":"article","og_title":"RELANCE DE L'\u00c9CONOMIE - Ousmane Sonko pr\u00e9sente le Plan d'investissement \u00e9conomique 2026-2028","og_description":"NETTALI.COM - Lors du Conseil des ministres, le Premier ministre Ousmane Sonko a pr\u00e9sent\u00e9 le Plan sp\u00e9cial d'investissement et de financement 2026-2028 destin\u00e9 \u00e0 transformer durablement le tissu productif national.\u00a0 Le Plan d'investissement \u00e9conomique 2026-202 pr\u00e9sent\u00e9 par le Premier ministre, lors du Conseil des ministres de ce mercredi 21 janvier 2025, vise une m\u00e9tamorphose profonde [&hellip;]","og_url":"https:\/\/www.nettali.com\/2026\/01\/22\/relance-de-leconomie-ousmane-sonko-presente-le-plan-dinvestissement-economique-2026-2028\/","og_site_name":"Nettali.com","article_publisher":"https:\/\/www.facebook.com\/nettalicom","article_published_time":"2026-01-22T07:09:19+00:00","article_modified_time":"2026-01-22T19:53:22+00:00","og_image":[{"width":1280,"height":814,"url":"https:\/\/www.nettali.com\/wp-content\/uploads\/2025\/07\/Sonkooo.jpg","type":"image\/jpeg"}],"twitter_card":"summary_large_image","twitter_misc":{"\u00c9crit par":"Fatou","Dur\u00e9e de lecture estim\u00e9e":"3 minutes"},"schema":{"@context":"https:\/\/schema.org","@graph":[{"@type":"WebSite","@id":"https:\/\/www.nettali.com\/#website","url":"https:\/\/www.nettali.com\/","name":"Nettali.com","description":"Le rendez-vous critique du Net","potentialAction":[{"@type":"SearchAction","target":{"@type":"EntryPoint","urlTemplate":"https:\/\/www.nettali.com\/?s={search_term_string}"},"query-input":"required name=search_term_string"}],"inLanguage":"fr-FR"},{"@type":"ImageObject","@id":"https:\/\/www.nettali.com\/2026\/01\/22\/relance-de-leconomie-ousmane-sonko-presente-le-plan-dinvestissement-economique-2026-2028\/#primaryimage","inLanguage":"fr-FR","url":"https:\/\/www.nettali.com\/wp-content\/uploads\/2025\/07\/Sonkooo.jpg","contentUrl":"https:\/\/www.nettali.com\/wp-content\/uploads\/2025\/07\/Sonkooo.jpg","width":1280,"height":814},{"@type":"WebPage","@id":"https:\/\/www.nettali.com\/2026\/01\/22\/relance-de-leconomie-ousmane-sonko-presente-le-plan-dinvestissement-economique-2026-2028\/#webpage","url":"https:\/\/www.nettali.com\/2026\/01\/22\/relance-de-leconomie-ousmane-sonko-presente-le-plan-dinvestissement-economique-2026-2028\/","name":"RELANCE DE L'\u00c9CONOMIE - Ousmane Sonko pr\u00e9sente le Plan d'investissement \u00e9conomique 2026-2028 | Nettali.com","isPartOf":{"@id":"https:\/\/www.nettali.com\/#website"},"primaryImageOfPage":{"@id":"https:\/\/www.nettali.com\/2026\/01\/22\/relance-de-leconomie-ousmane-sonko-presente-le-plan-dinvestissement-economique-2026-2028\/#primaryimage"},"datePublished":"2026-01-22T07:09:19+00:00","dateModified":"2026-01-22T19:53:22+00:00","author":{"@id":"https:\/\/www.nettali.com\/#\/schema\/person\/418274a86bdf87caff7a3ef476bd0bbf"},"breadcrumb":{"@id":"https:\/\/www.nettali.com\/2026\/01\/22\/relance-de-leconomie-ousmane-sonko-presente-le-plan-dinvestissement-economique-2026-2028\/#breadcrumb"},"inLanguage":"fr-FR","potentialAction":[{"@type":"ReadAction","target":["https:\/\/www.nettali.com\/2026\/01\/22\/relance-de-leconomie-ousmane-sonko-presente-le-plan-dinvestissement-economique-2026-2028\/"]}]},{"@type":"BreadcrumbList","@id":"https:\/\/www.nettali.com\/2026\/01\/22\/relance-de-leconomie-ousmane-sonko-presente-le-plan-dinvestissement-economique-2026-2028\/#breadcrumb","itemListElement":[{"@type":"ListItem","position":1,"name":"Accueil","item":"https:\/\/www.nettali.com\/"},{"@type":"ListItem","position":2,"name":"RELANCE DE L'\u00c9CONOMIE - Ousmane Sonko pr\u00e9sente le Plan d'investissement \u00e9conomique 2026-2028"}]},{"@type":"Person","@id":"https:\/\/www.nettali.com\/#\/schema\/person\/418274a86bdf87caff7a3ef476bd0bbf","name":"Fatou","image":{"@type":"ImageObject","@id":"https:\/\/www.nettali.com\/#personlogo","inLanguage":"fr-FR","url":"https:\/\/secure.gravatar.com\/avatar\/5a9442a2bee7b4dcf167cab035858e9a?s=96&d=mm&r=g","contentUrl":"https:\/\/secure.gravatar.com\/avatar\/5a9442a2bee7b4dcf167cab035858e9a?s=96&d=mm&r=g","caption":"Fatou"},"sameAs":["https:\/\/www.nettali.com"]}]}},"_links":{"self":[{"href":"https:\/\/www.nettali.com\/rest\/wp\/v2\/posts\/168377"}],"collection":[{"href":"https:\/\/www.nettali.com\/rest\/wp\/v2\/posts"}],"about":[{"href":"https:\/\/www.nettali.com\/rest\/wp\/v2\/types\/post"}],"author":[{"embeddable":true,"href":"https:\/\/www.nettali.com\/rest\/wp\/v2\/users\/6"}],"replies":[{"embeddable":true,"href":"https:\/\/www.nettali.com\/rest\/wp\/v2\/comments?post=168377"}],"version-history":[{"count":3,"href":"https:\/\/www.nettali.com\/rest\/wp\/v2\/posts\/168377\/revisions"}],"predecessor-version":[{"id":168388,"href":"https:\/\/www.nettali.com\/rest\/wp\/v2\/posts\/168377\/revisions\/168388"}],"wp:featuredmedia":[{"embeddable":true,"href":"https:\/\/www.nettali.com\/rest\/wp\/v2\/media\/157409"}],"wp:attachment":[{"href":"https:\/\/www.nettali.com\/rest\/wp\/v2\/media?parent=168377"}],"wp:term":[{"taxonomy":"category","embeddable":true,"href":"https:\/\/www.nettali.com\/rest\/wp\/v2\/categories?post=168377"},{"taxonomy":"post_tag","embeddable":true,"href":"https:\/\/www.nettali.com\/rest\/wp\/v2\/tags?post=168377"}],"curies":[{"name":"wp","href":"https:\/\/api.w.org\/{rel}","templated":true}]}}