{"id":168369,"date":"2026-01-21T23:55:42","date_gmt":"2026-01-21T23:55:42","guid":{"rendered":"https:\/\/www.nettali.com\/?p=168369"},"modified":"2026-01-21T23:55:42","modified_gmt":"2026-01-21T23:55:42","slug":"thierry-henry-les-arbitres-nont-pas-ete-a-la-hauteur-sur-cette-can","status":"publish","type":"post","link":"https:\/\/www.nettali.com\/2026\/01\/21\/thierry-henry-les-arbitres-nont-pas-ete-a-la-hauteur-sur-cette-can\/","title":{"rendered":"THIERRY HENRY - \"Les arbitres n\u2019ont pas \u00e9t\u00e9 \u00e0 la hauteur sur cette CAN\""},"content":{"rendered":"<p><strong>NETTALI.COM - La finale de la CAN 2025 entre le S\u00e9n\u00e9gal et le Maroc a \u00e9t\u00e9 marqu\u00e9e par une pol\u00e9mique inattendue : les Lions ont quitt\u00e9 le terrain avant la fin de la rencontre, apr\u00e8s le penalty accord\u00e9 au Maroc dans les derni\u00e8res minutes, suite \u00e0 l\u2019annulation d\u2019un but s\u00e9n\u00e9galais plus t\u00f4t sans consultation de la VAR.<\/strong><\/p>\n<p>Sur le plateau de CBS Sports Golazo, l\u2019ancien international fran\u00e7ais Thierry Henry est revenu sur cet \u00e9pisode. \"<em>Je ne suis pas d\u2019accord avec la d\u00e9cision du S\u00e9n\u00e9gal de quitter le terrain, mais je comprends leur frustration ! Les arbitres n\u2019ont pas \u00e9t\u00e9 \u00e0 la hauteur sur cette CAN et la faute revient \u00e0 la CAF qui doit les mettre \u00e0 niveau<\/em>\", a fait savoir Thierry Henry.<\/p>\n<p>Pour Thierry Henry, si la d\u00e9cision des S\u00e9n\u00e9galais n\u2019est pas justifiable au regard des r\u00e8gles, leur col\u00e8re est compr\u00e9hensible. Cette d\u00e9claration met en lumi\u00e8re les d\u00e9fis persistants li\u00e9s \u00e0 la qualit\u00e9 arbitrale dans les comp\u00e9titions africaines et souligne la n\u00e9cessit\u00e9 pour la CAF d\u2019\u00e9lever le niveau de ses arbitres afin d\u2019\u00e9viter de telles tensions \u00e0 l\u2019avenir.<\/p>\n<div class='share-to-whatsapp-wrapper'><div class='share-on-whsp'>PARTAGER SUR : <\/div><a data-text='THIERRY HENRY - \"Les arbitres n\u2019ont pas \u00e9t\u00e9 \u00e0 la hauteur sur cette CAN\"' data-link='https:\/\/www.nettali.com\/2026\/01\/21\/thierry-henry-les-arbitres-nont-pas-ete-a-la-hauteur-sur-cette-can\/' class='whatsapp-button whatsapp-share'>WhatsApp<\/a><div class='clear '><\/div><\/div>","protected":false},"excerpt":{"rendered":"<p>NETTALI.COM - La finale de la CAN 2025 entre le S\u00e9n\u00e9gal et le Maroc a \u00e9t\u00e9 marqu\u00e9e par une pol\u00e9mique inattendue : les Lions ont quitt\u00e9 le terrain avant la fin de la rencontre, apr\u00e8s le penalty accord\u00e9 au Maroc dans les derni\u00e8res minutes, suite \u00e0 l\u2019annulation d\u2019un but s\u00e9n\u00e9galais plus t\u00f4t sans consultation de [&hellip;]<\/p>\n","protected":false},"author":5,"featured_media":168370,"comment_status":"open","ping_status":"open","sticky":false,"template":"","format":"standard","meta":{"_et_pb_use_builder":"","_et_pb_old_content":""},"categories":[6],"tags":[],"yoast_head":"<!-- This site is optimized with the Yoast SEO Premium plugin v17.8 (Yoast SEO v17.8) - https:\/\/yoast.com\/wordpress\/plugins\/seo\/ -->\n<title>THIERRY HENRY - &quot;Les arbitres n\u2019ont pas \u00e9t\u00e9 \u00e0 la hauteur sur cette CAN&quot; | Nettali.com<\/title>\n<meta name=\"robots\" content=\"index, follow, max-snippet:-1, max-image-preview:large, max-video-preview:-1\" \/>\n<link rel=\"canonical\" href=\"https:\/\/www.nettali.com\/2026\/01\/21\/thierry-henry-les-arbitres-nont-pas-ete-a-la-hauteur-sur-cette-can\/\" \/>\n<meta property=\"og:locale\" content=\"fr_FR\" \/>\n<meta property=\"og:type\" content=\"article\" \/>\n<meta property=\"og:title\" content=\"THIERRY HENRY - &quot;Les arbitres n\u2019ont pas \u00e9t\u00e9 \u00e0 la hauteur sur cette CAN&quot;\" \/>\n<meta property=\"og:description\" content=\"NETTALI.COM - La finale de la CAN 2025 entre le S\u00e9n\u00e9gal et le Maroc a \u00e9t\u00e9 marqu\u00e9e par une pol\u00e9mique inattendue : les Lions ont quitt\u00e9 le terrain avant la fin de la rencontre, apr\u00e8s le penalty accord\u00e9 au Maroc dans les derni\u00e8res minutes, suite \u00e0 l\u2019annulation d\u2019un but s\u00e9n\u00e9galais plus t\u00f4t sans consultation de [&hellip;]\" \/>\n<meta property=\"og:url\" content=\"https:\/\/www.nettali.com\/2026\/01\/21\/thierry-henry-les-arbitres-nont-pas-ete-a-la-hauteur-sur-cette-can\/\" \/>\n<meta property=\"og:site_name\" content=\"Nettali.com\" \/>\n<meta property=\"article:publisher\" content=\"https:\/\/www.facebook.com\/nettalicom\" \/>\n<meta property=\"article:published_time\" content=\"2026-01-21T23:55:42+00:00\" \/>\n<meta property=\"og:image\" content=\"https:\/\/www.nettali.com\/wp-content\/uploads\/2026\/01\/thumb_1260x800_6970f179601b6_l5S7PY0GLP.jpg\" \/>\n\t<meta property=\"og:image:width\" content=\"1260\" \/>\n\t<meta property=\"og:image:height\" content=\"800\" \/>\n<meta name=\"twitter:card\" content=\"summary_large_image\" \/>\n<meta name=\"twitter:label1\" content=\"\u00c9crit par\" \/>\n\t<meta name=\"twitter:data1\" content=\"Ibrahima\" \/>\n\t<meta name=\"twitter:label2\" content=\"Dur\u00e9e de lecture estim\u00e9e\" \/>\n\t<meta name=\"twitter:data2\" content=\"1 minute\" \/>\n<script type=\"application\/ld+json\" class=\"yoast-schema-graph\">{\"@context\":\"https:\/\/schema.org\",\"@graph\":[{\"@type\":\"WebSite\",\"@id\":\"https:\/\/www.nettali.com\/#website\",\"url\":\"https:\/\/www.nettali.com\/\",\"name\":\"Nettali.com\",\"description\":\"Le rendez-vous critique du Net\",\"potentialAction\":[{\"@type\":\"SearchAction\",\"target\":{\"@type\":\"EntryPoint\",\"urlTemplate\":\"https:\/\/www.nettali.com\/?s={search_term_string}\"},\"query-input\":\"required name=search_term_string\"}],\"inLanguage\":\"fr-FR\"},{\"@type\":\"ImageObject\",\"@id\":\"https:\/\/www.nettali.com\/2026\/01\/21\/thierry-henry-les-arbitres-nont-pas-ete-a-la-hauteur-sur-cette-can\/#primaryimage\",\"inLanguage\":\"fr-FR\",\"url\":\"https:\/\/www.nettali.com\/wp-content\/uploads\/2026\/01\/thumb_1260x800_6970f179601b6_l5S7PY0GLP.jpg\",\"contentUrl\":\"https:\/\/www.nettali.com\/wp-content\/uploads\/2026\/01\/thumb_1260x800_6970f179601b6_l5S7PY0GLP.jpg\",\"width\":1260,\"height\":800},{\"@type\":\"WebPage\",\"@id\":\"https:\/\/www.nettali.com\/2026\/01\/21\/thierry-henry-les-arbitres-nont-pas-ete-a-la-hauteur-sur-cette-can\/#webpage\",\"url\":\"https:\/\/www.nettali.com\/2026\/01\/21\/thierry-henry-les-arbitres-nont-pas-ete-a-la-hauteur-sur-cette-can\/\",\"name\":\"THIERRY HENRY - \\\"Les arbitres n\\u2019ont pas \\u00e9t\\u00e9 \\u00e0 la hauteur sur cette CAN\\\" | Nettali.com\",\"isPartOf\":{\"@id\":\"https:\/\/www.nettali.com\/#website\"},\"primaryImageOfPage\":{\"@id\":\"https:\/\/www.nettali.com\/2026\/01\/21\/thierry-henry-les-arbitres-nont-pas-ete-a-la-hauteur-sur-cette-can\/#primaryimage\"},\"datePublished\":\"2026-01-21T23:55:42+00:00\",\"dateModified\":\"2026-01-21T23:55:42+00:00\",\"author\":{\"@id\":\"https:\/\/www.nettali.com\/#\/schema\/person\/bb147657c2986240405a608162b9bb23\"},\"breadcrumb\":{\"@id\":\"https:\/\/www.nettali.com\/2026\/01\/21\/thierry-henry-les-arbitres-nont-pas-ete-a-la-hauteur-sur-cette-can\/#breadcrumb\"},\"inLanguage\":\"fr-FR\",\"potentialAction\":[{\"@type\":\"ReadAction\",\"target\":[\"https:\/\/www.nettali.com\/2026\/01\/21\/thierry-henry-les-arbitres-nont-pas-ete-a-la-hauteur-sur-cette-can\/\"]}]},{\"@type\":\"BreadcrumbList\",\"@id\":\"https:\/\/www.nettali.com\/2026\/01\/21\/thierry-henry-les-arbitres-nont-pas-ete-a-la-hauteur-sur-cette-can\/#breadcrumb\",\"itemListElement\":[{\"@type\":\"ListItem\",\"position\":1,\"name\":\"Accueil\",\"item\":\"https:\/\/www.nettali.com\/\"},{\"@type\":\"ListItem\",\"position\":2,\"name\":\"THIERRY HENRY - \\\"Les arbitres n\\u2019ont pas \\u00e9t\\u00e9 \\u00e0 la hauteur sur cette CAN\\\"\"}]},{\"@type\":\"Person\",\"@id\":\"https:\/\/www.nettali.com\/#\/schema\/person\/bb147657c2986240405a608162b9bb23\",\"name\":\"Ibrahima\",\"image\":{\"@type\":\"ImageObject\",\"@id\":\"https:\/\/www.nettali.com\/#personlogo\",\"inLanguage\":\"fr-FR\",\"url\":\"https:\/\/secure.gravatar.com\/avatar\/26a8a81f09f0dd7624c9d5c36c9ba3a2?s=96&d=mm&r=g\",\"contentUrl\":\"https:\/\/secure.gravatar.com\/avatar\/26a8a81f09f0dd7624c9d5c36c9ba3a2?s=96&d=mm&r=g\",\"caption\":\"Ibrahima\"},\"sameAs\":[\"https:\/\/www.nettali.com\"]}]}<\/script>\n<!-- \/ Yoast SEO Premium plugin. -->","yoast_head_json":{"title":"THIERRY HENRY - \"Les arbitres n\u2019ont pas \u00e9t\u00e9 \u00e0 la hauteur sur cette CAN\" | Nettali.com","robots":{"index":"index","follow":"follow","max-snippet":"max-snippet:-1","max-image-preview":"max-image-preview:large","max-video-preview":"max-video-preview:-1"},"canonical":"https:\/\/www.nettali.com\/2026\/01\/21\/thierry-henry-les-arbitres-nont-pas-ete-a-la-hauteur-sur-cette-can\/","og_locale":"fr_FR","og_type":"article","og_title":"THIERRY HENRY - \"Les arbitres n\u2019ont pas \u00e9t\u00e9 \u00e0 la hauteur sur cette CAN\"","og_description":"NETTALI.COM - La finale de la CAN 2025 entre le S\u00e9n\u00e9gal et le Maroc a \u00e9t\u00e9 marqu\u00e9e par une pol\u00e9mique inattendue : les Lions ont quitt\u00e9 le terrain avant la fin de la rencontre, apr\u00e8s le penalty accord\u00e9 au Maroc dans les derni\u00e8res minutes, suite \u00e0 l\u2019annulation d\u2019un but s\u00e9n\u00e9galais plus t\u00f4t sans consultation de [&hellip;]","og_url":"https:\/\/www.nettali.com\/2026\/01\/21\/thierry-henry-les-arbitres-nont-pas-ete-a-la-hauteur-sur-cette-can\/","og_site_name":"Nettali.com","article_publisher":"https:\/\/www.facebook.com\/nettalicom","article_published_time":"2026-01-21T23:55:42+00:00","og_image":[{"width":1260,"height":800,"url":"https:\/\/www.nettali.com\/wp-content\/uploads\/2026\/01\/thumb_1260x800_6970f179601b6_l5S7PY0GLP.jpg","type":"image\/jpeg"}],"twitter_card":"summary_large_image","twitter_misc":{"\u00c9crit par":"Ibrahima","Dur\u00e9e de lecture estim\u00e9e":"1 minute"},"schema":{"@context":"https:\/\/schema.org","@graph":[{"@type":"WebSite","@id":"https:\/\/www.nettali.com\/#website","url":"https:\/\/www.nettali.com\/","name":"Nettali.com","description":"Le rendez-vous critique du Net","potentialAction":[{"@type":"SearchAction","target":{"@type":"EntryPoint","urlTemplate":"https:\/\/www.nettali.com\/?s={search_term_string}"},"query-input":"required name=search_term_string"}],"inLanguage":"fr-FR"},{"@type":"ImageObject","@id":"https:\/\/www.nettali.com\/2026\/01\/21\/thierry-henry-les-arbitres-nont-pas-ete-a-la-hauteur-sur-cette-can\/#primaryimage","inLanguage":"fr-FR","url":"https:\/\/www.nettali.com\/wp-content\/uploads\/2026\/01\/thumb_1260x800_6970f179601b6_l5S7PY0GLP.jpg","contentUrl":"https:\/\/www.nettali.com\/wp-content\/uploads\/2026\/01\/thumb_1260x800_6970f179601b6_l5S7PY0GLP.jpg","width":1260,"height":800},{"@type":"WebPage","@id":"https:\/\/www.nettali.com\/2026\/01\/21\/thierry-henry-les-arbitres-nont-pas-ete-a-la-hauteur-sur-cette-can\/#webpage","url":"https:\/\/www.nettali.com\/2026\/01\/21\/thierry-henry-les-arbitres-nont-pas-ete-a-la-hauteur-sur-cette-can\/","name":"THIERRY HENRY - \"Les arbitres n\u2019ont pas \u00e9t\u00e9 \u00e0 la hauteur sur cette CAN\" | Nettali.com","isPartOf":{"@id":"https:\/\/www.nettali.com\/#website"},"primaryImageOfPage":{"@id":"https:\/\/www.nettali.com\/2026\/01\/21\/thierry-henry-les-arbitres-nont-pas-ete-a-la-hauteur-sur-cette-can\/#primaryimage"},"datePublished":"2026-01-21T23:55:42+00:00","dateModified":"2026-01-21T23:55:42+00:00","author":{"@id":"https:\/\/www.nettali.com\/#\/schema\/person\/bb147657c2986240405a608162b9bb23"},"breadcrumb":{"@id":"https:\/\/www.nettali.com\/2026\/01\/21\/thierry-henry-les-arbitres-nont-pas-ete-a-la-hauteur-sur-cette-can\/#breadcrumb"},"inLanguage":"fr-FR","potentialAction":[{"@type":"ReadAction","target":["https:\/\/www.nettali.com\/2026\/01\/21\/thierry-henry-les-arbitres-nont-pas-ete-a-la-hauteur-sur-cette-can\/"]}]},{"@type":"BreadcrumbList","@id":"https:\/\/www.nettali.com\/2026\/01\/21\/thierry-henry-les-arbitres-nont-pas-ete-a-la-hauteur-sur-cette-can\/#breadcrumb","itemListElement":[{"@type":"ListItem","position":1,"name":"Accueil","item":"https:\/\/www.nettali.com\/"},{"@type":"ListItem","position":2,"name":"THIERRY HENRY - \"Les arbitres n\u2019ont pas \u00e9t\u00e9 \u00e0 la hauteur sur cette CAN\""}]},{"@type":"Person","@id":"https:\/\/www.nettali.com\/#\/schema\/person\/bb147657c2986240405a608162b9bb23","name":"Ibrahima","image":{"@type":"ImageObject","@id":"https:\/\/www.nettali.com\/#personlogo","inLanguage":"fr-FR","url":"https:\/\/secure.gravatar.com\/avatar\/26a8a81f09f0dd7624c9d5c36c9ba3a2?s=96&d=mm&r=g","contentUrl":"https:\/\/secure.gravatar.com\/avatar\/26a8a81f09f0dd7624c9d5c36c9ba3a2?s=96&d=mm&r=g","caption":"Ibrahima"},"sameAs":["https:\/\/www.nettali.com"]}]}},"_links":{"self":[{"href":"https:\/\/www.nettali.com\/rest\/wp\/v2\/posts\/168369"}],"collection":[{"href":"https:\/\/www.nettali.com\/rest\/wp\/v2\/posts"}],"about":[{"href":"https:\/\/www.nettali.com\/rest\/wp\/v2\/types\/post"}],"author":[{"embeddable":true,"href":"https:\/\/www.nettali.com\/rest\/wp\/v2\/users\/5"}],"replies":[{"embeddable":true,"href":"https:\/\/www.nettali.com\/rest\/wp\/v2\/comments?post=168369"}],"version-history":[{"count":1,"href":"https:\/\/www.nettali.com\/rest\/wp\/v2\/posts\/168369\/revisions"}],"predecessor-version":[{"id":168371,"href":"https:\/\/www.nettali.com\/rest\/wp\/v2\/posts\/168369\/revisions\/168371"}],"wp:featuredmedia":[{"embeddable":true,"href":"https:\/\/www.nettali.com\/rest\/wp\/v2\/media\/168370"}],"wp:attachment":[{"href":"https:\/\/www.nettali.com\/rest\/wp\/v2\/media?parent=168369"}],"wp:term":[{"taxonomy":"category","embeddable":true,"href":"https:\/\/www.nettali.com\/rest\/wp\/v2\/categories?post=168369"},{"taxonomy":"post_tag","embeddable":true,"href":"https:\/\/www.nettali.com\/rest\/wp\/v2\/tags?post=168369"}],"curies":[{"name":"wp","href":"https:\/\/api.w.org\/{rel}","templated":true}]}}