{"id":168359,"date":"2026-01-22T07:10:35","date_gmt":"2026-01-22T07:10:35","guid":{"rendered":"https:\/\/www.nettali.com\/?p=168359"},"modified":"2026-01-22T19:58:26","modified_gmt":"2026-01-22T19:58:26","slug":"tensions-liees-a-la-can-dakar-et-rabat-ressuscitent-la-grande-commission-mixte-apres-treize-ans-dabsence","status":"publish","type":"post","link":"https:\/\/www.nettali.com\/2026\/01\/22\/tensions-liees-a-la-can-dakar-et-rabat-ressuscitent-la-grande-commission-mixte-apres-treize-ans-dabsence\/","title":{"rendered":"TENSIONS LIEES A LA CAN - Dakar et Rabat ressuscitent la Grande Commission mixte apr\u00e8s treize ans d\u2019absence"},"content":{"rendered":"<p><strong>NETTALI.COM - Le Premier ministre s\u00e9n\u00e9galais, Ousmane Sonko, s\u2019est entretenu avec son homologue marocain, Aziz Akhannouch, pour r\u00e9affirmer la solidit\u00e9 de l\u2019axe Dakar-Rabat. Alors que des incidents impliquant des supporters \u00e0 Rabat ont r\u00e9cemment aliment\u00e9 les r\u00e9seaux sociaux, les deux chefs de gouvernement appellent \u00e0 la s\u00e9r\u00e9nit\u00e9 et annoncent la tenue, d\u00e8s le 26 janvier prochain, de la 15e session de la Grande Commission mixte, un rendez-vous diplomatique majeur qui ne s\u2019\u00e9tait plus tenu depuis plus d\u2019une d\u00e9cennie.<\/strong><\/p>\n<p>L'amiti\u00e9 s\u00e9culaire entre le S\u00e9n\u00e9gal et le Maroc traverse une zone de turbulences num\u00e9riques que les autorit\u00e9s des deux pays ont d\u00e9cid\u00e9 de dissiper par la voie de la haute diplomatie. Le Premier ministre Ousmane Sonko a annonc\u00e9 sur sa page Facebook qu'il s'est \u00ab <em>longuement entretenu avec mon homologue, Premier ministre du Royaume du Maroc, Monsieur Aziz Akhannouch<\/em> \u00bb.<\/p>\n<p>Cet \u00e9change direct s'inscrit dans une volont\u00e9 commune, sous les directives des deux chefs d'\u00c9tat, de \u00ab <em>continuer \u00e0 \u0153uvrer, dans un esprit d'apaisement, de s\u00e9r\u00e9nit\u00e9 et de d\u00e9tente, \u00e0 la consolidation des liens s\u00e9culaires et tr\u00e8s profonds qui unissent nos deux pays<\/em> \u00bb.<\/p>\n<p>Face \u00e0 l'\u00e9moi suscit\u00e9 par le sort de citoyens s\u00e9n\u00e9galais apr\u00e8s des \u00e9v\u00e9nements sportifs, le Gouvernement a tenu \u00e0 pr\u00e9ciser qu\u2019il \u00ab <em>suit attentivement, avec les autorit\u00e9s consulaires et diplomatiques accr\u00e9dit\u00e9es et les autorit\u00e9s marocaines, la situation des supporters interpell\u00e9s \u00e0 Rabat ainsi que celle des compatriotes vivants au Maroc<\/em> \u00bb.<\/p>\n<p>Dans un contexte de tensions exacerb\u00e9es par Internet, Ousmane Sonko \u00ab <em>appelle \u00e0 la prudence face aux flux de communications, singuli\u00e8rement dans les r\u00e9seaux sociaux et certains m\u00e9dias, qui rel\u00e8vent, pour la plupart, de la d\u00e9sinformation<\/em> \u00bb. L'objectif est clair : \u00e9viter que l'\u00e9motion ne l'emporte sur la raison d'\u00c9tat, le Premier ministre exhortant ainsi les citoyens \u00e0 \u00ab <em>d\u00e9passionner cet \u00e9pisode qui, en aucun cas, ne peut aller au-del\u00e0 du simple cadre sportif<\/em> \u00bb car, selon ses mots, \u00ab <em>nos d\u00e9fis communs sont autrement plus importants<\/em> \u00bb.<\/p>\n<p>Cette volont\u00e9 de d\u00e9passement se concr\u00e9tise par un acte diplomatique fort. Les deux nations se pr\u00e9parent \u00e0 la tenue, du 26 au 28 janvier \u00e0 Rabat, de la 15e session de la Grande Commission mixte entre les deux \u00c9tats. Cet \u00e9v\u00e9nement marque un tournant historique puisque ce rendez-vous bilat\u00e9ral \u00ab <em>ne s\u2019\u00e9tait plus tenu depuis 2013 \u00e0 Dakar<\/em> \u00bb et sa planification \u00ab avait \u00e9t\u00e9 programm\u00e9e d\u2019un commun accord \u00e0 la fin du mois de d\u00e9cembre 2025 \u00bb. En repla\u00e7ant la coop\u00e9ration institutionnelle au premier plan, le S\u00e9n\u00e9gal \u00ab <em>tient enfin \u00e0 r\u00e9affirmer son attachement historique et son action inlassable pour l\u2019amiti\u00e9 et les relations de paix et de respect entre les \u00c9tats, les peuples et les nations<\/em> \u00bb.<\/p>\n<div class='share-to-whatsapp-wrapper'><div class='share-on-whsp'>PARTAGER SUR : <\/div><a data-text='TENSIONS LIEES A LA CAN - Dakar et Rabat ressuscitent la Grande Commission mixte apr\u00e8s treize ans d\u2019absence' data-link='https:\/\/www.nettali.com\/2026\/01\/22\/tensions-liees-a-la-can-dakar-et-rabat-ressuscitent-la-grande-commission-mixte-apres-treize-ans-dabsence\/' class='whatsapp-button whatsapp-share'>WhatsApp<\/a><div class='clear '><\/div><\/div>","protected":false},"excerpt":{"rendered":"<p>NETTALI.COM - Le Premier ministre s\u00e9n\u00e9galais, Ousmane Sonko, s\u2019est entretenu avec son homologue marocain, Aziz Akhannouch, pour r\u00e9affirmer la solidit\u00e9 de l\u2019axe Dakar-Rabat. Alors que des incidents impliquant des supporters \u00e0 Rabat ont r\u00e9cemment aliment\u00e9 les r\u00e9seaux sociaux, les deux chefs de gouvernement appellent \u00e0 la s\u00e9r\u00e9nit\u00e9 et annoncent la tenue, d\u00e8s le 26 janvier [&hellip;]<\/p>\n","protected":false},"author":6,"featured_media":168364,"comment_status":"open","ping_status":"open","sticky":false,"template":"","format":"standard","meta":{"_et_pb_use_builder":"","_et_pb_old_content":""},"categories":[2],"tags":[],"yoast_head":"<!-- This site is optimized with the Yoast SEO Premium plugin v17.8 (Yoast SEO v17.8) - https:\/\/yoast.com\/wordpress\/plugins\/seo\/ -->\n<title>TENSIONS LIEES A LA CAN - Dakar et Rabat ressuscitent la Grande Commission mixte apr\u00e8s treize ans d\u2019absence | Nettali.com<\/title>\n<meta name=\"robots\" content=\"index, follow, max-snippet:-1, max-image-preview:large, max-video-preview:-1\" \/>\n<link rel=\"canonical\" href=\"https:\/\/www.nettali.com\/2026\/01\/22\/tensions-liees-a-la-can-dakar-et-rabat-ressuscitent-la-grande-commission-mixte-apres-treize-ans-dabsence\/\" \/>\n<meta property=\"og:locale\" content=\"fr_FR\" \/>\n<meta property=\"og:type\" content=\"article\" \/>\n<meta property=\"og:title\" content=\"TENSIONS LIEES A LA CAN - Dakar et Rabat ressuscitent la Grande Commission mixte apr\u00e8s treize ans d\u2019absence\" \/>\n<meta property=\"og:description\" content=\"NETTALI.COM - Le Premier ministre s\u00e9n\u00e9galais, Ousmane Sonko, s\u2019est entretenu avec son homologue marocain, Aziz Akhannouch, pour r\u00e9affirmer la solidit\u00e9 de l\u2019axe Dakar-Rabat. Alors que des incidents impliquant des supporters \u00e0 Rabat ont r\u00e9cemment aliment\u00e9 les r\u00e9seaux sociaux, les deux chefs de gouvernement appellent \u00e0 la s\u00e9r\u00e9nit\u00e9 et annoncent la tenue, d\u00e8s le 26 janvier [&hellip;]\" \/>\n<meta property=\"og:url\" content=\"https:\/\/www.nettali.com\/2026\/01\/22\/tensions-liees-a-la-can-dakar-et-rabat-ressuscitent-la-grande-commission-mixte-apres-treize-ans-dabsence\/\" \/>\n<meta property=\"og:site_name\" content=\"Nettali.com\" \/>\n<meta property=\"article:publisher\" content=\"https:\/\/www.facebook.com\/nettalicom\" \/>\n<meta property=\"article:published_time\" content=\"2026-01-22T07:10:35+00:00\" \/>\n<meta property=\"article:modified_time\" content=\"2026-01-22T19:58:26+00:00\" \/>\n<meta property=\"og:image\" content=\"https:\/\/www.nettali.com\/wp-content\/uploads\/2026\/01\/IMG-20260121-WA0208.jpg\" \/>\n\t<meta property=\"og:image:width\" content=\"1600\" \/>\n\t<meta property=\"og:image:height\" content=\"1067\" \/>\n<meta name=\"twitter:card\" content=\"summary_large_image\" \/>\n<meta name=\"twitter:label1\" content=\"\u00c9crit par\" \/>\n\t<meta name=\"twitter:data1\" content=\"Fatou\" \/>\n\t<meta name=\"twitter:label2\" content=\"Dur\u00e9e de lecture estim\u00e9e\" \/>\n\t<meta name=\"twitter:data2\" content=\"3 minutes\" \/>\n<script type=\"application\/ld+json\" class=\"yoast-schema-graph\">{\"@context\":\"https:\/\/schema.org\",\"@graph\":[{\"@type\":\"WebSite\",\"@id\":\"https:\/\/www.nettali.com\/#website\",\"url\":\"https:\/\/www.nettali.com\/\",\"name\":\"Nettali.com\",\"description\":\"Le rendez-vous critique du Net\",\"potentialAction\":[{\"@type\":\"SearchAction\",\"target\":{\"@type\":\"EntryPoint\",\"urlTemplate\":\"https:\/\/www.nettali.com\/?s={search_term_string}\"},\"query-input\":\"required name=search_term_string\"}],\"inLanguage\":\"fr-FR\"},{\"@type\":\"ImageObject\",\"@id\":\"https:\/\/www.nettali.com\/2026\/01\/22\/tensions-liees-a-la-can-dakar-et-rabat-ressuscitent-la-grande-commission-mixte-apres-treize-ans-dabsence\/#primaryimage\",\"inLanguage\":\"fr-FR\",\"url\":\"https:\/\/www.nettali.com\/wp-content\/uploads\/2026\/01\/IMG-20260121-WA0208.jpg\",\"contentUrl\":\"https:\/\/www.nettali.com\/wp-content\/uploads\/2026\/01\/IMG-20260121-WA0208.jpg\",\"width\":1600,\"height\":1067},{\"@type\":\"WebPage\",\"@id\":\"https:\/\/www.nettali.com\/2026\/01\/22\/tensions-liees-a-la-can-dakar-et-rabat-ressuscitent-la-grande-commission-mixte-apres-treize-ans-dabsence\/#webpage\",\"url\":\"https:\/\/www.nettali.com\/2026\/01\/22\/tensions-liees-a-la-can-dakar-et-rabat-ressuscitent-la-grande-commission-mixte-apres-treize-ans-dabsence\/\",\"name\":\"TENSIONS LIEES A LA CAN - Dakar et Rabat ressuscitent la Grande Commission mixte apr\\u00e8s treize ans d\\u2019absence | Nettali.com\",\"isPartOf\":{\"@id\":\"https:\/\/www.nettali.com\/#website\"},\"primaryImageOfPage\":{\"@id\":\"https:\/\/www.nettali.com\/2026\/01\/22\/tensions-liees-a-la-can-dakar-et-rabat-ressuscitent-la-grande-commission-mixte-apres-treize-ans-dabsence\/#primaryimage\"},\"datePublished\":\"2026-01-22T07:10:35+00:00\",\"dateModified\":\"2026-01-22T19:58:26+00:00\",\"author\":{\"@id\":\"https:\/\/www.nettali.com\/#\/schema\/person\/418274a86bdf87caff7a3ef476bd0bbf\"},\"breadcrumb\":{\"@id\":\"https:\/\/www.nettali.com\/2026\/01\/22\/tensions-liees-a-la-can-dakar-et-rabat-ressuscitent-la-grande-commission-mixte-apres-treize-ans-dabsence\/#breadcrumb\"},\"inLanguage\":\"fr-FR\",\"potentialAction\":[{\"@type\":\"ReadAction\",\"target\":[\"https:\/\/www.nettali.com\/2026\/01\/22\/tensions-liees-a-la-can-dakar-et-rabat-ressuscitent-la-grande-commission-mixte-apres-treize-ans-dabsence\/\"]}]},{\"@type\":\"BreadcrumbList\",\"@id\":\"https:\/\/www.nettali.com\/2026\/01\/22\/tensions-liees-a-la-can-dakar-et-rabat-ressuscitent-la-grande-commission-mixte-apres-treize-ans-dabsence\/#breadcrumb\",\"itemListElement\":[{\"@type\":\"ListItem\",\"position\":1,\"name\":\"Accueil\",\"item\":\"https:\/\/www.nettali.com\/\"},{\"@type\":\"ListItem\",\"position\":2,\"name\":\"TENSIONS LIEES A LA CAN - Dakar et Rabat ressuscitent la Grande Commission mixte apr\\u00e8s treize ans d\\u2019absence\"}]},{\"@type\":\"Person\",\"@id\":\"https:\/\/www.nettali.com\/#\/schema\/person\/418274a86bdf87caff7a3ef476bd0bbf\",\"name\":\"Fatou\",\"image\":{\"@type\":\"ImageObject\",\"@id\":\"https:\/\/www.nettali.com\/#personlogo\",\"inLanguage\":\"fr-FR\",\"url\":\"https:\/\/secure.gravatar.com\/avatar\/5a9442a2bee7b4dcf167cab035858e9a?s=96&d=mm&r=g\",\"contentUrl\":\"https:\/\/secure.gravatar.com\/avatar\/5a9442a2bee7b4dcf167cab035858e9a?s=96&d=mm&r=g\",\"caption\":\"Fatou\"},\"sameAs\":[\"https:\/\/www.nettali.com\"]}]}<\/script>\n<!-- \/ Yoast SEO Premium plugin. -->","yoast_head_json":{"title":"TENSIONS LIEES A LA CAN - Dakar et Rabat ressuscitent la Grande Commission mixte apr\u00e8s treize ans d\u2019absence | Nettali.com","robots":{"index":"index","follow":"follow","max-snippet":"max-snippet:-1","max-image-preview":"max-image-preview:large","max-video-preview":"max-video-preview:-1"},"canonical":"https:\/\/www.nettali.com\/2026\/01\/22\/tensions-liees-a-la-can-dakar-et-rabat-ressuscitent-la-grande-commission-mixte-apres-treize-ans-dabsence\/","og_locale":"fr_FR","og_type":"article","og_title":"TENSIONS LIEES A LA CAN - Dakar et Rabat ressuscitent la Grande Commission mixte apr\u00e8s treize ans d\u2019absence","og_description":"NETTALI.COM - Le Premier ministre s\u00e9n\u00e9galais, Ousmane Sonko, s\u2019est entretenu avec son homologue marocain, Aziz Akhannouch, pour r\u00e9affirmer la solidit\u00e9 de l\u2019axe Dakar-Rabat. Alors que des incidents impliquant des supporters \u00e0 Rabat ont r\u00e9cemment aliment\u00e9 les r\u00e9seaux sociaux, les deux chefs de gouvernement appellent \u00e0 la s\u00e9r\u00e9nit\u00e9 et annoncent la tenue, d\u00e8s le 26 janvier [&hellip;]","og_url":"https:\/\/www.nettali.com\/2026\/01\/22\/tensions-liees-a-la-can-dakar-et-rabat-ressuscitent-la-grande-commission-mixte-apres-treize-ans-dabsence\/","og_site_name":"Nettali.com","article_publisher":"https:\/\/www.facebook.com\/nettalicom","article_published_time":"2026-01-22T07:10:35+00:00","article_modified_time":"2026-01-22T19:58:26+00:00","og_image":[{"width":1600,"height":1067,"url":"https:\/\/www.nettali.com\/wp-content\/uploads\/2026\/01\/IMG-20260121-WA0208.jpg","type":"image\/jpeg"}],"twitter_card":"summary_large_image","twitter_misc":{"\u00c9crit par":"Fatou","Dur\u00e9e de lecture estim\u00e9e":"3 minutes"},"schema":{"@context":"https:\/\/schema.org","@graph":[{"@type":"WebSite","@id":"https:\/\/www.nettali.com\/#website","url":"https:\/\/www.nettali.com\/","name":"Nettali.com","description":"Le rendez-vous critique du Net","potentialAction":[{"@type":"SearchAction","target":{"@type":"EntryPoint","urlTemplate":"https:\/\/www.nettali.com\/?s={search_term_string}"},"query-input":"required name=search_term_string"}],"inLanguage":"fr-FR"},{"@type":"ImageObject","@id":"https:\/\/www.nettali.com\/2026\/01\/22\/tensions-liees-a-la-can-dakar-et-rabat-ressuscitent-la-grande-commission-mixte-apres-treize-ans-dabsence\/#primaryimage","inLanguage":"fr-FR","url":"https:\/\/www.nettali.com\/wp-content\/uploads\/2026\/01\/IMG-20260121-WA0208.jpg","contentUrl":"https:\/\/www.nettali.com\/wp-content\/uploads\/2026\/01\/IMG-20260121-WA0208.jpg","width":1600,"height":1067},{"@type":"WebPage","@id":"https:\/\/www.nettali.com\/2026\/01\/22\/tensions-liees-a-la-can-dakar-et-rabat-ressuscitent-la-grande-commission-mixte-apres-treize-ans-dabsence\/#webpage","url":"https:\/\/www.nettali.com\/2026\/01\/22\/tensions-liees-a-la-can-dakar-et-rabat-ressuscitent-la-grande-commission-mixte-apres-treize-ans-dabsence\/","name":"TENSIONS LIEES A LA CAN - Dakar et Rabat ressuscitent la Grande Commission mixte apr\u00e8s treize ans d\u2019absence | Nettali.com","isPartOf":{"@id":"https:\/\/www.nettali.com\/#website"},"primaryImageOfPage":{"@id":"https:\/\/www.nettali.com\/2026\/01\/22\/tensions-liees-a-la-can-dakar-et-rabat-ressuscitent-la-grande-commission-mixte-apres-treize-ans-dabsence\/#primaryimage"},"datePublished":"2026-01-22T07:10:35+00:00","dateModified":"2026-01-22T19:58:26+00:00","author":{"@id":"https:\/\/www.nettali.com\/#\/schema\/person\/418274a86bdf87caff7a3ef476bd0bbf"},"breadcrumb":{"@id":"https:\/\/www.nettali.com\/2026\/01\/22\/tensions-liees-a-la-can-dakar-et-rabat-ressuscitent-la-grande-commission-mixte-apres-treize-ans-dabsence\/#breadcrumb"},"inLanguage":"fr-FR","potentialAction":[{"@type":"ReadAction","target":["https:\/\/www.nettali.com\/2026\/01\/22\/tensions-liees-a-la-can-dakar-et-rabat-ressuscitent-la-grande-commission-mixte-apres-treize-ans-dabsence\/"]}]},{"@type":"BreadcrumbList","@id":"https:\/\/www.nettali.com\/2026\/01\/22\/tensions-liees-a-la-can-dakar-et-rabat-ressuscitent-la-grande-commission-mixte-apres-treize-ans-dabsence\/#breadcrumb","itemListElement":[{"@type":"ListItem","position":1,"name":"Accueil","item":"https:\/\/www.nettali.com\/"},{"@type":"ListItem","position":2,"name":"TENSIONS LIEES A LA CAN - Dakar et Rabat ressuscitent la Grande Commission mixte apr\u00e8s treize ans d\u2019absence"}]},{"@type":"Person","@id":"https:\/\/www.nettali.com\/#\/schema\/person\/418274a86bdf87caff7a3ef476bd0bbf","name":"Fatou","image":{"@type":"ImageObject","@id":"https:\/\/www.nettali.com\/#personlogo","inLanguage":"fr-FR","url":"https:\/\/secure.gravatar.com\/avatar\/5a9442a2bee7b4dcf167cab035858e9a?s=96&d=mm&r=g","contentUrl":"https:\/\/secure.gravatar.com\/avatar\/5a9442a2bee7b4dcf167cab035858e9a?s=96&d=mm&r=g","caption":"Fatou"},"sameAs":["https:\/\/www.nettali.com"]}]}},"_links":{"self":[{"href":"https:\/\/www.nettali.com\/rest\/wp\/v2\/posts\/168359"}],"collection":[{"href":"https:\/\/www.nettali.com\/rest\/wp\/v2\/posts"}],"about":[{"href":"https:\/\/www.nettali.com\/rest\/wp\/v2\/types\/post"}],"author":[{"embeddable":true,"href":"https:\/\/www.nettali.com\/rest\/wp\/v2\/users\/6"}],"replies":[{"embeddable":true,"href":"https:\/\/www.nettali.com\/rest\/wp\/v2\/comments?post=168359"}],"version-history":[{"count":3,"href":"https:\/\/www.nettali.com\/rest\/wp\/v2\/posts\/168359\/revisions"}],"predecessor-version":[{"id":168387,"href":"https:\/\/www.nettali.com\/rest\/wp\/v2\/posts\/168359\/revisions\/168387"}],"wp:featuredmedia":[{"embeddable":true,"href":"https:\/\/www.nettali.com\/rest\/wp\/v2\/media\/168364"}],"wp:attachment":[{"href":"https:\/\/www.nettali.com\/rest\/wp\/v2\/media?parent=168359"}],"wp:term":[{"taxonomy":"category","embeddable":true,"href":"https:\/\/www.nettali.com\/rest\/wp\/v2\/categories?post=168359"},{"taxonomy":"post_tag","embeddable":true,"href":"https:\/\/www.nettali.com\/rest\/wp\/v2\/tags?post=168359"}],"curies":[{"name":"wp","href":"https:\/\/api.w.org\/{rel}","templated":true}]}}