{"id":168332,"date":"2026-01-21T08:09:33","date_gmt":"2026-01-21T08:09:33","guid":{"rendered":"https:\/\/www.nettali.com\/?p=168332"},"modified":"2026-01-21T08:51:11","modified_gmt":"2026-01-21T08:51:11","slug":"kalidou-koulibaly-mille-fois-merci-a-tous-les-senegalais-et-a-nos-freres-africains","status":"publish","type":"post","link":"https:\/\/www.nettali.com\/2026\/01\/21\/kalidou-koulibaly-mille-fois-merci-a-tous-les-senegalais-et-a-nos-freres-africains\/","title":{"rendered":"KALIDOU KOULIBALY - \"Mille fois merci \u00e0 tous les S\u00e9n\u00e9galais et \u00e0 nos fr\u00e8res africains\""},"content":{"rendered":"<p><strong>NETTALI.COM -<\/strong> \u201cNos remerciements et notre reconnaissance \u00e9ternelles pour son (le peuple s\u00e9n\u00e9galais) soutien ind\u00e9fectible, pour ses pri\u00e8res, ses b\u00e9n\u00e9dictions, mais surtout pour cette force qu'il nous a procur\u00e9es tout au long de cette comp\u00e9tition. L\u2019accueil populaire que nous avons re\u00e7u hier \u00e0 notre arriv\u00e9e et celui d'aujourd'hui durant la parade, tout au long de notre parcours jusqu'\u00e0 l'arriv\u00e9e au palais, atteste de la passion et du patriotisme de nos compatriotes. Mille fois merci \u00e0 tous les S\u00e9n\u00e9galais et \u00e0 nos fr\u00e8res africains qui nous ont soutenus tout au long de cette comp\u00e9tition. A notre coach, notre boussole, notre premier leader, Papa Bouna Thiaw, coach qui nous a mis sur le chemin de notre victoire finale et les valeurs de combativit\u00e9, de solidit\u00e9, de bravoure, d'humilit\u00e9, d'endurance et de pers\u00e9v\u00e9rance sont les valeurs de notre pays. A mes chers co\u00e9quipiers, mes fr\u00e8res, je vous tire un magnifique chapeau. Vous \u00eates incroyables, invincibles, imperturbables, des vrais champions, des lions couronn\u00e9s d'or et des vertus de notre peuple. Je n'ai pas les mots pour vous dire combien je suis honor\u00e9 de partager le terrain avec vous pour cette victoire. Je suis un capitaine combl\u00e9 aux c\u00f4t\u00e9s de joueurs comme Sadio Man\u00e9, Idrissa Gana Gueye, Edouard Mendy.\u201d<\/p>\n<div class='share-to-whatsapp-wrapper'><div class='share-on-whsp'>PARTAGER SUR : <\/div><a data-text='KALIDOU KOULIBALY - \"Mille fois merci \u00e0 tous les S\u00e9n\u00e9galais et \u00e0 nos fr\u00e8res africains\"' data-link='https:\/\/www.nettali.com\/2026\/01\/21\/kalidou-koulibaly-mille-fois-merci-a-tous-les-senegalais-et-a-nos-freres-africains\/' class='whatsapp-button whatsapp-share'>WhatsApp<\/a><div class='clear '><\/div><\/div>","protected":false},"excerpt":{"rendered":"<p>NETTALI.COM - \u201cNos remerciements et notre reconnaissance \u00e9ternelles pour son (le peuple s\u00e9n\u00e9galais) soutien ind\u00e9fectible, pour ses pri\u00e8res, ses b\u00e9n\u00e9dictions, mais surtout pour cette force qu'il nous a procur\u00e9es tout au long de cette comp\u00e9tition. L\u2019accueil populaire que nous avons re\u00e7u hier \u00e0 notre arriv\u00e9e et celui d'aujourd'hui durant la parade, tout au long de [&hellip;]<\/p>\n","protected":false},"author":2,"featured_media":168333,"comment_status":"open","ping_status":"open","sticky":false,"template":"","format":"standard","meta":{"_et_pb_use_builder":"","_et_pb_old_content":""},"categories":[34945],"tags":[],"yoast_head":"<!-- This site is optimized with the Yoast SEO Premium plugin v17.8 (Yoast SEO v17.8) - https:\/\/yoast.com\/wordpress\/plugins\/seo\/ -->\n<title>KALIDOU KOULIBALY - &quot;Mille fois merci \u00e0 tous les S\u00e9n\u00e9galais et \u00e0 nos fr\u00e8res africains&quot; | Nettali.com<\/title>\n<meta name=\"robots\" content=\"index, follow, max-snippet:-1, max-image-preview:large, max-video-preview:-1\" \/>\n<link rel=\"canonical\" href=\"https:\/\/www.nettali.com\/2026\/01\/21\/kalidou-koulibaly-mille-fois-merci-a-tous-les-senegalais-et-a-nos-freres-africains\/\" \/>\n<meta property=\"og:locale\" content=\"fr_FR\" \/>\n<meta property=\"og:type\" content=\"article\" \/>\n<meta property=\"og:title\" content=\"KALIDOU KOULIBALY - &quot;Mille fois merci \u00e0 tous les S\u00e9n\u00e9galais et \u00e0 nos fr\u00e8res africains&quot;\" \/>\n<meta property=\"og:description\" content=\"NETTALI.COM - \u201cNos remerciements et notre reconnaissance \u00e9ternelles pour son (le peuple s\u00e9n\u00e9galais) soutien ind\u00e9fectible, pour ses pri\u00e8res, ses b\u00e9n\u00e9dictions, mais surtout pour cette force qu&#039;il nous a procur\u00e9es tout au long de cette comp\u00e9tition. L\u2019accueil populaire que nous avons re\u00e7u hier \u00e0 notre arriv\u00e9e et celui d&#039;aujourd&#039;hui durant la parade, tout au long de [&hellip;]\" \/>\n<meta property=\"og:url\" content=\"https:\/\/www.nettali.com\/2026\/01\/21\/kalidou-koulibaly-mille-fois-merci-a-tous-les-senegalais-et-a-nos-freres-africains\/\" \/>\n<meta property=\"og:site_name\" content=\"Nettali.com\" \/>\n<meta property=\"article:publisher\" content=\"https:\/\/www.facebook.com\/nettalicom\" \/>\n<meta property=\"article:published_time\" content=\"2026-01-21T08:09:33+00:00\" \/>\n<meta property=\"article:modified_time\" content=\"2026-01-21T08:51:11+00:00\" \/>\n<meta property=\"og:image\" content=\"https:\/\/www.nettali.com\/wp-content\/uploads\/2026\/01\/images-1-1.jpeg\" \/>\n\t<meta property=\"og:image:width\" content=\"303\" \/>\n\t<meta property=\"og:image:height\" content=\"166\" \/>\n<meta name=\"twitter:card\" content=\"summary_large_image\" \/>\n<meta name=\"twitter:label1\" content=\"\u00c9crit par\" \/>\n\t<meta name=\"twitter:data1\" content=\"CK\" \/>\n\t<meta name=\"twitter:label2\" content=\"Dur\u00e9e de lecture estim\u00e9e\" \/>\n\t<meta name=\"twitter:data2\" content=\"1 minute\" \/>\n<script type=\"application\/ld+json\" class=\"yoast-schema-graph\">{\"@context\":\"https:\/\/schema.org\",\"@graph\":[{\"@type\":\"WebSite\",\"@id\":\"https:\/\/www.nettali.com\/#website\",\"url\":\"https:\/\/www.nettali.com\/\",\"name\":\"Nettali.com\",\"description\":\"Le rendez-vous critique du Net\",\"potentialAction\":[{\"@type\":\"SearchAction\",\"target\":{\"@type\":\"EntryPoint\",\"urlTemplate\":\"https:\/\/www.nettali.com\/?s={search_term_string}\"},\"query-input\":\"required name=search_term_string\"}],\"inLanguage\":\"fr-FR\"},{\"@type\":\"ImageObject\",\"@id\":\"https:\/\/www.nettali.com\/2026\/01\/21\/kalidou-koulibaly-mille-fois-merci-a-tous-les-senegalais-et-a-nos-freres-africains\/#primaryimage\",\"inLanguage\":\"fr-FR\",\"url\":\"https:\/\/www.nettali.com\/wp-content\/uploads\/2026\/01\/images-1-1.jpeg\",\"contentUrl\":\"https:\/\/www.nettali.com\/wp-content\/uploads\/2026\/01\/images-1-1.jpeg\",\"width\":303,\"height\":166},{\"@type\":\"WebPage\",\"@id\":\"https:\/\/www.nettali.com\/2026\/01\/21\/kalidou-koulibaly-mille-fois-merci-a-tous-les-senegalais-et-a-nos-freres-africains\/#webpage\",\"url\":\"https:\/\/www.nettali.com\/2026\/01\/21\/kalidou-koulibaly-mille-fois-merci-a-tous-les-senegalais-et-a-nos-freres-africains\/\",\"name\":\"KALIDOU KOULIBALY - \\\"Mille fois merci \\u00e0 tous les S\\u00e9n\\u00e9galais et \\u00e0 nos fr\\u00e8res africains\\\" | Nettali.com\",\"isPartOf\":{\"@id\":\"https:\/\/www.nettali.com\/#website\"},\"primaryImageOfPage\":{\"@id\":\"https:\/\/www.nettali.com\/2026\/01\/21\/kalidou-koulibaly-mille-fois-merci-a-tous-les-senegalais-et-a-nos-freres-africains\/#primaryimage\"},\"datePublished\":\"2026-01-21T08:09:33+00:00\",\"dateModified\":\"2026-01-21T08:51:11+00:00\",\"author\":{\"@id\":\"https:\/\/www.nettali.com\/#\/schema\/person\/d8ac7b7e27ddad43f1c0d2ef090d7f71\"},\"breadcrumb\":{\"@id\":\"https:\/\/www.nettali.com\/2026\/01\/21\/kalidou-koulibaly-mille-fois-merci-a-tous-les-senegalais-et-a-nos-freres-africains\/#breadcrumb\"},\"inLanguage\":\"fr-FR\",\"potentialAction\":[{\"@type\":\"ReadAction\",\"target\":[\"https:\/\/www.nettali.com\/2026\/01\/21\/kalidou-koulibaly-mille-fois-merci-a-tous-les-senegalais-et-a-nos-freres-africains\/\"]}]},{\"@type\":\"BreadcrumbList\",\"@id\":\"https:\/\/www.nettali.com\/2026\/01\/21\/kalidou-koulibaly-mille-fois-merci-a-tous-les-senegalais-et-a-nos-freres-africains\/#breadcrumb\",\"itemListElement\":[{\"@type\":\"ListItem\",\"position\":1,\"name\":\"Accueil\",\"item\":\"https:\/\/www.nettali.com\/\"},{\"@type\":\"ListItem\",\"position\":2,\"name\":\"KALIDOU KOULIBALY - \\\"Mille fois merci \\u00e0 tous les S\\u00e9n\\u00e9galais et \\u00e0 nos fr\\u00e8res africains\\\"\"}]},{\"@type\":\"Person\",\"@id\":\"https:\/\/www.nettali.com\/#\/schema\/person\/d8ac7b7e27ddad43f1c0d2ef090d7f71\",\"name\":\"CK\",\"image\":{\"@type\":\"ImageObject\",\"@id\":\"https:\/\/www.nettali.com\/#personlogo\",\"inLanguage\":\"fr-FR\",\"url\":\"https:\/\/secure.gravatar.com\/avatar\/1d8d5118b9327d94da7cd4ce7f17fec2?s=96&d=mm&r=g\",\"contentUrl\":\"https:\/\/secure.gravatar.com\/avatar\/1d8d5118b9327d94da7cd4ce7f17fec2?s=96&d=mm&r=g\",\"caption\":\"CK\"},\"sameAs\":[\"https:\/\/www.nettali.com\"]}]}<\/script>\n<!-- \/ Yoast SEO Premium plugin. -->","yoast_head_json":{"title":"KALIDOU KOULIBALY - \"Mille fois merci \u00e0 tous les S\u00e9n\u00e9galais et \u00e0 nos fr\u00e8res africains\" | Nettali.com","robots":{"index":"index","follow":"follow","max-snippet":"max-snippet:-1","max-image-preview":"max-image-preview:large","max-video-preview":"max-video-preview:-1"},"canonical":"https:\/\/www.nettali.com\/2026\/01\/21\/kalidou-koulibaly-mille-fois-merci-a-tous-les-senegalais-et-a-nos-freres-africains\/","og_locale":"fr_FR","og_type":"article","og_title":"KALIDOU KOULIBALY - \"Mille fois merci \u00e0 tous les S\u00e9n\u00e9galais et \u00e0 nos fr\u00e8res africains\"","og_description":"NETTALI.COM - \u201cNos remerciements et notre reconnaissance \u00e9ternelles pour son (le peuple s\u00e9n\u00e9galais) soutien ind\u00e9fectible, pour ses pri\u00e8res, ses b\u00e9n\u00e9dictions, mais surtout pour cette force qu'il nous a procur\u00e9es tout au long de cette comp\u00e9tition. L\u2019accueil populaire que nous avons re\u00e7u hier \u00e0 notre arriv\u00e9e et celui d'aujourd'hui durant la parade, tout au long de [&hellip;]","og_url":"https:\/\/www.nettali.com\/2026\/01\/21\/kalidou-koulibaly-mille-fois-merci-a-tous-les-senegalais-et-a-nos-freres-africains\/","og_site_name":"Nettali.com","article_publisher":"https:\/\/www.facebook.com\/nettalicom","article_published_time":"2026-01-21T08:09:33+00:00","article_modified_time":"2026-01-21T08:51:11+00:00","og_image":[{"width":303,"height":166,"url":"https:\/\/www.nettali.com\/wp-content\/uploads\/2026\/01\/images-1-1.jpeg","type":"image\/jpeg"}],"twitter_card":"summary_large_image","twitter_misc":{"\u00c9crit par":"CK","Dur\u00e9e de lecture estim\u00e9e":"1 minute"},"schema":{"@context":"https:\/\/schema.org","@graph":[{"@type":"WebSite","@id":"https:\/\/www.nettali.com\/#website","url":"https:\/\/www.nettali.com\/","name":"Nettali.com","description":"Le rendez-vous critique du Net","potentialAction":[{"@type":"SearchAction","target":{"@type":"EntryPoint","urlTemplate":"https:\/\/www.nettali.com\/?s={search_term_string}"},"query-input":"required name=search_term_string"}],"inLanguage":"fr-FR"},{"@type":"ImageObject","@id":"https:\/\/www.nettali.com\/2026\/01\/21\/kalidou-koulibaly-mille-fois-merci-a-tous-les-senegalais-et-a-nos-freres-africains\/#primaryimage","inLanguage":"fr-FR","url":"https:\/\/www.nettali.com\/wp-content\/uploads\/2026\/01\/images-1-1.jpeg","contentUrl":"https:\/\/www.nettali.com\/wp-content\/uploads\/2026\/01\/images-1-1.jpeg","width":303,"height":166},{"@type":"WebPage","@id":"https:\/\/www.nettali.com\/2026\/01\/21\/kalidou-koulibaly-mille-fois-merci-a-tous-les-senegalais-et-a-nos-freres-africains\/#webpage","url":"https:\/\/www.nettali.com\/2026\/01\/21\/kalidou-koulibaly-mille-fois-merci-a-tous-les-senegalais-et-a-nos-freres-africains\/","name":"KALIDOU KOULIBALY - \"Mille fois merci \u00e0 tous les S\u00e9n\u00e9galais et \u00e0 nos fr\u00e8res africains\" | Nettali.com","isPartOf":{"@id":"https:\/\/www.nettali.com\/#website"},"primaryImageOfPage":{"@id":"https:\/\/www.nettali.com\/2026\/01\/21\/kalidou-koulibaly-mille-fois-merci-a-tous-les-senegalais-et-a-nos-freres-africains\/#primaryimage"},"datePublished":"2026-01-21T08:09:33+00:00","dateModified":"2026-01-21T08:51:11+00:00","author":{"@id":"https:\/\/www.nettali.com\/#\/schema\/person\/d8ac7b7e27ddad43f1c0d2ef090d7f71"},"breadcrumb":{"@id":"https:\/\/www.nettali.com\/2026\/01\/21\/kalidou-koulibaly-mille-fois-merci-a-tous-les-senegalais-et-a-nos-freres-africains\/#breadcrumb"},"inLanguage":"fr-FR","potentialAction":[{"@type":"ReadAction","target":["https:\/\/www.nettali.com\/2026\/01\/21\/kalidou-koulibaly-mille-fois-merci-a-tous-les-senegalais-et-a-nos-freres-africains\/"]}]},{"@type":"BreadcrumbList","@id":"https:\/\/www.nettali.com\/2026\/01\/21\/kalidou-koulibaly-mille-fois-merci-a-tous-les-senegalais-et-a-nos-freres-africains\/#breadcrumb","itemListElement":[{"@type":"ListItem","position":1,"name":"Accueil","item":"https:\/\/www.nettali.com\/"},{"@type":"ListItem","position":2,"name":"KALIDOU KOULIBALY - \"Mille fois merci \u00e0 tous les S\u00e9n\u00e9galais et \u00e0 nos fr\u00e8res africains\""}]},{"@type":"Person","@id":"https:\/\/www.nettali.com\/#\/schema\/person\/d8ac7b7e27ddad43f1c0d2ef090d7f71","name":"CK","image":{"@type":"ImageObject","@id":"https:\/\/www.nettali.com\/#personlogo","inLanguage":"fr-FR","url":"https:\/\/secure.gravatar.com\/avatar\/1d8d5118b9327d94da7cd4ce7f17fec2?s=96&d=mm&r=g","contentUrl":"https:\/\/secure.gravatar.com\/avatar\/1d8d5118b9327d94da7cd4ce7f17fec2?s=96&d=mm&r=g","caption":"CK"},"sameAs":["https:\/\/www.nettali.com"]}]}},"_links":{"self":[{"href":"https:\/\/www.nettali.com\/rest\/wp\/v2\/posts\/168332"}],"collection":[{"href":"https:\/\/www.nettali.com\/rest\/wp\/v2\/posts"}],"about":[{"href":"https:\/\/www.nettali.com\/rest\/wp\/v2\/types\/post"}],"author":[{"embeddable":true,"href":"https:\/\/www.nettali.com\/rest\/wp\/v2\/users\/2"}],"replies":[{"embeddable":true,"href":"https:\/\/www.nettali.com\/rest\/wp\/v2\/comments?post=168332"}],"version-history":[{"count":2,"href":"https:\/\/www.nettali.com\/rest\/wp\/v2\/posts\/168332\/revisions"}],"predecessor-version":[{"id":168341,"href":"https:\/\/www.nettali.com\/rest\/wp\/v2\/posts\/168332\/revisions\/168341"}],"wp:featuredmedia":[{"embeddable":true,"href":"https:\/\/www.nettali.com\/rest\/wp\/v2\/media\/168333"}],"wp:attachment":[{"href":"https:\/\/www.nettali.com\/rest\/wp\/v2\/media?parent=168332"}],"wp:term":[{"taxonomy":"category","embeddable":true,"href":"https:\/\/www.nettali.com\/rest\/wp\/v2\/categories?post=168332"},{"taxonomy":"post_tag","embeddable":true,"href":"https:\/\/www.nettali.com\/rest\/wp\/v2\/tags?post=168332"}],"curies":[{"name":"wp","href":"https:\/\/api.w.org\/{rel}","templated":true}]}}