{"id":168325,"date":"2026-01-21T07:43:37","date_gmt":"2026-01-21T07:43:37","guid":{"rendered":"https:\/\/www.nettali.com\/?p=168325"},"modified":"2026-01-21T07:43:37","modified_gmt":"2026-01-21T07:43:37","slug":"saly-un-violent-incendie-ravage-sept-villas-a-la-residence-tropical-parc","status":"publish","type":"post","link":"https:\/\/www.nettali.com\/2026\/01\/21\/saly-un-violent-incendie-ravage-sept-villas-a-la-residence-tropical-parc\/","title":{"rendered":"SALY - Un violent incendie ravage sept villas \u00e0 la R\u00e9sidence Tropical Parc"},"content":{"rendered":"<p data-start=\"183\" data-end=\"549\"><strong>NETTALI.COM - Un incendie rapide et d\u2019une rare intensit\u00e9 s\u2019est d\u00e9clar\u00e9 ce dimanche \u00e0 la R\u00e9sidence Tropical Parc de Saly, provoquant d\u2019importants d\u00e9g\u00e2ts mat\u00e9riels. Sept villas ont vu leurs cases enti\u00e8rement d\u00e9truites par les flammes. Aucune perte en vie humaine n\u2019a toutefois \u00e9t\u00e9 enregistr\u00e9e. Une enqu\u00eate est en cours pour d\u00e9terminer les causes exactes du sinistre.<\/strong><\/p>\n<p data-start=\"551\" data-end=\"923\">Selon des informations recueillies, le feu s\u2019est d\u00e9clar\u00e9 dans l\u2019apr\u00e8s-midi et s\u2019est propag\u00e9 \u00e0 une vitesse fulgurante. En moins de trente minutes, les flammes ont ravag\u00e9 les toitures de sept villas, r\u00e9duisant en cendres les cases qui s\u2019y trouvaient et occasionnant, pour certaines habitations, d\u2019importantes pertes mat\u00e9rielles et mobili\u00e8res.<\/p>\n<p data-start=\"984\" data-end=\"1352\">D\u2019apr\u00e8s des recoupements effectu\u00e9s aupr\u00e8s de la Police et de la SAPCO, l\u2019incendie aurait pris naissance \u00e0 la suite d\u2019une op\u00e9ration de d\u00e9broussaillage men\u00e9e sur un terrain nu et cl\u00f4tur\u00e9, situ\u00e9 entre la R\u00e9sidence NAFIL et le supermarch\u00e9 U. \u00c0 ce stade de l\u2019enqu\u00eate, le caract\u00e8re accidentel ou volontaire du d\u00e9part de feu n\u2019a pas encore \u00e9t\u00e9 \u00e9tabli.<\/p>\n<p data-start=\"1354\" data-end=\"1548\">Le commissariat urbain de Saly envisage d\u2019exploiter les images de vid\u00e9osurveillance d\u2019un appartement de la r\u00e9sidence voisine afin de mieux cerner les circonstances exactes de l\u2019incendie.<\/p>\n<p data-start=\"1606\" data-end=\"1933\">Dans l\u2019une des villas touch\u00e9es, l\u2019explosion d\u2019une bonbonne de gaz a aggrav\u00e9 l\u2019ampleur du sinistre, faisant de cette concession la plus s\u00e9v\u00e8rement endommag\u00e9e. Arriv\u00e9s sur les lieux \u00e0 13h55, les sapeurs-pompiers, appuy\u00e9s par la compagnie de Mbour, ont rencontr\u00e9 d\u2019importantes difficult\u00e9s pour circonscrire le feu.<\/p>\n<p data-start=\"1935\" data-end=\"2166\">Avant leur arriv\u00e9e, les RIA (Robinets d\u2019Incendie Arm\u00e9s) de la r\u00e9sidence ont \u00e9t\u00e9 activ\u00e9s. Cependant, une baisse significative de la pression d\u2019eau, cons\u00e9cutive \u00e0 une coupure d\u2019\u00e9lectricit\u00e9, a fortement limit\u00e9 leur efficacit\u00e9.<\/p>\n<p data-start=\"2168\" data-end=\"2282\">Gr\u00e2ce \u00e0 la r\u00e9activit\u00e9 des gardiens, les occupants ont \u00e9t\u00e9 rapidement \u00e9vacu\u00e9s, \u00e9vitant ainsi tout bilan humain.<\/p>\n<div class='share-to-whatsapp-wrapper'><div class='share-on-whsp'>PARTAGER SUR : <\/div><a data-text='SALY - Un violent incendie ravage sept villas \u00e0 la R\u00e9sidence Tropical Parc' data-link='https:\/\/www.nettali.com\/2026\/01\/21\/saly-un-violent-incendie-ravage-sept-villas-a-la-residence-tropical-parc\/' class='whatsapp-button whatsapp-share'>WhatsApp<\/a><div class='clear '><\/div><\/div>","protected":false},"excerpt":{"rendered":"<p>NETTALI.COM - Un incendie rapide et d\u2019une rare intensit\u00e9 s\u2019est d\u00e9clar\u00e9 ce dimanche \u00e0 la R\u00e9sidence Tropical Parc de Saly, provoquant d\u2019importants d\u00e9g\u00e2ts mat\u00e9riels. Sept villas ont vu leurs cases enti\u00e8rement d\u00e9truites par les flammes. Aucune perte en vie humaine n\u2019a toutefois \u00e9t\u00e9 enregistr\u00e9e. Une enqu\u00eate est en cours pour d\u00e9terminer les causes exactes du [&hellip;]<\/p>\n","protected":false},"author":4,"featured_media":168326,"comment_status":"open","ping_status":"open","sticky":false,"template":"","format":"standard","meta":{"_et_pb_use_builder":"","_et_pb_old_content":""},"categories":[3],"tags":[],"yoast_head":"<!-- This site is optimized with the Yoast SEO Premium plugin v17.8 (Yoast SEO v17.8) - https:\/\/yoast.com\/wordpress\/plugins\/seo\/ -->\n<title>SALY - Un violent incendie ravage sept villas \u00e0 la R\u00e9sidence Tropical Parc | Nettali.com<\/title>\n<meta name=\"robots\" content=\"index, follow, max-snippet:-1, max-image-preview:large, max-video-preview:-1\" \/>\n<link rel=\"canonical\" href=\"https:\/\/www.nettali.com\/2026\/01\/21\/saly-un-violent-incendie-ravage-sept-villas-a-la-residence-tropical-parc\/\" \/>\n<meta property=\"og:locale\" content=\"fr_FR\" \/>\n<meta property=\"og:type\" content=\"article\" \/>\n<meta property=\"og:title\" content=\"SALY - Un violent incendie ravage sept villas \u00e0 la R\u00e9sidence Tropical Parc\" \/>\n<meta property=\"og:description\" content=\"NETTALI.COM - Un incendie rapide et d\u2019une rare intensit\u00e9 s\u2019est d\u00e9clar\u00e9 ce dimanche \u00e0 la R\u00e9sidence Tropical Parc de Saly, provoquant d\u2019importants d\u00e9g\u00e2ts mat\u00e9riels. Sept villas ont vu leurs cases enti\u00e8rement d\u00e9truites par les flammes. Aucune perte en vie humaine n\u2019a toutefois \u00e9t\u00e9 enregistr\u00e9e. Une enqu\u00eate est en cours pour d\u00e9terminer les causes exactes du [&hellip;]\" \/>\n<meta property=\"og:url\" content=\"https:\/\/www.nettali.com\/2026\/01\/21\/saly-un-violent-incendie-ravage-sept-villas-a-la-residence-tropical-parc\/\" \/>\n<meta property=\"og:site_name\" content=\"Nettali.com\" \/>\n<meta property=\"article:publisher\" content=\"https:\/\/www.facebook.com\/nettalicom\" \/>\n<meta property=\"article:published_time\" content=\"2026-01-21T07:43:37+00:00\" \/>\n<meta property=\"og:image\" content=\"https:\/\/www.nettali.com\/wp-content\/uploads\/2026\/01\/Incendie-Saly.jpg\" \/>\n\t<meta property=\"og:image:width\" content=\"1260\" \/>\n\t<meta property=\"og:image:height\" content=\"800\" \/>\n<meta name=\"twitter:card\" content=\"summary_large_image\" \/>\n<meta name=\"twitter:label1\" content=\"\u00c9crit par\" \/>\n\t<meta name=\"twitter:data1\" content=\"Daouda\" \/>\n\t<meta name=\"twitter:label2\" content=\"Dur\u00e9e de lecture estim\u00e9e\" \/>\n\t<meta name=\"twitter:data2\" content=\"2 minutes\" \/>\n<script type=\"application\/ld+json\" class=\"yoast-schema-graph\">{\"@context\":\"https:\/\/schema.org\",\"@graph\":[{\"@type\":\"WebSite\",\"@id\":\"https:\/\/www.nettali.com\/#website\",\"url\":\"https:\/\/www.nettali.com\/\",\"name\":\"Nettali.com\",\"description\":\"Le rendez-vous critique du Net\",\"potentialAction\":[{\"@type\":\"SearchAction\",\"target\":{\"@type\":\"EntryPoint\",\"urlTemplate\":\"https:\/\/www.nettali.com\/?s={search_term_string}\"},\"query-input\":\"required name=search_term_string\"}],\"inLanguage\":\"fr-FR\"},{\"@type\":\"ImageObject\",\"@id\":\"https:\/\/www.nettali.com\/2026\/01\/21\/saly-un-violent-incendie-ravage-sept-villas-a-la-residence-tropical-parc\/#primaryimage\",\"inLanguage\":\"fr-FR\",\"url\":\"https:\/\/www.nettali.com\/wp-content\/uploads\/2026\/01\/Incendie-Saly.jpg\",\"contentUrl\":\"https:\/\/www.nettali.com\/wp-content\/uploads\/2026\/01\/Incendie-Saly.jpg\",\"width\":1260,\"height\":800},{\"@type\":\"WebPage\",\"@id\":\"https:\/\/www.nettali.com\/2026\/01\/21\/saly-un-violent-incendie-ravage-sept-villas-a-la-residence-tropical-parc\/#webpage\",\"url\":\"https:\/\/www.nettali.com\/2026\/01\/21\/saly-un-violent-incendie-ravage-sept-villas-a-la-residence-tropical-parc\/\",\"name\":\"SALY - Un violent incendie ravage sept villas \\u00e0 la R\\u00e9sidence Tropical Parc | Nettali.com\",\"isPartOf\":{\"@id\":\"https:\/\/www.nettali.com\/#website\"},\"primaryImageOfPage\":{\"@id\":\"https:\/\/www.nettali.com\/2026\/01\/21\/saly-un-violent-incendie-ravage-sept-villas-a-la-residence-tropical-parc\/#primaryimage\"},\"datePublished\":\"2026-01-21T07:43:37+00:00\",\"dateModified\":\"2026-01-21T07:43:37+00:00\",\"author\":{\"@id\":\"https:\/\/www.nettali.com\/#\/schema\/person\/3317e0bb3aa1da309fbf7b2780901bf4\"},\"breadcrumb\":{\"@id\":\"https:\/\/www.nettali.com\/2026\/01\/21\/saly-un-violent-incendie-ravage-sept-villas-a-la-residence-tropical-parc\/#breadcrumb\"},\"inLanguage\":\"fr-FR\",\"potentialAction\":[{\"@type\":\"ReadAction\",\"target\":[\"https:\/\/www.nettali.com\/2026\/01\/21\/saly-un-violent-incendie-ravage-sept-villas-a-la-residence-tropical-parc\/\"]}]},{\"@type\":\"BreadcrumbList\",\"@id\":\"https:\/\/www.nettali.com\/2026\/01\/21\/saly-un-violent-incendie-ravage-sept-villas-a-la-residence-tropical-parc\/#breadcrumb\",\"itemListElement\":[{\"@type\":\"ListItem\",\"position\":1,\"name\":\"Accueil\",\"item\":\"https:\/\/www.nettali.com\/\"},{\"@type\":\"ListItem\",\"position\":2,\"name\":\"SALY - Un violent incendie ravage sept villas \\u00e0 la R\\u00e9sidence Tropical Parc\"}]},{\"@type\":\"Person\",\"@id\":\"https:\/\/www.nettali.com\/#\/schema\/person\/3317e0bb3aa1da309fbf7b2780901bf4\",\"name\":\"Daouda\",\"image\":{\"@type\":\"ImageObject\",\"@id\":\"https:\/\/www.nettali.com\/#personlogo\",\"inLanguage\":\"fr-FR\",\"url\":\"https:\/\/secure.gravatar.com\/avatar\/8d143b5a49345098ddcfee1c49c2f47c?s=96&d=mm&r=g\",\"contentUrl\":\"https:\/\/secure.gravatar.com\/avatar\/8d143b5a49345098ddcfee1c49c2f47c?s=96&d=mm&r=g\",\"caption\":\"Daouda\"},\"sameAs\":[\"https:\/\/www.nettali.com\"]}]}<\/script>\n<!-- \/ Yoast SEO Premium plugin. -->","yoast_head_json":{"title":"SALY - Un violent incendie ravage sept villas \u00e0 la R\u00e9sidence Tropical Parc | Nettali.com","robots":{"index":"index","follow":"follow","max-snippet":"max-snippet:-1","max-image-preview":"max-image-preview:large","max-video-preview":"max-video-preview:-1"},"canonical":"https:\/\/www.nettali.com\/2026\/01\/21\/saly-un-violent-incendie-ravage-sept-villas-a-la-residence-tropical-parc\/","og_locale":"fr_FR","og_type":"article","og_title":"SALY - Un violent incendie ravage sept villas \u00e0 la R\u00e9sidence Tropical Parc","og_description":"NETTALI.COM - Un incendie rapide et d\u2019une rare intensit\u00e9 s\u2019est d\u00e9clar\u00e9 ce dimanche \u00e0 la R\u00e9sidence Tropical Parc de Saly, provoquant d\u2019importants d\u00e9g\u00e2ts mat\u00e9riels. Sept villas ont vu leurs cases enti\u00e8rement d\u00e9truites par les flammes. Aucune perte en vie humaine n\u2019a toutefois \u00e9t\u00e9 enregistr\u00e9e. Une enqu\u00eate est en cours pour d\u00e9terminer les causes exactes du [&hellip;]","og_url":"https:\/\/www.nettali.com\/2026\/01\/21\/saly-un-violent-incendie-ravage-sept-villas-a-la-residence-tropical-parc\/","og_site_name":"Nettali.com","article_publisher":"https:\/\/www.facebook.com\/nettalicom","article_published_time":"2026-01-21T07:43:37+00:00","og_image":[{"width":1260,"height":800,"url":"https:\/\/www.nettali.com\/wp-content\/uploads\/2026\/01\/Incendie-Saly.jpg","type":"image\/jpeg"}],"twitter_card":"summary_large_image","twitter_misc":{"\u00c9crit par":"Daouda","Dur\u00e9e de lecture estim\u00e9e":"2 minutes"},"schema":{"@context":"https:\/\/schema.org","@graph":[{"@type":"WebSite","@id":"https:\/\/www.nettali.com\/#website","url":"https:\/\/www.nettali.com\/","name":"Nettali.com","description":"Le rendez-vous critique du Net","potentialAction":[{"@type":"SearchAction","target":{"@type":"EntryPoint","urlTemplate":"https:\/\/www.nettali.com\/?s={search_term_string}"},"query-input":"required name=search_term_string"}],"inLanguage":"fr-FR"},{"@type":"ImageObject","@id":"https:\/\/www.nettali.com\/2026\/01\/21\/saly-un-violent-incendie-ravage-sept-villas-a-la-residence-tropical-parc\/#primaryimage","inLanguage":"fr-FR","url":"https:\/\/www.nettali.com\/wp-content\/uploads\/2026\/01\/Incendie-Saly.jpg","contentUrl":"https:\/\/www.nettali.com\/wp-content\/uploads\/2026\/01\/Incendie-Saly.jpg","width":1260,"height":800},{"@type":"WebPage","@id":"https:\/\/www.nettali.com\/2026\/01\/21\/saly-un-violent-incendie-ravage-sept-villas-a-la-residence-tropical-parc\/#webpage","url":"https:\/\/www.nettali.com\/2026\/01\/21\/saly-un-violent-incendie-ravage-sept-villas-a-la-residence-tropical-parc\/","name":"SALY - Un violent incendie ravage sept villas \u00e0 la R\u00e9sidence Tropical Parc | Nettali.com","isPartOf":{"@id":"https:\/\/www.nettali.com\/#website"},"primaryImageOfPage":{"@id":"https:\/\/www.nettali.com\/2026\/01\/21\/saly-un-violent-incendie-ravage-sept-villas-a-la-residence-tropical-parc\/#primaryimage"},"datePublished":"2026-01-21T07:43:37+00:00","dateModified":"2026-01-21T07:43:37+00:00","author":{"@id":"https:\/\/www.nettali.com\/#\/schema\/person\/3317e0bb3aa1da309fbf7b2780901bf4"},"breadcrumb":{"@id":"https:\/\/www.nettali.com\/2026\/01\/21\/saly-un-violent-incendie-ravage-sept-villas-a-la-residence-tropical-parc\/#breadcrumb"},"inLanguage":"fr-FR","potentialAction":[{"@type":"ReadAction","target":["https:\/\/www.nettali.com\/2026\/01\/21\/saly-un-violent-incendie-ravage-sept-villas-a-la-residence-tropical-parc\/"]}]},{"@type":"BreadcrumbList","@id":"https:\/\/www.nettali.com\/2026\/01\/21\/saly-un-violent-incendie-ravage-sept-villas-a-la-residence-tropical-parc\/#breadcrumb","itemListElement":[{"@type":"ListItem","position":1,"name":"Accueil","item":"https:\/\/www.nettali.com\/"},{"@type":"ListItem","position":2,"name":"SALY - Un violent incendie ravage sept villas \u00e0 la R\u00e9sidence Tropical Parc"}]},{"@type":"Person","@id":"https:\/\/www.nettali.com\/#\/schema\/person\/3317e0bb3aa1da309fbf7b2780901bf4","name":"Daouda","image":{"@type":"ImageObject","@id":"https:\/\/www.nettali.com\/#personlogo","inLanguage":"fr-FR","url":"https:\/\/secure.gravatar.com\/avatar\/8d143b5a49345098ddcfee1c49c2f47c?s=96&d=mm&r=g","contentUrl":"https:\/\/secure.gravatar.com\/avatar\/8d143b5a49345098ddcfee1c49c2f47c?s=96&d=mm&r=g","caption":"Daouda"},"sameAs":["https:\/\/www.nettali.com"]}]}},"_links":{"self":[{"href":"https:\/\/www.nettali.com\/rest\/wp\/v2\/posts\/168325"}],"collection":[{"href":"https:\/\/www.nettali.com\/rest\/wp\/v2\/posts"}],"about":[{"href":"https:\/\/www.nettali.com\/rest\/wp\/v2\/types\/post"}],"author":[{"embeddable":true,"href":"https:\/\/www.nettali.com\/rest\/wp\/v2\/users\/4"}],"replies":[{"embeddable":true,"href":"https:\/\/www.nettali.com\/rest\/wp\/v2\/comments?post=168325"}],"version-history":[{"count":1,"href":"https:\/\/www.nettali.com\/rest\/wp\/v2\/posts\/168325\/revisions"}],"predecessor-version":[{"id":168327,"href":"https:\/\/www.nettali.com\/rest\/wp\/v2\/posts\/168325\/revisions\/168327"}],"wp:featuredmedia":[{"embeddable":true,"href":"https:\/\/www.nettali.com\/rest\/wp\/v2\/media\/168326"}],"wp:attachment":[{"href":"https:\/\/www.nettali.com\/rest\/wp\/v2\/media?parent=168325"}],"wp:term":[{"taxonomy":"category","embeddable":true,"href":"https:\/\/www.nettali.com\/rest\/wp\/v2\/categories?post=168325"},{"taxonomy":"post_tag","embeddable":true,"href":"https:\/\/www.nettali.com\/rest\/wp\/v2\/tags?post=168325"}],"curies":[{"name":"wp","href":"https:\/\/api.w.org\/{rel}","templated":true}]}}