{"id":168305,"date":"2026-01-20T21:25:48","date_gmt":"2026-01-20T21:25:48","guid":{"rendered":"https:\/\/www.nettali.com\/?p=168305"},"modified":"2026-01-20T21:25:48","modified_gmt":"2026-01-20T21:25:48","slug":"lhommage-de-larcheveque-dalger-a-mane-la-plus-grande-lecon-de-leadership-de-ma-vie","status":"publish","type":"post","link":"https:\/\/www.nettali.com\/2026\/01\/20\/lhommage-de-larcheveque-dalger-a-mane-la-plus-grande-lecon-de-leadership-de-ma-vie\/","title":{"rendered":"L'HOMMAGE DE L'ARCHEVEQUE D'ALGER \u00c0 MAN\u00c9 - \u00ab La plus grande le\u00e7on de leadership de ma vie \u00bb"},"content":{"rendered":"<div class=\"xdj266r x14z9mp xat24cr x1lziwak x1vvkbs x126k92a\">\n<div dir=\"auto\"><strong>NETTALI.COM - Dans un message publi\u00e9 sur les r\u00e9seaux sociaux, le cardinal Mgr Jean\u2011Paul Vesco, archev\u00eaque d\u2019Alger, a rendu un hommage appuy\u00e9 \u00e0 Sadio Man\u00e9, saluant chez l\u2019international s\u00e9n\u00e9galais un leadership qu\u2019il d\u00e9crit comme profond\u00e9ment ancr\u00e9 dans le courage, l\u2019humilit\u00e9 et la responsabilit\u00e9.<\/strong><\/div>\n<div dir=\"auto\"><\/div>\n<\/div>\n<div class=\"x14z9mp xat24cr x1lziwak x1vvkbs xtlvy1s x126k92a\">\n<div dir=\"auto\">Un texte au ton \u00e0 la fois admiratif et m\u00e9ditatif, o\u00f9 le pr\u00e9lat dit avoir re\u00e7u <em>\u00ab la plus grande le\u00e7on de leadership de sa vie \u00bb<\/em> en observant l\u2019attitude du footballeur lors d\u2019un match sous forte tension. C\u2019est alors, \u00e9crit-il, que Sadio Man\u00e9 choisit de ne pas c\u00e9der \u00e0 la confusion. Il le d\u00e9crit <em>\u00ab debout, seul sur le terrain \u00bb<\/em>, allant m\u00eame <em>\u00ab contre les ordres de son entra\u00eeneur \u00bb<\/em>, et prenant sur lui de rappeler ses co\u00e9quipiers \u00e0 l\u2019essentiel. Le cardinal d'Alger rapporte les mots qu\u2019il lui pr\u00eate : <em>\u00ab Soyons des hommes ! \u00bb<\/em> un cri d\u2019appel \u00e0 la dignit\u00e9, \u00e0 la tenue, \u00e0 l\u2019honneur.<\/div>\n<div dir=\"auto\"><\/div>\n<\/div>\n<div class=\"x14z9mp xat24cr x1lziwak x1vvkbs xtlvy1s x126k92a\">\n<div dir=\"auto\">Dans le message du pr\u00e9lat, cet instant marque un basculement. Les joueurs reviennent, se ressaisissent, et la dynamique du match se transforme. L\u2019\u00e9quipe, \u00e9crit-il, renverse alors le cours des \u00e9v\u00e9nements <em>\u00ab de la fa\u00e7on la plus inattendue qui soit \u00bb<\/em> et parvient \u00e0 <em>\u00ab ramener finalement la victoire<\/em> \u00bb \u00e0 son pays. Le c\u0153ur du message n\u2019est pas tant la performance sportive que l\u2019acte de leadership : tenir debout quand tout se d\u00e9lite, choisir la responsabilit\u00e9 quand l\u2019\u00e9chappatoire semble plus facile.<\/div>\n<div dir=\"auto\"><\/div>\n<\/div>\n<div class=\"x14z9mp xat24cr x1lziwak x1vvkbs xtlvy1s x126k92a\">\n<div dir=\"auto\"><em>\u00ab Hier soir (dimanche), j\u2019ai re\u00e7u la plus grande le\u00e7on de leadership de ma vie\u2026 Quel homme ! \u00bb<\/em> \u00e9crit Mgr Vesco, \u00e9voquant une \u00e9quipe tent\u00e9e par le d\u00e9couragement et un joueur choisissant, au contraire, l\u2019exigence et la tenue face \u00e0 l\u2019adversit\u00e9.<\/div>\n<div dir=\"auto\">Au\u2011del\u00e0 de l\u2019\u00e9pisode sportif, le cardinal insiste sur l\u2019image d\u2019un homme <em>\u00ab reconnu par tous pour ses qualit\u00e9s humaines \u00bb<\/em>, menant une vie simple et engag\u00e9e dans le partage. Il rappelle notamment la r\u00e9putation de g\u00e9n\u00e9rosit\u00e9 du joueur, souvent cit\u00e9 pour ses actions de solidarit\u00e9 et ses investissements au b\u00e9n\u00e9fice de communaut\u00e9s au S\u00e9n\u00e9gal.<\/div>\n<div dir=\"auto\"><\/div>\n<div dir=\"auto\">En conclusion, Mgr Vesco salue la capacit\u00e9 de Man\u00e9 \u00e0 <em>\u00ab tirer sa r\u00e9v\u00e9rence le moment venu \u00bb<\/em> et r\u00e9sume son hommage d\u2019une formule solennelle : <em>\u00ab Chapeau bas Monsieur Man\u00e9 ! \u00bb<\/em><\/div>\n<div dir=\"auto\">Une formule simple, mais charg\u00e9e de sens, qui dit l\u2019estime pour un leadership per\u00e7u comme rare : courageux dans l\u2019\u00e9preuve, humble dans la victoire, responsable dans l\u2019action.<\/div>\n<\/div>\n<div class='share-to-whatsapp-wrapper'><div class='share-on-whsp'>PARTAGER SUR : <\/div><a data-text='L'HOMMAGE DE L'ARCHEVEQUE D'ALGER \u00c0 MAN\u00c9 - \u00ab La plus grande le\u00e7on de leadership de ma vie \u00bb' data-link='https:\/\/www.nettali.com\/2026\/01\/20\/lhommage-de-larcheveque-dalger-a-mane-la-plus-grande-lecon-de-leadership-de-ma-vie\/' class='whatsapp-button whatsapp-share'>WhatsApp<\/a><div class='clear '><\/div><\/div>","protected":false},"excerpt":{"rendered":"<p>NETTALI.COM - Dans un message publi\u00e9 sur les r\u00e9seaux sociaux, le cardinal Mgr Jean\u2011Paul Vesco, archev\u00eaque d\u2019Alger, a rendu un hommage appuy\u00e9 \u00e0 Sadio Man\u00e9, saluant chez l\u2019international s\u00e9n\u00e9galais un leadership qu\u2019il d\u00e9crit comme profond\u00e9ment ancr\u00e9 dans le courage, l\u2019humilit\u00e9 et la responsabilit\u00e9. Un texte au ton \u00e0 la fois admiratif et m\u00e9ditatif, o\u00f9 le [&hellip;]<\/p>\n","protected":false},"author":4,"featured_media":168306,"comment_status":"open","ping_status":"open","sticky":false,"template":"","format":"standard","meta":{"_et_pb_use_builder":"","_et_pb_old_content":""},"categories":[6],"tags":[],"yoast_head":"<!-- This site is optimized with the Yoast SEO Premium plugin v17.8 (Yoast SEO v17.8) - https:\/\/yoast.com\/wordpress\/plugins\/seo\/ -->\n<title>L&#039;HOMMAGE DE L&#039;ARCHEVEQUE D&#039;ALGER \u00c0 MAN\u00c9 - \u00ab La plus grande le\u00e7on de leadership de ma vie \u00bb | Nettali.com<\/title>\n<meta name=\"robots\" content=\"index, follow, max-snippet:-1, max-image-preview:large, max-video-preview:-1\" \/>\n<link rel=\"canonical\" href=\"https:\/\/www.nettali.com\/2026\/01\/20\/lhommage-de-larcheveque-dalger-a-mane-la-plus-grande-lecon-de-leadership-de-ma-vie\/\" \/>\n<meta property=\"og:locale\" content=\"fr_FR\" \/>\n<meta property=\"og:type\" content=\"article\" \/>\n<meta property=\"og:title\" content=\"L&#039;HOMMAGE DE L&#039;ARCHEVEQUE D&#039;ALGER \u00c0 MAN\u00c9 - \u00ab La plus grande le\u00e7on de leadership de ma vie \u00bb\" \/>\n<meta property=\"og:description\" content=\"NETTALI.COM - Dans un message publi\u00e9 sur les r\u00e9seaux sociaux, le cardinal Mgr Jean\u2011Paul Vesco, archev\u00eaque d\u2019Alger, a rendu un hommage appuy\u00e9 \u00e0 Sadio Man\u00e9, saluant chez l\u2019international s\u00e9n\u00e9galais un leadership qu\u2019il d\u00e9crit comme profond\u00e9ment ancr\u00e9 dans le courage, l\u2019humilit\u00e9 et la responsabilit\u00e9. Un texte au ton \u00e0 la fois admiratif et m\u00e9ditatif, o\u00f9 le [&hellip;]\" \/>\n<meta property=\"og:url\" content=\"https:\/\/www.nettali.com\/2026\/01\/20\/lhommage-de-larcheveque-dalger-a-mane-la-plus-grande-lecon-de-leadership-de-ma-vie\/\" \/>\n<meta property=\"og:site_name\" content=\"Nettali.com\" \/>\n<meta property=\"article:publisher\" content=\"https:\/\/www.facebook.com\/nettalicom\" \/>\n<meta property=\"article:published_time\" content=\"2026-01-20T21:25:48+00:00\" \/>\n<meta property=\"og:image\" content=\"https:\/\/www.nettali.com\/wp-content\/uploads\/2026\/01\/Mgr-Jean-Paul-Vesco-e1768944332404.jpg\" \/>\n\t<meta property=\"og:image:width\" content=\"1279\" \/>\n\t<meta property=\"og:image:height\" content=\"1138\" \/>\n<meta name=\"twitter:card\" content=\"summary_large_image\" \/>\n<meta name=\"twitter:label1\" content=\"\u00c9crit par\" \/>\n\t<meta name=\"twitter:data1\" content=\"Daouda\" \/>\n\t<meta name=\"twitter:label2\" content=\"Dur\u00e9e de lecture estim\u00e9e\" \/>\n\t<meta name=\"twitter:data2\" content=\"2 minutes\" \/>\n<script type=\"application\/ld+json\" class=\"yoast-schema-graph\">{\"@context\":\"https:\/\/schema.org\",\"@graph\":[{\"@type\":\"WebSite\",\"@id\":\"https:\/\/www.nettali.com\/#website\",\"url\":\"https:\/\/www.nettali.com\/\",\"name\":\"Nettali.com\",\"description\":\"Le rendez-vous critique du Net\",\"potentialAction\":[{\"@type\":\"SearchAction\",\"target\":{\"@type\":\"EntryPoint\",\"urlTemplate\":\"https:\/\/www.nettali.com\/?s={search_term_string}\"},\"query-input\":\"required name=search_term_string\"}],\"inLanguage\":\"fr-FR\"},{\"@type\":\"ImageObject\",\"@id\":\"https:\/\/www.nettali.com\/2026\/01\/20\/lhommage-de-larcheveque-dalger-a-mane-la-plus-grande-lecon-de-leadership-de-ma-vie\/#primaryimage\",\"inLanguage\":\"fr-FR\",\"url\":\"https:\/\/www.nettali.com\/wp-content\/uploads\/2026\/01\/Mgr-Jean-Paul-Vesco-e1768944332404.jpg\",\"contentUrl\":\"https:\/\/www.nettali.com\/wp-content\/uploads\/2026\/01\/Mgr-Jean-Paul-Vesco-e1768944332404.jpg\",\"width\":1279,\"height\":1138},{\"@type\":\"WebPage\",\"@id\":\"https:\/\/www.nettali.com\/2026\/01\/20\/lhommage-de-larcheveque-dalger-a-mane-la-plus-grande-lecon-de-leadership-de-ma-vie\/#webpage\",\"url\":\"https:\/\/www.nettali.com\/2026\/01\/20\/lhommage-de-larcheveque-dalger-a-mane-la-plus-grande-lecon-de-leadership-de-ma-vie\/\",\"name\":\"L'HOMMAGE DE L'ARCHEVEQUE D'ALGER \\u00c0 MAN\\u00c9 - \\u00ab La plus grande le\\u00e7on de leadership de ma vie \\u00bb | Nettali.com\",\"isPartOf\":{\"@id\":\"https:\/\/www.nettali.com\/#website\"},\"primaryImageOfPage\":{\"@id\":\"https:\/\/www.nettali.com\/2026\/01\/20\/lhommage-de-larcheveque-dalger-a-mane-la-plus-grande-lecon-de-leadership-de-ma-vie\/#primaryimage\"},\"datePublished\":\"2026-01-20T21:25:48+00:00\",\"dateModified\":\"2026-01-20T21:25:48+00:00\",\"author\":{\"@id\":\"https:\/\/www.nettali.com\/#\/schema\/person\/3317e0bb3aa1da309fbf7b2780901bf4\"},\"breadcrumb\":{\"@id\":\"https:\/\/www.nettali.com\/2026\/01\/20\/lhommage-de-larcheveque-dalger-a-mane-la-plus-grande-lecon-de-leadership-de-ma-vie\/#breadcrumb\"},\"inLanguage\":\"fr-FR\",\"potentialAction\":[{\"@type\":\"ReadAction\",\"target\":[\"https:\/\/www.nettali.com\/2026\/01\/20\/lhommage-de-larcheveque-dalger-a-mane-la-plus-grande-lecon-de-leadership-de-ma-vie\/\"]}]},{\"@type\":\"BreadcrumbList\",\"@id\":\"https:\/\/www.nettali.com\/2026\/01\/20\/lhommage-de-larcheveque-dalger-a-mane-la-plus-grande-lecon-de-leadership-de-ma-vie\/#breadcrumb\",\"itemListElement\":[{\"@type\":\"ListItem\",\"position\":1,\"name\":\"Accueil\",\"item\":\"https:\/\/www.nettali.com\/\"},{\"@type\":\"ListItem\",\"position\":2,\"name\":\"L'HOMMAGE DE L'ARCHEVEQUE D'ALGER \\u00c0 MAN\\u00c9 - \\u00ab La plus grande le\\u00e7on de leadership de ma vie \\u00bb\"}]},{\"@type\":\"Person\",\"@id\":\"https:\/\/www.nettali.com\/#\/schema\/person\/3317e0bb3aa1da309fbf7b2780901bf4\",\"name\":\"Daouda\",\"image\":{\"@type\":\"ImageObject\",\"@id\":\"https:\/\/www.nettali.com\/#personlogo\",\"inLanguage\":\"fr-FR\",\"url\":\"https:\/\/secure.gravatar.com\/avatar\/8d143b5a49345098ddcfee1c49c2f47c?s=96&d=mm&r=g\",\"contentUrl\":\"https:\/\/secure.gravatar.com\/avatar\/8d143b5a49345098ddcfee1c49c2f47c?s=96&d=mm&r=g\",\"caption\":\"Daouda\"},\"sameAs\":[\"https:\/\/www.nettali.com\"]}]}<\/script>\n<!-- \/ Yoast SEO Premium plugin. -->","yoast_head_json":{"title":"L'HOMMAGE DE L'ARCHEVEQUE D'ALGER \u00c0 MAN\u00c9 - \u00ab La plus grande le\u00e7on de leadership de ma vie \u00bb | Nettali.com","robots":{"index":"index","follow":"follow","max-snippet":"max-snippet:-1","max-image-preview":"max-image-preview:large","max-video-preview":"max-video-preview:-1"},"canonical":"https:\/\/www.nettali.com\/2026\/01\/20\/lhommage-de-larcheveque-dalger-a-mane-la-plus-grande-lecon-de-leadership-de-ma-vie\/","og_locale":"fr_FR","og_type":"article","og_title":"L'HOMMAGE DE L'ARCHEVEQUE D'ALGER \u00c0 MAN\u00c9 - \u00ab La plus grande le\u00e7on de leadership de ma vie \u00bb","og_description":"NETTALI.COM - Dans un message publi\u00e9 sur les r\u00e9seaux sociaux, le cardinal Mgr Jean\u2011Paul Vesco, archev\u00eaque d\u2019Alger, a rendu un hommage appuy\u00e9 \u00e0 Sadio Man\u00e9, saluant chez l\u2019international s\u00e9n\u00e9galais un leadership qu\u2019il d\u00e9crit comme profond\u00e9ment ancr\u00e9 dans le courage, l\u2019humilit\u00e9 et la responsabilit\u00e9. Un texte au ton \u00e0 la fois admiratif et m\u00e9ditatif, o\u00f9 le [&hellip;]","og_url":"https:\/\/www.nettali.com\/2026\/01\/20\/lhommage-de-larcheveque-dalger-a-mane-la-plus-grande-lecon-de-leadership-de-ma-vie\/","og_site_name":"Nettali.com","article_publisher":"https:\/\/www.facebook.com\/nettalicom","article_published_time":"2026-01-20T21:25:48+00:00","og_image":[{"width":1279,"height":1138,"url":"https:\/\/www.nettali.com\/wp-content\/uploads\/2026\/01\/Mgr-Jean-Paul-Vesco-e1768944332404.jpg","type":"image\/jpeg"}],"twitter_card":"summary_large_image","twitter_misc":{"\u00c9crit par":"Daouda","Dur\u00e9e de lecture estim\u00e9e":"2 minutes"},"schema":{"@context":"https:\/\/schema.org","@graph":[{"@type":"WebSite","@id":"https:\/\/www.nettali.com\/#website","url":"https:\/\/www.nettali.com\/","name":"Nettali.com","description":"Le rendez-vous critique du Net","potentialAction":[{"@type":"SearchAction","target":{"@type":"EntryPoint","urlTemplate":"https:\/\/www.nettali.com\/?s={search_term_string}"},"query-input":"required name=search_term_string"}],"inLanguage":"fr-FR"},{"@type":"ImageObject","@id":"https:\/\/www.nettali.com\/2026\/01\/20\/lhommage-de-larcheveque-dalger-a-mane-la-plus-grande-lecon-de-leadership-de-ma-vie\/#primaryimage","inLanguage":"fr-FR","url":"https:\/\/www.nettali.com\/wp-content\/uploads\/2026\/01\/Mgr-Jean-Paul-Vesco-e1768944332404.jpg","contentUrl":"https:\/\/www.nettali.com\/wp-content\/uploads\/2026\/01\/Mgr-Jean-Paul-Vesco-e1768944332404.jpg","width":1279,"height":1138},{"@type":"WebPage","@id":"https:\/\/www.nettali.com\/2026\/01\/20\/lhommage-de-larcheveque-dalger-a-mane-la-plus-grande-lecon-de-leadership-de-ma-vie\/#webpage","url":"https:\/\/www.nettali.com\/2026\/01\/20\/lhommage-de-larcheveque-dalger-a-mane-la-plus-grande-lecon-de-leadership-de-ma-vie\/","name":"L'HOMMAGE DE L'ARCHEVEQUE D'ALGER \u00c0 MAN\u00c9 - \u00ab La plus grande le\u00e7on de leadership de ma vie \u00bb | Nettali.com","isPartOf":{"@id":"https:\/\/www.nettali.com\/#website"},"primaryImageOfPage":{"@id":"https:\/\/www.nettali.com\/2026\/01\/20\/lhommage-de-larcheveque-dalger-a-mane-la-plus-grande-lecon-de-leadership-de-ma-vie\/#primaryimage"},"datePublished":"2026-01-20T21:25:48+00:00","dateModified":"2026-01-20T21:25:48+00:00","author":{"@id":"https:\/\/www.nettali.com\/#\/schema\/person\/3317e0bb3aa1da309fbf7b2780901bf4"},"breadcrumb":{"@id":"https:\/\/www.nettali.com\/2026\/01\/20\/lhommage-de-larcheveque-dalger-a-mane-la-plus-grande-lecon-de-leadership-de-ma-vie\/#breadcrumb"},"inLanguage":"fr-FR","potentialAction":[{"@type":"ReadAction","target":["https:\/\/www.nettali.com\/2026\/01\/20\/lhommage-de-larcheveque-dalger-a-mane-la-plus-grande-lecon-de-leadership-de-ma-vie\/"]}]},{"@type":"BreadcrumbList","@id":"https:\/\/www.nettali.com\/2026\/01\/20\/lhommage-de-larcheveque-dalger-a-mane-la-plus-grande-lecon-de-leadership-de-ma-vie\/#breadcrumb","itemListElement":[{"@type":"ListItem","position":1,"name":"Accueil","item":"https:\/\/www.nettali.com\/"},{"@type":"ListItem","position":2,"name":"L'HOMMAGE DE L'ARCHEVEQUE D'ALGER \u00c0 MAN\u00c9 - \u00ab La plus grande le\u00e7on de leadership de ma vie \u00bb"}]},{"@type":"Person","@id":"https:\/\/www.nettali.com\/#\/schema\/person\/3317e0bb3aa1da309fbf7b2780901bf4","name":"Daouda","image":{"@type":"ImageObject","@id":"https:\/\/www.nettali.com\/#personlogo","inLanguage":"fr-FR","url":"https:\/\/secure.gravatar.com\/avatar\/8d143b5a49345098ddcfee1c49c2f47c?s=96&d=mm&r=g","contentUrl":"https:\/\/secure.gravatar.com\/avatar\/8d143b5a49345098ddcfee1c49c2f47c?s=96&d=mm&r=g","caption":"Daouda"},"sameAs":["https:\/\/www.nettali.com"]}]}},"_links":{"self":[{"href":"https:\/\/www.nettali.com\/rest\/wp\/v2\/posts\/168305"}],"collection":[{"href":"https:\/\/www.nettali.com\/rest\/wp\/v2\/posts"}],"about":[{"href":"https:\/\/www.nettali.com\/rest\/wp\/v2\/types\/post"}],"author":[{"embeddable":true,"href":"https:\/\/www.nettali.com\/rest\/wp\/v2\/users\/4"}],"replies":[{"embeddable":true,"href":"https:\/\/www.nettali.com\/rest\/wp\/v2\/comments?post=168305"}],"version-history":[{"count":1,"href":"https:\/\/www.nettali.com\/rest\/wp\/v2\/posts\/168305\/revisions"}],"predecessor-version":[{"id":168307,"href":"https:\/\/www.nettali.com\/rest\/wp\/v2\/posts\/168305\/revisions\/168307"}],"wp:featuredmedia":[{"embeddable":true,"href":"https:\/\/www.nettali.com\/rest\/wp\/v2\/media\/168306"}],"wp:attachment":[{"href":"https:\/\/www.nettali.com\/rest\/wp\/v2\/media?parent=168305"}],"wp:term":[{"taxonomy":"category","embeddable":true,"href":"https:\/\/www.nettali.com\/rest\/wp\/v2\/categories?post=168305"},{"taxonomy":"post_tag","embeddable":true,"href":"https:\/\/www.nettali.com\/rest\/wp\/v2\/tags?post=168305"}],"curies":[{"name":"wp","href":"https:\/\/api.w.org\/{rel}","templated":true}]}}