{"id":168278,"date":"2026-01-20T18:04:02","date_gmt":"2026-01-20T18:04:02","guid":{"rendered":"https:\/\/www.nettali.com\/?p=168278"},"modified":"2026-01-20T18:05:35","modified_gmt":"2026-01-20T18:05:35","slug":"ibrahim-mbaye-je-ne-vais-jamais-regretter-le-choix-du-senegal","status":"publish","type":"post","link":"https:\/\/www.nettali.com\/2026\/01\/20\/ibrahim-mbaye-je-ne-vais-jamais-regretter-le-choix-du-senegal\/","title":{"rendered":"IBRAHIM MBAYE - \"Je ne vais jamais regretter le choix du S\u00e9n\u00e9gal\""},"content":{"rendered":"<p><strong>NETTALI.COM - Pour sa premi\u00e8re participation \u00e0 la CAN, Ibrahim Mbaye a \u00e9t\u00e9 sacr\u00e9 avec brio. La jeune p\u00e9pite s\u00e9n\u00e9galaise qui a fait le choix de rejoindre l\u2019\u00e9quipe nationale du S\u00e9n\u00e9gal au d\u00e9triment de la France, a ainsi affirm\u00e9 qu\u2019il avait fait le meilleur choix.<\/strong><\/p>\n<p>Auteur d\u2019un but dans cette 35e \u00e9dition de la CAN, Ibrahim Mbaye aura \u00e9t\u00e9 plus qu\u2019un simple joueur pour les Lions. Il a \u00e9t\u00e9 le \"<em>Super-sub<\/em>\" de Pape Thiaw qui s\u2019est impos\u00e9 durant ce tournoi comme l\u2019un des meilleurs jeunes joueurs. Toujours aussi virevoltant sur son c\u00f4t\u00e9 droit, Ibrahim Mbaye a \u00e9t\u00e9 un cauchemar pour les adversaires du S\u00e9n\u00e9gal dans ce tournoi domin\u00e9 de bout en bout par les Lions.<\/p>\n<p>En marge de la parade des champions d\u2019Afrique 2025, le titi parisien a montr\u00e9 sa fiert\u00e9 d\u2019avoir pu repr\u00e9senter le S\u00e9n\u00e9gal et d\u2019avoir gagn\u00e9 son premier titre en s\u00e9lection.<\/p>\n<p>\"<em>Gagner lors de notre premi\u00e8re CAN c\u2019est \u00e9norme. Voir tout un peuple derri\u00e8re nous c\u2019est un \u00e9norme plaisir pour nous. Je ne vais jamais regrett\u00e9 le choix de rejoindre le S\u00e9n\u00e9gal car c\u2019est un choix du c\u0153ur. Je dis merci \u00e0 tous ceux qui nous ont soutenu. C\u2019est gr\u00e2ce \u00e0 eux si on en est l\u00e0\",<\/em>\u00a0a-t-il confi\u00e9 \u00e0 la t\u00e9l\u00e9vision nationale.<\/p>\n<div class='share-to-whatsapp-wrapper'><div class='share-on-whsp'>PARTAGER SUR : <\/div><a data-text='IBRAHIM MBAYE - \"Je ne vais jamais regretter le choix du S\u00e9n\u00e9gal\"' data-link='https:\/\/www.nettali.com\/2026\/01\/20\/ibrahim-mbaye-je-ne-vais-jamais-regretter-le-choix-du-senegal\/' class='whatsapp-button whatsapp-share'>WhatsApp<\/a><div class='clear '><\/div><\/div>","protected":false},"excerpt":{"rendered":"<p>NETTALI.COM - Pour sa premi\u00e8re participation \u00e0 la CAN, Ibrahim Mbaye a \u00e9t\u00e9 sacr\u00e9 avec brio. La jeune p\u00e9pite s\u00e9n\u00e9galaise qui a fait le choix de rejoindre l\u2019\u00e9quipe nationale du S\u00e9n\u00e9gal au d\u00e9triment de la France, a ainsi affirm\u00e9 qu\u2019il avait fait le meilleur choix. Auteur d\u2019un but dans cette 35e \u00e9dition de la CAN, [&hellip;]<\/p>\n","protected":false},"author":5,"featured_media":168273,"comment_status":"open","ping_status":"open","sticky":false,"template":"","format":"standard","meta":{"_et_pb_use_builder":"","_et_pb_old_content":""},"categories":[6],"tags":[],"yoast_head":"<!-- This site is optimized with the Yoast SEO Premium plugin v17.8 (Yoast SEO v17.8) - https:\/\/yoast.com\/wordpress\/plugins\/seo\/ -->\n<title>IBRAHIM MBAYE - &quot;Je ne vais jamais regretter le choix du S\u00e9n\u00e9gal&quot; | Nettali.com<\/title>\n<meta name=\"robots\" content=\"index, follow, max-snippet:-1, max-image-preview:large, max-video-preview:-1\" \/>\n<link rel=\"canonical\" href=\"https:\/\/www.nettali.com\/2026\/01\/20\/ibrahim-mbaye-je-ne-vais-jamais-regretter-le-choix-du-senegal\/\" \/>\n<meta property=\"og:locale\" content=\"fr_FR\" \/>\n<meta property=\"og:type\" content=\"article\" \/>\n<meta property=\"og:title\" content=\"IBRAHIM MBAYE - &quot;Je ne vais jamais regretter le choix du S\u00e9n\u00e9gal&quot;\" \/>\n<meta property=\"og:description\" content=\"NETTALI.COM - Pour sa premi\u00e8re participation \u00e0 la CAN, Ibrahim Mbaye a \u00e9t\u00e9 sacr\u00e9 avec brio. La jeune p\u00e9pite s\u00e9n\u00e9galaise qui a fait le choix de rejoindre l\u2019\u00e9quipe nationale du S\u00e9n\u00e9gal au d\u00e9triment de la France, a ainsi affirm\u00e9 qu\u2019il avait fait le meilleur choix. Auteur d\u2019un but dans cette 35e \u00e9dition de la CAN, [&hellip;]\" \/>\n<meta property=\"og:url\" content=\"https:\/\/www.nettali.com\/2026\/01\/20\/ibrahim-mbaye-je-ne-vais-jamais-regretter-le-choix-du-senegal\/\" \/>\n<meta property=\"og:site_name\" content=\"Nettali.com\" \/>\n<meta property=\"article:publisher\" content=\"https:\/\/www.facebook.com\/nettalicom\" \/>\n<meta property=\"article:published_time\" content=\"2026-01-20T18:04:02+00:00\" \/>\n<meta property=\"article:modified_time\" content=\"2026-01-20T18:05:35+00:00\" \/>\n<meta property=\"og:image\" content=\"https:\/\/www.nettali.com\/wp-content\/uploads\/2026\/01\/IMG_0445.jpeg\" \/>\n\t<meta property=\"og:image:width\" content=\"1350\" \/>\n\t<meta property=\"og:image:height\" content=\"909\" \/>\n<meta name=\"twitter:card\" content=\"summary_large_image\" \/>\n<meta name=\"twitter:label1\" content=\"\u00c9crit par\" \/>\n\t<meta name=\"twitter:data1\" content=\"Ibrahima\" \/>\n\t<meta name=\"twitter:label2\" content=\"Dur\u00e9e de lecture estim\u00e9e\" \/>\n\t<meta name=\"twitter:data2\" content=\"2 minutes\" \/>\n<script type=\"application\/ld+json\" class=\"yoast-schema-graph\">{\"@context\":\"https:\/\/schema.org\",\"@graph\":[{\"@type\":\"WebSite\",\"@id\":\"https:\/\/www.nettali.com\/#website\",\"url\":\"https:\/\/www.nettali.com\/\",\"name\":\"Nettali.com\",\"description\":\"Le rendez-vous critique du Net\",\"potentialAction\":[{\"@type\":\"SearchAction\",\"target\":{\"@type\":\"EntryPoint\",\"urlTemplate\":\"https:\/\/www.nettali.com\/?s={search_term_string}\"},\"query-input\":\"required name=search_term_string\"}],\"inLanguage\":\"fr-FR\"},{\"@type\":\"ImageObject\",\"@id\":\"https:\/\/www.nettali.com\/2026\/01\/20\/ibrahim-mbaye-je-ne-vais-jamais-regretter-le-choix-du-senegal\/#primaryimage\",\"inLanguage\":\"fr-FR\",\"url\":\"https:\/\/www.nettali.com\/wp-content\/uploads\/2026\/01\/IMG_0445.jpeg\",\"contentUrl\":\"https:\/\/www.nettali.com\/wp-content\/uploads\/2026\/01\/IMG_0445.jpeg\",\"width\":1350,\"height\":909},{\"@type\":\"WebPage\",\"@id\":\"https:\/\/www.nettali.com\/2026\/01\/20\/ibrahim-mbaye-je-ne-vais-jamais-regretter-le-choix-du-senegal\/#webpage\",\"url\":\"https:\/\/www.nettali.com\/2026\/01\/20\/ibrahim-mbaye-je-ne-vais-jamais-regretter-le-choix-du-senegal\/\",\"name\":\"IBRAHIM MBAYE - \\\"Je ne vais jamais regretter le choix du S\\u00e9n\\u00e9gal\\\" | Nettali.com\",\"isPartOf\":{\"@id\":\"https:\/\/www.nettali.com\/#website\"},\"primaryImageOfPage\":{\"@id\":\"https:\/\/www.nettali.com\/2026\/01\/20\/ibrahim-mbaye-je-ne-vais-jamais-regretter-le-choix-du-senegal\/#primaryimage\"},\"datePublished\":\"2026-01-20T18:04:02+00:00\",\"dateModified\":\"2026-01-20T18:05:35+00:00\",\"author\":{\"@id\":\"https:\/\/www.nettali.com\/#\/schema\/person\/bb147657c2986240405a608162b9bb23\"},\"breadcrumb\":{\"@id\":\"https:\/\/www.nettali.com\/2026\/01\/20\/ibrahim-mbaye-je-ne-vais-jamais-regretter-le-choix-du-senegal\/#breadcrumb\"},\"inLanguage\":\"fr-FR\",\"potentialAction\":[{\"@type\":\"ReadAction\",\"target\":[\"https:\/\/www.nettali.com\/2026\/01\/20\/ibrahim-mbaye-je-ne-vais-jamais-regretter-le-choix-du-senegal\/\"]}]},{\"@type\":\"BreadcrumbList\",\"@id\":\"https:\/\/www.nettali.com\/2026\/01\/20\/ibrahim-mbaye-je-ne-vais-jamais-regretter-le-choix-du-senegal\/#breadcrumb\",\"itemListElement\":[{\"@type\":\"ListItem\",\"position\":1,\"name\":\"Accueil\",\"item\":\"https:\/\/www.nettali.com\/\"},{\"@type\":\"ListItem\",\"position\":2,\"name\":\"IBRAHIM MBAYE - \\\"Je ne vais jamais regretter le choix du S\\u00e9n\\u00e9gal\\\"\"}]},{\"@type\":\"Person\",\"@id\":\"https:\/\/www.nettali.com\/#\/schema\/person\/bb147657c2986240405a608162b9bb23\",\"name\":\"Ibrahima\",\"image\":{\"@type\":\"ImageObject\",\"@id\":\"https:\/\/www.nettali.com\/#personlogo\",\"inLanguage\":\"fr-FR\",\"url\":\"https:\/\/secure.gravatar.com\/avatar\/26a8a81f09f0dd7624c9d5c36c9ba3a2?s=96&d=mm&r=g\",\"contentUrl\":\"https:\/\/secure.gravatar.com\/avatar\/26a8a81f09f0dd7624c9d5c36c9ba3a2?s=96&d=mm&r=g\",\"caption\":\"Ibrahima\"},\"sameAs\":[\"https:\/\/www.nettali.com\"]}]}<\/script>\n<!-- \/ Yoast SEO Premium plugin. -->","yoast_head_json":{"title":"IBRAHIM MBAYE - \"Je ne vais jamais regretter le choix du S\u00e9n\u00e9gal\" | Nettali.com","robots":{"index":"index","follow":"follow","max-snippet":"max-snippet:-1","max-image-preview":"max-image-preview:large","max-video-preview":"max-video-preview:-1"},"canonical":"https:\/\/www.nettali.com\/2026\/01\/20\/ibrahim-mbaye-je-ne-vais-jamais-regretter-le-choix-du-senegal\/","og_locale":"fr_FR","og_type":"article","og_title":"IBRAHIM MBAYE - \"Je ne vais jamais regretter le choix du S\u00e9n\u00e9gal\"","og_description":"NETTALI.COM - Pour sa premi\u00e8re participation \u00e0 la CAN, Ibrahim Mbaye a \u00e9t\u00e9 sacr\u00e9 avec brio. La jeune p\u00e9pite s\u00e9n\u00e9galaise qui a fait le choix de rejoindre l\u2019\u00e9quipe nationale du S\u00e9n\u00e9gal au d\u00e9triment de la France, a ainsi affirm\u00e9 qu\u2019il avait fait le meilleur choix. Auteur d\u2019un but dans cette 35e \u00e9dition de la CAN, [&hellip;]","og_url":"https:\/\/www.nettali.com\/2026\/01\/20\/ibrahim-mbaye-je-ne-vais-jamais-regretter-le-choix-du-senegal\/","og_site_name":"Nettali.com","article_publisher":"https:\/\/www.facebook.com\/nettalicom","article_published_time":"2026-01-20T18:04:02+00:00","article_modified_time":"2026-01-20T18:05:35+00:00","og_image":[{"width":1350,"height":909,"url":"https:\/\/www.nettali.com\/wp-content\/uploads\/2026\/01\/IMG_0445.jpeg","type":"image\/jpeg"}],"twitter_card":"summary_large_image","twitter_misc":{"\u00c9crit par":"Ibrahima","Dur\u00e9e de lecture estim\u00e9e":"2 minutes"},"schema":{"@context":"https:\/\/schema.org","@graph":[{"@type":"WebSite","@id":"https:\/\/www.nettali.com\/#website","url":"https:\/\/www.nettali.com\/","name":"Nettali.com","description":"Le rendez-vous critique du Net","potentialAction":[{"@type":"SearchAction","target":{"@type":"EntryPoint","urlTemplate":"https:\/\/www.nettali.com\/?s={search_term_string}"},"query-input":"required name=search_term_string"}],"inLanguage":"fr-FR"},{"@type":"ImageObject","@id":"https:\/\/www.nettali.com\/2026\/01\/20\/ibrahim-mbaye-je-ne-vais-jamais-regretter-le-choix-du-senegal\/#primaryimage","inLanguage":"fr-FR","url":"https:\/\/www.nettali.com\/wp-content\/uploads\/2026\/01\/IMG_0445.jpeg","contentUrl":"https:\/\/www.nettali.com\/wp-content\/uploads\/2026\/01\/IMG_0445.jpeg","width":1350,"height":909},{"@type":"WebPage","@id":"https:\/\/www.nettali.com\/2026\/01\/20\/ibrahim-mbaye-je-ne-vais-jamais-regretter-le-choix-du-senegal\/#webpage","url":"https:\/\/www.nettali.com\/2026\/01\/20\/ibrahim-mbaye-je-ne-vais-jamais-regretter-le-choix-du-senegal\/","name":"IBRAHIM MBAYE - \"Je ne vais jamais regretter le choix du S\u00e9n\u00e9gal\" | Nettali.com","isPartOf":{"@id":"https:\/\/www.nettali.com\/#website"},"primaryImageOfPage":{"@id":"https:\/\/www.nettali.com\/2026\/01\/20\/ibrahim-mbaye-je-ne-vais-jamais-regretter-le-choix-du-senegal\/#primaryimage"},"datePublished":"2026-01-20T18:04:02+00:00","dateModified":"2026-01-20T18:05:35+00:00","author":{"@id":"https:\/\/www.nettali.com\/#\/schema\/person\/bb147657c2986240405a608162b9bb23"},"breadcrumb":{"@id":"https:\/\/www.nettali.com\/2026\/01\/20\/ibrahim-mbaye-je-ne-vais-jamais-regretter-le-choix-du-senegal\/#breadcrumb"},"inLanguage":"fr-FR","potentialAction":[{"@type":"ReadAction","target":["https:\/\/www.nettali.com\/2026\/01\/20\/ibrahim-mbaye-je-ne-vais-jamais-regretter-le-choix-du-senegal\/"]}]},{"@type":"BreadcrumbList","@id":"https:\/\/www.nettali.com\/2026\/01\/20\/ibrahim-mbaye-je-ne-vais-jamais-regretter-le-choix-du-senegal\/#breadcrumb","itemListElement":[{"@type":"ListItem","position":1,"name":"Accueil","item":"https:\/\/www.nettali.com\/"},{"@type":"ListItem","position":2,"name":"IBRAHIM MBAYE - \"Je ne vais jamais regretter le choix du S\u00e9n\u00e9gal\""}]},{"@type":"Person","@id":"https:\/\/www.nettali.com\/#\/schema\/person\/bb147657c2986240405a608162b9bb23","name":"Ibrahima","image":{"@type":"ImageObject","@id":"https:\/\/www.nettali.com\/#personlogo","inLanguage":"fr-FR","url":"https:\/\/secure.gravatar.com\/avatar\/26a8a81f09f0dd7624c9d5c36c9ba3a2?s=96&d=mm&r=g","contentUrl":"https:\/\/secure.gravatar.com\/avatar\/26a8a81f09f0dd7624c9d5c36c9ba3a2?s=96&d=mm&r=g","caption":"Ibrahima"},"sameAs":["https:\/\/www.nettali.com"]}]}},"_links":{"self":[{"href":"https:\/\/www.nettali.com\/rest\/wp\/v2\/posts\/168278"}],"collection":[{"href":"https:\/\/www.nettali.com\/rest\/wp\/v2\/posts"}],"about":[{"href":"https:\/\/www.nettali.com\/rest\/wp\/v2\/types\/post"}],"author":[{"embeddable":true,"href":"https:\/\/www.nettali.com\/rest\/wp\/v2\/users\/5"}],"replies":[{"embeddable":true,"href":"https:\/\/www.nettali.com\/rest\/wp\/v2\/comments?post=168278"}],"version-history":[{"count":2,"href":"https:\/\/www.nettali.com\/rest\/wp\/v2\/posts\/168278\/revisions"}],"predecessor-version":[{"id":168280,"href":"https:\/\/www.nettali.com\/rest\/wp\/v2\/posts\/168278\/revisions\/168280"}],"wp:featuredmedia":[{"embeddable":true,"href":"https:\/\/www.nettali.com\/rest\/wp\/v2\/media\/168273"}],"wp:attachment":[{"href":"https:\/\/www.nettali.com\/rest\/wp\/v2\/media?parent=168278"}],"wp:term":[{"taxonomy":"category","embeddable":true,"href":"https:\/\/www.nettali.com\/rest\/wp\/v2\/categories?post=168278"},{"taxonomy":"post_tag","embeddable":true,"href":"https:\/\/www.nettali.com\/rest\/wp\/v2\/tags?post=168278"}],"curies":[{"name":"wp","href":"https:\/\/api.w.org\/{rel}","templated":true}]}}