{"id":168272,"date":"2026-01-20T17:45:44","date_gmt":"2026-01-20T17:45:44","guid":{"rendered":"https:\/\/www.nettali.com\/?p=168272"},"modified":"2026-01-22T07:42:37","modified_gmt":"2026-01-22T07:42:37","slug":"abdoulaye-fall-pdt-fsf-quoi-quil-en-soit-nous-ferons-face","status":"publish","type":"post","link":"https:\/\/www.nettali.com\/2026\/01\/20\/abdoulaye-fall-pdt-fsf-quoi-quil-en-soit-nous-ferons-face\/","title":{"rendered":"ABDOULAYE FALL PDT FSF - \"Quel que soit ce qui puisse se passer, nous ferons face\""},"content":{"rendered":"<p><strong>NETTALI.COM - Le pr\u00e9sident de la F\u00e9d\u00e9ration s\u00e9n\u00e9galaise de football, Abdoulaye Fall, s\u2019est exprim\u00e9 apr\u00e8s la finale de la CAN 2025, \u00e0 la suite de la protestation de l\u2019\u00e9quipe nationale s\u00e9n\u00e9galaise. Pour le patron du football s\u00e9n\u00e9galais, il n\u2019y a aucune inqui\u00e9tude \u00e0 avoir, et la F\u00e9d\u00e9ration reste sereine face \u00e0 toute proc\u00e9dure engag\u00e9e par la Conf\u00e9d\u00e9ration africaine de football (CAF).<\/strong><\/p>\n<p>Lors de la finale de la CAN 2025, le S\u00e9n\u00e9gal a choisi de manifester sa d\u00e9sapprobation face \u00e0 certaines d\u00e9cisions de l\u2019arbitre qu\u2019il jugeait injustes. L\u2019\u00e9quipe nationale a interrompu le jeu pendant quelques minutes afin de signaler ce qu\u2019elle percevait comme des biais dans l\u2019application des r\u00e8gles, notamment sur des d\u00e9cisions favorisant l\u2019\u00e9quipe h\u00f4te. Cette r\u00e9action intervient alors que des sanctions sont envisag\u00e9es \u00e0 l\u2019encontre du champion d\u2019Afrique.<\/p>\n<p>\u00c0 ce sujet, le pr\u00e9sident de la F\u00e9d\u00e9ration s\u00e9n\u00e9galaise de football, Abdoulaye Fall, a tenu \u00e0 clarifier la position du pays.<br \/>\n\"<em>On attend de voir la saisie de la CAF et nous prendrons les mesures n\u00e9cessaires. Il n\u2019y a aucun souci \u00e0 ce niveau. Nous avons l\u2019habitude de ce genre de situations\u202f; m\u00eame pendant la CAN, nous avons d\u00e9j\u00e0 eu des proc\u00e9dures devant la commission de discipline. On nous reprochait le fait que certains de nos supporters aient utilis\u00e9 des fumig\u00e8nes, ce qui, \u00e0 mon sens, fait partie du football. Quel que soit ce qui puisse se passer, nous serons pr\u00e9sents et nous ferons face. Nous sommes pr\u00eats, et c\u2019est le r\u00f4le d\u2019un dirigeant de g\u00e9rer ce genre de situation<\/em>\", a d\u00e9clar\u00e9 le pr\u00e9sident de la FSF \u00e0 l'arriv\u00e9e des Lions \u00e0 Dakar.<\/p>\n<div class='share-to-whatsapp-wrapper'><div class='share-on-whsp'>PARTAGER SUR : <\/div><a data-text='ABDOULAYE FALL PDT FSF - \"Quel que soit ce qui puisse se passer, nous ferons face\"' data-link='https:\/\/www.nettali.com\/2026\/01\/20\/abdoulaye-fall-pdt-fsf-quoi-quil-en-soit-nous-ferons-face\/' class='whatsapp-button whatsapp-share'>WhatsApp<\/a><div class='clear '><\/div><\/div>","protected":false},"excerpt":{"rendered":"<p>NETTALI.COM - Le pr\u00e9sident de la F\u00e9d\u00e9ration s\u00e9n\u00e9galaise de football, Abdoulaye Fall, s\u2019est exprim\u00e9 apr\u00e8s la finale de la CAN 2025, \u00e0 la suite de la protestation de l\u2019\u00e9quipe nationale s\u00e9n\u00e9galaise. Pour le patron du football s\u00e9n\u00e9galais, il n\u2019y a aucune inqui\u00e9tude \u00e0 avoir, et la F\u00e9d\u00e9ration reste sereine face \u00e0 toute proc\u00e9dure engag\u00e9e par [&hellip;]<\/p>\n","protected":false},"author":5,"featured_media":168275,"comment_status":"open","ping_status":"open","sticky":false,"template":"","format":"standard","meta":{"_et_pb_use_builder":"","_et_pb_old_content":""},"categories":[6],"tags":[],"yoast_head":"<!-- This site is optimized with the Yoast SEO Premium plugin v17.8 (Yoast SEO v17.8) - https:\/\/yoast.com\/wordpress\/plugins\/seo\/ -->\n<title>ABDOULAYE FALL PDT FSF - &quot;Quel que soit ce qui puisse se passer, nous ferons face&quot; | Nettali.com<\/title>\n<meta name=\"robots\" content=\"index, follow, max-snippet:-1, max-image-preview:large, max-video-preview:-1\" \/>\n<link rel=\"canonical\" href=\"https:\/\/www.nettali.com\/2026\/01\/20\/abdoulaye-fall-pdt-fsf-quoi-quil-en-soit-nous-ferons-face\/\" \/>\n<meta property=\"og:locale\" content=\"fr_FR\" \/>\n<meta property=\"og:type\" content=\"article\" \/>\n<meta property=\"og:title\" content=\"ABDOULAYE FALL PDT FSF - &quot;Quel que soit ce qui puisse se passer, nous ferons face&quot;\" \/>\n<meta property=\"og:description\" content=\"NETTALI.COM - Le pr\u00e9sident de la F\u00e9d\u00e9ration s\u00e9n\u00e9galaise de football, Abdoulaye Fall, s\u2019est exprim\u00e9 apr\u00e8s la finale de la CAN 2025, \u00e0 la suite de la protestation de l\u2019\u00e9quipe nationale s\u00e9n\u00e9galaise. Pour le patron du football s\u00e9n\u00e9galais, il n\u2019y a aucune inqui\u00e9tude \u00e0 avoir, et la F\u00e9d\u00e9ration reste sereine face \u00e0 toute proc\u00e9dure engag\u00e9e par [&hellip;]\" \/>\n<meta property=\"og:url\" content=\"https:\/\/www.nettali.com\/2026\/01\/20\/abdoulaye-fall-pdt-fsf-quoi-quil-en-soit-nous-ferons-face\/\" \/>\n<meta property=\"og:site_name\" content=\"Nettali.com\" \/>\n<meta property=\"article:publisher\" content=\"https:\/\/www.facebook.com\/nettalicom\" \/>\n<meta property=\"article:published_time\" content=\"2026-01-20T17:45:44+00:00\" \/>\n<meta property=\"article:modified_time\" content=\"2026-01-22T07:42:37+00:00\" \/>\n<meta property=\"og:image\" content=\"https:\/\/www.nettali.com\/wp-content\/uploads\/2026\/01\/00671087_33f981f9d5a9d81d9d0b70269d425479_arc614x376_w1200.jpg\" \/>\n\t<meta property=\"og:image:width\" content=\"1200\" \/>\n\t<meta property=\"og:image:height\" content=\"735\" \/>\n<meta name=\"twitter:card\" content=\"summary_large_image\" \/>\n<meta name=\"twitter:label1\" content=\"\u00c9crit par\" \/>\n\t<meta name=\"twitter:data1\" content=\"Ibrahima\" \/>\n\t<meta name=\"twitter:label2\" content=\"Dur\u00e9e de lecture estim\u00e9e\" \/>\n\t<meta name=\"twitter:data2\" content=\"2 minutes\" \/>\n<script type=\"application\/ld+json\" class=\"yoast-schema-graph\">{\"@context\":\"https:\/\/schema.org\",\"@graph\":[{\"@type\":\"WebSite\",\"@id\":\"https:\/\/www.nettali.com\/#website\",\"url\":\"https:\/\/www.nettali.com\/\",\"name\":\"Nettali.com\",\"description\":\"Le rendez-vous critique du Net\",\"potentialAction\":[{\"@type\":\"SearchAction\",\"target\":{\"@type\":\"EntryPoint\",\"urlTemplate\":\"https:\/\/www.nettali.com\/?s={search_term_string}\"},\"query-input\":\"required name=search_term_string\"}],\"inLanguage\":\"fr-FR\"},{\"@type\":\"ImageObject\",\"@id\":\"https:\/\/www.nettali.com\/2026\/01\/20\/abdoulaye-fall-pdt-fsf-quoi-quil-en-soit-nous-ferons-face\/#primaryimage\",\"inLanguage\":\"fr-FR\",\"url\":\"https:\/\/www.nettali.com\/wp-content\/uploads\/2026\/01\/00671087_33f981f9d5a9d81d9d0b70269d425479_arc614x376_w1200.jpg\",\"contentUrl\":\"https:\/\/www.nettali.com\/wp-content\/uploads\/2026\/01\/00671087_33f981f9d5a9d81d9d0b70269d425479_arc614x376_w1200.jpg\",\"width\":1200,\"height\":735},{\"@type\":\"WebPage\",\"@id\":\"https:\/\/www.nettali.com\/2026\/01\/20\/abdoulaye-fall-pdt-fsf-quoi-quil-en-soit-nous-ferons-face\/#webpage\",\"url\":\"https:\/\/www.nettali.com\/2026\/01\/20\/abdoulaye-fall-pdt-fsf-quoi-quil-en-soit-nous-ferons-face\/\",\"name\":\"ABDOULAYE FALL PDT FSF - \\\"Quel que soit ce qui puisse se passer, nous ferons face\\\" | Nettali.com\",\"isPartOf\":{\"@id\":\"https:\/\/www.nettali.com\/#website\"},\"primaryImageOfPage\":{\"@id\":\"https:\/\/www.nettali.com\/2026\/01\/20\/abdoulaye-fall-pdt-fsf-quoi-quil-en-soit-nous-ferons-face\/#primaryimage\"},\"datePublished\":\"2026-01-20T17:45:44+00:00\",\"dateModified\":\"2026-01-22T07:42:37+00:00\",\"author\":{\"@id\":\"https:\/\/www.nettali.com\/#\/schema\/person\/bb147657c2986240405a608162b9bb23\"},\"breadcrumb\":{\"@id\":\"https:\/\/www.nettali.com\/2026\/01\/20\/abdoulaye-fall-pdt-fsf-quoi-quil-en-soit-nous-ferons-face\/#breadcrumb\"},\"inLanguage\":\"fr-FR\",\"potentialAction\":[{\"@type\":\"ReadAction\",\"target\":[\"https:\/\/www.nettali.com\/2026\/01\/20\/abdoulaye-fall-pdt-fsf-quoi-quil-en-soit-nous-ferons-face\/\"]}]},{\"@type\":\"BreadcrumbList\",\"@id\":\"https:\/\/www.nettali.com\/2026\/01\/20\/abdoulaye-fall-pdt-fsf-quoi-quil-en-soit-nous-ferons-face\/#breadcrumb\",\"itemListElement\":[{\"@type\":\"ListItem\",\"position\":1,\"name\":\"Accueil\",\"item\":\"https:\/\/www.nettali.com\/\"},{\"@type\":\"ListItem\",\"position\":2,\"name\":\"ABDOULAYE FALL PDT FSF - \\\"Quel que soit ce qui puisse se passer, nous ferons face\\\"\"}]},{\"@type\":\"Person\",\"@id\":\"https:\/\/www.nettali.com\/#\/schema\/person\/bb147657c2986240405a608162b9bb23\",\"name\":\"Ibrahima\",\"image\":{\"@type\":\"ImageObject\",\"@id\":\"https:\/\/www.nettali.com\/#personlogo\",\"inLanguage\":\"fr-FR\",\"url\":\"https:\/\/secure.gravatar.com\/avatar\/26a8a81f09f0dd7624c9d5c36c9ba3a2?s=96&d=mm&r=g\",\"contentUrl\":\"https:\/\/secure.gravatar.com\/avatar\/26a8a81f09f0dd7624c9d5c36c9ba3a2?s=96&d=mm&r=g\",\"caption\":\"Ibrahima\"},\"sameAs\":[\"https:\/\/www.nettali.com\"]}]}<\/script>\n<!-- \/ Yoast SEO Premium plugin. -->","yoast_head_json":{"title":"ABDOULAYE FALL PDT FSF - \"Quel que soit ce qui puisse se passer, nous ferons face\" | Nettali.com","robots":{"index":"index","follow":"follow","max-snippet":"max-snippet:-1","max-image-preview":"max-image-preview:large","max-video-preview":"max-video-preview:-1"},"canonical":"https:\/\/www.nettali.com\/2026\/01\/20\/abdoulaye-fall-pdt-fsf-quoi-quil-en-soit-nous-ferons-face\/","og_locale":"fr_FR","og_type":"article","og_title":"ABDOULAYE FALL PDT FSF - \"Quel que soit ce qui puisse se passer, nous ferons face\"","og_description":"NETTALI.COM - Le pr\u00e9sident de la F\u00e9d\u00e9ration s\u00e9n\u00e9galaise de football, Abdoulaye Fall, s\u2019est exprim\u00e9 apr\u00e8s la finale de la CAN 2025, \u00e0 la suite de la protestation de l\u2019\u00e9quipe nationale s\u00e9n\u00e9galaise. Pour le patron du football s\u00e9n\u00e9galais, il n\u2019y a aucune inqui\u00e9tude \u00e0 avoir, et la F\u00e9d\u00e9ration reste sereine face \u00e0 toute proc\u00e9dure engag\u00e9e par [&hellip;]","og_url":"https:\/\/www.nettali.com\/2026\/01\/20\/abdoulaye-fall-pdt-fsf-quoi-quil-en-soit-nous-ferons-face\/","og_site_name":"Nettali.com","article_publisher":"https:\/\/www.facebook.com\/nettalicom","article_published_time":"2026-01-20T17:45:44+00:00","article_modified_time":"2026-01-22T07:42:37+00:00","og_image":[{"width":1200,"height":735,"url":"https:\/\/www.nettali.com\/wp-content\/uploads\/2026\/01\/00671087_33f981f9d5a9d81d9d0b70269d425479_arc614x376_w1200.jpg","type":"image\/jpeg"}],"twitter_card":"summary_large_image","twitter_misc":{"\u00c9crit par":"Ibrahima","Dur\u00e9e de lecture estim\u00e9e":"2 minutes"},"schema":{"@context":"https:\/\/schema.org","@graph":[{"@type":"WebSite","@id":"https:\/\/www.nettali.com\/#website","url":"https:\/\/www.nettali.com\/","name":"Nettali.com","description":"Le rendez-vous critique du Net","potentialAction":[{"@type":"SearchAction","target":{"@type":"EntryPoint","urlTemplate":"https:\/\/www.nettali.com\/?s={search_term_string}"},"query-input":"required name=search_term_string"}],"inLanguage":"fr-FR"},{"@type":"ImageObject","@id":"https:\/\/www.nettali.com\/2026\/01\/20\/abdoulaye-fall-pdt-fsf-quoi-quil-en-soit-nous-ferons-face\/#primaryimage","inLanguage":"fr-FR","url":"https:\/\/www.nettali.com\/wp-content\/uploads\/2026\/01\/00671087_33f981f9d5a9d81d9d0b70269d425479_arc614x376_w1200.jpg","contentUrl":"https:\/\/www.nettali.com\/wp-content\/uploads\/2026\/01\/00671087_33f981f9d5a9d81d9d0b70269d425479_arc614x376_w1200.jpg","width":1200,"height":735},{"@type":"WebPage","@id":"https:\/\/www.nettali.com\/2026\/01\/20\/abdoulaye-fall-pdt-fsf-quoi-quil-en-soit-nous-ferons-face\/#webpage","url":"https:\/\/www.nettali.com\/2026\/01\/20\/abdoulaye-fall-pdt-fsf-quoi-quil-en-soit-nous-ferons-face\/","name":"ABDOULAYE FALL PDT FSF - \"Quel que soit ce qui puisse se passer, nous ferons face\" | Nettali.com","isPartOf":{"@id":"https:\/\/www.nettali.com\/#website"},"primaryImageOfPage":{"@id":"https:\/\/www.nettali.com\/2026\/01\/20\/abdoulaye-fall-pdt-fsf-quoi-quil-en-soit-nous-ferons-face\/#primaryimage"},"datePublished":"2026-01-20T17:45:44+00:00","dateModified":"2026-01-22T07:42:37+00:00","author":{"@id":"https:\/\/www.nettali.com\/#\/schema\/person\/bb147657c2986240405a608162b9bb23"},"breadcrumb":{"@id":"https:\/\/www.nettali.com\/2026\/01\/20\/abdoulaye-fall-pdt-fsf-quoi-quil-en-soit-nous-ferons-face\/#breadcrumb"},"inLanguage":"fr-FR","potentialAction":[{"@type":"ReadAction","target":["https:\/\/www.nettali.com\/2026\/01\/20\/abdoulaye-fall-pdt-fsf-quoi-quil-en-soit-nous-ferons-face\/"]}]},{"@type":"BreadcrumbList","@id":"https:\/\/www.nettali.com\/2026\/01\/20\/abdoulaye-fall-pdt-fsf-quoi-quil-en-soit-nous-ferons-face\/#breadcrumb","itemListElement":[{"@type":"ListItem","position":1,"name":"Accueil","item":"https:\/\/www.nettali.com\/"},{"@type":"ListItem","position":2,"name":"ABDOULAYE FALL PDT FSF - \"Quel que soit ce qui puisse se passer, nous ferons face\""}]},{"@type":"Person","@id":"https:\/\/www.nettali.com\/#\/schema\/person\/bb147657c2986240405a608162b9bb23","name":"Ibrahima","image":{"@type":"ImageObject","@id":"https:\/\/www.nettali.com\/#personlogo","inLanguage":"fr-FR","url":"https:\/\/secure.gravatar.com\/avatar\/26a8a81f09f0dd7624c9d5c36c9ba3a2?s=96&d=mm&r=g","contentUrl":"https:\/\/secure.gravatar.com\/avatar\/26a8a81f09f0dd7624c9d5c36c9ba3a2?s=96&d=mm&r=g","caption":"Ibrahima"},"sameAs":["https:\/\/www.nettali.com"]}]}},"_links":{"self":[{"href":"https:\/\/www.nettali.com\/rest\/wp\/v2\/posts\/168272"}],"collection":[{"href":"https:\/\/www.nettali.com\/rest\/wp\/v2\/posts"}],"about":[{"href":"https:\/\/www.nettali.com\/rest\/wp\/v2\/types\/post"}],"author":[{"embeddable":true,"href":"https:\/\/www.nettali.com\/rest\/wp\/v2\/users\/5"}],"replies":[{"embeddable":true,"href":"https:\/\/www.nettali.com\/rest\/wp\/v2\/comments?post=168272"}],"version-history":[{"count":4,"href":"https:\/\/www.nettali.com\/rest\/wp\/v2\/posts\/168272\/revisions"}],"predecessor-version":[{"id":168297,"href":"https:\/\/www.nettali.com\/rest\/wp\/v2\/posts\/168272\/revisions\/168297"}],"wp:featuredmedia":[{"embeddable":true,"href":"https:\/\/www.nettali.com\/rest\/wp\/v2\/media\/168275"}],"wp:attachment":[{"href":"https:\/\/www.nettali.com\/rest\/wp\/v2\/media?parent=168272"}],"wp:term":[{"taxonomy":"category","embeddable":true,"href":"https:\/\/www.nettali.com\/rest\/wp\/v2\/categories?post=168272"},{"taxonomy":"post_tag","embeddable":true,"href":"https:\/\/www.nettali.com\/rest\/wp\/v2\/tags?post=168272"}],"curies":[{"name":"wp","href":"https:\/\/api.w.org\/{rel}","templated":true}]}}