{"id":168265,"date":"2026-01-20T13:44:18","date_gmt":"2026-01-20T13:44:18","guid":{"rendered":"https:\/\/www.nettali.com\/?p=168265"},"modified":"2026-01-20T13:44:18","modified_gmt":"2026-01-20T13:44:18","slug":"brahim-diaz-jai-echoue-jen-assume-lentiere-responsabilite-et-je-mexcuse","status":"publish","type":"post","link":"https:\/\/www.nettali.com\/2026\/01\/20\/brahim-diaz-jai-echoue-jen-assume-lentiere-responsabilite-et-je-mexcuse\/","title":{"rendered":"BRAHIM DIAZ - \"J'ai \u00e9chou\u00e9, j\u2019en assume l\u2019enti\u00e8re responsabilit\u00e9 et je m\u2019excuse\""},"content":{"rendered":"<p><strong>NETTALI.COM - Point\u00e9 du doigt pour avoir tent\u00e9 et rat\u00e9 une panenka lors du penalty d\u00e9cisif face au S\u00e9n\u00e9gal, Brahim Diaz \u00e9tait au fond du trou. Le joueur du Real Madrid a pris la parole via ses r\u00e9seaux sociaux pour tout simplement pr\u00e9senter ses excuses au peuple marocain.<\/strong><\/p>\n<p>Pour sa premi\u00e8re grande comp\u00e9tition avec le Maroc, Brahim Diaz r\u00e9alisait un sans-faute. Le joueur de 26 ans a \u00e9t\u00e9 l\u2019un des grands artisans de la qualification des Lions de l\u2019Atlas pour la finale de la CAN 2025. Meilleur buteur du tournoi, le Merengue avait l\u2019opportunit\u00e9 de devenir le h\u00e9ros de tout un pays. Et puis patatras. Apr\u00e8s avoir provoqu\u00e9 un penalty g\u00e9n\u00e9reux qui a rendu fous les S\u00e9n\u00e9galais, le joueur du Real Madrid avait la balle de match dans les pieds. Un penalty controvers\u00e9, mais qui \u00e9tait une occasion en or massif pour le Maroc de mettre un terme \u00e0 une disette de 50 ans.<\/p>\n<p>Malheureusement pour Diaz, sa d\u00e9cision de tenter une panenka s\u2019est transform\u00e9e en cauchemar. Rest\u00e9 sur ses appuis, \u00c9douard Mendy a facilement capt\u00e9 sa tentative. La suite, on la conna\u00eet. Recadr\u00e9 et sorti par Walid Regragui d\u00e8s le d\u00e9but des prolongations, Brahim Diaz a suivi le sacre des Lions de la T\u00e9ranga avec tristesse, avant de voir le peuple marocain lui tomber dessus. Il a fallu plusieurs heures au principal concern\u00e9 pour pendre la parole.<\/p>\n<p>\"<em>J\u2019ai mal au c\u0153ur. J\u2019ai r\u00eav\u00e9 de ce titre gr\u00e2ce \u00e0 tout l\u2019amour que vous m\u2019avez donn\u00e9, \u00e0 chaque message, \u00e0 chaque marque de soutien qui m\u2019a fait sentir que je n\u2019\u00e9tais pas seul. Je me suis battu de toutes mes forces, avec mon c\u0153ur avant tout. J'ai \u00e9chou\u00e9 et j\u2019en assume l\u2019enti\u00e8re responsabilit\u00e9 et je m\u2019excuse de tout c\u0153ur. Il me sera difficile de m\u2019en remettre, car cette blessure ne gu\u00e9rit pas facilement, mais j\u2019essaierai. Pas pour moi, mais pour tous ceux qui ont cru en moi et pour tous ceux qui ont souffert avec moi. Je continuerai jusqu\u2019\u00e0 ce qu\u2019un jour je puisse vous rendre tout cet amour et \u00eatre la fiert\u00e9 de mon peuple marocain<\/em>\", a-t-il post\u00e9 sur son compte Instagram.<\/p>\n<div class='share-to-whatsapp-wrapper'><div class='share-on-whsp'>PARTAGER SUR : <\/div><a data-text='BRAHIM DIAZ - \"J'ai \u00e9chou\u00e9, j\u2019en assume l\u2019enti\u00e8re responsabilit\u00e9 et je m\u2019excuse\"' data-link='https:\/\/www.nettali.com\/2026\/01\/20\/brahim-diaz-jai-echoue-jen-assume-lentiere-responsabilite-et-je-mexcuse\/' class='whatsapp-button whatsapp-share'>WhatsApp<\/a><div class='clear '><\/div><\/div>","protected":false},"excerpt":{"rendered":"<p>NETTALI.COM - Point\u00e9 du doigt pour avoir tent\u00e9 et rat\u00e9 une panenka lors du penalty d\u00e9cisif face au S\u00e9n\u00e9gal, Brahim Diaz \u00e9tait au fond du trou. Le joueur du Real Madrid a pris la parole via ses r\u00e9seaux sociaux pour tout simplement pr\u00e9senter ses excuses au peuple marocain. Pour sa premi\u00e8re grande comp\u00e9tition avec le [&hellip;]<\/p>\n","protected":false},"author":5,"featured_media":168259,"comment_status":"open","ping_status":"open","sticky":false,"template":"","format":"standard","meta":{"_et_pb_use_builder":"","_et_pb_old_content":""},"categories":[6],"tags":[],"yoast_head":"<!-- This site is optimized with the Yoast SEO Premium plugin v17.8 (Yoast SEO v17.8) - https:\/\/yoast.com\/wordpress\/plugins\/seo\/ -->\n<title>BRAHIM DIAZ - &quot;J&#039;ai \u00e9chou\u00e9, j\u2019en assume l\u2019enti\u00e8re responsabilit\u00e9 et je m\u2019excuse&quot; | Nettali.com<\/title>\n<meta name=\"robots\" content=\"index, follow, max-snippet:-1, max-image-preview:large, max-video-preview:-1\" \/>\n<link rel=\"canonical\" href=\"https:\/\/www.nettali.com\/2026\/01\/20\/brahim-diaz-jai-echoue-jen-assume-lentiere-responsabilite-et-je-mexcuse\/\" \/>\n<meta property=\"og:locale\" content=\"fr_FR\" \/>\n<meta property=\"og:type\" content=\"article\" \/>\n<meta property=\"og:title\" content=\"BRAHIM DIAZ - &quot;J&#039;ai \u00e9chou\u00e9, j\u2019en assume l\u2019enti\u00e8re responsabilit\u00e9 et je m\u2019excuse&quot;\" \/>\n<meta property=\"og:description\" content=\"NETTALI.COM - Point\u00e9 du doigt pour avoir tent\u00e9 et rat\u00e9 une panenka lors du penalty d\u00e9cisif face au S\u00e9n\u00e9gal, Brahim Diaz \u00e9tait au fond du trou. Le joueur du Real Madrid a pris la parole via ses r\u00e9seaux sociaux pour tout simplement pr\u00e9senter ses excuses au peuple marocain. Pour sa premi\u00e8re grande comp\u00e9tition avec le [&hellip;]\" \/>\n<meta property=\"og:url\" content=\"https:\/\/www.nettali.com\/2026\/01\/20\/brahim-diaz-jai-echoue-jen-assume-lentiere-responsabilite-et-je-mexcuse\/\" \/>\n<meta property=\"og:site_name\" content=\"Nettali.com\" \/>\n<meta property=\"article:publisher\" content=\"https:\/\/www.facebook.com\/nettalicom\" \/>\n<meta property=\"article:published_time\" content=\"2026-01-20T13:44:18+00:00\" \/>\n<meta property=\"og:image\" content=\"https:\/\/www.nettali.com\/wp-content\/uploads\/2026\/01\/brahim-diaz-edouard-mendy-2526.jpg\" \/>\n\t<meta property=\"og:image:width\" content=\"642\" \/>\n\t<meta property=\"og:image:height\" content=\"375\" \/>\n<meta name=\"twitter:card\" content=\"summary_large_image\" \/>\n<meta name=\"twitter:label1\" content=\"\u00c9crit par\" \/>\n\t<meta name=\"twitter:data1\" content=\"Ibrahima\" \/>\n\t<meta name=\"twitter:label2\" content=\"Dur\u00e9e de lecture estim\u00e9e\" \/>\n\t<meta name=\"twitter:data2\" content=\"2 minutes\" \/>\n<script type=\"application\/ld+json\" class=\"yoast-schema-graph\">{\"@context\":\"https:\/\/schema.org\",\"@graph\":[{\"@type\":\"WebSite\",\"@id\":\"https:\/\/www.nettali.com\/#website\",\"url\":\"https:\/\/www.nettali.com\/\",\"name\":\"Nettali.com\",\"description\":\"Le rendez-vous critique du Net\",\"potentialAction\":[{\"@type\":\"SearchAction\",\"target\":{\"@type\":\"EntryPoint\",\"urlTemplate\":\"https:\/\/www.nettali.com\/?s={search_term_string}\"},\"query-input\":\"required name=search_term_string\"}],\"inLanguage\":\"fr-FR\"},{\"@type\":\"ImageObject\",\"@id\":\"https:\/\/www.nettali.com\/2026\/01\/20\/brahim-diaz-jai-echoue-jen-assume-lentiere-responsabilite-et-je-mexcuse\/#primaryimage\",\"inLanguage\":\"fr-FR\",\"url\":\"https:\/\/www.nettali.com\/wp-content\/uploads\/2026\/01\/brahim-diaz-edouard-mendy-2526.jpg\",\"contentUrl\":\"https:\/\/www.nettali.com\/wp-content\/uploads\/2026\/01\/brahim-diaz-edouard-mendy-2526.jpg\",\"width\":642,\"height\":375},{\"@type\":\"WebPage\",\"@id\":\"https:\/\/www.nettali.com\/2026\/01\/20\/brahim-diaz-jai-echoue-jen-assume-lentiere-responsabilite-et-je-mexcuse\/#webpage\",\"url\":\"https:\/\/www.nettali.com\/2026\/01\/20\/brahim-diaz-jai-echoue-jen-assume-lentiere-responsabilite-et-je-mexcuse\/\",\"name\":\"BRAHIM DIAZ - \\\"J'ai \\u00e9chou\\u00e9, j\\u2019en assume l\\u2019enti\\u00e8re responsabilit\\u00e9 et je m\\u2019excuse\\\" | Nettali.com\",\"isPartOf\":{\"@id\":\"https:\/\/www.nettali.com\/#website\"},\"primaryImageOfPage\":{\"@id\":\"https:\/\/www.nettali.com\/2026\/01\/20\/brahim-diaz-jai-echoue-jen-assume-lentiere-responsabilite-et-je-mexcuse\/#primaryimage\"},\"datePublished\":\"2026-01-20T13:44:18+00:00\",\"dateModified\":\"2026-01-20T13:44:18+00:00\",\"author\":{\"@id\":\"https:\/\/www.nettali.com\/#\/schema\/person\/bb147657c2986240405a608162b9bb23\"},\"breadcrumb\":{\"@id\":\"https:\/\/www.nettali.com\/2026\/01\/20\/brahim-diaz-jai-echoue-jen-assume-lentiere-responsabilite-et-je-mexcuse\/#breadcrumb\"},\"inLanguage\":\"fr-FR\",\"potentialAction\":[{\"@type\":\"ReadAction\",\"target\":[\"https:\/\/www.nettali.com\/2026\/01\/20\/brahim-diaz-jai-echoue-jen-assume-lentiere-responsabilite-et-je-mexcuse\/\"]}]},{\"@type\":\"BreadcrumbList\",\"@id\":\"https:\/\/www.nettali.com\/2026\/01\/20\/brahim-diaz-jai-echoue-jen-assume-lentiere-responsabilite-et-je-mexcuse\/#breadcrumb\",\"itemListElement\":[{\"@type\":\"ListItem\",\"position\":1,\"name\":\"Accueil\",\"item\":\"https:\/\/www.nettali.com\/\"},{\"@type\":\"ListItem\",\"position\":2,\"name\":\"BRAHIM DIAZ - \\\"J'ai \\u00e9chou\\u00e9, j\\u2019en assume l\\u2019enti\\u00e8re responsabilit\\u00e9 et je m\\u2019excuse\\\"\"}]},{\"@type\":\"Person\",\"@id\":\"https:\/\/www.nettali.com\/#\/schema\/person\/bb147657c2986240405a608162b9bb23\",\"name\":\"Ibrahima\",\"image\":{\"@type\":\"ImageObject\",\"@id\":\"https:\/\/www.nettali.com\/#personlogo\",\"inLanguage\":\"fr-FR\",\"url\":\"https:\/\/secure.gravatar.com\/avatar\/26a8a81f09f0dd7624c9d5c36c9ba3a2?s=96&d=mm&r=g\",\"contentUrl\":\"https:\/\/secure.gravatar.com\/avatar\/26a8a81f09f0dd7624c9d5c36c9ba3a2?s=96&d=mm&r=g\",\"caption\":\"Ibrahima\"},\"sameAs\":[\"https:\/\/www.nettali.com\"]}]}<\/script>\n<!-- \/ Yoast SEO Premium plugin. -->","yoast_head_json":{"title":"BRAHIM DIAZ - \"J'ai \u00e9chou\u00e9, j\u2019en assume l\u2019enti\u00e8re responsabilit\u00e9 et je m\u2019excuse\" | Nettali.com","robots":{"index":"index","follow":"follow","max-snippet":"max-snippet:-1","max-image-preview":"max-image-preview:large","max-video-preview":"max-video-preview:-1"},"canonical":"https:\/\/www.nettali.com\/2026\/01\/20\/brahim-diaz-jai-echoue-jen-assume-lentiere-responsabilite-et-je-mexcuse\/","og_locale":"fr_FR","og_type":"article","og_title":"BRAHIM DIAZ - \"J'ai \u00e9chou\u00e9, j\u2019en assume l\u2019enti\u00e8re responsabilit\u00e9 et je m\u2019excuse\"","og_description":"NETTALI.COM - Point\u00e9 du doigt pour avoir tent\u00e9 et rat\u00e9 une panenka lors du penalty d\u00e9cisif face au S\u00e9n\u00e9gal, Brahim Diaz \u00e9tait au fond du trou. Le joueur du Real Madrid a pris la parole via ses r\u00e9seaux sociaux pour tout simplement pr\u00e9senter ses excuses au peuple marocain. Pour sa premi\u00e8re grande comp\u00e9tition avec le [&hellip;]","og_url":"https:\/\/www.nettali.com\/2026\/01\/20\/brahim-diaz-jai-echoue-jen-assume-lentiere-responsabilite-et-je-mexcuse\/","og_site_name":"Nettali.com","article_publisher":"https:\/\/www.facebook.com\/nettalicom","article_published_time":"2026-01-20T13:44:18+00:00","og_image":[{"width":642,"height":375,"url":"https:\/\/www.nettali.com\/wp-content\/uploads\/2026\/01\/brahim-diaz-edouard-mendy-2526.jpg","type":"image\/jpeg"}],"twitter_card":"summary_large_image","twitter_misc":{"\u00c9crit par":"Ibrahima","Dur\u00e9e de lecture estim\u00e9e":"2 minutes"},"schema":{"@context":"https:\/\/schema.org","@graph":[{"@type":"WebSite","@id":"https:\/\/www.nettali.com\/#website","url":"https:\/\/www.nettali.com\/","name":"Nettali.com","description":"Le rendez-vous critique du Net","potentialAction":[{"@type":"SearchAction","target":{"@type":"EntryPoint","urlTemplate":"https:\/\/www.nettali.com\/?s={search_term_string}"},"query-input":"required name=search_term_string"}],"inLanguage":"fr-FR"},{"@type":"ImageObject","@id":"https:\/\/www.nettali.com\/2026\/01\/20\/brahim-diaz-jai-echoue-jen-assume-lentiere-responsabilite-et-je-mexcuse\/#primaryimage","inLanguage":"fr-FR","url":"https:\/\/www.nettali.com\/wp-content\/uploads\/2026\/01\/brahim-diaz-edouard-mendy-2526.jpg","contentUrl":"https:\/\/www.nettali.com\/wp-content\/uploads\/2026\/01\/brahim-diaz-edouard-mendy-2526.jpg","width":642,"height":375},{"@type":"WebPage","@id":"https:\/\/www.nettali.com\/2026\/01\/20\/brahim-diaz-jai-echoue-jen-assume-lentiere-responsabilite-et-je-mexcuse\/#webpage","url":"https:\/\/www.nettali.com\/2026\/01\/20\/brahim-diaz-jai-echoue-jen-assume-lentiere-responsabilite-et-je-mexcuse\/","name":"BRAHIM DIAZ - \"J'ai \u00e9chou\u00e9, j\u2019en assume l\u2019enti\u00e8re responsabilit\u00e9 et je m\u2019excuse\" | Nettali.com","isPartOf":{"@id":"https:\/\/www.nettali.com\/#website"},"primaryImageOfPage":{"@id":"https:\/\/www.nettali.com\/2026\/01\/20\/brahim-diaz-jai-echoue-jen-assume-lentiere-responsabilite-et-je-mexcuse\/#primaryimage"},"datePublished":"2026-01-20T13:44:18+00:00","dateModified":"2026-01-20T13:44:18+00:00","author":{"@id":"https:\/\/www.nettali.com\/#\/schema\/person\/bb147657c2986240405a608162b9bb23"},"breadcrumb":{"@id":"https:\/\/www.nettali.com\/2026\/01\/20\/brahim-diaz-jai-echoue-jen-assume-lentiere-responsabilite-et-je-mexcuse\/#breadcrumb"},"inLanguage":"fr-FR","potentialAction":[{"@type":"ReadAction","target":["https:\/\/www.nettali.com\/2026\/01\/20\/brahim-diaz-jai-echoue-jen-assume-lentiere-responsabilite-et-je-mexcuse\/"]}]},{"@type":"BreadcrumbList","@id":"https:\/\/www.nettali.com\/2026\/01\/20\/brahim-diaz-jai-echoue-jen-assume-lentiere-responsabilite-et-je-mexcuse\/#breadcrumb","itemListElement":[{"@type":"ListItem","position":1,"name":"Accueil","item":"https:\/\/www.nettali.com\/"},{"@type":"ListItem","position":2,"name":"BRAHIM DIAZ - \"J'ai \u00e9chou\u00e9, j\u2019en assume l\u2019enti\u00e8re responsabilit\u00e9 et je m\u2019excuse\""}]},{"@type":"Person","@id":"https:\/\/www.nettali.com\/#\/schema\/person\/bb147657c2986240405a608162b9bb23","name":"Ibrahima","image":{"@type":"ImageObject","@id":"https:\/\/www.nettali.com\/#personlogo","inLanguage":"fr-FR","url":"https:\/\/secure.gravatar.com\/avatar\/26a8a81f09f0dd7624c9d5c36c9ba3a2?s=96&d=mm&r=g","contentUrl":"https:\/\/secure.gravatar.com\/avatar\/26a8a81f09f0dd7624c9d5c36c9ba3a2?s=96&d=mm&r=g","caption":"Ibrahima"},"sameAs":["https:\/\/www.nettali.com"]}]}},"_links":{"self":[{"href":"https:\/\/www.nettali.com\/rest\/wp\/v2\/posts\/168265"}],"collection":[{"href":"https:\/\/www.nettali.com\/rest\/wp\/v2\/posts"}],"about":[{"href":"https:\/\/www.nettali.com\/rest\/wp\/v2\/types\/post"}],"author":[{"embeddable":true,"href":"https:\/\/www.nettali.com\/rest\/wp\/v2\/users\/5"}],"replies":[{"embeddable":true,"href":"https:\/\/www.nettali.com\/rest\/wp\/v2\/comments?post=168265"}],"version-history":[{"count":1,"href":"https:\/\/www.nettali.com\/rest\/wp\/v2\/posts\/168265\/revisions"}],"predecessor-version":[{"id":168266,"href":"https:\/\/www.nettali.com\/rest\/wp\/v2\/posts\/168265\/revisions\/168266"}],"wp:featuredmedia":[{"embeddable":true,"href":"https:\/\/www.nettali.com\/rest\/wp\/v2\/media\/168259"}],"wp:attachment":[{"href":"https:\/\/www.nettali.com\/rest\/wp\/v2\/media?parent=168265"}],"wp:term":[{"taxonomy":"category","embeddable":true,"href":"https:\/\/www.nettali.com\/rest\/wp\/v2\/categories?post=168265"},{"taxonomy":"post_tag","embeddable":true,"href":"https:\/\/www.nettali.com\/rest\/wp\/v2\/tags?post=168265"}],"curies":[{"name":"wp","href":"https:\/\/api.w.org\/{rel}","templated":true}]}}