{"id":168251,"date":"2026-01-20T19:18:01","date_gmt":"2026-01-20T19:18:01","guid":{"rendered":"https:\/\/www.nettali.com\/?p=168251"},"modified":"2026-01-20T20:33:18","modified_gmt":"2026-01-20T20:33:18","slug":"administration-penitentiaire-les-directeurs-de-4-prisons-dont-celui-du-pavillon-special-mutes","status":"publish","type":"post","link":"https:\/\/www.nettali.com\/2026\/01\/20\/administration-penitentiaire-les-directeurs-de-4-prisons-dont-celui-du-pavillon-special-mutes\/","title":{"rendered":"ADMINISTRATION P\u00c9NITENTIAIRE - Les Directeurs de 4 prisons, dont celui du Pavillon sp\u00e9cial, mut\u00e9s"},"content":{"rendered":"<p data-start=\"102\" data-end=\"199\"><strong>NETTALI.COM - La Direction g\u00e9n\u00e9rale de l\u2019Administration p\u00e9nitentiaire a proc\u00e9d\u00e9 \u00e0 un l\u00e9ger r\u00e9am\u00e9nagement touchant quatre \u00e9tablissements p\u00e9nitentiaires du pays. Les d\u00e9cisions sont contenues dans un avis de mutation en date du 14 janvier 2026, sign\u00e9 par Aliou Ciss, Inspecteur et Directeur g\u00e9n\u00e9ral de l\u2019Administration p\u00e9nitentiaire, sous l\u2019autorit\u00e9 du minist\u00e8re de la Justice.<\/strong><\/p>\n<p data-start=\"608\" data-end=\"763\">Au total, quatre contr\u00f4leurs de l\u2019Administration p\u00e9nitentiaire ont \u00e9t\u00e9 nomm\u00e9s ou red\u00e9ploy\u00e9s \u00e0 de nouvelles fonctions pour \u00ab n\u00e9cessit\u00e9 de service \u00bb.<\/p>\n<p data-start=\"765\" data-end=\"1055\">Ainsi, Papa Modou Diouf, contr\u00f4leur de 2\u1d49 classe, 2\u1d49 \u00e9chelon, pr\u00e9c\u00e9demment en service \u00e0 la Direction des Ressources humaines, est nomm\u00e9 Directeur de la Maison d\u2019Arr\u00eat et de Correction (MAC) du Pavillon sp\u00e9cial. Il remplace \u00e0 ce poste Demba Sarr, appel\u00e9 \u00e0 d\u2019autres fonctions.<\/p>\n<p data-start=\"1057\" data-end=\"1310\">De son c\u00f4t\u00e9, Cheikh Issa Ndiaye, contr\u00f4leur de 3\u1d49 classe, 2\u1d49 \u00e9chelon, jusque-l\u00e0 Directeur de la MAC de Nioro, est nomm\u00e9 Directeur de la MAC de Gossas, en remplacement de Ibrahima Kalilou Diallo, \u00e9galement appel\u00e9 \u00e0 d\u2019autres fonctions.<\/p>\n<p data-start=\"1312\" data-end=\"1557\">Ancien Directeur de la MAC de Gossas, Ibrahima Kalilou Diallo, contr\u00f4leur de 3\u1d49 classe, 1er \u00e9chelon, est nomm\u00e9 officier adjoint \u00e0 la Direction r\u00e9gionale de l\u2019Administration p\u00e9nitentiaire de Ziguinchor, o\u00f9 il occupera un poste vacant.<\/p>\n<p data-start=\"1559\" data-end=\"1803\">Enfin, Demba Sarr, contr\u00f4leur de 3\u1d49 classe, 1er \u00e9chelon, pr\u00e9c\u00e9demment Directeur de la MAC du Pavillon sp\u00e9cial, est nomm\u00e9 Directeur de la Maison d\u2019Arr\u00eat et de Correction de Nioro, en remplacement de Cheikh Issa Ndiaye, mut\u00e9 \u00e0 Gossas.<\/p>\n<div class='share-to-whatsapp-wrapper'><div class='share-on-whsp'>PARTAGER SUR : <\/div><a data-text='ADMINISTRATION P\u00c9NITENTIAIRE - Les Directeurs de 4 prisons, dont celui du Pavillon sp\u00e9cial, mut\u00e9s' data-link='https:\/\/www.nettali.com\/2026\/01\/20\/administration-penitentiaire-les-directeurs-de-4-prisons-dont-celui-du-pavillon-special-mutes\/' class='whatsapp-button whatsapp-share'>WhatsApp<\/a><div class='clear '><\/div><\/div>","protected":false},"excerpt":{"rendered":"<p>NETTALI.COM - La Direction g\u00e9n\u00e9rale de l\u2019Administration p\u00e9nitentiaire a proc\u00e9d\u00e9 \u00e0 un l\u00e9ger r\u00e9am\u00e9nagement touchant quatre \u00e9tablissements p\u00e9nitentiaires du pays. Les d\u00e9cisions sont contenues dans un avis de mutation en date du 14 janvier 2026, sign\u00e9 par Aliou Ciss, Inspecteur et Directeur g\u00e9n\u00e9ral de l\u2019Administration p\u00e9nitentiaire, sous l\u2019autorit\u00e9 du minist\u00e8re de la Justice. Au total, [&hellip;]<\/p>\n","protected":false},"author":4,"featured_media":166997,"comment_status":"open","ping_status":"open","sticky":false,"template":"","format":"standard","meta":{"_et_pb_use_builder":"","_et_pb_old_content":""},"categories":[3],"tags":[],"yoast_head":"<!-- This site is optimized with the Yoast SEO Premium plugin v17.8 (Yoast SEO v17.8) - https:\/\/yoast.com\/wordpress\/plugins\/seo\/ -->\n<title>ADMINISTRATION P\u00c9NITENTIAIRE - Les Directeurs de 4 prisons, dont celui du Pavillon sp\u00e9cial, mut\u00e9s | Nettali.com<\/title>\n<meta name=\"robots\" content=\"index, follow, max-snippet:-1, max-image-preview:large, max-video-preview:-1\" \/>\n<link rel=\"canonical\" href=\"https:\/\/www.nettali.com\/2026\/01\/20\/administration-penitentiaire-les-directeurs-de-4-prisons-dont-celui-du-pavillon-special-mutes\/\" \/>\n<meta property=\"og:locale\" content=\"fr_FR\" \/>\n<meta property=\"og:type\" content=\"article\" \/>\n<meta property=\"og:title\" content=\"ADMINISTRATION P\u00c9NITENTIAIRE - Les Directeurs de 4 prisons, dont celui du Pavillon sp\u00e9cial, mut\u00e9s\" \/>\n<meta property=\"og:description\" content=\"NETTALI.COM - La Direction g\u00e9n\u00e9rale de l\u2019Administration p\u00e9nitentiaire a proc\u00e9d\u00e9 \u00e0 un l\u00e9ger r\u00e9am\u00e9nagement touchant quatre \u00e9tablissements p\u00e9nitentiaires du pays. Les d\u00e9cisions sont contenues dans un avis de mutation en date du 14 janvier 2026, sign\u00e9 par Aliou Ciss, Inspecteur et Directeur g\u00e9n\u00e9ral de l\u2019Administration p\u00e9nitentiaire, sous l\u2019autorit\u00e9 du minist\u00e8re de la Justice. Au total, [&hellip;]\" \/>\n<meta property=\"og:url\" content=\"https:\/\/www.nettali.com\/2026\/01\/20\/administration-penitentiaire-les-directeurs-de-4-prisons-dont-celui-du-pavillon-special-mutes\/\" \/>\n<meta property=\"og:site_name\" content=\"Nettali.com\" \/>\n<meta property=\"article:publisher\" content=\"https:\/\/www.facebook.com\/nettalicom\" \/>\n<meta property=\"article:published_time\" content=\"2026-01-20T19:18:01+00:00\" \/>\n<meta property=\"article:modified_time\" content=\"2026-01-20T20:33:18+00:00\" \/>\n<meta property=\"og:image\" content=\"https:\/\/www.nettali.com\/wp-content\/uploads\/2025\/12\/Aliou-Ciss-administration-pe\u0301nitentiaire.png\" \/>\n\t<meta property=\"og:image:width\" content=\"895\" \/>\n\t<meta property=\"og:image:height\" content=\"582\" \/>\n<meta name=\"twitter:card\" content=\"summary_large_image\" \/>\n<meta name=\"twitter:label1\" content=\"\u00c9crit par\" \/>\n\t<meta name=\"twitter:data1\" content=\"Daouda\" \/>\n\t<meta name=\"twitter:label2\" content=\"Dur\u00e9e de lecture estim\u00e9e\" \/>\n\t<meta name=\"twitter:data2\" content=\"2 minutes\" \/>\n<script type=\"application\/ld+json\" class=\"yoast-schema-graph\">{\"@context\":\"https:\/\/schema.org\",\"@graph\":[{\"@type\":\"WebSite\",\"@id\":\"https:\/\/www.nettali.com\/#website\",\"url\":\"https:\/\/www.nettali.com\/\",\"name\":\"Nettali.com\",\"description\":\"Le rendez-vous critique du Net\",\"potentialAction\":[{\"@type\":\"SearchAction\",\"target\":{\"@type\":\"EntryPoint\",\"urlTemplate\":\"https:\/\/www.nettali.com\/?s={search_term_string}\"},\"query-input\":\"required name=search_term_string\"}],\"inLanguage\":\"fr-FR\"},{\"@type\":\"ImageObject\",\"@id\":\"https:\/\/www.nettali.com\/2026\/01\/20\/administration-penitentiaire-les-directeurs-de-4-prisons-dont-celui-du-pavillon-special-mutes\/#primaryimage\",\"inLanguage\":\"fr-FR\",\"url\":\"https:\/\/www.nettali.com\/wp-content\/uploads\/2025\/12\/Aliou-Ciss-administration-pe\\u0301nitentiaire.png\",\"contentUrl\":\"https:\/\/www.nettali.com\/wp-content\/uploads\/2025\/12\/Aliou-Ciss-administration-pe\\u0301nitentiaire.png\",\"width\":895,\"height\":582},{\"@type\":\"WebPage\",\"@id\":\"https:\/\/www.nettali.com\/2026\/01\/20\/administration-penitentiaire-les-directeurs-de-4-prisons-dont-celui-du-pavillon-special-mutes\/#webpage\",\"url\":\"https:\/\/www.nettali.com\/2026\/01\/20\/administration-penitentiaire-les-directeurs-de-4-prisons-dont-celui-du-pavillon-special-mutes\/\",\"name\":\"ADMINISTRATION P\\u00c9NITENTIAIRE - Les Directeurs de 4 prisons, dont celui du Pavillon sp\\u00e9cial, mut\\u00e9s | Nettali.com\",\"isPartOf\":{\"@id\":\"https:\/\/www.nettali.com\/#website\"},\"primaryImageOfPage\":{\"@id\":\"https:\/\/www.nettali.com\/2026\/01\/20\/administration-penitentiaire-les-directeurs-de-4-prisons-dont-celui-du-pavillon-special-mutes\/#primaryimage\"},\"datePublished\":\"2026-01-20T19:18:01+00:00\",\"dateModified\":\"2026-01-20T20:33:18+00:00\",\"author\":{\"@id\":\"https:\/\/www.nettali.com\/#\/schema\/person\/3317e0bb3aa1da309fbf7b2780901bf4\"},\"breadcrumb\":{\"@id\":\"https:\/\/www.nettali.com\/2026\/01\/20\/administration-penitentiaire-les-directeurs-de-4-prisons-dont-celui-du-pavillon-special-mutes\/#breadcrumb\"},\"inLanguage\":\"fr-FR\",\"potentialAction\":[{\"@type\":\"ReadAction\",\"target\":[\"https:\/\/www.nettali.com\/2026\/01\/20\/administration-penitentiaire-les-directeurs-de-4-prisons-dont-celui-du-pavillon-special-mutes\/\"]}]},{\"@type\":\"BreadcrumbList\",\"@id\":\"https:\/\/www.nettali.com\/2026\/01\/20\/administration-penitentiaire-les-directeurs-de-4-prisons-dont-celui-du-pavillon-special-mutes\/#breadcrumb\",\"itemListElement\":[{\"@type\":\"ListItem\",\"position\":1,\"name\":\"Accueil\",\"item\":\"https:\/\/www.nettali.com\/\"},{\"@type\":\"ListItem\",\"position\":2,\"name\":\"ADMINISTRATION P\\u00c9NITENTIAIRE - Les Directeurs de 4 prisons, dont celui du Pavillon sp\\u00e9cial, mut\\u00e9s\"}]},{\"@type\":\"Person\",\"@id\":\"https:\/\/www.nettali.com\/#\/schema\/person\/3317e0bb3aa1da309fbf7b2780901bf4\",\"name\":\"Daouda\",\"image\":{\"@type\":\"ImageObject\",\"@id\":\"https:\/\/www.nettali.com\/#personlogo\",\"inLanguage\":\"fr-FR\",\"url\":\"https:\/\/secure.gravatar.com\/avatar\/8d143b5a49345098ddcfee1c49c2f47c?s=96&d=mm&r=g\",\"contentUrl\":\"https:\/\/secure.gravatar.com\/avatar\/8d143b5a49345098ddcfee1c49c2f47c?s=96&d=mm&r=g\",\"caption\":\"Daouda\"},\"sameAs\":[\"https:\/\/www.nettali.com\"]}]}<\/script>\n<!-- \/ Yoast SEO Premium plugin. -->","yoast_head_json":{"title":"ADMINISTRATION P\u00c9NITENTIAIRE - Les Directeurs de 4 prisons, dont celui du Pavillon sp\u00e9cial, mut\u00e9s | Nettali.com","robots":{"index":"index","follow":"follow","max-snippet":"max-snippet:-1","max-image-preview":"max-image-preview:large","max-video-preview":"max-video-preview:-1"},"canonical":"https:\/\/www.nettali.com\/2026\/01\/20\/administration-penitentiaire-les-directeurs-de-4-prisons-dont-celui-du-pavillon-special-mutes\/","og_locale":"fr_FR","og_type":"article","og_title":"ADMINISTRATION P\u00c9NITENTIAIRE - Les Directeurs de 4 prisons, dont celui du Pavillon sp\u00e9cial, mut\u00e9s","og_description":"NETTALI.COM - La Direction g\u00e9n\u00e9rale de l\u2019Administration p\u00e9nitentiaire a proc\u00e9d\u00e9 \u00e0 un l\u00e9ger r\u00e9am\u00e9nagement touchant quatre \u00e9tablissements p\u00e9nitentiaires du pays. Les d\u00e9cisions sont contenues dans un avis de mutation en date du 14 janvier 2026, sign\u00e9 par Aliou Ciss, Inspecteur et Directeur g\u00e9n\u00e9ral de l\u2019Administration p\u00e9nitentiaire, sous l\u2019autorit\u00e9 du minist\u00e8re de la Justice. Au total, [&hellip;]","og_url":"https:\/\/www.nettali.com\/2026\/01\/20\/administration-penitentiaire-les-directeurs-de-4-prisons-dont-celui-du-pavillon-special-mutes\/","og_site_name":"Nettali.com","article_publisher":"https:\/\/www.facebook.com\/nettalicom","article_published_time":"2026-01-20T19:18:01+00:00","article_modified_time":"2026-01-20T20:33:18+00:00","og_image":[{"width":895,"height":582,"url":"https:\/\/www.nettali.com\/wp-content\/uploads\/2025\/12\/Aliou-Ciss-administration-pe\u0301nitentiaire.png","type":"image\/png"}],"twitter_card":"summary_large_image","twitter_misc":{"\u00c9crit par":"Daouda","Dur\u00e9e de lecture estim\u00e9e":"2 minutes"},"schema":{"@context":"https:\/\/schema.org","@graph":[{"@type":"WebSite","@id":"https:\/\/www.nettali.com\/#website","url":"https:\/\/www.nettali.com\/","name":"Nettali.com","description":"Le rendez-vous critique du Net","potentialAction":[{"@type":"SearchAction","target":{"@type":"EntryPoint","urlTemplate":"https:\/\/www.nettali.com\/?s={search_term_string}"},"query-input":"required name=search_term_string"}],"inLanguage":"fr-FR"},{"@type":"ImageObject","@id":"https:\/\/www.nettali.com\/2026\/01\/20\/administration-penitentiaire-les-directeurs-de-4-prisons-dont-celui-du-pavillon-special-mutes\/#primaryimage","inLanguage":"fr-FR","url":"https:\/\/www.nettali.com\/wp-content\/uploads\/2025\/12\/Aliou-Ciss-administration-pe\u0301nitentiaire.png","contentUrl":"https:\/\/www.nettali.com\/wp-content\/uploads\/2025\/12\/Aliou-Ciss-administration-pe\u0301nitentiaire.png","width":895,"height":582},{"@type":"WebPage","@id":"https:\/\/www.nettali.com\/2026\/01\/20\/administration-penitentiaire-les-directeurs-de-4-prisons-dont-celui-du-pavillon-special-mutes\/#webpage","url":"https:\/\/www.nettali.com\/2026\/01\/20\/administration-penitentiaire-les-directeurs-de-4-prisons-dont-celui-du-pavillon-special-mutes\/","name":"ADMINISTRATION P\u00c9NITENTIAIRE - Les Directeurs de 4 prisons, dont celui du Pavillon sp\u00e9cial, mut\u00e9s | Nettali.com","isPartOf":{"@id":"https:\/\/www.nettali.com\/#website"},"primaryImageOfPage":{"@id":"https:\/\/www.nettali.com\/2026\/01\/20\/administration-penitentiaire-les-directeurs-de-4-prisons-dont-celui-du-pavillon-special-mutes\/#primaryimage"},"datePublished":"2026-01-20T19:18:01+00:00","dateModified":"2026-01-20T20:33:18+00:00","author":{"@id":"https:\/\/www.nettali.com\/#\/schema\/person\/3317e0bb3aa1da309fbf7b2780901bf4"},"breadcrumb":{"@id":"https:\/\/www.nettali.com\/2026\/01\/20\/administration-penitentiaire-les-directeurs-de-4-prisons-dont-celui-du-pavillon-special-mutes\/#breadcrumb"},"inLanguage":"fr-FR","potentialAction":[{"@type":"ReadAction","target":["https:\/\/www.nettali.com\/2026\/01\/20\/administration-penitentiaire-les-directeurs-de-4-prisons-dont-celui-du-pavillon-special-mutes\/"]}]},{"@type":"BreadcrumbList","@id":"https:\/\/www.nettali.com\/2026\/01\/20\/administration-penitentiaire-les-directeurs-de-4-prisons-dont-celui-du-pavillon-special-mutes\/#breadcrumb","itemListElement":[{"@type":"ListItem","position":1,"name":"Accueil","item":"https:\/\/www.nettali.com\/"},{"@type":"ListItem","position":2,"name":"ADMINISTRATION P\u00c9NITENTIAIRE - Les Directeurs de 4 prisons, dont celui du Pavillon sp\u00e9cial, mut\u00e9s"}]},{"@type":"Person","@id":"https:\/\/www.nettali.com\/#\/schema\/person\/3317e0bb3aa1da309fbf7b2780901bf4","name":"Daouda","image":{"@type":"ImageObject","@id":"https:\/\/www.nettali.com\/#personlogo","inLanguage":"fr-FR","url":"https:\/\/secure.gravatar.com\/avatar\/8d143b5a49345098ddcfee1c49c2f47c?s=96&d=mm&r=g","contentUrl":"https:\/\/secure.gravatar.com\/avatar\/8d143b5a49345098ddcfee1c49c2f47c?s=96&d=mm&r=g","caption":"Daouda"},"sameAs":["https:\/\/www.nettali.com"]}]}},"_links":{"self":[{"href":"https:\/\/www.nettali.com\/rest\/wp\/v2\/posts\/168251"}],"collection":[{"href":"https:\/\/www.nettali.com\/rest\/wp\/v2\/posts"}],"about":[{"href":"https:\/\/www.nettali.com\/rest\/wp\/v2\/types\/post"}],"author":[{"embeddable":true,"href":"https:\/\/www.nettali.com\/rest\/wp\/v2\/users\/4"}],"replies":[{"embeddable":true,"href":"https:\/\/www.nettali.com\/rest\/wp\/v2\/comments?post=168251"}],"version-history":[{"count":1,"href":"https:\/\/www.nettali.com\/rest\/wp\/v2\/posts\/168251\/revisions"}],"predecessor-version":[{"id":168252,"href":"https:\/\/www.nettali.com\/rest\/wp\/v2\/posts\/168251\/revisions\/168252"}],"wp:featuredmedia":[{"embeddable":true,"href":"https:\/\/www.nettali.com\/rest\/wp\/v2\/media\/166997"}],"wp:attachment":[{"href":"https:\/\/www.nettali.com\/rest\/wp\/v2\/media?parent=168251"}],"wp:term":[{"taxonomy":"category","embeddable":true,"href":"https:\/\/www.nettali.com\/rest\/wp\/v2\/categories?post=168251"},{"taxonomy":"post_tag","embeddable":true,"href":"https:\/\/www.nettali.com\/rest\/wp\/v2\/tags?post=168251"}],"curies":[{"name":"wp","href":"https:\/\/api.w.org\/{rel}","templated":true}]}}