{"id":168002,"date":"2026-01-15T12:45:30","date_gmt":"2026-01-15T12:45:30","guid":{"rendered":"https:\/\/www.nettali.com\/?p=168002"},"modified":"2026-01-17T08:08:23","modified_gmt":"2026-01-17T08:08:23","slug":"cooperation-avec-le-golfe-et-lasie-diomaye-reprend-la-main","status":"publish","type":"post","link":"https:\/\/www.nettali.com\/2026\/01\/15\/cooperation-avec-le-golfe-et-lasie-diomaye-reprend-la-main\/","title":{"rendered":"COOP\u00c9RATION AVEC LE GOLFE ET L\u2019ASIE - Diomaye reprend la main !"},"content":{"rendered":"<p><strong>NETTALI.COM - Quelles sont les pr\u00e9rogatives du Premier ministre dans le domaine de la coop\u00e9ration avec les pays du Golfe et de l\u2019Asie ? La nouvelle tourn\u00e9e du pr\u00e9sident de la R\u00e9publique repose le d\u00e9bat. En meeting \u00e0 Milan, Ousmane Sonko r\u00e9v\u00e9lait \u00eatre le seul point focal d\u00e9sign\u00e9 par le chef de l\u2019\u00c9tat dans la coop\u00e9ration avec ces pays.<\/strong><\/p>\n<p>Alors que certaines informations tendaient \u00e0 faire croire qu\u2019il s\u2019est d\u00e9charg\u00e9 de la coop\u00e9ration avec les pays du Golfe et d\u2019Asie au profit de son Premier ministre, sa tourn\u00e9e actuelle au Moyen orient montre que le chef de l\u2019\u00c9tat reste le seul ma\u00eetre du jeu dans le domaine de la diplomatie, conform\u00e9ment aux dispositions constitutionnelles en vigueur.<\/p>\n<p>Les services de communication de la Pr\u00e9sidence sont tr\u00e8s clairs sur les objectifs de la visite. \u201c<em>Ce voyage s\u2019inscrit dans le cadre d\u2019une visite officielle au Kowe\u00eft, pr\u00e9vue du 12 au 14 janvier 2026, consacr\u00e9e au renforcement des relations bilat\u00e9rales entre le S\u00e9n\u00e9gal et l\u2019\u00c9tat du Kowe\u00eft<\/em>\u201d, soutiennent-ils dans leurs diff\u00e9rents communiqu\u00e9s.<\/p>\n<p>Toujours dans le cadre de cette tourn\u00e9e, le Pr\u00e9sident compte aussi faire un tour \u00e0 Abu Dhabi, o\u00f9 il participera \u00e0 la semaine de la Durabilit\u00e9, les 14 et 15 janvier. La Pr\u00e9sidence parle d\u2019un rendez-vous international majeur d\u00e9di\u00e9 aux enjeux de d\u00e9veloppement durable, de transition \u00e9nerg\u00e9tique et d\u2019innovation.<\/p>\n<p><strong>Une visite de clarification <\/strong><\/p>\n<p>Cette visite a en tout cas le m\u00e9rite de clarifier un d\u00e9bat qui s\u2019est d\u00e9j\u00e0 pos\u00e9 dans certains milieux intellectuels, avec des sp\u00e9cialistes qui d\u00e9ploraient une \u201cimmixtion\u201d du Premier ministre dans le domaine r\u00e9serv\u00e9 du chef de l\u2019\u00c9tat, qui est de nature \u00e0 semer la confusion.<\/p>\n<p>Lors d\u2019un meeting \u00e0 Milan en septembre 2025, au d\u00e9tour d\u2019une visite aux \u00c9mirats arabes unis, le Premier ministre Ousmane Sonko s\u2019expliquait sur cette immixtion que d\u2019aucuns trouvaient incongrue et inefficace. \u201c\u2026<em>Vous me permettrez d'apporter quelques \u00e9clairages parce que certains veulent semer la confusion dans la t\u00eate des S\u00e9n\u00e9galais<\/em>\u201d, avait-il attaqu\u00e9 d\u2019embl\u00e9e.<\/p>\n<p>Selon lui, c\u2019est le pr\u00e9sident de la R\u00e9publique lui-m\u00eame qui lui avait confi\u00e9 cette mission \u00e0 la suite d\u2019une visite dans le Golfe. \u201c<em>A son retour, il m'avait appel\u00e9 et il m'a dit: j'ai pris une d\u00e9cision -il l\u2019a prise de son propre chef. Il m'a dit que `tout ce qui touche \u00e0 la coop\u00e9ration avec les pays du Golfe, \u00e0 l'Asie, je vous le confi\u00e9<\/em>\u201d, s\u2019\u00e9tait justifi\u00e9 le Premier ministre, qui avait ajout\u00e9 : \u201c<em>Je l\u2019en remercie pour sa confiance. Parce que m\u00eame si je n'ai pas \u00e9t\u00e9 demandeur, il m'a confi\u00e9 quelque chose qui me tenait \u00e0 coeur. Ma conviction est que, d\u2019un point de vue g\u00e9ostrat\u00e9gique, l'\u00e9conomie mondiale se d\u00e9place vers cet axe\u2026.<\/em>\u201d<\/p>\n<p>A en croire Ousmane Sonko, Bassirou Diomaye Faye ne s\u2019est pas limit\u00e9 \u00e0 lui faire part de son intention. Il avait, dans la foul\u00e9e, avis\u00e9 toutes les chancelleries. \u201c<em>Le chef de l\u2019\u00c9tat ne s'est pas limit\u00e9 a \u00e7a. Il a \u00e9crit \u00e0 tous les pays pour leur dire que d\u00e9sormais vous n'avez qu'un point focal, c'est le Premier ministre Ousmane Sonko. Il l'a encore r\u00e9it\u00e9r\u00e9 en Conseil des ministres. Voil\u00e0 pourquoi j'ai pris mes responsabilit\u00e9s<\/em>\u201d, avait-il indiqu\u00e9, avant de pr\u00e9ciser avec beaucoup d\u2019humilit\u00e9 : \u201c<em>Moi je n'ai m\u00eame pas besoin de trop voyager. Ceux qui me connaissent savent que je n'aime pas voyager. L\u00e0 j'en ai d\u00e9j\u00e0 assez. Je ne veux que rentrer au S\u00e9n\u00e9gal ; je n'ai pas le temps pour les voyages<\/em>\u201d<\/p>\n<p>Le Premier ministre avait auparavant effectu\u00e9 des visites tr\u00e8s diplomatiques aussi bien en Chine qu\u2019en Turquie. Bien auparavant, ses visites dans les pays du Sahel, tout comme certaines de ses positions radicales sur les sujets internationaux, avaient soulev\u00e9 de nombreux commentaires. Avec cette visite et la nomination d\u2019un diplomate chevronn\u00e9 \u00e0 la t\u00eate du minist\u00e8re des Affaires \u00e9trang\u00e8res, la question c\u2019est de savoir si le PM reste toujours le point focal des pays arabes et diplomatiques.<\/p>\n<p><strong>Les temps forts de Diomaye <\/strong><\/p>\n<p>Dans le Golfe en tout cas, le Pr\u00e9sident de la R\u00e9publique d\u00e9roule un calendrier bien charg\u00e9, avec des rencontres de tr\u00e8s haut niveau. D\u00e8s son arriv\u00e9e, il a \u00e9t\u00e9 accueilli par une d\u00e9l\u00e9gation compos\u00e9e de Son Altesse le Prince h\u00e9ritier Cheikh Sabah Khaled Al Ahmad Al Sabah, de Son Altesse le Premier ministre Cheikh Ahmad Abdullah Al-Ahmad Al-Sabah, ainsi que par le chef de la mission d\u2019honneur, Dr Cheikh Bassel Homoud Al-Malek Al-Sabah, Conseiller aupr\u00e8s du Conseil des ministres.<\/p>\n<p>\u201c<em>Cet accueil solennel traduit la consid\u00e9ration accord\u00e9e au S\u00e9n\u00e9gal et illustre l\u2019excellence des relations d\u2019amiti\u00e9 et de coop\u00e9ration entre les deux \u00c9tats<\/em>\u201d, se r\u00e9jouissent les services de communication de la Pr\u00e9sidence.<\/p>\n<p>Dans l\u2019apr\u00e8s-midi d\u2019hier, le Pr\u00e9sident de la R\u00e9publique, accompagn\u00e9 de sa d\u00e9l\u00e9gation, a \u00e9t\u00e9 accueilli au Palais Bayan, \u00e0 l\u2019occasion de la c\u00e9r\u00e9monie officielle de r\u00e9ception, par Son Altesse l\u2019\u00c9mir de l\u2019\u00c9tat du Kowe\u00eft, Cheikh Meshal Al-Ahmad Al- Jaber Al-Sabah. \u201c<em>Les deux Hauts Dirigeants se sont longuement entretenus dans une atmosph\u00e8re empreinte de solennit\u00e9, de fraternit\u00e9 et de profonde consid\u00e9ration mutuelle<\/em>\u201d, a inform\u00e9 la Pr\u00e9sidence sur son compte officiel. L\u2019\u00c9mir, insiste le communiqu\u00e9, \u201ca rappel\u00e9 avec une vive \u00e9motion la place singuli\u00e8re qu\u2019occupe le S\u00e9n\u00e9gal dans le coeur du peuple kowe\u00eftien\u201d.<\/p>\n<p>Les deux parties convenu d\u2019oeuvrer au raffermissement des liens privil\u00e9gi\u00e9s, \u201cen les hissant \u00e0 un niveau strat\u00e9gique plus \u00e9lev\u00e9, dans des domaines cl\u00e9s tels que la paix et la s\u00e9curit\u00e9, l\u2019agriculture, l\u2019\u00e9nergie, les infrastructures, l\u2019industrie et la s\u00e9curit\u00e9 alimentaire\u201d. L\u2019\u00c9mir a, par ailleurs, offert un banquet officiel en l\u2019honneur du Pr\u00e9sident de la R\u00e9publique.<\/p>\n<p>\u00c0 la suite de cette rencontre avec la plus haute autorit\u00e9, le chef de l\u2019\u00c9tat a re\u00e7u en audience Cheikh Fahad Youssef Al-Saoud Al-Sabah, Premier vice-pr\u00e9sident du Conseil des ministres et ministre de l\u2019Int\u00e9rieur de l\u2019\u00c9tat du Kowe\u00eft, ainsi que d\u2019autres hauts responsables du pays.<\/p>\n<p><strong>Les pistes de coop\u00e9ration <\/strong><\/p>\n<p>\u201c<em>Les \u00e9changes ont permis de saluer l\u2019excellence des relations d\u2019amiti\u00e9 et de coop\u00e9ration entre le S\u00e9n\u00e9gal et le Kowe\u00eft, notamment dans les domaines de la s\u00e9curit\u00e9 et de la protection civile. Le responsable kowe\u00eftien a r\u00e9affirm\u00e9 l\u2019attachement de son pays \u00e0 ce partenariat solide et utile, ainsi que la disponibilit\u00e9 des autorit\u00e9s kowe\u00eftiennes \u00e0 poursuivre et renforcer leur appui au S\u00e9n\u00e9gal<\/em>\u201d, a indiqu\u00e9 le communiqu\u00e9 de la Pr\u00e9sidence.<\/p>\n<p>Pour sa part, le Pr\u00e9sident Faye a magnifi\u00e9 \u201c<em>le soutien constant du Kowe\u00eft, en particulier \u00e0 travers l'appui en \u00e9quipements et la formation, qui ont contribu\u00e9 au renforcement des capacit\u00e9s nationales. Il a \u00e9galement salu\u00e9 l\u2019attention port\u00e9e par les autorit\u00e9s kowe\u00eftiennes \u00e0 la communaut\u00e9 s\u00e9n\u00e9galaise, parfaitement int\u00e9gr\u00e9e et \u00e9voluant dans un climat de confiance et de respect<\/em>\u201d, rapporte la source.<\/p>\n<p>A noter que le pr\u00e9sident de la R\u00e9publique se rend \u00e0 Abu Dhabi, pour participer \u00e0 la Semaine de la Durabilit\u00e9 d\u2019Abu Dhabi, les 14 et 15 janvier 2026.<\/p>\n<p>EnQu\u00eate<\/p>\n<div class='share-to-whatsapp-wrapper'><div class='share-on-whsp'>PARTAGER SUR : <\/div><a data-text='COOP\u00c9RATION AVEC LE GOLFE ET L\u2019ASIE - Diomaye reprend la main !' data-link='https:\/\/www.nettali.com\/2026\/01\/15\/cooperation-avec-le-golfe-et-lasie-diomaye-reprend-la-main\/' class='whatsapp-button whatsapp-share'>WhatsApp<\/a><div class='clear '><\/div><\/div>","protected":false},"excerpt":{"rendered":"<p>NETTALI.COM - Quelles sont les pr\u00e9rogatives du Premier ministre dans le domaine de la coop\u00e9ration avec les pays du Golfe et de l\u2019Asie ? La nouvelle tourn\u00e9e du pr\u00e9sident de la R\u00e9publique repose le d\u00e9bat. En meeting \u00e0 Milan, Ousmane Sonko r\u00e9v\u00e9lait \u00eatre le seul point focal d\u00e9sign\u00e9 par le chef de l\u2019\u00c9tat dans la [&hellip;]<\/p>\n","protected":false},"author":2,"featured_media":167945,"comment_status":"open","ping_status":"open","sticky":false,"template":"","format":"standard","meta":{"_et_pb_use_builder":"","_et_pb_old_content":""},"categories":[2],"tags":[],"yoast_head":"<!-- This site is optimized with the Yoast SEO Premium plugin v17.8 (Yoast SEO v17.8) - https:\/\/yoast.com\/wordpress\/plugins\/seo\/ -->\n<title>COOP\u00c9RATION AVEC LE GOLFE ET L\u2019ASIE - Diomaye reprend la main ! | Nettali.com<\/title>\n<meta name=\"robots\" content=\"index, follow, max-snippet:-1, max-image-preview:large, max-video-preview:-1\" \/>\n<link rel=\"canonical\" href=\"https:\/\/www.nettali.com\/2026\/01\/15\/cooperation-avec-le-golfe-et-lasie-diomaye-reprend-la-main\/\" \/>\n<meta property=\"og:locale\" content=\"fr_FR\" \/>\n<meta property=\"og:type\" content=\"article\" \/>\n<meta property=\"og:title\" content=\"COOP\u00c9RATION AVEC LE GOLFE ET L\u2019ASIE - Diomaye reprend la main !\" \/>\n<meta property=\"og:description\" content=\"NETTALI.COM - Quelles sont les pr\u00e9rogatives du Premier ministre dans le domaine de la coop\u00e9ration avec les pays du Golfe et de l\u2019Asie ? La nouvelle tourn\u00e9e du pr\u00e9sident de la R\u00e9publique repose le d\u00e9bat. En meeting \u00e0 Milan, Ousmane Sonko r\u00e9v\u00e9lait \u00eatre le seul point focal d\u00e9sign\u00e9 par le chef de l\u2019\u00c9tat dans la [&hellip;]\" \/>\n<meta property=\"og:url\" content=\"https:\/\/www.nettali.com\/2026\/01\/15\/cooperation-avec-le-golfe-et-lasie-diomaye-reprend-la-main\/\" \/>\n<meta property=\"og:site_name\" content=\"Nettali.com\" \/>\n<meta property=\"article:publisher\" content=\"https:\/\/www.facebook.com\/nettalicom\" \/>\n<meta property=\"article:published_time\" content=\"2026-01-15T12:45:30+00:00\" \/>\n<meta property=\"article:modified_time\" content=\"2026-01-17T08:08:23+00:00\" \/>\n<meta property=\"og:image\" content=\"https:\/\/www.nettali.com\/wp-content\/uploads\/2026\/01\/images-5.jpeg\" \/>\n\t<meta property=\"og:image:width\" content=\"547\" \/>\n\t<meta property=\"og:image:height\" content=\"365\" \/>\n<meta name=\"twitter:card\" content=\"summary_large_image\" \/>\n<meta name=\"twitter:label1\" content=\"\u00c9crit par\" \/>\n\t<meta name=\"twitter:data1\" content=\"CK\" \/>\n\t<meta name=\"twitter:label2\" content=\"Dur\u00e9e de lecture estim\u00e9e\" \/>\n\t<meta name=\"twitter:data2\" content=\"6 minutes\" \/>\n<script type=\"application\/ld+json\" class=\"yoast-schema-graph\">{\"@context\":\"https:\/\/schema.org\",\"@graph\":[{\"@type\":\"WebSite\",\"@id\":\"https:\/\/www.nettali.com\/#website\",\"url\":\"https:\/\/www.nettali.com\/\",\"name\":\"Nettali.com\",\"description\":\"Le rendez-vous critique du Net\",\"potentialAction\":[{\"@type\":\"SearchAction\",\"target\":{\"@type\":\"EntryPoint\",\"urlTemplate\":\"https:\/\/www.nettali.com\/?s={search_term_string}\"},\"query-input\":\"required name=search_term_string\"}],\"inLanguage\":\"fr-FR\"},{\"@type\":\"ImageObject\",\"@id\":\"https:\/\/www.nettali.com\/2026\/01\/15\/cooperation-avec-le-golfe-et-lasie-diomaye-reprend-la-main\/#primaryimage\",\"inLanguage\":\"fr-FR\",\"url\":\"https:\/\/www.nettali.com\/wp-content\/uploads\/2026\/01\/images-5.jpeg\",\"contentUrl\":\"https:\/\/www.nettali.com\/wp-content\/uploads\/2026\/01\/images-5.jpeg\",\"width\":547,\"height\":365},{\"@type\":\"WebPage\",\"@id\":\"https:\/\/www.nettali.com\/2026\/01\/15\/cooperation-avec-le-golfe-et-lasie-diomaye-reprend-la-main\/#webpage\",\"url\":\"https:\/\/www.nettali.com\/2026\/01\/15\/cooperation-avec-le-golfe-et-lasie-diomaye-reprend-la-main\/\",\"name\":\"COOP\\u00c9RATION AVEC LE GOLFE ET L\\u2019ASIE - Diomaye reprend la main ! | Nettali.com\",\"isPartOf\":{\"@id\":\"https:\/\/www.nettali.com\/#website\"},\"primaryImageOfPage\":{\"@id\":\"https:\/\/www.nettali.com\/2026\/01\/15\/cooperation-avec-le-golfe-et-lasie-diomaye-reprend-la-main\/#primaryimage\"},\"datePublished\":\"2026-01-15T12:45:30+00:00\",\"dateModified\":\"2026-01-17T08:08:23+00:00\",\"author\":{\"@id\":\"https:\/\/www.nettali.com\/#\/schema\/person\/d8ac7b7e27ddad43f1c0d2ef090d7f71\"},\"breadcrumb\":{\"@id\":\"https:\/\/www.nettali.com\/2026\/01\/15\/cooperation-avec-le-golfe-et-lasie-diomaye-reprend-la-main\/#breadcrumb\"},\"inLanguage\":\"fr-FR\",\"potentialAction\":[{\"@type\":\"ReadAction\",\"target\":[\"https:\/\/www.nettali.com\/2026\/01\/15\/cooperation-avec-le-golfe-et-lasie-diomaye-reprend-la-main\/\"]}]},{\"@type\":\"BreadcrumbList\",\"@id\":\"https:\/\/www.nettali.com\/2026\/01\/15\/cooperation-avec-le-golfe-et-lasie-diomaye-reprend-la-main\/#breadcrumb\",\"itemListElement\":[{\"@type\":\"ListItem\",\"position\":1,\"name\":\"Accueil\",\"item\":\"https:\/\/www.nettali.com\/\"},{\"@type\":\"ListItem\",\"position\":2,\"name\":\"COOP\\u00c9RATION AVEC LE GOLFE ET L\\u2019ASIE - Diomaye reprend la main !\"}]},{\"@type\":\"Person\",\"@id\":\"https:\/\/www.nettali.com\/#\/schema\/person\/d8ac7b7e27ddad43f1c0d2ef090d7f71\",\"name\":\"CK\",\"image\":{\"@type\":\"ImageObject\",\"@id\":\"https:\/\/www.nettali.com\/#personlogo\",\"inLanguage\":\"fr-FR\",\"url\":\"https:\/\/secure.gravatar.com\/avatar\/1d8d5118b9327d94da7cd4ce7f17fec2?s=96&d=mm&r=g\",\"contentUrl\":\"https:\/\/secure.gravatar.com\/avatar\/1d8d5118b9327d94da7cd4ce7f17fec2?s=96&d=mm&r=g\",\"caption\":\"CK\"},\"sameAs\":[\"https:\/\/www.nettali.com\"]}]}<\/script>\n<!-- \/ Yoast SEO Premium plugin. -->","yoast_head_json":{"title":"COOP\u00c9RATION AVEC LE GOLFE ET L\u2019ASIE - Diomaye reprend la main ! | Nettali.com","robots":{"index":"index","follow":"follow","max-snippet":"max-snippet:-1","max-image-preview":"max-image-preview:large","max-video-preview":"max-video-preview:-1"},"canonical":"https:\/\/www.nettali.com\/2026\/01\/15\/cooperation-avec-le-golfe-et-lasie-diomaye-reprend-la-main\/","og_locale":"fr_FR","og_type":"article","og_title":"COOP\u00c9RATION AVEC LE GOLFE ET L\u2019ASIE - Diomaye reprend la main !","og_description":"NETTALI.COM - Quelles sont les pr\u00e9rogatives du Premier ministre dans le domaine de la coop\u00e9ration avec les pays du Golfe et de l\u2019Asie ? La nouvelle tourn\u00e9e du pr\u00e9sident de la R\u00e9publique repose le d\u00e9bat. En meeting \u00e0 Milan, Ousmane Sonko r\u00e9v\u00e9lait \u00eatre le seul point focal d\u00e9sign\u00e9 par le chef de l\u2019\u00c9tat dans la [&hellip;]","og_url":"https:\/\/www.nettali.com\/2026\/01\/15\/cooperation-avec-le-golfe-et-lasie-diomaye-reprend-la-main\/","og_site_name":"Nettali.com","article_publisher":"https:\/\/www.facebook.com\/nettalicom","article_published_time":"2026-01-15T12:45:30+00:00","article_modified_time":"2026-01-17T08:08:23+00:00","og_image":[{"width":547,"height":365,"url":"https:\/\/www.nettali.com\/wp-content\/uploads\/2026\/01\/images-5.jpeg","type":"image\/jpeg"}],"twitter_card":"summary_large_image","twitter_misc":{"\u00c9crit par":"CK","Dur\u00e9e de lecture estim\u00e9e":"6 minutes"},"schema":{"@context":"https:\/\/schema.org","@graph":[{"@type":"WebSite","@id":"https:\/\/www.nettali.com\/#website","url":"https:\/\/www.nettali.com\/","name":"Nettali.com","description":"Le rendez-vous critique du Net","potentialAction":[{"@type":"SearchAction","target":{"@type":"EntryPoint","urlTemplate":"https:\/\/www.nettali.com\/?s={search_term_string}"},"query-input":"required name=search_term_string"}],"inLanguage":"fr-FR"},{"@type":"ImageObject","@id":"https:\/\/www.nettali.com\/2026\/01\/15\/cooperation-avec-le-golfe-et-lasie-diomaye-reprend-la-main\/#primaryimage","inLanguage":"fr-FR","url":"https:\/\/www.nettali.com\/wp-content\/uploads\/2026\/01\/images-5.jpeg","contentUrl":"https:\/\/www.nettali.com\/wp-content\/uploads\/2026\/01\/images-5.jpeg","width":547,"height":365},{"@type":"WebPage","@id":"https:\/\/www.nettali.com\/2026\/01\/15\/cooperation-avec-le-golfe-et-lasie-diomaye-reprend-la-main\/#webpage","url":"https:\/\/www.nettali.com\/2026\/01\/15\/cooperation-avec-le-golfe-et-lasie-diomaye-reprend-la-main\/","name":"COOP\u00c9RATION AVEC LE GOLFE ET L\u2019ASIE - Diomaye reprend la main ! | Nettali.com","isPartOf":{"@id":"https:\/\/www.nettali.com\/#website"},"primaryImageOfPage":{"@id":"https:\/\/www.nettali.com\/2026\/01\/15\/cooperation-avec-le-golfe-et-lasie-diomaye-reprend-la-main\/#primaryimage"},"datePublished":"2026-01-15T12:45:30+00:00","dateModified":"2026-01-17T08:08:23+00:00","author":{"@id":"https:\/\/www.nettali.com\/#\/schema\/person\/d8ac7b7e27ddad43f1c0d2ef090d7f71"},"breadcrumb":{"@id":"https:\/\/www.nettali.com\/2026\/01\/15\/cooperation-avec-le-golfe-et-lasie-diomaye-reprend-la-main\/#breadcrumb"},"inLanguage":"fr-FR","potentialAction":[{"@type":"ReadAction","target":["https:\/\/www.nettali.com\/2026\/01\/15\/cooperation-avec-le-golfe-et-lasie-diomaye-reprend-la-main\/"]}]},{"@type":"BreadcrumbList","@id":"https:\/\/www.nettali.com\/2026\/01\/15\/cooperation-avec-le-golfe-et-lasie-diomaye-reprend-la-main\/#breadcrumb","itemListElement":[{"@type":"ListItem","position":1,"name":"Accueil","item":"https:\/\/www.nettali.com\/"},{"@type":"ListItem","position":2,"name":"COOP\u00c9RATION AVEC LE GOLFE ET L\u2019ASIE - Diomaye reprend la main !"}]},{"@type":"Person","@id":"https:\/\/www.nettali.com\/#\/schema\/person\/d8ac7b7e27ddad43f1c0d2ef090d7f71","name":"CK","image":{"@type":"ImageObject","@id":"https:\/\/www.nettali.com\/#personlogo","inLanguage":"fr-FR","url":"https:\/\/secure.gravatar.com\/avatar\/1d8d5118b9327d94da7cd4ce7f17fec2?s=96&d=mm&r=g","contentUrl":"https:\/\/secure.gravatar.com\/avatar\/1d8d5118b9327d94da7cd4ce7f17fec2?s=96&d=mm&r=g","caption":"CK"},"sameAs":["https:\/\/www.nettali.com"]}]}},"_links":{"self":[{"href":"https:\/\/www.nettali.com\/rest\/wp\/v2\/posts\/168002"}],"collection":[{"href":"https:\/\/www.nettali.com\/rest\/wp\/v2\/posts"}],"about":[{"href":"https:\/\/www.nettali.com\/rest\/wp\/v2\/types\/post"}],"author":[{"embeddable":true,"href":"https:\/\/www.nettali.com\/rest\/wp\/v2\/users\/2"}],"replies":[{"embeddable":true,"href":"https:\/\/www.nettali.com\/rest\/wp\/v2\/comments?post=168002"}],"version-history":[{"count":1,"href":"https:\/\/www.nettali.com\/rest\/wp\/v2\/posts\/168002\/revisions"}],"predecessor-version":[{"id":168005,"href":"https:\/\/www.nettali.com\/rest\/wp\/v2\/posts\/168002\/revisions\/168005"}],"wp:featuredmedia":[{"embeddable":true,"href":"https:\/\/www.nettali.com\/rest\/wp\/v2\/media\/167945"}],"wp:attachment":[{"href":"https:\/\/www.nettali.com\/rest\/wp\/v2\/media?parent=168002"}],"wp:term":[{"taxonomy":"category","embeddable":true,"href":"https:\/\/www.nettali.com\/rest\/wp\/v2\/categories?post=168002"},{"taxonomy":"post_tag","embeddable":true,"href":"https:\/\/www.nettali.com\/rest\/wp\/v2\/tags?post=168002"}],"curies":[{"name":"wp","href":"https:\/\/api.w.org\/{rel}","templated":true}]}}