{"id":167803,"date":"2026-01-12T10:57:48","date_gmt":"2026-01-12T10:57:48","guid":{"rendered":"https:\/\/www.nettali.com\/?p=167803"},"modified":"2026-01-12T10:57:48","modified_gmt":"2026-01-12T10:57:48","slug":"cooperation-bilaterale-le-president-bassirou-diomaye-faye-en-tournee-officielle-au-moyen-orient","status":"publish","type":"post","link":"https:\/\/www.nettali.com\/2026\/01\/12\/cooperation-bilaterale-le-president-bassirou-diomaye-faye-en-tournee-officielle-au-moyen-orient\/","title":{"rendered":"COOPERATION BILATERALE - Le Pr\u00e9sident Bassirou Diomaye Faye en tourn\u00e9e officielle au Moyen-Orient"},"content":{"rendered":"<p data-start=\"234\" data-end=\"566\"><strong>NETTALI.COM - Le Pr\u00e9sident de la R\u00e9publique, Bassirou Diomaye Faye, a quitt\u00e9 Dakar ce lundi matin pour une tourn\u00e9e diplomatique au Moyen-Orient, qui le conduira successivement au Kowe\u00eft puis aux \u00c9mirats arabes unis, dans le cadre du renforcement des relations bilat\u00e9rales et de la diversification des partenariats strat\u00e9giques du S\u00e9n\u00e9gal.<\/strong><\/p>\n<p data-start=\"568\" data-end=\"1112\">La premi\u00e8re \u00e9tape de cette mission sera une visite officielle au Kowe\u00eft, pr\u00e9vue du 12 au 14 janvier 2026. Au cours de son s\u00e9jour \u00e0 Kowe\u00eft City, le Chef de l\u2019\u00c9tat s\u00e9n\u00e9galais aura des entretiens de haut niveau avec les autorit\u00e9s kowe\u00eftiennes, ax\u00e9s sur la consolidation de la coop\u00e9ration bilat\u00e9rale. Les discussions porteront notamment sur l\u2019exploration de nouvelles opportunit\u00e9s de partenariat dans des secteurs jug\u00e9s strat\u00e9giques, tels que l\u2019investissement, l\u2019\u00e9nergie, les infrastructures, la finance et le d\u00e9veloppement durable.<\/p>\n<p data-start=\"1114\" data-end=\"1557\">\u00c0 l\u2019issue de cette \u00e9tape, le Pr\u00e9sident Bassirou Diomaye Faye se rendra \u00e0 Abu Dhabi, o\u00f9 il prendra part \u00e0 la Semaine de la Durabilit\u00e9, pr\u00e9vue les 14 et 15 janvier 2026. Ce forum international de premier plan r\u00e9unit chaque ann\u00e9e des chefs d\u2019\u00c9tat, des d\u00e9cideurs politiques, des acteurs \u00e9conomiques et des experts autour des enjeux majeurs li\u00e9s au d\u00e9veloppement durable, \u00e0 la transition \u00e9nerg\u00e9tique et \u00e0 l\u2019innovation technologique.<\/p>\n<p data-start=\"1559\" data-end=\"1883\">La participation du S\u00e9n\u00e9gal \u00e0 cette rencontre traduit la volont\u00e9 des autorit\u00e9s de positionner le pays comme un acteur engag\u00e9 dans la promotion de mod\u00e8les de d\u00e9veloppement r\u00e9silients et respectueux de l\u2019environnement, tout en attirant des investissements structurants au service de la transformation \u00e9conomique nationale.<\/p>\n<p data-start=\"1885\" data-end=\"2145\">Cette tourn\u00e9e au Moyen-Orient s\u2019inscrit ainsi dans la dynamique diplomatique impuls\u00e9e par le Chef de l\u2019\u00c9tat, visant \u00e0 diversifier les partenariats internationaux du S\u00e9n\u00e9gal et \u00e0 renforcer sa pr\u00e9sence sur les sc\u00e8nes \u00e9conomique et environnementale mondiales.<\/p>\n<div class='share-to-whatsapp-wrapper'><div class='share-on-whsp'>PARTAGER SUR : <\/div><a data-text='COOPERATION BILATERALE - Le Pr\u00e9sident Bassirou Diomaye Faye en tourn\u00e9e officielle au Moyen-Orient' data-link='https:\/\/www.nettali.com\/2026\/01\/12\/cooperation-bilaterale-le-president-bassirou-diomaye-faye-en-tournee-officielle-au-moyen-orient\/' class='whatsapp-button whatsapp-share'>WhatsApp<\/a><div class='clear '><\/div><\/div>","protected":false},"excerpt":{"rendered":"<p>NETTALI.COM - Le Pr\u00e9sident de la R\u00e9publique, Bassirou Diomaye Faye, a quitt\u00e9 Dakar ce lundi matin pour une tourn\u00e9e diplomatique au Moyen-Orient, qui le conduira successivement au Kowe\u00eft puis aux \u00c9mirats arabes unis, dans le cadre du renforcement des relations bilat\u00e9rales et de la diversification des partenariats strat\u00e9giques du S\u00e9n\u00e9gal. La premi\u00e8re \u00e9tape de cette [&hellip;]<\/p>\n","protected":false},"author":4,"featured_media":167804,"comment_status":"open","ping_status":"open","sticky":false,"template":"","format":"standard","meta":{"_et_pb_use_builder":"","_et_pb_old_content":""},"categories":[2],"tags":[],"yoast_head":"<!-- This site is optimized with the Yoast SEO Premium plugin v17.8 (Yoast SEO v17.8) - https:\/\/yoast.com\/wordpress\/plugins\/seo\/ -->\n<title>COOPERATION BILATERALE - Le Pr\u00e9sident Bassirou Diomaye Faye en tourn\u00e9e officielle au Moyen-Orient | Nettali.com<\/title>\n<meta name=\"robots\" content=\"index, follow, max-snippet:-1, max-image-preview:large, max-video-preview:-1\" \/>\n<link rel=\"canonical\" href=\"https:\/\/www.nettali.com\/2026\/01\/12\/cooperation-bilaterale-le-president-bassirou-diomaye-faye-en-tournee-officielle-au-moyen-orient\/\" \/>\n<meta property=\"og:locale\" content=\"fr_FR\" \/>\n<meta property=\"og:type\" content=\"article\" \/>\n<meta property=\"og:title\" content=\"COOPERATION BILATERALE - Le Pr\u00e9sident Bassirou Diomaye Faye en tourn\u00e9e officielle au Moyen-Orient\" \/>\n<meta property=\"og:description\" content=\"NETTALI.COM - Le Pr\u00e9sident de la R\u00e9publique, Bassirou Diomaye Faye, a quitt\u00e9 Dakar ce lundi matin pour une tourn\u00e9e diplomatique au Moyen-Orient, qui le conduira successivement au Kowe\u00eft puis aux \u00c9mirats arabes unis, dans le cadre du renforcement des relations bilat\u00e9rales et de la diversification des partenariats strat\u00e9giques du S\u00e9n\u00e9gal. La premi\u00e8re \u00e9tape de cette [&hellip;]\" \/>\n<meta property=\"og:url\" content=\"https:\/\/www.nettali.com\/2026\/01\/12\/cooperation-bilaterale-le-president-bassirou-diomaye-faye-en-tournee-officielle-au-moyen-orient\/\" \/>\n<meta property=\"og:site_name\" content=\"Nettali.com\" \/>\n<meta property=\"article:publisher\" content=\"https:\/\/www.facebook.com\/nettalicom\" \/>\n<meta property=\"article:published_time\" content=\"2026-01-12T10:57:48+00:00\" \/>\n<meta property=\"og:image\" content=\"https:\/\/www.nettali.com\/wp-content\/uploads\/2026\/01\/Diomaye-Sonko.jpg\" \/>\n\t<meta property=\"og:image:width\" content=\"932\" \/>\n\t<meta property=\"og:image:height\" content=\"569\" \/>\n<meta name=\"twitter:card\" content=\"summary_large_image\" \/>\n<meta name=\"twitter:label1\" content=\"\u00c9crit par\" \/>\n\t<meta name=\"twitter:data1\" content=\"Daouda\" \/>\n\t<meta name=\"twitter:label2\" content=\"Dur\u00e9e de lecture estim\u00e9e\" \/>\n\t<meta name=\"twitter:data2\" content=\"2 minutes\" \/>\n<script type=\"application\/ld+json\" class=\"yoast-schema-graph\">{\"@context\":\"https:\/\/schema.org\",\"@graph\":[{\"@type\":\"WebSite\",\"@id\":\"https:\/\/www.nettali.com\/#website\",\"url\":\"https:\/\/www.nettali.com\/\",\"name\":\"Nettali.com\",\"description\":\"Le rendez-vous critique du Net\",\"potentialAction\":[{\"@type\":\"SearchAction\",\"target\":{\"@type\":\"EntryPoint\",\"urlTemplate\":\"https:\/\/www.nettali.com\/?s={search_term_string}\"},\"query-input\":\"required name=search_term_string\"}],\"inLanguage\":\"fr-FR\"},{\"@type\":\"ImageObject\",\"@id\":\"https:\/\/www.nettali.com\/2026\/01\/12\/cooperation-bilaterale-le-president-bassirou-diomaye-faye-en-tournee-officielle-au-moyen-orient\/#primaryimage\",\"inLanguage\":\"fr-FR\",\"url\":\"https:\/\/www.nettali.com\/wp-content\/uploads\/2026\/01\/Diomaye-Sonko.jpg\",\"contentUrl\":\"https:\/\/www.nettali.com\/wp-content\/uploads\/2026\/01\/Diomaye-Sonko.jpg\",\"width\":932,\"height\":569},{\"@type\":\"WebPage\",\"@id\":\"https:\/\/www.nettali.com\/2026\/01\/12\/cooperation-bilaterale-le-president-bassirou-diomaye-faye-en-tournee-officielle-au-moyen-orient\/#webpage\",\"url\":\"https:\/\/www.nettali.com\/2026\/01\/12\/cooperation-bilaterale-le-president-bassirou-diomaye-faye-en-tournee-officielle-au-moyen-orient\/\",\"name\":\"COOPERATION BILATERALE - Le Pr\\u00e9sident Bassirou Diomaye Faye en tourn\\u00e9e officielle au Moyen-Orient | Nettali.com\",\"isPartOf\":{\"@id\":\"https:\/\/www.nettali.com\/#website\"},\"primaryImageOfPage\":{\"@id\":\"https:\/\/www.nettali.com\/2026\/01\/12\/cooperation-bilaterale-le-president-bassirou-diomaye-faye-en-tournee-officielle-au-moyen-orient\/#primaryimage\"},\"datePublished\":\"2026-01-12T10:57:48+00:00\",\"dateModified\":\"2026-01-12T10:57:48+00:00\",\"author\":{\"@id\":\"https:\/\/www.nettali.com\/#\/schema\/person\/3317e0bb3aa1da309fbf7b2780901bf4\"},\"breadcrumb\":{\"@id\":\"https:\/\/www.nettali.com\/2026\/01\/12\/cooperation-bilaterale-le-president-bassirou-diomaye-faye-en-tournee-officielle-au-moyen-orient\/#breadcrumb\"},\"inLanguage\":\"fr-FR\",\"potentialAction\":[{\"@type\":\"ReadAction\",\"target\":[\"https:\/\/www.nettali.com\/2026\/01\/12\/cooperation-bilaterale-le-president-bassirou-diomaye-faye-en-tournee-officielle-au-moyen-orient\/\"]}]},{\"@type\":\"BreadcrumbList\",\"@id\":\"https:\/\/www.nettali.com\/2026\/01\/12\/cooperation-bilaterale-le-president-bassirou-diomaye-faye-en-tournee-officielle-au-moyen-orient\/#breadcrumb\",\"itemListElement\":[{\"@type\":\"ListItem\",\"position\":1,\"name\":\"Accueil\",\"item\":\"https:\/\/www.nettali.com\/\"},{\"@type\":\"ListItem\",\"position\":2,\"name\":\"COOPERATION BILATERALE - Le Pr\\u00e9sident Bassirou Diomaye Faye en tourn\\u00e9e officielle au Moyen-Orient\"}]},{\"@type\":\"Person\",\"@id\":\"https:\/\/www.nettali.com\/#\/schema\/person\/3317e0bb3aa1da309fbf7b2780901bf4\",\"name\":\"Daouda\",\"image\":{\"@type\":\"ImageObject\",\"@id\":\"https:\/\/www.nettali.com\/#personlogo\",\"inLanguage\":\"fr-FR\",\"url\":\"https:\/\/secure.gravatar.com\/avatar\/8d143b5a49345098ddcfee1c49c2f47c?s=96&d=mm&r=g\",\"contentUrl\":\"https:\/\/secure.gravatar.com\/avatar\/8d143b5a49345098ddcfee1c49c2f47c?s=96&d=mm&r=g\",\"caption\":\"Daouda\"},\"sameAs\":[\"https:\/\/www.nettali.com\"]}]}<\/script>\n<!-- \/ Yoast SEO Premium plugin. -->","yoast_head_json":{"title":"COOPERATION BILATERALE - Le Pr\u00e9sident Bassirou Diomaye Faye en tourn\u00e9e officielle au Moyen-Orient | Nettali.com","robots":{"index":"index","follow":"follow","max-snippet":"max-snippet:-1","max-image-preview":"max-image-preview:large","max-video-preview":"max-video-preview:-1"},"canonical":"https:\/\/www.nettali.com\/2026\/01\/12\/cooperation-bilaterale-le-president-bassirou-diomaye-faye-en-tournee-officielle-au-moyen-orient\/","og_locale":"fr_FR","og_type":"article","og_title":"COOPERATION BILATERALE - Le Pr\u00e9sident Bassirou Diomaye Faye en tourn\u00e9e officielle au Moyen-Orient","og_description":"NETTALI.COM - Le Pr\u00e9sident de la R\u00e9publique, Bassirou Diomaye Faye, a quitt\u00e9 Dakar ce lundi matin pour une tourn\u00e9e diplomatique au Moyen-Orient, qui le conduira successivement au Kowe\u00eft puis aux \u00c9mirats arabes unis, dans le cadre du renforcement des relations bilat\u00e9rales et de la diversification des partenariats strat\u00e9giques du S\u00e9n\u00e9gal. La premi\u00e8re \u00e9tape de cette [&hellip;]","og_url":"https:\/\/www.nettali.com\/2026\/01\/12\/cooperation-bilaterale-le-president-bassirou-diomaye-faye-en-tournee-officielle-au-moyen-orient\/","og_site_name":"Nettali.com","article_publisher":"https:\/\/www.facebook.com\/nettalicom","article_published_time":"2026-01-12T10:57:48+00:00","og_image":[{"width":932,"height":569,"url":"https:\/\/www.nettali.com\/wp-content\/uploads\/2026\/01\/Diomaye-Sonko.jpg","type":"image\/jpeg"}],"twitter_card":"summary_large_image","twitter_misc":{"\u00c9crit par":"Daouda","Dur\u00e9e de lecture estim\u00e9e":"2 minutes"},"schema":{"@context":"https:\/\/schema.org","@graph":[{"@type":"WebSite","@id":"https:\/\/www.nettali.com\/#website","url":"https:\/\/www.nettali.com\/","name":"Nettali.com","description":"Le rendez-vous critique du Net","potentialAction":[{"@type":"SearchAction","target":{"@type":"EntryPoint","urlTemplate":"https:\/\/www.nettali.com\/?s={search_term_string}"},"query-input":"required name=search_term_string"}],"inLanguage":"fr-FR"},{"@type":"ImageObject","@id":"https:\/\/www.nettali.com\/2026\/01\/12\/cooperation-bilaterale-le-president-bassirou-diomaye-faye-en-tournee-officielle-au-moyen-orient\/#primaryimage","inLanguage":"fr-FR","url":"https:\/\/www.nettali.com\/wp-content\/uploads\/2026\/01\/Diomaye-Sonko.jpg","contentUrl":"https:\/\/www.nettali.com\/wp-content\/uploads\/2026\/01\/Diomaye-Sonko.jpg","width":932,"height":569},{"@type":"WebPage","@id":"https:\/\/www.nettali.com\/2026\/01\/12\/cooperation-bilaterale-le-president-bassirou-diomaye-faye-en-tournee-officielle-au-moyen-orient\/#webpage","url":"https:\/\/www.nettali.com\/2026\/01\/12\/cooperation-bilaterale-le-president-bassirou-diomaye-faye-en-tournee-officielle-au-moyen-orient\/","name":"COOPERATION BILATERALE - Le Pr\u00e9sident Bassirou Diomaye Faye en tourn\u00e9e officielle au Moyen-Orient | Nettali.com","isPartOf":{"@id":"https:\/\/www.nettali.com\/#website"},"primaryImageOfPage":{"@id":"https:\/\/www.nettali.com\/2026\/01\/12\/cooperation-bilaterale-le-president-bassirou-diomaye-faye-en-tournee-officielle-au-moyen-orient\/#primaryimage"},"datePublished":"2026-01-12T10:57:48+00:00","dateModified":"2026-01-12T10:57:48+00:00","author":{"@id":"https:\/\/www.nettali.com\/#\/schema\/person\/3317e0bb3aa1da309fbf7b2780901bf4"},"breadcrumb":{"@id":"https:\/\/www.nettali.com\/2026\/01\/12\/cooperation-bilaterale-le-president-bassirou-diomaye-faye-en-tournee-officielle-au-moyen-orient\/#breadcrumb"},"inLanguage":"fr-FR","potentialAction":[{"@type":"ReadAction","target":["https:\/\/www.nettali.com\/2026\/01\/12\/cooperation-bilaterale-le-president-bassirou-diomaye-faye-en-tournee-officielle-au-moyen-orient\/"]}]},{"@type":"BreadcrumbList","@id":"https:\/\/www.nettali.com\/2026\/01\/12\/cooperation-bilaterale-le-president-bassirou-diomaye-faye-en-tournee-officielle-au-moyen-orient\/#breadcrumb","itemListElement":[{"@type":"ListItem","position":1,"name":"Accueil","item":"https:\/\/www.nettali.com\/"},{"@type":"ListItem","position":2,"name":"COOPERATION BILATERALE - Le Pr\u00e9sident Bassirou Diomaye Faye en tourn\u00e9e officielle au Moyen-Orient"}]},{"@type":"Person","@id":"https:\/\/www.nettali.com\/#\/schema\/person\/3317e0bb3aa1da309fbf7b2780901bf4","name":"Daouda","image":{"@type":"ImageObject","@id":"https:\/\/www.nettali.com\/#personlogo","inLanguage":"fr-FR","url":"https:\/\/secure.gravatar.com\/avatar\/8d143b5a49345098ddcfee1c49c2f47c?s=96&d=mm&r=g","contentUrl":"https:\/\/secure.gravatar.com\/avatar\/8d143b5a49345098ddcfee1c49c2f47c?s=96&d=mm&r=g","caption":"Daouda"},"sameAs":["https:\/\/www.nettali.com"]}]}},"_links":{"self":[{"href":"https:\/\/www.nettali.com\/rest\/wp\/v2\/posts\/167803"}],"collection":[{"href":"https:\/\/www.nettali.com\/rest\/wp\/v2\/posts"}],"about":[{"href":"https:\/\/www.nettali.com\/rest\/wp\/v2\/types\/post"}],"author":[{"embeddable":true,"href":"https:\/\/www.nettali.com\/rest\/wp\/v2\/users\/4"}],"replies":[{"embeddable":true,"href":"https:\/\/www.nettali.com\/rest\/wp\/v2\/comments?post=167803"}],"version-history":[{"count":1,"href":"https:\/\/www.nettali.com\/rest\/wp\/v2\/posts\/167803\/revisions"}],"predecessor-version":[{"id":167805,"href":"https:\/\/www.nettali.com\/rest\/wp\/v2\/posts\/167803\/revisions\/167805"}],"wp:featuredmedia":[{"embeddable":true,"href":"https:\/\/www.nettali.com\/rest\/wp\/v2\/media\/167804"}],"wp:attachment":[{"href":"https:\/\/www.nettali.com\/rest\/wp\/v2\/media?parent=167803"}],"wp:term":[{"taxonomy":"category","embeddable":true,"href":"https:\/\/www.nettali.com\/rest\/wp\/v2\/categories?post=167803"},{"taxonomy":"post_tag","embeddable":true,"href":"https:\/\/www.nettali.com\/rest\/wp\/v2\/tags?post=167803"}],"curies":[{"name":"wp","href":"https:\/\/api.w.org\/{rel}","templated":true}]}}