{"id":167793,"date":"2026-01-12T12:16:57","date_gmt":"2026-01-12T12:16:57","guid":{"rendered":"https:\/\/www.nettali.com\/?p=167793"},"modified":"2026-01-12T07:34:42","modified_gmt":"2026-01-12T07:34:42","slug":"amadou-ba-defend-dr-babacar-diop-le-maire-sest-occupe-de-la-question-culturelle-comme-jamais-un-maire-ne-la-fait","status":"publish","type":"post","link":"https:\/\/www.nettali.com\/2026\/01\/12\/amadou-ba-defend-dr-babacar-diop-le-maire-sest-occupe-de-la-question-culturelle-comme-jamais-un-maire-ne-la-fait\/","title":{"rendered":"AMADOU BA D\u00c9FEND DR BABACAR DIOP - \"Le maire s\u2019est occup\u00e9 de la question culturelle comme jamais un maire ne l\u2019a fait\u2026\""},"content":{"rendered":"<p><strong>NETTALI.COM -<\/strong> La destruction de l\u2019oeuvre de Papa Ibra Tall, situ\u00e9e \u00e0 la Place de France \u00e0 Thi\u00e8s, a suscit\u00e9 une vive \u00e9motion dans le monde culturel s\u00e9n\u00e9galais.<\/p>\n<p>Face \u00e0 la pol\u00e9mique, le ministre de la Culture, de l\u2019Artisanat et du Tourisme, Amadou Ba, a voulu d\u00e9samorcer la pol\u00e9mique en appelant \u00e0 la retenue, \u00e0 la responsabilit\u00e9 collective et \u00e0 une r\u00e9flexion de fond sur la protection des oeuvres artistiques dans l\u2019espace public. Pour lui, il ne s\u2019agit ni \u201c<em>d\u2019enflammer la pol\u00e9mique<\/em>\u201d, ni de \u201c<em>jeter en p\u00e2ture le maire de Thi\u00e8s<\/em>\u201d. Il estime au contraire que l\u2019\u00e9dile municipal a agi avec de bonnes intentions, rappelant son engagement constant en faveur de la culture locale.<\/p>\n<p><em>\u201cIl s\u2019est occup\u00e9 de la question culturelle comme jamais un maire ne l\u2019a fait ces derni\u00e8res ann\u00e9es \u00e0 Thi\u00e8s<\/em>\u201d, a soulign\u00e9 Amadou Ba, saluant une volont\u00e9 politique qu\u2019il juge rare et m\u00e9ritoire. Il \u00e9tait l\u2019invit\u00e9 de l\u2019\u00e9mission En V\u00e9rit\u00e9 de RSI.<\/p>\n<p>Reconnaissant l\u2019\u00e9tat de d\u00e9gradation avanc\u00e9e de l\u2019oeuvre, le ministre partage le constat dress\u00e9 par les autorit\u00e9s locales et les citoyens : \u201c<em>la d\u00e9t\u00e9rioration \u00e9tait visible et largement d\u00e9nonc\u00e9e<\/em>\u201d.<\/p>\n<p>Toutefois, il insiste sur la n\u00e9cessit\u00e9 de distinguer le diagnostic de la m\u00e9thode. Pour lui, cette situation met surtout en lumi\u00e8re l\u2019absence de proc\u00e9dures claires et partag\u00e9es en mati\u00e8re de r\u00e9habilitation des oeuvres d\u2019art public.<\/p>\n<p>Au-del\u00e0 de la controverse, le minist\u00e8re entend tirer des enseignements durables. Amadou Ba annonce ainsi la mise en place de m\u00e9canismes sp\u00e9cifiques pour accompagner les collectivit\u00e9s territoriales confront\u00e9es \u00e0 la gestion d\u2019oeuvres patrimoniales. L\u2019objectif est clair : \u00e9viter que de telles situations ne se reproduisent et garantir une prise en charge concert\u00e9e, techniquement encadr\u00e9e et respectueuse de l\u2019h\u00e9ritage artistique national.<\/p>\n<p>Parmi les mesures annonc\u00e9es figure le lancement d\u2019un vaste r\u00e9pertoire national des sites et oeuvres culturelles, y compris celles qui ne sont pas class\u00e9es. Des forts historiques de S\u00e9dhiou et Podor aux fresques diss\u00e9min\u00e9es \u00e0 Dakar et dans les r\u00e9gions, il s\u2019agit de dresser un inventaire exhaustif du patrimoine artistique et culturel. Ce travail permettra, \u00e0 terme, de mieux surveiller, prot\u00e9ger et intervenir en amont.<\/p>\n<p>Dans cette dynamique, le ministre \u00e9voque la cr\u00e9ation d\u2019un dispositif sp\u00e9cialis\u00e9 de protection, \u00e0 l\u2019image de la Dscos, d\u00e9di\u00e9 \u00e0 la surveillance des sites et oeuvres culturelles, en collaboration avec les forces de s\u00e9curit\u00e9. Une initiative jug\u00e9e essentielle pour pr\u00e9venir les d\u00e9gradations et renforcer la conscience patrimoniale nationale.<\/p>\n<p>Amadou Ba voit dans cette affaire un r\u00e9v\u00e9lateur plus profond : celui de la m\u00e9connaissance des grandes oeuvres et de leurs auteurs. \u201c<em>L\u2019oeuvre de Papa Ibra Tall est monumentale, mais elle demeure inconnue ou m\u00e9connue, comme beaucoup d\u2019autres<\/em>\u201d, d\u00e9plore-t-il. D\u2019o\u00f9 son appel \u00e0 un renouveau culturel de replacer les artistes et le patrimoine au coeur de l\u2019actualit\u00e9 nationale.<\/p>\n<p>Au-del\u00e0 l'actualit\u00e9 culturelle, Amadou B\u00e2 s\u2019est prononc\u00e9 sur la justice. \u201c<em>Pour le Premier ministre Ousmane Sonko et la r\u00e9vision annonc\u00e9e de son proc\u00e8s, ce sont des moyens que lui offre le droit. La r\u00e9vision est permise par la loi. Mais d\u00e8s \u00e0 pr\u00e9sent je tiens \u00e0 rassurer tout le monde. Au moment o\u00f9 je vous parle, rien ne peut emp\u00eacher la candidature du pr\u00e9sident de Pastef en 2029<\/em>\u201d, commente M. Ba.<\/p>\n<p>Il souligne \u00e9galement que la r\u00e9vision de proc\u00e8s souhait\u00e9e est juste une opportunit\u00e9 saisie par le PM pour \u201c<em>laver son honneur<\/em>\u201d.<\/p>\n<p>Enfin, concernant ce sujet, il fustige l'approche de l'opposition, consistant selon lui, \u00e0 toujours se cacher derri\u00e8re la justice pour emp\u00eacher la candidature de l'actuel chef du gouvernement.<\/p>\n<div class='share-to-whatsapp-wrapper'><div class='share-on-whsp'>PARTAGER SUR : <\/div><a data-text='AMADOU BA D\u00c9FEND DR BABACAR DIOP - \"Le maire s\u2019est occup\u00e9 de la question culturelle comme jamais un maire ne l\u2019a fait\u2026\"' data-link='https:\/\/www.nettali.com\/2026\/01\/12\/amadou-ba-defend-dr-babacar-diop-le-maire-sest-occupe-de-la-question-culturelle-comme-jamais-un-maire-ne-la-fait\/' class='whatsapp-button whatsapp-share'>WhatsApp<\/a><div class='clear '><\/div><\/div>","protected":false},"excerpt":{"rendered":"<p>NETTALI.COM - La destruction de l\u2019oeuvre de Papa Ibra Tall, situ\u00e9e \u00e0 la Place de France \u00e0 Thi\u00e8s, a suscit\u00e9 une vive \u00e9motion dans le monde culturel s\u00e9n\u00e9galais. Face \u00e0 la pol\u00e9mique, le ministre de la Culture, de l\u2019Artisanat et du Tourisme, Amadou Ba, a voulu d\u00e9samorcer la pol\u00e9mique en appelant \u00e0 la retenue, \u00e0 [&hellip;]<\/p>\n","protected":false},"author":2,"featured_media":167794,"comment_status":"open","ping_status":"open","sticky":false,"template":"","format":"standard","meta":{"_et_pb_use_builder":"","_et_pb_old_content":""},"categories":[5],"tags":[],"yoast_head":"<!-- This site is optimized with the Yoast SEO Premium plugin v17.8 (Yoast SEO v17.8) - https:\/\/yoast.com\/wordpress\/plugins\/seo\/ -->\n<title>AMADOU BA D\u00c9FEND DR BABACAR DIOP - &quot;Le maire s\u2019est occup\u00e9 de la question culturelle comme jamais un maire ne l\u2019a fait\u2026&quot; | Nettali.com<\/title>\n<meta name=\"robots\" content=\"index, follow, max-snippet:-1, max-image-preview:large, max-video-preview:-1\" \/>\n<link rel=\"canonical\" href=\"https:\/\/www.nettali.com\/2026\/01\/12\/amadou-ba-defend-dr-babacar-diop-le-maire-sest-occupe-de-la-question-culturelle-comme-jamais-un-maire-ne-la-fait\/\" \/>\n<meta property=\"og:locale\" content=\"fr_FR\" \/>\n<meta property=\"og:type\" content=\"article\" \/>\n<meta property=\"og:title\" content=\"AMADOU BA D\u00c9FEND DR BABACAR DIOP - &quot;Le maire s\u2019est occup\u00e9 de la question culturelle comme jamais un maire ne l\u2019a fait\u2026&quot;\" \/>\n<meta property=\"og:description\" content=\"NETTALI.COM - La destruction de l\u2019oeuvre de Papa Ibra Tall, situ\u00e9e \u00e0 la Place de France \u00e0 Thi\u00e8s, a suscit\u00e9 une vive \u00e9motion dans le monde culturel s\u00e9n\u00e9galais. Face \u00e0 la pol\u00e9mique, le ministre de la Culture, de l\u2019Artisanat et du Tourisme, Amadou Ba, a voulu d\u00e9samorcer la pol\u00e9mique en appelant \u00e0 la retenue, \u00e0 [&hellip;]\" \/>\n<meta property=\"og:url\" content=\"https:\/\/www.nettali.com\/2026\/01\/12\/amadou-ba-defend-dr-babacar-diop-le-maire-sest-occupe-de-la-question-culturelle-comme-jamais-un-maire-ne-la-fait\/\" \/>\n<meta property=\"og:site_name\" content=\"Nettali.com\" \/>\n<meta property=\"article:publisher\" content=\"https:\/\/www.facebook.com\/nettalicom\" \/>\n<meta property=\"article:published_time\" content=\"2026-01-12T12:16:57+00:00\" \/>\n<meta property=\"article:modified_time\" content=\"2026-01-12T07:34:42+00:00\" \/>\n<meta property=\"og:image\" content=\"https:\/\/www.nettali.com\/wp-content\/uploads\/2026\/01\/images.jpeg\" \/>\n\t<meta property=\"og:image:width\" content=\"292\" \/>\n\t<meta property=\"og:image:height\" content=\"172\" \/>\n<meta name=\"twitter:card\" content=\"summary_large_image\" \/>\n<meta name=\"twitter:label1\" content=\"\u00c9crit par\" \/>\n\t<meta name=\"twitter:data1\" content=\"CK\" \/>\n\t<meta name=\"twitter:label2\" content=\"Dur\u00e9e de lecture estim\u00e9e\" \/>\n\t<meta name=\"twitter:data2\" content=\"3 minutes\" \/>\n<script type=\"application\/ld+json\" class=\"yoast-schema-graph\">{\"@context\":\"https:\/\/schema.org\",\"@graph\":[{\"@type\":\"WebSite\",\"@id\":\"https:\/\/www.nettali.com\/#website\",\"url\":\"https:\/\/www.nettali.com\/\",\"name\":\"Nettali.com\",\"description\":\"Le rendez-vous critique du Net\",\"potentialAction\":[{\"@type\":\"SearchAction\",\"target\":{\"@type\":\"EntryPoint\",\"urlTemplate\":\"https:\/\/www.nettali.com\/?s={search_term_string}\"},\"query-input\":\"required name=search_term_string\"}],\"inLanguage\":\"fr-FR\"},{\"@type\":\"ImageObject\",\"@id\":\"https:\/\/www.nettali.com\/2026\/01\/12\/amadou-ba-defend-dr-babacar-diop-le-maire-sest-occupe-de-la-question-culturelle-comme-jamais-un-maire-ne-la-fait\/#primaryimage\",\"inLanguage\":\"fr-FR\",\"url\":\"https:\/\/www.nettali.com\/wp-content\/uploads\/2026\/01\/images.jpeg\",\"contentUrl\":\"https:\/\/www.nettali.com\/wp-content\/uploads\/2026\/01\/images.jpeg\",\"width\":292,\"height\":172},{\"@type\":\"WebPage\",\"@id\":\"https:\/\/www.nettali.com\/2026\/01\/12\/amadou-ba-defend-dr-babacar-diop-le-maire-sest-occupe-de-la-question-culturelle-comme-jamais-un-maire-ne-la-fait\/#webpage\",\"url\":\"https:\/\/www.nettali.com\/2026\/01\/12\/amadou-ba-defend-dr-babacar-diop-le-maire-sest-occupe-de-la-question-culturelle-comme-jamais-un-maire-ne-la-fait\/\",\"name\":\"AMADOU BA D\\u00c9FEND DR BABACAR DIOP - \\\"Le maire s\\u2019est occup\\u00e9 de la question culturelle comme jamais un maire ne l\\u2019a fait\\u2026\\\" | Nettali.com\",\"isPartOf\":{\"@id\":\"https:\/\/www.nettali.com\/#website\"},\"primaryImageOfPage\":{\"@id\":\"https:\/\/www.nettali.com\/2026\/01\/12\/amadou-ba-defend-dr-babacar-diop-le-maire-sest-occupe-de-la-question-culturelle-comme-jamais-un-maire-ne-la-fait\/#primaryimage\"},\"datePublished\":\"2026-01-12T12:16:57+00:00\",\"dateModified\":\"2026-01-12T07:34:42+00:00\",\"author\":{\"@id\":\"https:\/\/www.nettali.com\/#\/schema\/person\/d8ac7b7e27ddad43f1c0d2ef090d7f71\"},\"breadcrumb\":{\"@id\":\"https:\/\/www.nettali.com\/2026\/01\/12\/amadou-ba-defend-dr-babacar-diop-le-maire-sest-occupe-de-la-question-culturelle-comme-jamais-un-maire-ne-la-fait\/#breadcrumb\"},\"inLanguage\":\"fr-FR\",\"potentialAction\":[{\"@type\":\"ReadAction\",\"target\":[\"https:\/\/www.nettali.com\/2026\/01\/12\/amadou-ba-defend-dr-babacar-diop-le-maire-sest-occupe-de-la-question-culturelle-comme-jamais-un-maire-ne-la-fait\/\"]}]},{\"@type\":\"BreadcrumbList\",\"@id\":\"https:\/\/www.nettali.com\/2026\/01\/12\/amadou-ba-defend-dr-babacar-diop-le-maire-sest-occupe-de-la-question-culturelle-comme-jamais-un-maire-ne-la-fait\/#breadcrumb\",\"itemListElement\":[{\"@type\":\"ListItem\",\"position\":1,\"name\":\"Accueil\",\"item\":\"https:\/\/www.nettali.com\/\"},{\"@type\":\"ListItem\",\"position\":2,\"name\":\"AMADOU BA D\\u00c9FEND DR BABACAR DIOP - \\\"Le maire s\\u2019est occup\\u00e9 de la question culturelle comme jamais un maire ne l\\u2019a fait\\u2026\\\"\"}]},{\"@type\":\"Person\",\"@id\":\"https:\/\/www.nettali.com\/#\/schema\/person\/d8ac7b7e27ddad43f1c0d2ef090d7f71\",\"name\":\"CK\",\"image\":{\"@type\":\"ImageObject\",\"@id\":\"https:\/\/www.nettali.com\/#personlogo\",\"inLanguage\":\"fr-FR\",\"url\":\"https:\/\/secure.gravatar.com\/avatar\/1d8d5118b9327d94da7cd4ce7f17fec2?s=96&d=mm&r=g\",\"contentUrl\":\"https:\/\/secure.gravatar.com\/avatar\/1d8d5118b9327d94da7cd4ce7f17fec2?s=96&d=mm&r=g\",\"caption\":\"CK\"},\"sameAs\":[\"https:\/\/www.nettali.com\"]}]}<\/script>\n<!-- \/ Yoast SEO Premium plugin. -->","yoast_head_json":{"title":"AMADOU BA D\u00c9FEND DR BABACAR DIOP - \"Le maire s\u2019est occup\u00e9 de la question culturelle comme jamais un maire ne l\u2019a fait\u2026\" | Nettali.com","robots":{"index":"index","follow":"follow","max-snippet":"max-snippet:-1","max-image-preview":"max-image-preview:large","max-video-preview":"max-video-preview:-1"},"canonical":"https:\/\/www.nettali.com\/2026\/01\/12\/amadou-ba-defend-dr-babacar-diop-le-maire-sest-occupe-de-la-question-culturelle-comme-jamais-un-maire-ne-la-fait\/","og_locale":"fr_FR","og_type":"article","og_title":"AMADOU BA D\u00c9FEND DR BABACAR DIOP - \"Le maire s\u2019est occup\u00e9 de la question culturelle comme jamais un maire ne l\u2019a fait\u2026\"","og_description":"NETTALI.COM - La destruction de l\u2019oeuvre de Papa Ibra Tall, situ\u00e9e \u00e0 la Place de France \u00e0 Thi\u00e8s, a suscit\u00e9 une vive \u00e9motion dans le monde culturel s\u00e9n\u00e9galais. Face \u00e0 la pol\u00e9mique, le ministre de la Culture, de l\u2019Artisanat et du Tourisme, Amadou Ba, a voulu d\u00e9samorcer la pol\u00e9mique en appelant \u00e0 la retenue, \u00e0 [&hellip;]","og_url":"https:\/\/www.nettali.com\/2026\/01\/12\/amadou-ba-defend-dr-babacar-diop-le-maire-sest-occupe-de-la-question-culturelle-comme-jamais-un-maire-ne-la-fait\/","og_site_name":"Nettali.com","article_publisher":"https:\/\/www.facebook.com\/nettalicom","article_published_time":"2026-01-12T12:16:57+00:00","article_modified_time":"2026-01-12T07:34:42+00:00","og_image":[{"width":292,"height":172,"url":"https:\/\/www.nettali.com\/wp-content\/uploads\/2026\/01\/images.jpeg","type":"image\/jpeg"}],"twitter_card":"summary_large_image","twitter_misc":{"\u00c9crit par":"CK","Dur\u00e9e de lecture estim\u00e9e":"3 minutes"},"schema":{"@context":"https:\/\/schema.org","@graph":[{"@type":"WebSite","@id":"https:\/\/www.nettali.com\/#website","url":"https:\/\/www.nettali.com\/","name":"Nettali.com","description":"Le rendez-vous critique du Net","potentialAction":[{"@type":"SearchAction","target":{"@type":"EntryPoint","urlTemplate":"https:\/\/www.nettali.com\/?s={search_term_string}"},"query-input":"required name=search_term_string"}],"inLanguage":"fr-FR"},{"@type":"ImageObject","@id":"https:\/\/www.nettali.com\/2026\/01\/12\/amadou-ba-defend-dr-babacar-diop-le-maire-sest-occupe-de-la-question-culturelle-comme-jamais-un-maire-ne-la-fait\/#primaryimage","inLanguage":"fr-FR","url":"https:\/\/www.nettali.com\/wp-content\/uploads\/2026\/01\/images.jpeg","contentUrl":"https:\/\/www.nettali.com\/wp-content\/uploads\/2026\/01\/images.jpeg","width":292,"height":172},{"@type":"WebPage","@id":"https:\/\/www.nettali.com\/2026\/01\/12\/amadou-ba-defend-dr-babacar-diop-le-maire-sest-occupe-de-la-question-culturelle-comme-jamais-un-maire-ne-la-fait\/#webpage","url":"https:\/\/www.nettali.com\/2026\/01\/12\/amadou-ba-defend-dr-babacar-diop-le-maire-sest-occupe-de-la-question-culturelle-comme-jamais-un-maire-ne-la-fait\/","name":"AMADOU BA D\u00c9FEND DR BABACAR DIOP - \"Le maire s\u2019est occup\u00e9 de la question culturelle comme jamais un maire ne l\u2019a fait\u2026\" | Nettali.com","isPartOf":{"@id":"https:\/\/www.nettali.com\/#website"},"primaryImageOfPage":{"@id":"https:\/\/www.nettali.com\/2026\/01\/12\/amadou-ba-defend-dr-babacar-diop-le-maire-sest-occupe-de-la-question-culturelle-comme-jamais-un-maire-ne-la-fait\/#primaryimage"},"datePublished":"2026-01-12T12:16:57+00:00","dateModified":"2026-01-12T07:34:42+00:00","author":{"@id":"https:\/\/www.nettali.com\/#\/schema\/person\/d8ac7b7e27ddad43f1c0d2ef090d7f71"},"breadcrumb":{"@id":"https:\/\/www.nettali.com\/2026\/01\/12\/amadou-ba-defend-dr-babacar-diop-le-maire-sest-occupe-de-la-question-culturelle-comme-jamais-un-maire-ne-la-fait\/#breadcrumb"},"inLanguage":"fr-FR","potentialAction":[{"@type":"ReadAction","target":["https:\/\/www.nettali.com\/2026\/01\/12\/amadou-ba-defend-dr-babacar-diop-le-maire-sest-occupe-de-la-question-culturelle-comme-jamais-un-maire-ne-la-fait\/"]}]},{"@type":"BreadcrumbList","@id":"https:\/\/www.nettali.com\/2026\/01\/12\/amadou-ba-defend-dr-babacar-diop-le-maire-sest-occupe-de-la-question-culturelle-comme-jamais-un-maire-ne-la-fait\/#breadcrumb","itemListElement":[{"@type":"ListItem","position":1,"name":"Accueil","item":"https:\/\/www.nettali.com\/"},{"@type":"ListItem","position":2,"name":"AMADOU BA D\u00c9FEND DR BABACAR DIOP - \"Le maire s\u2019est occup\u00e9 de la question culturelle comme jamais un maire ne l\u2019a fait\u2026\""}]},{"@type":"Person","@id":"https:\/\/www.nettali.com\/#\/schema\/person\/d8ac7b7e27ddad43f1c0d2ef090d7f71","name":"CK","image":{"@type":"ImageObject","@id":"https:\/\/www.nettali.com\/#personlogo","inLanguage":"fr-FR","url":"https:\/\/secure.gravatar.com\/avatar\/1d8d5118b9327d94da7cd4ce7f17fec2?s=96&d=mm&r=g","contentUrl":"https:\/\/secure.gravatar.com\/avatar\/1d8d5118b9327d94da7cd4ce7f17fec2?s=96&d=mm&r=g","caption":"CK"},"sameAs":["https:\/\/www.nettali.com"]}]}},"_links":{"self":[{"href":"https:\/\/www.nettali.com\/rest\/wp\/v2\/posts\/167793"}],"collection":[{"href":"https:\/\/www.nettali.com\/rest\/wp\/v2\/posts"}],"about":[{"href":"https:\/\/www.nettali.com\/rest\/wp\/v2\/types\/post"}],"author":[{"embeddable":true,"href":"https:\/\/www.nettali.com\/rest\/wp\/v2\/users\/2"}],"replies":[{"embeddable":true,"href":"https:\/\/www.nettali.com\/rest\/wp\/v2\/comments?post=167793"}],"version-history":[{"count":1,"href":"https:\/\/www.nettali.com\/rest\/wp\/v2\/posts\/167793\/revisions"}],"predecessor-version":[{"id":167795,"href":"https:\/\/www.nettali.com\/rest\/wp\/v2\/posts\/167793\/revisions\/167795"}],"wp:featuredmedia":[{"embeddable":true,"href":"https:\/\/www.nettali.com\/rest\/wp\/v2\/media\/167794"}],"wp:attachment":[{"href":"https:\/\/www.nettali.com\/rest\/wp\/v2\/media?parent=167793"}],"wp:term":[{"taxonomy":"category","embeddable":true,"href":"https:\/\/www.nettali.com\/rest\/wp\/v2\/categories?post=167793"},{"taxonomy":"post_tag","embeddable":true,"href":"https:\/\/www.nettali.com\/rest\/wp\/v2\/tags?post=167793"}],"curies":[{"name":"wp","href":"https:\/\/api.w.org\/{rel}","templated":true}]}}