{"id":167775,"date":"2026-01-11T18:08:21","date_gmt":"2026-01-11T18:08:21","guid":{"rendered":"https:\/\/www.nettali.com\/?p=167775"},"modified":"2026-01-12T14:12:43","modified_gmt":"2026-01-12T14:12:43","slug":"regime-de-diomaye-sonko-lapr-juge-lannee-2025-eprouvante-pour-les-senegalais","status":"publish","type":"post","link":"https:\/\/www.nettali.com\/2026\/01\/11\/regime-de-diomaye-sonko-lapr-juge-lannee-2025-eprouvante-pour-les-senegalais\/","title":{"rendered":"REGIME DE DIOMAYE-SONKO - L\u2019APR\u00a0 juge l\u2019ann\u00e9e 2025 \u00ab \u00e9prouvante \u00bb pour les S\u00e9n\u00e9galais"},"content":{"rendered":"<p data-start=\"247\" data-end=\"737\"><strong data-start=\"247\" data-end=\"737\">NETTALI.COM - Dans un communiqu\u00e9 rendu public, l\u2019Alliance Pour la R\u00e9publique (APR) a livr\u00e9 une analyse tr\u00e8s critique de la situation nationale, qualifiant l\u2019ann\u00e9e 2025 de l\u2019une des plus difficiles jamais v\u00e9cues par le peuple s\u00e9n\u00e9galais. Le parti de l\u2019ancien pr\u00e9sident Macky Sall met en cause la gouvernance du tandem Bassirou Diomaye Faye\u2013Ousmane Sonko, qu\u2019il accuse d\u2019incomp\u00e9tence, de reniements et d\u2019incapacit\u00e9 \u00e0 apporter des r\u00e9ponses cr\u00e9dibles aux d\u00e9fis \u00e9conomiques, sociaux et politiques du pays.<\/strong><\/p>\n<p data-start=\"744\" data-end=\"1121\">L\u2019Alliance Pour la R\u00e9publique (APR), principale formation de l\u2019opposition, estime que l\u2019ann\u00e9e 2025 restera grav\u00e9e comme \u00ab l\u2019une des plus dures et des plus \u00e9prouvantes \u00bb pour les S\u00e9n\u00e9galais. Dans un communiqu\u00e9 sign\u00e9 par son Secr\u00e9tariat ex\u00e9cutif national, le parti d\u00e9crit un climat marqu\u00e9 par une crise multidimensionnelle affectant profond\u00e9ment le quotidien des populations.<\/p>\n<p data-start=\"1123\" data-end=\"1384\">\u00ab <em data-start=\"1125\" data-end=\"1304\">Abandonn\u00e9s \u00e0 leur triste sort face \u00e0 une crise politique, \u00e9conomique, sociale et morale exceptionnellement grave, nos compatriotes vivent \u00e0 la limite de l\u2019humainement acceptable<\/em> \u00bb, affirme le document, qui dresse un tableau sombre de la situation nationale.<\/p>\n<p data-start=\"1425\" data-end=\"1783\">L\u2019APR accuse le r\u00e9gime en place d\u2019avoir multipli\u00e9 les reniements politiques et les \u201cforfaitures embl\u00e9matiques\u201d, sans toutefois en pr\u00e9ciser la liste exhaustive. Le parti \u00e9voque \u00e9galement l\u2019\u00e9chec de la tourn\u00e9e \u00e9conomique du pr\u00e9sident de la R\u00e9publique en Casamance, estimant que cette initiative n\u2019a d\u00e9bouch\u00e9 sur aucune perspective concr\u00e8te de redressement.<\/p>\n<p data-start=\"1785\" data-end=\"2073\">Sur le plan institutionnel, l\u2019opposition rejette fermement la volont\u00e9 du gouvernement d\u2019engager des r\u00e9formes constitutionnelles par voie parlementaire. Selon l\u2019APR, le S\u00e9n\u00e9gal, qui a connu \u00ab trois alternances d\u00e9mocratiques et pacifiques \u00bb, ne souffre pas d\u2019un probl\u00e8me institutionnel.<\/p>\n<p data-start=\"2075\" data-end=\"2232\">\u00ab <em data-start=\"2077\" data-end=\"2206\">Le probl\u00e8me du S\u00e9n\u00e9gal n\u2019est pas institutionnel. Il est \u00e9conomique, social et rel\u00e8ve d\u2019une gouvernance en dessous des standards<\/em> \u00bb, tranche le communiqu\u00e9.<\/p>\n<p data-start=\"2289\" data-end=\"2645\">Sur le plan \u00e9conomique, l\u2019APR parle d\u2019un <em>\u00ab blocage \u00e9conomique \u00bb<\/em>, cons\u00e9quence, selon elle, de mesures gouvernementales <em>\u00ab tatillonnes, ineptes et hasardeuses \u00bb<\/em>. Le parti d\u2019opposition d\u00e9nonce une diplomatie affaiblie, un syst\u00e8me \u00e9ducatif laiss\u00e9 \u00e0 l\u2019abandon, une agriculture en difficult\u00e9 persistante, ainsi que l\u2019ampleur du ch\u00f4mage et la chert\u00e9 de la vie.<\/p>\n<p data-start=\"2647\" data-end=\"2843\">La formation politique souligne \u00e9galement les difficult\u00e9s quotidiennes de la m\u00e9nag\u00e8re s\u00e9n\u00e9galaise, qu\u2019elle consid\u00e8re comme l\u2019un des symboles les plus visibles de la d\u00e9gradation du pouvoir d\u2019achat.<\/p>\n<p data-start=\"2845\" data-end=\"3175\">Par ailleurs, l\u2019APR s\u2019interroge sur l\u2019annonce par le gouvernement de la mobilisation de <em>\u00ab dizaines de milliards de francs CFA en seulement deux jours \u00bb,<\/em> en dehors des circuits financiers habituels. Cette op\u00e9ration est qualifi\u00e9e <em>d\u2019\u00ab ing\u00e9nierie financi\u00e8re douteuse \u00bb<\/em> et interpr\u00e9t\u00e9e comme un <em>\u00ab cinglant aveu d\u2019impuissance coupable \u00bb<\/em>.<\/p>\n<p data-start=\"3242\" data-end=\"3503\">Sur le plan politique, le communiqu\u00e9 \u00e9voque de fortes tensions internes au sein de l\u2019Ex\u00e9cutif, allant jusqu\u2019\u00e0 parler d\u2019une <em>\u00ab lutte mortelle entre les deux t\u00eates de l\u2019\u00c9tat \u00bb<\/em>, qui emp\u00eacherait toute action gouvernementale coh\u00e9rente au b\u00e9n\u00e9fice des populations.<\/p>\n<p data-start=\"3505\" data-end=\"3853\">L\u2019APR s\u2019attaque \u00e9galement au Premier ministre Ousmane Sonko, qu\u2019elle accuse de chercher \u00e0 <em>\u00ab mobiliser un pan du syst\u00e8me judiciaire \u00bb<\/em> dans le cadre de la proc\u00e9dure pendante devant la Cour supr\u00eame, li\u00e9e \u00e0 l\u2019affaire l\u2019opposant \u00e0 Mame Mbaye Niang. Le parti appelle les magistrats \u00e0 faire preuve d\u2019ind\u00e9pendance et \u00e0 ne c\u00e9der \u00e0 aucune pression politique.<\/p>\n<p data-start=\"3884\" data-end=\"4231\">Face \u00e0 ce qu\u2019elle qualifie de situation <em>\u00ab insoutenable \u00bb<\/em>, l\u2019Alliance Pour la R\u00e9publique estime que \u00ab <em data-start=\"3985\" data-end=\"4043\">vaincre le pouvoir du Pastef est la seule voie salutaire<\/em> \u00bb pour sortir le pays du marasme actuel. Le parti affirme vouloir incarner une alternative capable de r\u00e9pondre aux aspirations \u00e9conomiques, sociales et d\u00e9mocratiques du peuple s\u00e9n\u00e9galais.<\/p>\n<div class='share-to-whatsapp-wrapper'><div class='share-on-whsp'>PARTAGER SUR : <\/div><a data-text='REGIME DE DIOMAYE-SONKO - L\u2019APR\u00a0 juge l\u2019ann\u00e9e 2025 \u00ab \u00e9prouvante \u00bb pour les S\u00e9n\u00e9galais' data-link='https:\/\/www.nettali.com\/2026\/01\/11\/regime-de-diomaye-sonko-lapr-juge-lannee-2025-eprouvante-pour-les-senegalais\/' class='whatsapp-button whatsapp-share'>WhatsApp<\/a><div class='clear '><\/div><\/div>","protected":false},"excerpt":{"rendered":"<p>NETTALI.COM - Dans un communiqu\u00e9 rendu public, l\u2019Alliance Pour la R\u00e9publique (APR) a livr\u00e9 une analyse tr\u00e8s critique de la situation nationale, qualifiant l\u2019ann\u00e9e 2025 de l\u2019une des plus difficiles jamais v\u00e9cues par le peuple s\u00e9n\u00e9galais. Le parti de l\u2019ancien pr\u00e9sident Macky Sall met en cause la gouvernance du tandem Bassirou Diomaye Faye\u2013Ousmane Sonko, qu\u2019il [&hellip;]<\/p>\n","protected":false},"author":4,"featured_media":165895,"comment_status":"open","ping_status":"open","sticky":false,"template":"","format":"standard","meta":{"_et_pb_use_builder":"","_et_pb_old_content":""},"categories":[2],"tags":[],"yoast_head":"<!-- This site is optimized with the Yoast SEO Premium plugin v17.8 (Yoast SEO v17.8) - https:\/\/yoast.com\/wordpress\/plugins\/seo\/ -->\n<title>REGIME DE DIOMAYE-SONKO - L\u2019APR\u00a0 juge l\u2019ann\u00e9e 2025 \u00ab \u00e9prouvante \u00bb pour les S\u00e9n\u00e9galais | Nettali.com<\/title>\n<meta name=\"robots\" content=\"index, follow, max-snippet:-1, max-image-preview:large, max-video-preview:-1\" \/>\n<link rel=\"canonical\" href=\"https:\/\/www.nettali.com\/2026\/01\/11\/regime-de-diomaye-sonko-lapr-juge-lannee-2025-eprouvante-pour-les-senegalais\/\" \/>\n<meta property=\"og:locale\" content=\"fr_FR\" \/>\n<meta property=\"og:type\" content=\"article\" \/>\n<meta property=\"og:title\" content=\"REGIME DE DIOMAYE-SONKO - L\u2019APR\u00a0 juge l\u2019ann\u00e9e 2025 \u00ab \u00e9prouvante \u00bb pour les S\u00e9n\u00e9galais\" \/>\n<meta property=\"og:description\" content=\"NETTALI.COM - Dans un communiqu\u00e9 rendu public, l\u2019Alliance Pour la R\u00e9publique (APR) a livr\u00e9 une analyse tr\u00e8s critique de la situation nationale, qualifiant l\u2019ann\u00e9e 2025 de l\u2019une des plus difficiles jamais v\u00e9cues par le peuple s\u00e9n\u00e9galais. Le parti de l\u2019ancien pr\u00e9sident Macky Sall met en cause la gouvernance du tandem Bassirou Diomaye Faye\u2013Ousmane Sonko, qu\u2019il [&hellip;]\" \/>\n<meta property=\"og:url\" content=\"https:\/\/www.nettali.com\/2026\/01\/11\/regime-de-diomaye-sonko-lapr-juge-lannee-2025-eprouvante-pour-les-senegalais\/\" \/>\n<meta property=\"og:site_name\" content=\"Nettali.com\" \/>\n<meta property=\"article:publisher\" content=\"https:\/\/www.facebook.com\/nettalicom\" \/>\n<meta property=\"article:published_time\" content=\"2026-01-11T18:08:21+00:00\" \/>\n<meta property=\"article:modified_time\" content=\"2026-01-12T14:12:43+00:00\" \/>\n<meta property=\"og:image\" content=\"https:\/\/www.nettali.com\/wp-content\/uploads\/2025\/12\/sen-apr-1.jpg\" \/>\n\t<meta property=\"og:image:width\" content=\"599\" \/>\n\t<meta property=\"og:image:height\" content=\"352\" \/>\n<meta name=\"twitter:card\" content=\"summary_large_image\" \/>\n<meta name=\"twitter:label1\" content=\"\u00c9crit par\" \/>\n\t<meta name=\"twitter:data1\" content=\"Daouda\" \/>\n\t<meta name=\"twitter:label2\" content=\"Dur\u00e9e de lecture estim\u00e9e\" \/>\n\t<meta name=\"twitter:data2\" content=\"3 minutes\" \/>\n<script type=\"application\/ld+json\" class=\"yoast-schema-graph\">{\"@context\":\"https:\/\/schema.org\",\"@graph\":[{\"@type\":\"WebSite\",\"@id\":\"https:\/\/www.nettali.com\/#website\",\"url\":\"https:\/\/www.nettali.com\/\",\"name\":\"Nettali.com\",\"description\":\"Le rendez-vous critique du Net\",\"potentialAction\":[{\"@type\":\"SearchAction\",\"target\":{\"@type\":\"EntryPoint\",\"urlTemplate\":\"https:\/\/www.nettali.com\/?s={search_term_string}\"},\"query-input\":\"required name=search_term_string\"}],\"inLanguage\":\"fr-FR\"},{\"@type\":\"ImageObject\",\"@id\":\"https:\/\/www.nettali.com\/2026\/01\/11\/regime-de-diomaye-sonko-lapr-juge-lannee-2025-eprouvante-pour-les-senegalais\/#primaryimage\",\"inLanguage\":\"fr-FR\",\"url\":\"https:\/\/www.nettali.com\/wp-content\/uploads\/2025\/12\/sen-apr-1.jpg\",\"contentUrl\":\"https:\/\/www.nettali.com\/wp-content\/uploads\/2025\/12\/sen-apr-1.jpg\",\"width\":599,\"height\":352},{\"@type\":\"WebPage\",\"@id\":\"https:\/\/www.nettali.com\/2026\/01\/11\/regime-de-diomaye-sonko-lapr-juge-lannee-2025-eprouvante-pour-les-senegalais\/#webpage\",\"url\":\"https:\/\/www.nettali.com\/2026\/01\/11\/regime-de-diomaye-sonko-lapr-juge-lannee-2025-eprouvante-pour-les-senegalais\/\",\"name\":\"REGIME DE DIOMAYE-SONKO - L\\u2019APR\\u00a0 juge l\\u2019ann\\u00e9e 2025 \\u00ab \\u00e9prouvante \\u00bb pour les S\\u00e9n\\u00e9galais | Nettali.com\",\"isPartOf\":{\"@id\":\"https:\/\/www.nettali.com\/#website\"},\"primaryImageOfPage\":{\"@id\":\"https:\/\/www.nettali.com\/2026\/01\/11\/regime-de-diomaye-sonko-lapr-juge-lannee-2025-eprouvante-pour-les-senegalais\/#primaryimage\"},\"datePublished\":\"2026-01-11T18:08:21+00:00\",\"dateModified\":\"2026-01-12T14:12:43+00:00\",\"author\":{\"@id\":\"https:\/\/www.nettali.com\/#\/schema\/person\/3317e0bb3aa1da309fbf7b2780901bf4\"},\"breadcrumb\":{\"@id\":\"https:\/\/www.nettali.com\/2026\/01\/11\/regime-de-diomaye-sonko-lapr-juge-lannee-2025-eprouvante-pour-les-senegalais\/#breadcrumb\"},\"inLanguage\":\"fr-FR\",\"potentialAction\":[{\"@type\":\"ReadAction\",\"target\":[\"https:\/\/www.nettali.com\/2026\/01\/11\/regime-de-diomaye-sonko-lapr-juge-lannee-2025-eprouvante-pour-les-senegalais\/\"]}]},{\"@type\":\"BreadcrumbList\",\"@id\":\"https:\/\/www.nettali.com\/2026\/01\/11\/regime-de-diomaye-sonko-lapr-juge-lannee-2025-eprouvante-pour-les-senegalais\/#breadcrumb\",\"itemListElement\":[{\"@type\":\"ListItem\",\"position\":1,\"name\":\"Accueil\",\"item\":\"https:\/\/www.nettali.com\/\"},{\"@type\":\"ListItem\",\"position\":2,\"name\":\"REGIME DE DIOMAYE-SONKO - L\\u2019APR\\u00a0 juge l\\u2019ann\\u00e9e 2025 \\u00ab \\u00e9prouvante \\u00bb pour les S\\u00e9n\\u00e9galais\"}]},{\"@type\":\"Person\",\"@id\":\"https:\/\/www.nettali.com\/#\/schema\/person\/3317e0bb3aa1da309fbf7b2780901bf4\",\"name\":\"Daouda\",\"image\":{\"@type\":\"ImageObject\",\"@id\":\"https:\/\/www.nettali.com\/#personlogo\",\"inLanguage\":\"fr-FR\",\"url\":\"https:\/\/secure.gravatar.com\/avatar\/8d143b5a49345098ddcfee1c49c2f47c?s=96&d=mm&r=g\",\"contentUrl\":\"https:\/\/secure.gravatar.com\/avatar\/8d143b5a49345098ddcfee1c49c2f47c?s=96&d=mm&r=g\",\"caption\":\"Daouda\"},\"sameAs\":[\"https:\/\/www.nettali.com\"]}]}<\/script>\n<!-- \/ Yoast SEO Premium plugin. -->","yoast_head_json":{"title":"REGIME DE DIOMAYE-SONKO - L\u2019APR\u00a0 juge l\u2019ann\u00e9e 2025 \u00ab \u00e9prouvante \u00bb pour les S\u00e9n\u00e9galais | Nettali.com","robots":{"index":"index","follow":"follow","max-snippet":"max-snippet:-1","max-image-preview":"max-image-preview:large","max-video-preview":"max-video-preview:-1"},"canonical":"https:\/\/www.nettali.com\/2026\/01\/11\/regime-de-diomaye-sonko-lapr-juge-lannee-2025-eprouvante-pour-les-senegalais\/","og_locale":"fr_FR","og_type":"article","og_title":"REGIME DE DIOMAYE-SONKO - L\u2019APR\u00a0 juge l\u2019ann\u00e9e 2025 \u00ab \u00e9prouvante \u00bb pour les S\u00e9n\u00e9galais","og_description":"NETTALI.COM - Dans un communiqu\u00e9 rendu public, l\u2019Alliance Pour la R\u00e9publique (APR) a livr\u00e9 une analyse tr\u00e8s critique de la situation nationale, qualifiant l\u2019ann\u00e9e 2025 de l\u2019une des plus difficiles jamais v\u00e9cues par le peuple s\u00e9n\u00e9galais. Le parti de l\u2019ancien pr\u00e9sident Macky Sall met en cause la gouvernance du tandem Bassirou Diomaye Faye\u2013Ousmane Sonko, qu\u2019il [&hellip;]","og_url":"https:\/\/www.nettali.com\/2026\/01\/11\/regime-de-diomaye-sonko-lapr-juge-lannee-2025-eprouvante-pour-les-senegalais\/","og_site_name":"Nettali.com","article_publisher":"https:\/\/www.facebook.com\/nettalicom","article_published_time":"2026-01-11T18:08:21+00:00","article_modified_time":"2026-01-12T14:12:43+00:00","og_image":[{"width":599,"height":352,"url":"https:\/\/www.nettali.com\/wp-content\/uploads\/2025\/12\/sen-apr-1.jpg","type":"image\/jpeg"}],"twitter_card":"summary_large_image","twitter_misc":{"\u00c9crit par":"Daouda","Dur\u00e9e de lecture estim\u00e9e":"3 minutes"},"schema":{"@context":"https:\/\/schema.org","@graph":[{"@type":"WebSite","@id":"https:\/\/www.nettali.com\/#website","url":"https:\/\/www.nettali.com\/","name":"Nettali.com","description":"Le rendez-vous critique du Net","potentialAction":[{"@type":"SearchAction","target":{"@type":"EntryPoint","urlTemplate":"https:\/\/www.nettali.com\/?s={search_term_string}"},"query-input":"required name=search_term_string"}],"inLanguage":"fr-FR"},{"@type":"ImageObject","@id":"https:\/\/www.nettali.com\/2026\/01\/11\/regime-de-diomaye-sonko-lapr-juge-lannee-2025-eprouvante-pour-les-senegalais\/#primaryimage","inLanguage":"fr-FR","url":"https:\/\/www.nettali.com\/wp-content\/uploads\/2025\/12\/sen-apr-1.jpg","contentUrl":"https:\/\/www.nettali.com\/wp-content\/uploads\/2025\/12\/sen-apr-1.jpg","width":599,"height":352},{"@type":"WebPage","@id":"https:\/\/www.nettali.com\/2026\/01\/11\/regime-de-diomaye-sonko-lapr-juge-lannee-2025-eprouvante-pour-les-senegalais\/#webpage","url":"https:\/\/www.nettali.com\/2026\/01\/11\/regime-de-diomaye-sonko-lapr-juge-lannee-2025-eprouvante-pour-les-senegalais\/","name":"REGIME DE DIOMAYE-SONKO - L\u2019APR\u00a0 juge l\u2019ann\u00e9e 2025 \u00ab \u00e9prouvante \u00bb pour les S\u00e9n\u00e9galais | Nettali.com","isPartOf":{"@id":"https:\/\/www.nettali.com\/#website"},"primaryImageOfPage":{"@id":"https:\/\/www.nettali.com\/2026\/01\/11\/regime-de-diomaye-sonko-lapr-juge-lannee-2025-eprouvante-pour-les-senegalais\/#primaryimage"},"datePublished":"2026-01-11T18:08:21+00:00","dateModified":"2026-01-12T14:12:43+00:00","author":{"@id":"https:\/\/www.nettali.com\/#\/schema\/person\/3317e0bb3aa1da309fbf7b2780901bf4"},"breadcrumb":{"@id":"https:\/\/www.nettali.com\/2026\/01\/11\/regime-de-diomaye-sonko-lapr-juge-lannee-2025-eprouvante-pour-les-senegalais\/#breadcrumb"},"inLanguage":"fr-FR","potentialAction":[{"@type":"ReadAction","target":["https:\/\/www.nettali.com\/2026\/01\/11\/regime-de-diomaye-sonko-lapr-juge-lannee-2025-eprouvante-pour-les-senegalais\/"]}]},{"@type":"BreadcrumbList","@id":"https:\/\/www.nettali.com\/2026\/01\/11\/regime-de-diomaye-sonko-lapr-juge-lannee-2025-eprouvante-pour-les-senegalais\/#breadcrumb","itemListElement":[{"@type":"ListItem","position":1,"name":"Accueil","item":"https:\/\/www.nettali.com\/"},{"@type":"ListItem","position":2,"name":"REGIME DE DIOMAYE-SONKO - L\u2019APR\u00a0 juge l\u2019ann\u00e9e 2025 \u00ab \u00e9prouvante \u00bb pour les S\u00e9n\u00e9galais"}]},{"@type":"Person","@id":"https:\/\/www.nettali.com\/#\/schema\/person\/3317e0bb3aa1da309fbf7b2780901bf4","name":"Daouda","image":{"@type":"ImageObject","@id":"https:\/\/www.nettali.com\/#personlogo","inLanguage":"fr-FR","url":"https:\/\/secure.gravatar.com\/avatar\/8d143b5a49345098ddcfee1c49c2f47c?s=96&d=mm&r=g","contentUrl":"https:\/\/secure.gravatar.com\/avatar\/8d143b5a49345098ddcfee1c49c2f47c?s=96&d=mm&r=g","caption":"Daouda"},"sameAs":["https:\/\/www.nettali.com"]}]}},"_links":{"self":[{"href":"https:\/\/www.nettali.com\/rest\/wp\/v2\/posts\/167775"}],"collection":[{"href":"https:\/\/www.nettali.com\/rest\/wp\/v2\/posts"}],"about":[{"href":"https:\/\/www.nettali.com\/rest\/wp\/v2\/types\/post"}],"author":[{"embeddable":true,"href":"https:\/\/www.nettali.com\/rest\/wp\/v2\/users\/4"}],"replies":[{"embeddable":true,"href":"https:\/\/www.nettali.com\/rest\/wp\/v2\/comments?post=167775"}],"version-history":[{"count":2,"href":"https:\/\/www.nettali.com\/rest\/wp\/v2\/posts\/167775\/revisions"}],"predecessor-version":[{"id":167789,"href":"https:\/\/www.nettali.com\/rest\/wp\/v2\/posts\/167775\/revisions\/167789"}],"wp:featuredmedia":[{"embeddable":true,"href":"https:\/\/www.nettali.com\/rest\/wp\/v2\/media\/165895"}],"wp:attachment":[{"href":"https:\/\/www.nettali.com\/rest\/wp\/v2\/media?parent=167775"}],"wp:term":[{"taxonomy":"category","embeddable":true,"href":"https:\/\/www.nettali.com\/rest\/wp\/v2\/categories?post=167775"},{"taxonomy":"post_tag","embeddable":true,"href":"https:\/\/www.nettali.com\/rest\/wp\/v2\/tags?post=167775"}],"curies":[{"name":"wp","href":"https:\/\/api.w.org\/{rel}","templated":true}]}}