{"id":167768,"date":"2026-01-11T17:48:26","date_gmt":"2026-01-11T17:48:26","guid":{"rendered":"https:\/\/www.nettali.com\/?p=167768"},"modified":"2026-01-11T19:50:27","modified_gmt":"2026-01-11T19:50:27","slug":"la-fin-du-mythe-du-sorcier-blanc","status":"publish","type":"post","link":"https:\/\/www.nettali.com\/2026\/01\/11\/la-fin-du-mythe-du-sorcier-blanc\/","title":{"rendered":"La fin du mythe du \u201csorcier blanc\u201d ?"},"content":{"rendered":"<p data-start=\"133\" data-end=\"423\">NETTALI.COM - Pour la premi\u00e8re fois dans l\u2019histoire de la Coupe d\u2019Afrique des Nations, toutes les \u00e9quipes qualifi\u00e9es pour les demi-finales sont dirig\u00e9es par des s\u00e9lectionneurs africains. Un fait symbolique, lourd de sens, qui marque peut-\u00eatre un tournant d\u00e9cisif dans l\u2019histoire du football africain.<\/p>\n<p data-start=\"425\" data-end=\"557\">\ud83c\uddf2\ud83c\udde6 <strong data-start=\"430\" data-end=\"448\">Walid Regragui<\/strong> (Maroc)<br data-start=\"456\" data-end=\"459\" \/>\ud83c\uddf8\ud83c\uddf3 <strong data-start=\"464\" data-end=\"478\">Pape Thiaw<\/strong> (S\u00e9n\u00e9gal)<br data-start=\"488\" data-end=\"491\" \/>\ud83c\uddf3\ud83c\uddec <strong data-start=\"496\" data-end=\"511\">\u00c9ric Chelle<\/strong> (Nigeria)<br data-start=\"521\" data-end=\"524\" \/>\ud83c\uddea\ud83c\uddec <strong data-start=\"529\" data-end=\"546\" data-is-only-node=\"\">Hossam Hassan<\/strong> (\u00c9gypte)<\/p>\n<p data-start=\"559\" data-end=\"959\">Longtemps, le succ\u00e8s sur le continent a \u00e9t\u00e9 associ\u00e9 \u00e0 la figure du technicien europ\u00e9en, pr\u00e9sent\u00e9 comme indispensable \u00e0 la performance et \u00e0 la rigueur tactique. Cette CAN vient bousculer ce vieux logiciel. Les r\u00e9sultats parlent d\u2019eux-m\u00eames : les entra\u00eeneurs africains prouvent qu\u2019ils disposent des comp\u00e9tences, de la vision et de l\u2019autorit\u00e9 n\u00e9cessaires pour mener leurs s\u00e9lections au plus haut niveau.<\/p>\n<p data-start=\"961\" data-end=\"1236\">Au-del\u00e0 des victoires, c\u2019est une reconnaissance du savoir-faire local, de la compr\u00e9hension fine des r\u00e9alit\u00e9s culturelles, mentales et sportives du football africain. Cette \u00e9volution traduit aussi une confiance retrouv\u00e9e des f\u00e9d\u00e9rations envers leurs propres cadres techniques.<\/p>\n<p data-start=\"1238\" data-end=\"1437\">Plus qu\u2019une co\u00efncidence, cette domination des s\u00e9lectionneurs africains en demi-finales appara\u00eet comme un signal fort : le football africain m\u00fbrit, s\u2019\u00e9mancipe et affirme sa souverainet\u00e9 technique.<\/p>\n<p data-start=\"1439\" data-end=\"1568\" data-is-last-node=\"\" data-is-only-node=\"\">La question n\u2019est donc plus de savoir si un entra\u00eeneur africain peut gagner, mais pourquoi il a fallu si longtemps pour y croire.<\/p>\n<div class='share-to-whatsapp-wrapper'><div class='share-on-whsp'>PARTAGER SUR : <\/div><a data-text='La fin du mythe du \u201csorcier blanc\u201d ?' data-link='https:\/\/www.nettali.com\/2026\/01\/11\/la-fin-du-mythe-du-sorcier-blanc\/' class='whatsapp-button whatsapp-share'>WhatsApp<\/a><div class='clear '><\/div><\/div>","protected":false},"excerpt":{"rendered":"<p>NETTALI.COM - Pour la premi\u00e8re fois dans l\u2019histoire de la Coupe d\u2019Afrique des Nations, toutes les \u00e9quipes qualifi\u00e9es pour les demi-finales sont dirig\u00e9es par des s\u00e9lectionneurs africains. Un fait symbolique, lourd de sens, qui marque peut-\u00eatre un tournant d\u00e9cisif dans l\u2019histoire du football africain. \ud83c\uddf2\ud83c\udde6 Walid Regragui (Maroc)\ud83c\uddf8\ud83c\uddf3 Pape Thiaw (S\u00e9n\u00e9gal)\ud83c\uddf3\ud83c\uddec \u00c9ric Chelle (Nigeria)\ud83c\uddea\ud83c\uddec Hossam [&hellip;]<\/p>\n","protected":false},"author":4,"featured_media":167773,"comment_status":"open","ping_status":"open","sticky":false,"template":"","format":"standard","meta":{"_et_pb_use_builder":"","_et_pb_old_content":""},"categories":[34945],"tags":[],"yoast_head":"<!-- This site is optimized with the Yoast SEO Premium plugin v17.8 (Yoast SEO v17.8) - https:\/\/yoast.com\/wordpress\/plugins\/seo\/ -->\n<title>La fin du mythe du \u201csorcier blanc\u201d ? | Nettali.com<\/title>\n<meta name=\"robots\" content=\"index, follow, max-snippet:-1, max-image-preview:large, max-video-preview:-1\" \/>\n<link rel=\"canonical\" href=\"https:\/\/www.nettali.com\/2026\/01\/11\/la-fin-du-mythe-du-sorcier-blanc\/\" \/>\n<meta property=\"og:locale\" content=\"fr_FR\" \/>\n<meta property=\"og:type\" content=\"article\" \/>\n<meta property=\"og:title\" content=\"La fin du mythe du \u201csorcier blanc\u201d ?\" \/>\n<meta property=\"og:description\" content=\"NETTALI.COM - Pour la premi\u00e8re fois dans l\u2019histoire de la Coupe d\u2019Afrique des Nations, toutes les \u00e9quipes qualifi\u00e9es pour les demi-finales sont dirig\u00e9es par des s\u00e9lectionneurs africains. Un fait symbolique, lourd de sens, qui marque peut-\u00eatre un tournant d\u00e9cisif dans l\u2019histoire du football africain. \ud83c\uddf2\ud83c\udde6 Walid Regragui (Maroc)\ud83c\uddf8\ud83c\uddf3 Pape Thiaw (S\u00e9n\u00e9gal)\ud83c\uddf3\ud83c\uddec \u00c9ric Chelle (Nigeria)\ud83c\uddea\ud83c\uddec Hossam [&hellip;]\" \/>\n<meta property=\"og:url\" content=\"https:\/\/www.nettali.com\/2026\/01\/11\/la-fin-du-mythe-du-sorcier-blanc\/\" \/>\n<meta property=\"og:site_name\" content=\"Nettali.com\" \/>\n<meta property=\"article:publisher\" content=\"https:\/\/www.facebook.com\/nettalicom\" \/>\n<meta property=\"article:published_time\" content=\"2026-01-11T17:48:26+00:00\" \/>\n<meta property=\"article:modified_time\" content=\"2026-01-11T19:50:27+00:00\" \/>\n<meta property=\"og:image\" content=\"https:\/\/www.nettali.com\/wp-content\/uploads\/2026\/01\/Capture-de\u0301cran-2026-01-11-a\u0300-14.20.07.png\" \/>\n\t<meta property=\"og:image:width\" content=\"496\" \/>\n\t<meta property=\"og:image:height\" content=\"394\" \/>\n<meta name=\"twitter:card\" content=\"summary_large_image\" \/>\n<meta name=\"twitter:label1\" content=\"\u00c9crit par\" \/>\n\t<meta name=\"twitter:data1\" content=\"Daouda\" \/>\n\t<meta name=\"twitter:label2\" content=\"Dur\u00e9e de lecture estim\u00e9e\" \/>\n\t<meta name=\"twitter:data2\" content=\"1 minute\" \/>\n<script type=\"application\/ld+json\" class=\"yoast-schema-graph\">{\"@context\":\"https:\/\/schema.org\",\"@graph\":[{\"@type\":\"WebSite\",\"@id\":\"https:\/\/www.nettali.com\/#website\",\"url\":\"https:\/\/www.nettali.com\/\",\"name\":\"Nettali.com\",\"description\":\"Le rendez-vous critique du Net\",\"potentialAction\":[{\"@type\":\"SearchAction\",\"target\":{\"@type\":\"EntryPoint\",\"urlTemplate\":\"https:\/\/www.nettali.com\/?s={search_term_string}\"},\"query-input\":\"required name=search_term_string\"}],\"inLanguage\":\"fr-FR\"},{\"@type\":\"ImageObject\",\"@id\":\"https:\/\/www.nettali.com\/2026\/01\/11\/la-fin-du-mythe-du-sorcier-blanc\/#primaryimage\",\"inLanguage\":\"fr-FR\",\"url\":\"https:\/\/www.nettali.com\/wp-content\/uploads\/2026\/01\/Capture-de\\u0301cran-2026-01-11-a\\u0300-14.20.07.png\",\"contentUrl\":\"https:\/\/www.nettali.com\/wp-content\/uploads\/2026\/01\/Capture-de\\u0301cran-2026-01-11-a\\u0300-14.20.07.png\",\"width\":496,\"height\":394},{\"@type\":\"WebPage\",\"@id\":\"https:\/\/www.nettali.com\/2026\/01\/11\/la-fin-du-mythe-du-sorcier-blanc\/#webpage\",\"url\":\"https:\/\/www.nettali.com\/2026\/01\/11\/la-fin-du-mythe-du-sorcier-blanc\/\",\"name\":\"La fin du mythe du \\u201csorcier blanc\\u201d ? | Nettali.com\",\"isPartOf\":{\"@id\":\"https:\/\/www.nettali.com\/#website\"},\"primaryImageOfPage\":{\"@id\":\"https:\/\/www.nettali.com\/2026\/01\/11\/la-fin-du-mythe-du-sorcier-blanc\/#primaryimage\"},\"datePublished\":\"2026-01-11T17:48:26+00:00\",\"dateModified\":\"2026-01-11T19:50:27+00:00\",\"author\":{\"@id\":\"https:\/\/www.nettali.com\/#\/schema\/person\/3317e0bb3aa1da309fbf7b2780901bf4\"},\"breadcrumb\":{\"@id\":\"https:\/\/www.nettali.com\/2026\/01\/11\/la-fin-du-mythe-du-sorcier-blanc\/#breadcrumb\"},\"inLanguage\":\"fr-FR\",\"potentialAction\":[{\"@type\":\"ReadAction\",\"target\":[\"https:\/\/www.nettali.com\/2026\/01\/11\/la-fin-du-mythe-du-sorcier-blanc\/\"]}]},{\"@type\":\"BreadcrumbList\",\"@id\":\"https:\/\/www.nettali.com\/2026\/01\/11\/la-fin-du-mythe-du-sorcier-blanc\/#breadcrumb\",\"itemListElement\":[{\"@type\":\"ListItem\",\"position\":1,\"name\":\"Accueil\",\"item\":\"https:\/\/www.nettali.com\/\"},{\"@type\":\"ListItem\",\"position\":2,\"name\":\"La fin du mythe du \\u201csorcier blanc\\u201d ?\"}]},{\"@type\":\"Person\",\"@id\":\"https:\/\/www.nettali.com\/#\/schema\/person\/3317e0bb3aa1da309fbf7b2780901bf4\",\"name\":\"Daouda\",\"image\":{\"@type\":\"ImageObject\",\"@id\":\"https:\/\/www.nettali.com\/#personlogo\",\"inLanguage\":\"fr-FR\",\"url\":\"https:\/\/secure.gravatar.com\/avatar\/8d143b5a49345098ddcfee1c49c2f47c?s=96&d=mm&r=g\",\"contentUrl\":\"https:\/\/secure.gravatar.com\/avatar\/8d143b5a49345098ddcfee1c49c2f47c?s=96&d=mm&r=g\",\"caption\":\"Daouda\"},\"sameAs\":[\"https:\/\/www.nettali.com\"]}]}<\/script>\n<!-- \/ Yoast SEO Premium plugin. -->","yoast_head_json":{"title":"La fin du mythe du \u201csorcier blanc\u201d ? | Nettali.com","robots":{"index":"index","follow":"follow","max-snippet":"max-snippet:-1","max-image-preview":"max-image-preview:large","max-video-preview":"max-video-preview:-1"},"canonical":"https:\/\/www.nettali.com\/2026\/01\/11\/la-fin-du-mythe-du-sorcier-blanc\/","og_locale":"fr_FR","og_type":"article","og_title":"La fin du mythe du \u201csorcier blanc\u201d ?","og_description":"NETTALI.COM - Pour la premi\u00e8re fois dans l\u2019histoire de la Coupe d\u2019Afrique des Nations, toutes les \u00e9quipes qualifi\u00e9es pour les demi-finales sont dirig\u00e9es par des s\u00e9lectionneurs africains. Un fait symbolique, lourd de sens, qui marque peut-\u00eatre un tournant d\u00e9cisif dans l\u2019histoire du football africain. \ud83c\uddf2\ud83c\udde6 Walid Regragui (Maroc)\ud83c\uddf8\ud83c\uddf3 Pape Thiaw (S\u00e9n\u00e9gal)\ud83c\uddf3\ud83c\uddec \u00c9ric Chelle (Nigeria)\ud83c\uddea\ud83c\uddec Hossam [&hellip;]","og_url":"https:\/\/www.nettali.com\/2026\/01\/11\/la-fin-du-mythe-du-sorcier-blanc\/","og_site_name":"Nettali.com","article_publisher":"https:\/\/www.facebook.com\/nettalicom","article_published_time":"2026-01-11T17:48:26+00:00","article_modified_time":"2026-01-11T19:50:27+00:00","og_image":[{"width":496,"height":394,"url":"https:\/\/www.nettali.com\/wp-content\/uploads\/2026\/01\/Capture-de\u0301cran-2026-01-11-a\u0300-14.20.07.png","type":"image\/png"}],"twitter_card":"summary_large_image","twitter_misc":{"\u00c9crit par":"Daouda","Dur\u00e9e de lecture estim\u00e9e":"1 minute"},"schema":{"@context":"https:\/\/schema.org","@graph":[{"@type":"WebSite","@id":"https:\/\/www.nettali.com\/#website","url":"https:\/\/www.nettali.com\/","name":"Nettali.com","description":"Le rendez-vous critique du Net","potentialAction":[{"@type":"SearchAction","target":{"@type":"EntryPoint","urlTemplate":"https:\/\/www.nettali.com\/?s={search_term_string}"},"query-input":"required name=search_term_string"}],"inLanguage":"fr-FR"},{"@type":"ImageObject","@id":"https:\/\/www.nettali.com\/2026\/01\/11\/la-fin-du-mythe-du-sorcier-blanc\/#primaryimage","inLanguage":"fr-FR","url":"https:\/\/www.nettali.com\/wp-content\/uploads\/2026\/01\/Capture-de\u0301cran-2026-01-11-a\u0300-14.20.07.png","contentUrl":"https:\/\/www.nettali.com\/wp-content\/uploads\/2026\/01\/Capture-de\u0301cran-2026-01-11-a\u0300-14.20.07.png","width":496,"height":394},{"@type":"WebPage","@id":"https:\/\/www.nettali.com\/2026\/01\/11\/la-fin-du-mythe-du-sorcier-blanc\/#webpage","url":"https:\/\/www.nettali.com\/2026\/01\/11\/la-fin-du-mythe-du-sorcier-blanc\/","name":"La fin du mythe du \u201csorcier blanc\u201d ? | Nettali.com","isPartOf":{"@id":"https:\/\/www.nettali.com\/#website"},"primaryImageOfPage":{"@id":"https:\/\/www.nettali.com\/2026\/01\/11\/la-fin-du-mythe-du-sorcier-blanc\/#primaryimage"},"datePublished":"2026-01-11T17:48:26+00:00","dateModified":"2026-01-11T19:50:27+00:00","author":{"@id":"https:\/\/www.nettali.com\/#\/schema\/person\/3317e0bb3aa1da309fbf7b2780901bf4"},"breadcrumb":{"@id":"https:\/\/www.nettali.com\/2026\/01\/11\/la-fin-du-mythe-du-sorcier-blanc\/#breadcrumb"},"inLanguage":"fr-FR","potentialAction":[{"@type":"ReadAction","target":["https:\/\/www.nettali.com\/2026\/01\/11\/la-fin-du-mythe-du-sorcier-blanc\/"]}]},{"@type":"BreadcrumbList","@id":"https:\/\/www.nettali.com\/2026\/01\/11\/la-fin-du-mythe-du-sorcier-blanc\/#breadcrumb","itemListElement":[{"@type":"ListItem","position":1,"name":"Accueil","item":"https:\/\/www.nettali.com\/"},{"@type":"ListItem","position":2,"name":"La fin du mythe du \u201csorcier blanc\u201d ?"}]},{"@type":"Person","@id":"https:\/\/www.nettali.com\/#\/schema\/person\/3317e0bb3aa1da309fbf7b2780901bf4","name":"Daouda","image":{"@type":"ImageObject","@id":"https:\/\/www.nettali.com\/#personlogo","inLanguage":"fr-FR","url":"https:\/\/secure.gravatar.com\/avatar\/8d143b5a49345098ddcfee1c49c2f47c?s=96&d=mm&r=g","contentUrl":"https:\/\/secure.gravatar.com\/avatar\/8d143b5a49345098ddcfee1c49c2f47c?s=96&d=mm&r=g","caption":"Daouda"},"sameAs":["https:\/\/www.nettali.com"]}]}},"_links":{"self":[{"href":"https:\/\/www.nettali.com\/rest\/wp\/v2\/posts\/167768"}],"collection":[{"href":"https:\/\/www.nettali.com\/rest\/wp\/v2\/posts"}],"about":[{"href":"https:\/\/www.nettali.com\/rest\/wp\/v2\/types\/post"}],"author":[{"embeddable":true,"href":"https:\/\/www.nettali.com\/rest\/wp\/v2\/users\/4"}],"replies":[{"embeddable":true,"href":"https:\/\/www.nettali.com\/rest\/wp\/v2\/comments?post=167768"}],"version-history":[{"count":1,"href":"https:\/\/www.nettali.com\/rest\/wp\/v2\/posts\/167768\/revisions"}],"predecessor-version":[{"id":167770,"href":"https:\/\/www.nettali.com\/rest\/wp\/v2\/posts\/167768\/revisions\/167770"}],"wp:featuredmedia":[{"embeddable":true,"href":"https:\/\/www.nettali.com\/rest\/wp\/v2\/media\/167773"}],"wp:attachment":[{"href":"https:\/\/www.nettali.com\/rest\/wp\/v2\/media?parent=167768"}],"wp:term":[{"taxonomy":"category","embeddable":true,"href":"https:\/\/www.nettali.com\/rest\/wp\/v2\/categories?post=167768"},{"taxonomy":"post_tag","embeddable":true,"href":"https:\/\/www.nettali.com\/rest\/wp\/v2\/tags?post=167768"}],"curies":[{"name":"wp","href":"https:\/\/api.w.org\/{rel}","templated":true}]}}