{"id":167766,"date":"2026-01-11T14:05:15","date_gmt":"2026-01-11T14:05:15","guid":{"rendered":"https:\/\/www.nettali.com\/?p=167766"},"modified":"2026-01-11T14:05:15","modified_gmt":"2026-01-11T14:05:15","slug":"detournements-presumes-marine-le-pen-et-cie-juges-en-appel-du-13-janvier-au-12-fevrier","status":"publish","type":"post","link":"https:\/\/www.nettali.com\/2026\/01\/11\/detournements-presumes-marine-le-pen-et-cie-juges-en-appel-du-13-janvier-au-12-fevrier\/","title":{"rendered":"DETOURNEMENTS PR\u00c9SUM\u00c9S \u2013 Marine Le Pen et Cie jug\u00e9s en appel du 13 janvier au 12 f\u00e9vrier"},"content":{"rendered":"<p><strong>NETTALI.COM - Marine Le Pen, le Rassemblement national et 11 autres pr\u00e9venus sont jug\u00e9s du 13 janvier au 12 f\u00e9vrier par la cour d\u2019appel de Paris dans le dossier des d\u00e9tournements pr\u00e9sum\u00e9s des fonds du Parlement europ\u00e9en. La cheffe de file du parti d\u2019extr\u00eame droite a \u00e9t\u00e9 condamn\u00e9e en premi\u00e8re instance \u00e0 quatre ans de prison dont deux ferme et cinq ans d\u2019in\u00e9ligibilit\u00e9. Sa candidature \u00e0 la pr\u00e9sidentielle 2027 est en jeu.<\/strong><\/p>\n<p>C\u2019est un proc\u00e8s en appel aux lourdes cons\u00e9quences pour la pr\u00e9sidentielle\u00a02027.\u00a0Condamn\u00e9e en premi\u00e8re instance, le 31\u00a0mars 2025, \u00e0 quatre ans de prison dont deux ferme, 100\u00a0000\u00a0euros d\u2019amende et cinq ans d\u2019in\u00e9ligibilit\u00e9 avec ex\u00e9cution imm\u00e9diate pour d\u00e9tournement de fonds publics,\u00a0Marine Le\u00a0Pen\u00a0joue son destin pr\u00e9sidentiel.<\/p>\n<p>Le proc\u00e8s en appel de l\u2019affaire des emplois fictifs des assistants parlementaires europ\u00e9ens du Front\u00a0national, devenu\u00a0Rassemblement national, se tient du 13\u00a0janvier au 12\u00a0f\u00e9vrier 2026 \u00e0 Paris. La triple candidate \u00e0 l\u2019\u00e9lection pr\u00e9sidentielle (2012, 2017, 2022) du parti d\u2019extr\u00eame droite cofond\u00e9 par son p\u00e8re, Jean-Marie Le\u00a0Pen, pourrait voir ses espoirs de concourir une quatri\u00e8me fois \u00e0 l\u2019\u00e9lection supr\u00eame an\u00e9antis, en cas de jugement qui viendrait confirmer le premier. Une condamnation en appel serait un coup de tonnerre pour le Rassemblement national qui caracole en t\u00eate des sondages depuis plusieurs mois.<\/p>\n<p>Seules 12 des personnes condamn\u00e9es en mars 2025 ainsi que le parti ont fait appel, dont le maire de Perpignan Louis Aliot, le d\u00e9put\u00e9 Julien Odoul, l'eurod\u00e9put\u00e9 Nicolas Bay, ainsi que Wallerand de Saint-Just et Bruno Gollnisch, deux cadres historiques du Rassemblement national.<\/p>\n<h2>\u00a7\u00a0 De quoi est accus\u00e9e Marine Le Pen\u00a0?<\/h2>\n<p>En premi\u00e8re instance,\u00a0la justice a d\u00e9clar\u00e9 Marine Le\u00a0Pen coupable, ainsi que 24\u00a0anciens eurod\u00e9put\u00e9s, assistants, expert-comptable et le parti en tant que personne morale, d'avoir mis en place un \"syst\u00e8me\" entre 2004 et 2016 pour payer des salari\u00e9s du parti avec l'argent du\u00a0Parlement europ\u00e9en.<\/p>\n<p>Le tribunal correctionnel a \u00e9tabli le pr\u00e9judice \u00e9conomique final du Parlement europ\u00e9en \u00e0 3,2\u00a0millions d'euros, une fois d\u00e9duit 1,1\u00a0million d'euros de fonds ind\u00fbment vers\u00e9s mais d\u00e9j\u00e0 rembours\u00e9s par une partie des pr\u00e9venus.<\/p>\n<p>\"Il ne s'agissait pas d'erreurs administratives ou d'incompr\u00e9hension par les d\u00e9put\u00e9s de r\u00e8gles europ\u00e9ennes confuses, mais de d\u00e9tournements dans le cadre d'un syst\u00e8me mis en place pour all\u00e9ger les charges du parti\", a-t-il estim\u00e9 dans son jugement.<\/p>\n<h2>\u00a7\u00a0 Vers la poursuite de la rh\u00e9torique anti-juges\u00a0?<\/h2>\n<p>Comme lors du proc\u00e8s en premi\u00e8re instance, Marine Le\u00a0Pen compte plaider son innocence en appel. Et comme lors du jugement du 31\u00a0mars 2025, elle compte bien poursuivre avec la m\u00eame rh\u00e9torique\u00a0:\u00a0celle d\u2019un proc\u00e8s politique visant \u00e0 l\u2019emp\u00eacher de se pr\u00e9senter \u00e0 l\u2019\u00e9lection pr\u00e9sidentielle.<\/p>\n<p>\"La magistrate de premi\u00e8re instance, B\u00e9n\u00e9dicte de Perthuis, a \u00e9crit que l\u2019objectif est de m\u2019emp\u00eacher non seulement de me pr\u00e9senter, mais d\u2019\u00eatre \u00e9lue.\u202fIl fut un temps o\u00f9 on pouvait prendre une balle. Aujourd\u2019hui, on prend une balle judiciaire. \u00c7a signifie votre mort, en r\u00e9alit\u00e9\", a d\u00e9clar\u00e9 Marine Le\u00a0Pen, le 28\u00a0d\u00e9cembre, dans\u00a0La\u00a0Tribune\u00a0Dimanche.<\/p>\n<p>Depuis qu\u2019elle a condamn\u00e9 Marine Le\u00a0Pen, la juge B\u00e9n\u00e9dicte de Perthuis a \u00e9t\u00e9 menac\u00e9e de mort et a d\u00fb \u00eatre plac\u00e9e sous protection polici\u00e8re.\u00a0Son jugement, en particulier concernant la peine d\u2019in\u00e9ligibilit\u00e9 avec ex\u00e9cution provisoire, a tenu compte de la d\u00e9fense et de l\u2019attitude de la d\u00e9put\u00e9e d\u2019extr\u00eame droite.<\/p>\n<p>Le tribunal correctionnel de Paris avait ainsi pris en consid\u00e9ration le \"positionnement de l'int\u00e9ress\u00e9e\", c'est-\u00e0-dire ses d\u00e9n\u00e9gations, pour justifier la lourdeur de sa condamnation, mais aussi la \"gravit\u00e9\" des infractions commises et le risque de r\u00e9cidive en raison \"de l\u2019absence de reconnaissance des faits\" et de \"l\u2019impunit\u00e9 revendiqu\u00e9e\".<\/p>\n<p>La juge a \u00e9galement justifi\u00e9 l'ex\u00e9cution provisoire de l'in\u00e9ligibilit\u00e9 de Marine Le\u00a0Pen par la n\u00e9cessit\u00e9 de \"veiller \u00e0 ce que les \u00e9lus, comme tous justiciables, ne b\u00e9n\u00e9ficient pas d'un r\u00e9gime de faveur, incompatible avec la confiance recherch\u00e9e par les citoyens dans la vie politique\".<\/p>\n<h2>\u00a7\u00a0 Une ing\u00e9rence am\u00e9ricaine\u00a0?<\/h2>\n<p>Dans le creux des f\u00eates de fin d'ann\u00e9e, l'hebdomadaire allemand Der\u00a0Spiegel a affirm\u00e9 que Washington \"a envisag\u00e9 des sanctions contre les juges qui avaient condamn\u00e9\" Marine Le\u00a0Pen au printemps dernier.\u00a0Donald Trump avait alors critiqu\u00e9 le verdict, appelant \u00e0 la \"lib\u00e9ration\" d'une Marine Le\u00a0Pen victime selon lui d'une \"chasse aux sorci\u00e8res\".<\/p>\n<p>\"Si de tels faits \u00e9taient av\u00e9r\u00e9s ou devaient se r\u00e9aliser, ils constitueraient une ing\u00e9rence inacceptable et intol\u00e9rable dans les affaires internes de notre pays\", a mis en garde, mardi 6\u00a0janvier, le pr\u00e9sident du tribunal judiciaire de Paris Peimane Ghaleh-Marzban.<\/p>\n<p>Des propos \u00e9tay\u00e9s par l'exemple du juge fran\u00e7ais de la\u00a0Cour p\u00e9nale internationale\u00a0(CPI) Nicolas Guillou, charg\u00e9 entre autres du mandat d'arr\u00eat visant le Premier\u00a0ministre isra\u00e9lien\u00a0Benjamin Netanyahu, et vis\u00e9 depuis ao\u00fbt par des sanctions am\u00e9ricaines. Et son cas est loin d'\u00eatre isol\u00e9. Les \u00c9tats-Unis ont aussi cibl\u00e9 ces derniers mois le juge br\u00e9silien qui a dirig\u00e9 l'enqu\u00eate contre l'ex-pr\u00e9sident\u00a0Jair Bolsonaro, mais aussi des responsables d'ONG contre la d\u00e9sinformation et la haine en ligne au Royaume-Uni et en Allemagne, ainsi que l'ancien commissaire europ\u00e9en Thierry Breton.<\/p>\n<p>Pour autant, \"rien de tr\u00e8s tangible\" ne vient corroborer une volont\u00e9 d'ing\u00e9rence sur la Cour d'appel, a assur\u00e9, jeudi 8\u00a0janvier, le plus haut procureur de France, R\u00e9my Heitz. D\u00e9savouant son coll\u00e8gue du tribunal judiciaire, le magistrat de la Cour de cassation a en effet relev\u00e9 qu'\"\u00e0 ce stade, il n'y a que des bruits de presse\".<\/p>\n<p>C\u00f4t\u00e9 am\u00e9ricain, la sous-secr\u00e9taire d'\u00c9tat Sarah\u00a0B.\u00a0Rogers a pour sa part tenu \u00e0 \"contrer la 'd\u00e9sinformation' \u00e9trang\u00e8re\" en ass\u00e9nant sur X que cette \"pr\u00e9tendue fuite est fausse et p\u00e9rim\u00e9e\".<\/p>\n<p>S\u2019estimant victime, le RN a d\u00e9nonc\u00e9, mercredi 7\u00a0janvier, \"un ragot colport\u00e9 par un m\u00e9dia hostile\", amplifi\u00e9 par la d\u00e9claration de Peimane Ghaleh-Marzban qui r\u00e9sonne \"comme l'accr\u00e9ditation d'une fake news\" pouvant \"apparaitre comme une pression inadmissible sur les magistrats d'appel\".<\/p>\n<h2>\u00a7\u00a0 Quels sc\u00e9narios possibles\u00a0?<\/h2>\n<p>Le jugement du proc\u00e8s en appel de Marine Le\u00a0Pen est attendu d\u2019ici l\u2019\u00e9t\u00e9\u00a02026. En cas de relaxe, Marine Le\u00a0Pen pourra se pr\u00e9senter \u00e0 l\u2019\u00e9lection pr\u00e9sidentielle\u00a02027, tandis qu\u2019une confirmation du jugement l\u2019en emp\u00eacherait.<\/p>\n<p>Marine Le\u00a0Pen pourrait encore se pourvoir en cassation. Le premier pr\u00e9sident de la Cour de cassation, Christophe Soulard, a d\u00e9clar\u00e9 qu\u2019une d\u00e9cision serait alors prise \"si possible\" avant la pr\u00e9sidentielle. \"S'il y a un arr\u00eat qui confirme et qu'il y a un pourvoi en cassation \u2013 ce n'est pas encore fait \u2013 alors la Cour de cassation s'organisera pour, dans la mesure du possible, juger l'affaire assez vite\", a-t-il indiqu\u00e9, jeudi 8\u00a0janvier, lors d'une rencontre avec la presse.<\/p>\n<p>Mais il existe aussi un sc\u00e9nario interm\u00e9diaire qui verrait Marine Le\u00a0Pen \u00eatre de nouveau condamn\u00e9e mais sans peine d\u2019in\u00e9ligibilit\u00e9 ou avec une peine d\u2019in\u00e9ligibilit\u00e9 raccourcie. La cheffe de file des d\u00e9put\u00e9s RN serait alors l\u00e9galement autoris\u00e9e \u00e0 se pr\u00e9senter \u00e0 l\u2019\u00e9lection, mais aurait \u00e0 affronter un probl\u00e8me politique\u00a0: faire campagne malgr\u00e9 une condamnation p\u00e9nale.<\/p>\n<p>La pression serait alors sans doute forte pour qu\u2019elle laisse sa place \u00e0\u00a0Jordan Bardella, qui s\u2019installe de plus en plus comme favori pour 2027. Pour la premi\u00e8re fois,\u00a0un sondage a donn\u00e9 fin novembre le jeune pr\u00e9sident du RN, \u00e2g\u00e9 de 30\u00a0ans, vainqueur de l'\u00e9lection pr\u00e9sidentielle face \u00e0 tous ses rivaux potentiels.<\/p>\n<p>&nbsp;<\/p>\n<div class='share-to-whatsapp-wrapper'><div class='share-on-whsp'>PARTAGER SUR : <\/div><a data-text='DETOURNEMENTS PR\u00c9SUM\u00c9S \u2013 Marine Le Pen et Cie jug\u00e9s en appel du 13 janvier au 12 f\u00e9vrier' data-link='https:\/\/www.nettali.com\/2026\/01\/11\/detournements-presumes-marine-le-pen-et-cie-juges-en-appel-du-13-janvier-au-12-fevrier\/' class='whatsapp-button whatsapp-share'>WhatsApp<\/a><div class='clear '><\/div><\/div>","protected":false},"excerpt":{"rendered":"<p>NETTALI.COM - Marine Le Pen, le Rassemblement national et 11 autres pr\u00e9venus sont jug\u00e9s du 13 janvier au 12 f\u00e9vrier par la cour d\u2019appel de Paris dans le dossier des d\u00e9tournements pr\u00e9sum\u00e9s des fonds du Parlement europ\u00e9en. La cheffe de file du parti d\u2019extr\u00eame droite a \u00e9t\u00e9 condamn\u00e9e en premi\u00e8re instance \u00e0 quatre ans de [&hellip;]<\/p>\n","protected":false},"author":4,"featured_media":143857,"comment_status":"open","ping_status":"open","sticky":false,"template":"","format":"standard","meta":{"_et_pb_use_builder":"","_et_pb_old_content":""},"categories":[3],"tags":[],"yoast_head":"<!-- This site is optimized with the Yoast SEO Premium plugin v17.8 (Yoast SEO v17.8) - https:\/\/yoast.com\/wordpress\/plugins\/seo\/ -->\n<title>DETOURNEMENTS PR\u00c9SUM\u00c9S \u2013 Marine Le Pen et Cie jug\u00e9s en appel du 13 janvier au 12 f\u00e9vrier | Nettali.com<\/title>\n<meta name=\"robots\" content=\"index, follow, max-snippet:-1, max-image-preview:large, max-video-preview:-1\" \/>\n<link rel=\"canonical\" href=\"https:\/\/www.nettali.com\/2026\/01\/11\/detournements-presumes-marine-le-pen-et-cie-juges-en-appel-du-13-janvier-au-12-fevrier\/\" \/>\n<meta property=\"og:locale\" content=\"fr_FR\" \/>\n<meta property=\"og:type\" content=\"article\" \/>\n<meta property=\"og:title\" content=\"DETOURNEMENTS PR\u00c9SUM\u00c9S \u2013 Marine Le Pen et Cie jug\u00e9s en appel du 13 janvier au 12 f\u00e9vrier\" \/>\n<meta property=\"og:description\" content=\"NETTALI.COM - Marine Le Pen, le Rassemblement national et 11 autres pr\u00e9venus sont jug\u00e9s du 13 janvier au 12 f\u00e9vrier par la cour d\u2019appel de Paris dans le dossier des d\u00e9tournements pr\u00e9sum\u00e9s des fonds du Parlement europ\u00e9en. La cheffe de file du parti d\u2019extr\u00eame droite a \u00e9t\u00e9 condamn\u00e9e en premi\u00e8re instance \u00e0 quatre ans de [&hellip;]\" \/>\n<meta property=\"og:url\" content=\"https:\/\/www.nettali.com\/2026\/01\/11\/detournements-presumes-marine-le-pen-et-cie-juges-en-appel-du-13-janvier-au-12-fevrier\/\" \/>\n<meta property=\"og:site_name\" content=\"Nettali.com\" \/>\n<meta property=\"article:publisher\" content=\"https:\/\/www.facebook.com\/nettalicom\" \/>\n<meta property=\"article:published_time\" content=\"2026-01-11T14:05:15+00:00\" \/>\n<meta property=\"og:image\" content=\"https:\/\/www.nettali.com\/wp-content\/uploads\/2024\/11\/marine-le-pen-le-24-novembre-photo-sipa-1702047665.jpg\" \/>\n\t<meta property=\"og:image:width\" content=\"1600\" \/>\n\t<meta property=\"og:image:height\" content=\"1111\" \/>\n<meta name=\"twitter:card\" content=\"summary_large_image\" \/>\n<meta name=\"twitter:label1\" content=\"\u00c9crit par\" \/>\n\t<meta name=\"twitter:data1\" content=\"Daouda\" \/>\n\t<meta name=\"twitter:label2\" content=\"Dur\u00e9e de lecture estim\u00e9e\" \/>\n\t<meta name=\"twitter:data2\" content=\"7 minutes\" \/>\n<script type=\"application\/ld+json\" class=\"yoast-schema-graph\">{\"@context\":\"https:\/\/schema.org\",\"@graph\":[{\"@type\":\"WebSite\",\"@id\":\"https:\/\/www.nettali.com\/#website\",\"url\":\"https:\/\/www.nettali.com\/\",\"name\":\"Nettali.com\",\"description\":\"Le rendez-vous critique du Net\",\"potentialAction\":[{\"@type\":\"SearchAction\",\"target\":{\"@type\":\"EntryPoint\",\"urlTemplate\":\"https:\/\/www.nettali.com\/?s={search_term_string}\"},\"query-input\":\"required name=search_term_string\"}],\"inLanguage\":\"fr-FR\"},{\"@type\":\"ImageObject\",\"@id\":\"https:\/\/www.nettali.com\/2026\/01\/11\/detournements-presumes-marine-le-pen-et-cie-juges-en-appel-du-13-janvier-au-12-fevrier\/#primaryimage\",\"inLanguage\":\"fr-FR\",\"url\":\"https:\/\/www.nettali.com\/wp-content\/uploads\/2024\/11\/marine-le-pen-le-24-novembre-photo-sipa-1702047665.jpg\",\"contentUrl\":\"https:\/\/www.nettali.com\/wp-content\/uploads\/2024\/11\/marine-le-pen-le-24-novembre-photo-sipa-1702047665.jpg\",\"width\":1600,\"height\":1111},{\"@type\":\"WebPage\",\"@id\":\"https:\/\/www.nettali.com\/2026\/01\/11\/detournements-presumes-marine-le-pen-et-cie-juges-en-appel-du-13-janvier-au-12-fevrier\/#webpage\",\"url\":\"https:\/\/www.nettali.com\/2026\/01\/11\/detournements-presumes-marine-le-pen-et-cie-juges-en-appel-du-13-janvier-au-12-fevrier\/\",\"name\":\"DETOURNEMENTS PR\\u00c9SUM\\u00c9S \\u2013 Marine Le Pen et Cie jug\\u00e9s en appel du 13 janvier au 12 f\\u00e9vrier | Nettali.com\",\"isPartOf\":{\"@id\":\"https:\/\/www.nettali.com\/#website\"},\"primaryImageOfPage\":{\"@id\":\"https:\/\/www.nettali.com\/2026\/01\/11\/detournements-presumes-marine-le-pen-et-cie-juges-en-appel-du-13-janvier-au-12-fevrier\/#primaryimage\"},\"datePublished\":\"2026-01-11T14:05:15+00:00\",\"dateModified\":\"2026-01-11T14:05:15+00:00\",\"author\":{\"@id\":\"https:\/\/www.nettali.com\/#\/schema\/person\/3317e0bb3aa1da309fbf7b2780901bf4\"},\"breadcrumb\":{\"@id\":\"https:\/\/www.nettali.com\/2026\/01\/11\/detournements-presumes-marine-le-pen-et-cie-juges-en-appel-du-13-janvier-au-12-fevrier\/#breadcrumb\"},\"inLanguage\":\"fr-FR\",\"potentialAction\":[{\"@type\":\"ReadAction\",\"target\":[\"https:\/\/www.nettali.com\/2026\/01\/11\/detournements-presumes-marine-le-pen-et-cie-juges-en-appel-du-13-janvier-au-12-fevrier\/\"]}]},{\"@type\":\"BreadcrumbList\",\"@id\":\"https:\/\/www.nettali.com\/2026\/01\/11\/detournements-presumes-marine-le-pen-et-cie-juges-en-appel-du-13-janvier-au-12-fevrier\/#breadcrumb\",\"itemListElement\":[{\"@type\":\"ListItem\",\"position\":1,\"name\":\"Accueil\",\"item\":\"https:\/\/www.nettali.com\/\"},{\"@type\":\"ListItem\",\"position\":2,\"name\":\"DETOURNEMENTS PR\\u00c9SUM\\u00c9S \\u2013 Marine Le Pen et Cie jug\\u00e9s en appel du 13 janvier au 12 f\\u00e9vrier\"}]},{\"@type\":\"Person\",\"@id\":\"https:\/\/www.nettali.com\/#\/schema\/person\/3317e0bb3aa1da309fbf7b2780901bf4\",\"name\":\"Daouda\",\"image\":{\"@type\":\"ImageObject\",\"@id\":\"https:\/\/www.nettali.com\/#personlogo\",\"inLanguage\":\"fr-FR\",\"url\":\"https:\/\/secure.gravatar.com\/avatar\/8d143b5a49345098ddcfee1c49c2f47c?s=96&d=mm&r=g\",\"contentUrl\":\"https:\/\/secure.gravatar.com\/avatar\/8d143b5a49345098ddcfee1c49c2f47c?s=96&d=mm&r=g\",\"caption\":\"Daouda\"},\"sameAs\":[\"https:\/\/www.nettali.com\"]}]}<\/script>\n<!-- \/ Yoast SEO Premium plugin. -->","yoast_head_json":{"title":"DETOURNEMENTS PR\u00c9SUM\u00c9S \u2013 Marine Le Pen et Cie jug\u00e9s en appel du 13 janvier au 12 f\u00e9vrier | Nettali.com","robots":{"index":"index","follow":"follow","max-snippet":"max-snippet:-1","max-image-preview":"max-image-preview:large","max-video-preview":"max-video-preview:-1"},"canonical":"https:\/\/www.nettali.com\/2026\/01\/11\/detournements-presumes-marine-le-pen-et-cie-juges-en-appel-du-13-janvier-au-12-fevrier\/","og_locale":"fr_FR","og_type":"article","og_title":"DETOURNEMENTS PR\u00c9SUM\u00c9S \u2013 Marine Le Pen et Cie jug\u00e9s en appel du 13 janvier au 12 f\u00e9vrier","og_description":"NETTALI.COM - Marine Le Pen, le Rassemblement national et 11 autres pr\u00e9venus sont jug\u00e9s du 13 janvier au 12 f\u00e9vrier par la cour d\u2019appel de Paris dans le dossier des d\u00e9tournements pr\u00e9sum\u00e9s des fonds du Parlement europ\u00e9en. La cheffe de file du parti d\u2019extr\u00eame droite a \u00e9t\u00e9 condamn\u00e9e en premi\u00e8re instance \u00e0 quatre ans de [&hellip;]","og_url":"https:\/\/www.nettali.com\/2026\/01\/11\/detournements-presumes-marine-le-pen-et-cie-juges-en-appel-du-13-janvier-au-12-fevrier\/","og_site_name":"Nettali.com","article_publisher":"https:\/\/www.facebook.com\/nettalicom","article_published_time":"2026-01-11T14:05:15+00:00","og_image":[{"width":1600,"height":1111,"url":"https:\/\/www.nettali.com\/wp-content\/uploads\/2024\/11\/marine-le-pen-le-24-novembre-photo-sipa-1702047665.jpg","type":"image\/jpeg"}],"twitter_card":"summary_large_image","twitter_misc":{"\u00c9crit par":"Daouda","Dur\u00e9e de lecture estim\u00e9e":"7 minutes"},"schema":{"@context":"https:\/\/schema.org","@graph":[{"@type":"WebSite","@id":"https:\/\/www.nettali.com\/#website","url":"https:\/\/www.nettali.com\/","name":"Nettali.com","description":"Le rendez-vous critique du Net","potentialAction":[{"@type":"SearchAction","target":{"@type":"EntryPoint","urlTemplate":"https:\/\/www.nettali.com\/?s={search_term_string}"},"query-input":"required name=search_term_string"}],"inLanguage":"fr-FR"},{"@type":"ImageObject","@id":"https:\/\/www.nettali.com\/2026\/01\/11\/detournements-presumes-marine-le-pen-et-cie-juges-en-appel-du-13-janvier-au-12-fevrier\/#primaryimage","inLanguage":"fr-FR","url":"https:\/\/www.nettali.com\/wp-content\/uploads\/2024\/11\/marine-le-pen-le-24-novembre-photo-sipa-1702047665.jpg","contentUrl":"https:\/\/www.nettali.com\/wp-content\/uploads\/2024\/11\/marine-le-pen-le-24-novembre-photo-sipa-1702047665.jpg","width":1600,"height":1111},{"@type":"WebPage","@id":"https:\/\/www.nettali.com\/2026\/01\/11\/detournements-presumes-marine-le-pen-et-cie-juges-en-appel-du-13-janvier-au-12-fevrier\/#webpage","url":"https:\/\/www.nettali.com\/2026\/01\/11\/detournements-presumes-marine-le-pen-et-cie-juges-en-appel-du-13-janvier-au-12-fevrier\/","name":"DETOURNEMENTS PR\u00c9SUM\u00c9S \u2013 Marine Le Pen et Cie jug\u00e9s en appel du 13 janvier au 12 f\u00e9vrier | Nettali.com","isPartOf":{"@id":"https:\/\/www.nettali.com\/#website"},"primaryImageOfPage":{"@id":"https:\/\/www.nettali.com\/2026\/01\/11\/detournements-presumes-marine-le-pen-et-cie-juges-en-appel-du-13-janvier-au-12-fevrier\/#primaryimage"},"datePublished":"2026-01-11T14:05:15+00:00","dateModified":"2026-01-11T14:05:15+00:00","author":{"@id":"https:\/\/www.nettali.com\/#\/schema\/person\/3317e0bb3aa1da309fbf7b2780901bf4"},"breadcrumb":{"@id":"https:\/\/www.nettali.com\/2026\/01\/11\/detournements-presumes-marine-le-pen-et-cie-juges-en-appel-du-13-janvier-au-12-fevrier\/#breadcrumb"},"inLanguage":"fr-FR","potentialAction":[{"@type":"ReadAction","target":["https:\/\/www.nettali.com\/2026\/01\/11\/detournements-presumes-marine-le-pen-et-cie-juges-en-appel-du-13-janvier-au-12-fevrier\/"]}]},{"@type":"BreadcrumbList","@id":"https:\/\/www.nettali.com\/2026\/01\/11\/detournements-presumes-marine-le-pen-et-cie-juges-en-appel-du-13-janvier-au-12-fevrier\/#breadcrumb","itemListElement":[{"@type":"ListItem","position":1,"name":"Accueil","item":"https:\/\/www.nettali.com\/"},{"@type":"ListItem","position":2,"name":"DETOURNEMENTS PR\u00c9SUM\u00c9S \u2013 Marine Le Pen et Cie jug\u00e9s en appel du 13 janvier au 12 f\u00e9vrier"}]},{"@type":"Person","@id":"https:\/\/www.nettali.com\/#\/schema\/person\/3317e0bb3aa1da309fbf7b2780901bf4","name":"Daouda","image":{"@type":"ImageObject","@id":"https:\/\/www.nettali.com\/#personlogo","inLanguage":"fr-FR","url":"https:\/\/secure.gravatar.com\/avatar\/8d143b5a49345098ddcfee1c49c2f47c?s=96&d=mm&r=g","contentUrl":"https:\/\/secure.gravatar.com\/avatar\/8d143b5a49345098ddcfee1c49c2f47c?s=96&d=mm&r=g","caption":"Daouda"},"sameAs":["https:\/\/www.nettali.com"]}]}},"_links":{"self":[{"href":"https:\/\/www.nettali.com\/rest\/wp\/v2\/posts\/167766"}],"collection":[{"href":"https:\/\/www.nettali.com\/rest\/wp\/v2\/posts"}],"about":[{"href":"https:\/\/www.nettali.com\/rest\/wp\/v2\/types\/post"}],"author":[{"embeddable":true,"href":"https:\/\/www.nettali.com\/rest\/wp\/v2\/users\/4"}],"replies":[{"embeddable":true,"href":"https:\/\/www.nettali.com\/rest\/wp\/v2\/comments?post=167766"}],"version-history":[{"count":1,"href":"https:\/\/www.nettali.com\/rest\/wp\/v2\/posts\/167766\/revisions"}],"predecessor-version":[{"id":167767,"href":"https:\/\/www.nettali.com\/rest\/wp\/v2\/posts\/167766\/revisions\/167767"}],"wp:featuredmedia":[{"embeddable":true,"href":"https:\/\/www.nettali.com\/rest\/wp\/v2\/media\/143857"}],"wp:attachment":[{"href":"https:\/\/www.nettali.com\/rest\/wp\/v2\/media?parent=167766"}],"wp:term":[{"taxonomy":"category","embeddable":true,"href":"https:\/\/www.nettali.com\/rest\/wp\/v2\/categories?post=167766"},{"taxonomy":"post_tag","embeddable":true,"href":"https:\/\/www.nettali.com\/rest\/wp\/v2\/tags?post=167766"}],"curies":[{"name":"wp","href":"https:\/\/api.w.org\/{rel}","templated":true}]}}