{"id":167758,"date":"2026-01-10T19:23:57","date_gmt":"2026-01-10T19:23:57","guid":{"rendered":"https:\/\/www.nettali.com\/?p=167758"},"modified":"2026-01-10T19:25:50","modified_gmt":"2026-01-10T19:25:50","slug":"can-2025-le-nigeria-ecarte-lalgerie-et-rejoint-le-maroc-en-demi-finales","status":"publish","type":"post","link":"https:\/\/www.nettali.com\/2026\/01\/10\/can-2025-le-nigeria-ecarte-lalgerie-et-rejoint-le-maroc-en-demi-finales\/","title":{"rendered":"CAN 2025 - Le Nig\u00e9ria \u00e9carte l\u2019Alg\u00e9rie et rejoint le Maroc en demi-finales"},"content":{"rendered":"<p><strong>NETTALI.COM - La premi\u00e8re affiche des demi-finales de la Coupe d\u2019Afrique des nations est d\u00e9sormais connue : Maroc vs Nigeria. Les Super Eagles ont puni l\u2019Alg\u00e9rie (2-0) en quarts de finale ce samedi au stade de Marrakech.<\/strong><\/p>\n<p>Apr\u00e8s une premi\u00e8re p\u00e9riode \u00e9quilibr\u00e9e, Osimhen et Adams ont tout \u00e0 tour marqu\u00e9 de jolis buts (47e et 57e), gagnant ensuite pratiquement tous les duels. Mahrez a m\u00eame \u00e9t\u00e9 remplac\u00e9. Une journ\u00e9e noire pour les Fennecs qui nourrissaient de jouer un derby contre le pays organisateur.<\/p>\n<p>Comme le S\u00e9n\u00e9gal, le Nig\u00e9ria, vice-champion en titre, jouera sa troisi\u00e8me demi-finale depuis 2019.<\/p>\n<div class='share-to-whatsapp-wrapper'><div class='share-on-whsp'>PARTAGER SUR : <\/div><a data-text='CAN 2025 - Le Nig\u00e9ria \u00e9carte l\u2019Alg\u00e9rie et rejoint le Maroc en demi-finales' data-link='https:\/\/www.nettali.com\/2026\/01\/10\/can-2025-le-nigeria-ecarte-lalgerie-et-rejoint-le-maroc-en-demi-finales\/' class='whatsapp-button whatsapp-share'>WhatsApp<\/a><div class='clear '><\/div><\/div>","protected":false},"excerpt":{"rendered":"<p>NETTALI.COM - La premi\u00e8re affiche des demi-finales de la Coupe d\u2019Afrique des nations est d\u00e9sormais connue : Maroc vs Nigeria. Les Super Eagles ont puni l\u2019Alg\u00e9rie (2-0) en quarts de finale ce samedi au stade de Marrakech. Apr\u00e8s une premi\u00e8re p\u00e9riode \u00e9quilibr\u00e9e, Osimhen et Adams ont tout \u00e0 tour marqu\u00e9 de jolis buts (47e et [&hellip;]<\/p>\n","protected":false},"author":5,"featured_media":167759,"comment_status":"open","ping_status":"open","sticky":false,"template":"","format":"standard","meta":{"_et_pb_use_builder":"","_et_pb_old_content":""},"categories":[6],"tags":[],"yoast_head":"<!-- This site is optimized with the Yoast SEO Premium plugin v17.8 (Yoast SEO v17.8) - https:\/\/yoast.com\/wordpress\/plugins\/seo\/ -->\n<title>CAN 2025 - Le Nig\u00e9ria \u00e9carte l\u2019Alg\u00e9rie et rejoint le Maroc en demi-finales | Nettali.com<\/title>\n<meta name=\"robots\" content=\"index, follow, max-snippet:-1, max-image-preview:large, max-video-preview:-1\" \/>\n<link rel=\"canonical\" href=\"https:\/\/www.nettali.com\/2026\/01\/10\/can-2025-le-nigeria-ecarte-lalgerie-et-rejoint-le-maroc-en-demi-finales\/\" \/>\n<meta property=\"og:locale\" content=\"fr_FR\" \/>\n<meta property=\"og:type\" content=\"article\" \/>\n<meta property=\"og:title\" content=\"CAN 2025 - Le Nig\u00e9ria \u00e9carte l\u2019Alg\u00e9rie et rejoint le Maroc en demi-finales\" \/>\n<meta property=\"og:description\" content=\"NETTALI.COM - La premi\u00e8re affiche des demi-finales de la Coupe d\u2019Afrique des nations est d\u00e9sormais connue : Maroc vs Nigeria. Les Super Eagles ont puni l\u2019Alg\u00e9rie (2-0) en quarts de finale ce samedi au stade de Marrakech. Apr\u00e8s une premi\u00e8re p\u00e9riode \u00e9quilibr\u00e9e, Osimhen et Adams ont tout \u00e0 tour marqu\u00e9 de jolis buts (47e et [&hellip;]\" \/>\n<meta property=\"og:url\" content=\"https:\/\/www.nettali.com\/2026\/01\/10\/can-2025-le-nigeria-ecarte-lalgerie-et-rejoint-le-maroc-en-demi-finales\/\" \/>\n<meta property=\"og:site_name\" content=\"Nettali.com\" \/>\n<meta property=\"article:publisher\" content=\"https:\/\/www.facebook.com\/nettalicom\" \/>\n<meta property=\"article:published_time\" content=\"2026-01-10T19:23:57+00:00\" \/>\n<meta property=\"article:modified_time\" content=\"2026-01-10T19:25:50+00:00\" \/>\n<meta property=\"og:image\" content=\"https:\/\/www.nettali.com\/wp-content\/uploads\/2026\/01\/design-sans-titre-2026-01-10t184420-083.jpg\" \/>\n\t<meta property=\"og:image:width\" content=\"642\" \/>\n\t<meta property=\"og:image:height\" content=\"382\" \/>\n<meta name=\"twitter:card\" content=\"summary_large_image\" \/>\n<meta name=\"twitter:label1\" content=\"\u00c9crit par\" \/>\n\t<meta name=\"twitter:data1\" content=\"Ibrahima\" \/>\n\t<meta name=\"twitter:label2\" content=\"Dur\u00e9e de lecture estim\u00e9e\" \/>\n\t<meta name=\"twitter:data2\" content=\"1 minute\" \/>\n<script type=\"application\/ld+json\" class=\"yoast-schema-graph\">{\"@context\":\"https:\/\/schema.org\",\"@graph\":[{\"@type\":\"WebSite\",\"@id\":\"https:\/\/www.nettali.com\/#website\",\"url\":\"https:\/\/www.nettali.com\/\",\"name\":\"Nettali.com\",\"description\":\"Le rendez-vous critique du Net\",\"potentialAction\":[{\"@type\":\"SearchAction\",\"target\":{\"@type\":\"EntryPoint\",\"urlTemplate\":\"https:\/\/www.nettali.com\/?s={search_term_string}\"},\"query-input\":\"required name=search_term_string\"}],\"inLanguage\":\"fr-FR\"},{\"@type\":\"ImageObject\",\"@id\":\"https:\/\/www.nettali.com\/2026\/01\/10\/can-2025-le-nigeria-ecarte-lalgerie-et-rejoint-le-maroc-en-demi-finales\/#primaryimage\",\"inLanguage\":\"fr-FR\",\"url\":\"https:\/\/www.nettali.com\/wp-content\/uploads\/2026\/01\/design-sans-titre-2026-01-10t184420-083.jpg\",\"contentUrl\":\"https:\/\/www.nettali.com\/wp-content\/uploads\/2026\/01\/design-sans-titre-2026-01-10t184420-083.jpg\",\"width\":642,\"height\":382},{\"@type\":\"WebPage\",\"@id\":\"https:\/\/www.nettali.com\/2026\/01\/10\/can-2025-le-nigeria-ecarte-lalgerie-et-rejoint-le-maroc-en-demi-finales\/#webpage\",\"url\":\"https:\/\/www.nettali.com\/2026\/01\/10\/can-2025-le-nigeria-ecarte-lalgerie-et-rejoint-le-maroc-en-demi-finales\/\",\"name\":\"CAN 2025 - Le Nig\\u00e9ria \\u00e9carte l\\u2019Alg\\u00e9rie et rejoint le Maroc en demi-finales | Nettali.com\",\"isPartOf\":{\"@id\":\"https:\/\/www.nettali.com\/#website\"},\"primaryImageOfPage\":{\"@id\":\"https:\/\/www.nettali.com\/2026\/01\/10\/can-2025-le-nigeria-ecarte-lalgerie-et-rejoint-le-maroc-en-demi-finales\/#primaryimage\"},\"datePublished\":\"2026-01-10T19:23:57+00:00\",\"dateModified\":\"2026-01-10T19:25:50+00:00\",\"author\":{\"@id\":\"https:\/\/www.nettali.com\/#\/schema\/person\/bb147657c2986240405a608162b9bb23\"},\"breadcrumb\":{\"@id\":\"https:\/\/www.nettali.com\/2026\/01\/10\/can-2025-le-nigeria-ecarte-lalgerie-et-rejoint-le-maroc-en-demi-finales\/#breadcrumb\"},\"inLanguage\":\"fr-FR\",\"potentialAction\":[{\"@type\":\"ReadAction\",\"target\":[\"https:\/\/www.nettali.com\/2026\/01\/10\/can-2025-le-nigeria-ecarte-lalgerie-et-rejoint-le-maroc-en-demi-finales\/\"]}]},{\"@type\":\"BreadcrumbList\",\"@id\":\"https:\/\/www.nettali.com\/2026\/01\/10\/can-2025-le-nigeria-ecarte-lalgerie-et-rejoint-le-maroc-en-demi-finales\/#breadcrumb\",\"itemListElement\":[{\"@type\":\"ListItem\",\"position\":1,\"name\":\"Accueil\",\"item\":\"https:\/\/www.nettali.com\/\"},{\"@type\":\"ListItem\",\"position\":2,\"name\":\"CAN 2025 - Le Nig\\u00e9ria \\u00e9carte l\\u2019Alg\\u00e9rie et rejoint le Maroc en demi-finales\"}]},{\"@type\":\"Person\",\"@id\":\"https:\/\/www.nettali.com\/#\/schema\/person\/bb147657c2986240405a608162b9bb23\",\"name\":\"Ibrahima\",\"image\":{\"@type\":\"ImageObject\",\"@id\":\"https:\/\/www.nettali.com\/#personlogo\",\"inLanguage\":\"fr-FR\",\"url\":\"https:\/\/secure.gravatar.com\/avatar\/26a8a81f09f0dd7624c9d5c36c9ba3a2?s=96&d=mm&r=g\",\"contentUrl\":\"https:\/\/secure.gravatar.com\/avatar\/26a8a81f09f0dd7624c9d5c36c9ba3a2?s=96&d=mm&r=g\",\"caption\":\"Ibrahima\"},\"sameAs\":[\"https:\/\/www.nettali.com\"]}]}<\/script>\n<!-- \/ Yoast SEO Premium plugin. -->","yoast_head_json":{"title":"CAN 2025 - Le Nig\u00e9ria \u00e9carte l\u2019Alg\u00e9rie et rejoint le Maroc en demi-finales | Nettali.com","robots":{"index":"index","follow":"follow","max-snippet":"max-snippet:-1","max-image-preview":"max-image-preview:large","max-video-preview":"max-video-preview:-1"},"canonical":"https:\/\/www.nettali.com\/2026\/01\/10\/can-2025-le-nigeria-ecarte-lalgerie-et-rejoint-le-maroc-en-demi-finales\/","og_locale":"fr_FR","og_type":"article","og_title":"CAN 2025 - Le Nig\u00e9ria \u00e9carte l\u2019Alg\u00e9rie et rejoint le Maroc en demi-finales","og_description":"NETTALI.COM - La premi\u00e8re affiche des demi-finales de la Coupe d\u2019Afrique des nations est d\u00e9sormais connue : Maroc vs Nigeria. Les Super Eagles ont puni l\u2019Alg\u00e9rie (2-0) en quarts de finale ce samedi au stade de Marrakech. Apr\u00e8s une premi\u00e8re p\u00e9riode \u00e9quilibr\u00e9e, Osimhen et Adams ont tout \u00e0 tour marqu\u00e9 de jolis buts (47e et [&hellip;]","og_url":"https:\/\/www.nettali.com\/2026\/01\/10\/can-2025-le-nigeria-ecarte-lalgerie-et-rejoint-le-maroc-en-demi-finales\/","og_site_name":"Nettali.com","article_publisher":"https:\/\/www.facebook.com\/nettalicom","article_published_time":"2026-01-10T19:23:57+00:00","article_modified_time":"2026-01-10T19:25:50+00:00","og_image":[{"width":642,"height":382,"url":"https:\/\/www.nettali.com\/wp-content\/uploads\/2026\/01\/design-sans-titre-2026-01-10t184420-083.jpg","type":"image\/jpeg"}],"twitter_card":"summary_large_image","twitter_misc":{"\u00c9crit par":"Ibrahima","Dur\u00e9e de lecture estim\u00e9e":"1 minute"},"schema":{"@context":"https:\/\/schema.org","@graph":[{"@type":"WebSite","@id":"https:\/\/www.nettali.com\/#website","url":"https:\/\/www.nettali.com\/","name":"Nettali.com","description":"Le rendez-vous critique du Net","potentialAction":[{"@type":"SearchAction","target":{"@type":"EntryPoint","urlTemplate":"https:\/\/www.nettali.com\/?s={search_term_string}"},"query-input":"required name=search_term_string"}],"inLanguage":"fr-FR"},{"@type":"ImageObject","@id":"https:\/\/www.nettali.com\/2026\/01\/10\/can-2025-le-nigeria-ecarte-lalgerie-et-rejoint-le-maroc-en-demi-finales\/#primaryimage","inLanguage":"fr-FR","url":"https:\/\/www.nettali.com\/wp-content\/uploads\/2026\/01\/design-sans-titre-2026-01-10t184420-083.jpg","contentUrl":"https:\/\/www.nettali.com\/wp-content\/uploads\/2026\/01\/design-sans-titre-2026-01-10t184420-083.jpg","width":642,"height":382},{"@type":"WebPage","@id":"https:\/\/www.nettali.com\/2026\/01\/10\/can-2025-le-nigeria-ecarte-lalgerie-et-rejoint-le-maroc-en-demi-finales\/#webpage","url":"https:\/\/www.nettali.com\/2026\/01\/10\/can-2025-le-nigeria-ecarte-lalgerie-et-rejoint-le-maroc-en-demi-finales\/","name":"CAN 2025 - Le Nig\u00e9ria \u00e9carte l\u2019Alg\u00e9rie et rejoint le Maroc en demi-finales | Nettali.com","isPartOf":{"@id":"https:\/\/www.nettali.com\/#website"},"primaryImageOfPage":{"@id":"https:\/\/www.nettali.com\/2026\/01\/10\/can-2025-le-nigeria-ecarte-lalgerie-et-rejoint-le-maroc-en-demi-finales\/#primaryimage"},"datePublished":"2026-01-10T19:23:57+00:00","dateModified":"2026-01-10T19:25:50+00:00","author":{"@id":"https:\/\/www.nettali.com\/#\/schema\/person\/bb147657c2986240405a608162b9bb23"},"breadcrumb":{"@id":"https:\/\/www.nettali.com\/2026\/01\/10\/can-2025-le-nigeria-ecarte-lalgerie-et-rejoint-le-maroc-en-demi-finales\/#breadcrumb"},"inLanguage":"fr-FR","potentialAction":[{"@type":"ReadAction","target":["https:\/\/www.nettali.com\/2026\/01\/10\/can-2025-le-nigeria-ecarte-lalgerie-et-rejoint-le-maroc-en-demi-finales\/"]}]},{"@type":"BreadcrumbList","@id":"https:\/\/www.nettali.com\/2026\/01\/10\/can-2025-le-nigeria-ecarte-lalgerie-et-rejoint-le-maroc-en-demi-finales\/#breadcrumb","itemListElement":[{"@type":"ListItem","position":1,"name":"Accueil","item":"https:\/\/www.nettali.com\/"},{"@type":"ListItem","position":2,"name":"CAN 2025 - Le Nig\u00e9ria \u00e9carte l\u2019Alg\u00e9rie et rejoint le Maroc en demi-finales"}]},{"@type":"Person","@id":"https:\/\/www.nettali.com\/#\/schema\/person\/bb147657c2986240405a608162b9bb23","name":"Ibrahima","image":{"@type":"ImageObject","@id":"https:\/\/www.nettali.com\/#personlogo","inLanguage":"fr-FR","url":"https:\/\/secure.gravatar.com\/avatar\/26a8a81f09f0dd7624c9d5c36c9ba3a2?s=96&d=mm&r=g","contentUrl":"https:\/\/secure.gravatar.com\/avatar\/26a8a81f09f0dd7624c9d5c36c9ba3a2?s=96&d=mm&r=g","caption":"Ibrahima"},"sameAs":["https:\/\/www.nettali.com"]}]}},"_links":{"self":[{"href":"https:\/\/www.nettali.com\/rest\/wp\/v2\/posts\/167758"}],"collection":[{"href":"https:\/\/www.nettali.com\/rest\/wp\/v2\/posts"}],"about":[{"href":"https:\/\/www.nettali.com\/rest\/wp\/v2\/types\/post"}],"author":[{"embeddable":true,"href":"https:\/\/www.nettali.com\/rest\/wp\/v2\/users\/5"}],"replies":[{"embeddable":true,"href":"https:\/\/www.nettali.com\/rest\/wp\/v2\/comments?post=167758"}],"version-history":[{"count":3,"href":"https:\/\/www.nettali.com\/rest\/wp\/v2\/posts\/167758\/revisions"}],"predecessor-version":[{"id":167762,"href":"https:\/\/www.nettali.com\/rest\/wp\/v2\/posts\/167758\/revisions\/167762"}],"wp:featuredmedia":[{"embeddable":true,"href":"https:\/\/www.nettali.com\/rest\/wp\/v2\/media\/167759"}],"wp:attachment":[{"href":"https:\/\/www.nettali.com\/rest\/wp\/v2\/media?parent=167758"}],"wp:term":[{"taxonomy":"category","embeddable":true,"href":"https:\/\/www.nettali.com\/rest\/wp\/v2\/categories?post=167758"},{"taxonomy":"post_tag","embeddable":true,"href":"https:\/\/www.nettali.com\/rest\/wp\/v2\/tags?post=167758"}],"curies":[{"name":"wp","href":"https:\/\/api.w.org\/{rel}","templated":true}]}}