{"id":167741,"date":"2026-01-10T10:23:31","date_gmt":"2026-01-10T10:23:31","guid":{"rendered":"https:\/\/www.nettali.com\/?p=167741"},"modified":"2026-01-10T07:23:51","modified_gmt":"2026-01-10T07:23:51","slug":"affaire-softcare-des-deputes-demandent-laudition-du-dg-de-larp","status":"publish","type":"post","link":"https:\/\/www.nettali.com\/2026\/01\/10\/affaire-softcare-des-deputes-demandent-laudition-du-dg-de-larp\/","title":{"rendered":"AFFAIRE SOFTCARE - Des d\u00e9put\u00e9s demandent l\u2019audition du DG de l\u2019ARP"},"content":{"rendered":"<p><strong>NETTALI.COM -<\/strong> Trois d\u00e9put\u00e9s de la XV\u1d49 l\u00e9gislature ont saisi la Commission de la Sant\u00e9, de la Population, des Affaires sociales et de la Solidarit\u00e9 nationale de l\u2019Assembl\u00e9e nationale pour demander l\u2019audition du directeur g\u00e9n\u00e9ral de l\u2019Agence s\u00e9n\u00e9galaise de R\u00e9glementation pharmaceutique (ARP).<\/p>\n<p>Dans un courrier dat\u00e9 du 17 novembre 2025, sign\u00e9 par El Hadji Ousmane Fall, Ousmane Diop et Ousmane Ciss, les parlementaires sollicitent l\u2019examen de dysfonctionnements relev\u00e9s au sein de ladite agence.<\/p>\n<p>Selon le document adress\u00e9 \u00e0 la pr\u00e9sidente de la Commission comp\u00e9tente, cette d\u00e9marche vise \u00e0 permettre aux d\u00e9put\u00e9s d\u2019entendre le directeur g\u00e9n\u00e9ral de l\u2019ARP afin d\u2019obtenir des \u00e9clairages sur les difficult\u00e9s signal\u00e9es dans le fonctionnement de l\u2019institution charg\u00e9e de la r\u00e9gulation pharmaceutique.<\/p>\n<p>La correspondance pr\u00e9cise que la demande d\u2019audition est \u00e9galement transmise au ministre de la Sant\u00e9 et de l\u2019Hygi\u00e8ne publique. Une ampliation du courrier a \u00e9t\u00e9 envoy\u00e9e au Secr\u00e9tariat g\u00e9n\u00e9ral de l\u2019Assembl\u00e9e nationale.<\/p>\n<div class='share-to-whatsapp-wrapper'><div class='share-on-whsp'>PARTAGER SUR : <\/div><a data-text='AFFAIRE SOFTCARE - Des d\u00e9put\u00e9s demandent l\u2019audition du DG de l\u2019ARP' data-link='https:\/\/www.nettali.com\/2026\/01\/10\/affaire-softcare-des-deputes-demandent-laudition-du-dg-de-larp\/' class='whatsapp-button whatsapp-share'>WhatsApp<\/a><div class='clear '><\/div><\/div>","protected":false},"excerpt":{"rendered":"<p>NETTALI.COM - Trois d\u00e9put\u00e9s de la XV\u1d49 l\u00e9gislature ont saisi la Commission de la Sant\u00e9, de la Population, des Affaires sociales et de la Solidarit\u00e9 nationale de l\u2019Assembl\u00e9e nationale pour demander l\u2019audition du directeur g\u00e9n\u00e9ral de l\u2019Agence s\u00e9n\u00e9galaise de R\u00e9glementation pharmaceutique (ARP). Dans un courrier dat\u00e9 du 17 novembre 2025, sign\u00e9 par El Hadji Ousmane [&hellip;]<\/p>\n","protected":false},"author":2,"featured_media":167742,"comment_status":"open","ping_status":"open","sticky":false,"template":"","format":"standard","meta":{"_et_pb_use_builder":"","_et_pb_old_content":""},"categories":[22],"tags":[],"yoast_head":"<!-- This site is optimized with the Yoast SEO Premium plugin v17.8 (Yoast SEO v17.8) - https:\/\/yoast.com\/wordpress\/plugins\/seo\/ -->\n<title>AFFAIRE SOFTCARE - Des d\u00e9put\u00e9s demandent l\u2019audition du DG de l\u2019ARP | Nettali.com<\/title>\n<meta name=\"robots\" content=\"index, follow, max-snippet:-1, max-image-preview:large, max-video-preview:-1\" \/>\n<link rel=\"canonical\" href=\"https:\/\/www.nettali.com\/2026\/01\/10\/affaire-softcare-des-deputes-demandent-laudition-du-dg-de-larp\/\" \/>\n<meta property=\"og:locale\" content=\"fr_FR\" \/>\n<meta property=\"og:type\" content=\"article\" \/>\n<meta property=\"og:title\" content=\"AFFAIRE SOFTCARE - Des d\u00e9put\u00e9s demandent l\u2019audition du DG de l\u2019ARP\" \/>\n<meta property=\"og:description\" content=\"NETTALI.COM - Trois d\u00e9put\u00e9s de la XV\u1d49 l\u00e9gislature ont saisi la Commission de la Sant\u00e9, de la Population, des Affaires sociales et de la Solidarit\u00e9 nationale de l\u2019Assembl\u00e9e nationale pour demander l\u2019audition du directeur g\u00e9n\u00e9ral de l\u2019Agence s\u00e9n\u00e9galaise de R\u00e9glementation pharmaceutique (ARP). Dans un courrier dat\u00e9 du 17 novembre 2025, sign\u00e9 par El Hadji Ousmane [&hellip;]\" \/>\n<meta property=\"og:url\" content=\"https:\/\/www.nettali.com\/2026\/01\/10\/affaire-softcare-des-deputes-demandent-laudition-du-dg-de-larp\/\" \/>\n<meta property=\"og:site_name\" content=\"Nettali.com\" \/>\n<meta property=\"article:publisher\" content=\"https:\/\/www.facebook.com\/nettalicom\" \/>\n<meta property=\"article:published_time\" content=\"2026-01-10T10:23:31+00:00\" \/>\n<meta property=\"article:modified_time\" content=\"2026-01-10T07:23:51+00:00\" \/>\n<meta property=\"og:image\" content=\"https:\/\/www.nettali.com\/wp-content\/uploads\/2026\/01\/thumb_1260x800_69427f3c64ec1_XYw934rXZS.jpg\" \/>\n\t<meta property=\"og:image:width\" content=\"1260\" \/>\n\t<meta property=\"og:image:height\" content=\"800\" \/>\n<meta name=\"twitter:card\" content=\"summary_large_image\" \/>\n<meta name=\"twitter:label1\" content=\"\u00c9crit par\" \/>\n\t<meta name=\"twitter:data1\" content=\"CK\" \/>\n\t<meta name=\"twitter:label2\" content=\"Dur\u00e9e de lecture estim\u00e9e\" \/>\n\t<meta name=\"twitter:data2\" content=\"1 minute\" \/>\n<script type=\"application\/ld+json\" class=\"yoast-schema-graph\">{\"@context\":\"https:\/\/schema.org\",\"@graph\":[{\"@type\":\"WebSite\",\"@id\":\"https:\/\/www.nettali.com\/#website\",\"url\":\"https:\/\/www.nettali.com\/\",\"name\":\"Nettali.com\",\"description\":\"Le rendez-vous critique du Net\",\"potentialAction\":[{\"@type\":\"SearchAction\",\"target\":{\"@type\":\"EntryPoint\",\"urlTemplate\":\"https:\/\/www.nettali.com\/?s={search_term_string}\"},\"query-input\":\"required name=search_term_string\"}],\"inLanguage\":\"fr-FR\"},{\"@type\":\"ImageObject\",\"@id\":\"https:\/\/www.nettali.com\/2026\/01\/10\/affaire-softcare-des-deputes-demandent-laudition-du-dg-de-larp\/#primaryimage\",\"inLanguage\":\"fr-FR\",\"url\":\"https:\/\/www.nettali.com\/wp-content\/uploads\/2026\/01\/thumb_1260x800_69427f3c64ec1_XYw934rXZS.jpg\",\"contentUrl\":\"https:\/\/www.nettali.com\/wp-content\/uploads\/2026\/01\/thumb_1260x800_69427f3c64ec1_XYw934rXZS.jpg\",\"width\":1260,\"height\":800},{\"@type\":\"WebPage\",\"@id\":\"https:\/\/www.nettali.com\/2026\/01\/10\/affaire-softcare-des-deputes-demandent-laudition-du-dg-de-larp\/#webpage\",\"url\":\"https:\/\/www.nettali.com\/2026\/01\/10\/affaire-softcare-des-deputes-demandent-laudition-du-dg-de-larp\/\",\"name\":\"AFFAIRE SOFTCARE - Des d\\u00e9put\\u00e9s demandent l\\u2019audition du DG de l\\u2019ARP | Nettali.com\",\"isPartOf\":{\"@id\":\"https:\/\/www.nettali.com\/#website\"},\"primaryImageOfPage\":{\"@id\":\"https:\/\/www.nettali.com\/2026\/01\/10\/affaire-softcare-des-deputes-demandent-laudition-du-dg-de-larp\/#primaryimage\"},\"datePublished\":\"2026-01-10T10:23:31+00:00\",\"dateModified\":\"2026-01-10T07:23:51+00:00\",\"author\":{\"@id\":\"https:\/\/www.nettali.com\/#\/schema\/person\/d8ac7b7e27ddad43f1c0d2ef090d7f71\"},\"breadcrumb\":{\"@id\":\"https:\/\/www.nettali.com\/2026\/01\/10\/affaire-softcare-des-deputes-demandent-laudition-du-dg-de-larp\/#breadcrumb\"},\"inLanguage\":\"fr-FR\",\"potentialAction\":[{\"@type\":\"ReadAction\",\"target\":[\"https:\/\/www.nettali.com\/2026\/01\/10\/affaire-softcare-des-deputes-demandent-laudition-du-dg-de-larp\/\"]}]},{\"@type\":\"BreadcrumbList\",\"@id\":\"https:\/\/www.nettali.com\/2026\/01\/10\/affaire-softcare-des-deputes-demandent-laudition-du-dg-de-larp\/#breadcrumb\",\"itemListElement\":[{\"@type\":\"ListItem\",\"position\":1,\"name\":\"Accueil\",\"item\":\"https:\/\/www.nettali.com\/\"},{\"@type\":\"ListItem\",\"position\":2,\"name\":\"AFFAIRE SOFTCARE - Des d\\u00e9put\\u00e9s demandent l\\u2019audition du DG de l\\u2019ARP\"}]},{\"@type\":\"Person\",\"@id\":\"https:\/\/www.nettali.com\/#\/schema\/person\/d8ac7b7e27ddad43f1c0d2ef090d7f71\",\"name\":\"CK\",\"image\":{\"@type\":\"ImageObject\",\"@id\":\"https:\/\/www.nettali.com\/#personlogo\",\"inLanguage\":\"fr-FR\",\"url\":\"https:\/\/secure.gravatar.com\/avatar\/1d8d5118b9327d94da7cd4ce7f17fec2?s=96&d=mm&r=g\",\"contentUrl\":\"https:\/\/secure.gravatar.com\/avatar\/1d8d5118b9327d94da7cd4ce7f17fec2?s=96&d=mm&r=g\",\"caption\":\"CK\"},\"sameAs\":[\"https:\/\/www.nettali.com\"]}]}<\/script>\n<!-- \/ Yoast SEO Premium plugin. -->","yoast_head_json":{"title":"AFFAIRE SOFTCARE - Des d\u00e9put\u00e9s demandent l\u2019audition du DG de l\u2019ARP | Nettali.com","robots":{"index":"index","follow":"follow","max-snippet":"max-snippet:-1","max-image-preview":"max-image-preview:large","max-video-preview":"max-video-preview:-1"},"canonical":"https:\/\/www.nettali.com\/2026\/01\/10\/affaire-softcare-des-deputes-demandent-laudition-du-dg-de-larp\/","og_locale":"fr_FR","og_type":"article","og_title":"AFFAIRE SOFTCARE - Des d\u00e9put\u00e9s demandent l\u2019audition du DG de l\u2019ARP","og_description":"NETTALI.COM - Trois d\u00e9put\u00e9s de la XV\u1d49 l\u00e9gislature ont saisi la Commission de la Sant\u00e9, de la Population, des Affaires sociales et de la Solidarit\u00e9 nationale de l\u2019Assembl\u00e9e nationale pour demander l\u2019audition du directeur g\u00e9n\u00e9ral de l\u2019Agence s\u00e9n\u00e9galaise de R\u00e9glementation pharmaceutique (ARP). Dans un courrier dat\u00e9 du 17 novembre 2025, sign\u00e9 par El Hadji Ousmane [&hellip;]","og_url":"https:\/\/www.nettali.com\/2026\/01\/10\/affaire-softcare-des-deputes-demandent-laudition-du-dg-de-larp\/","og_site_name":"Nettali.com","article_publisher":"https:\/\/www.facebook.com\/nettalicom","article_published_time":"2026-01-10T10:23:31+00:00","article_modified_time":"2026-01-10T07:23:51+00:00","og_image":[{"width":1260,"height":800,"url":"https:\/\/www.nettali.com\/wp-content\/uploads\/2026\/01\/thumb_1260x800_69427f3c64ec1_XYw934rXZS.jpg","type":"image\/jpeg"}],"twitter_card":"summary_large_image","twitter_misc":{"\u00c9crit par":"CK","Dur\u00e9e de lecture estim\u00e9e":"1 minute"},"schema":{"@context":"https:\/\/schema.org","@graph":[{"@type":"WebSite","@id":"https:\/\/www.nettali.com\/#website","url":"https:\/\/www.nettali.com\/","name":"Nettali.com","description":"Le rendez-vous critique du Net","potentialAction":[{"@type":"SearchAction","target":{"@type":"EntryPoint","urlTemplate":"https:\/\/www.nettali.com\/?s={search_term_string}"},"query-input":"required name=search_term_string"}],"inLanguage":"fr-FR"},{"@type":"ImageObject","@id":"https:\/\/www.nettali.com\/2026\/01\/10\/affaire-softcare-des-deputes-demandent-laudition-du-dg-de-larp\/#primaryimage","inLanguage":"fr-FR","url":"https:\/\/www.nettali.com\/wp-content\/uploads\/2026\/01\/thumb_1260x800_69427f3c64ec1_XYw934rXZS.jpg","contentUrl":"https:\/\/www.nettali.com\/wp-content\/uploads\/2026\/01\/thumb_1260x800_69427f3c64ec1_XYw934rXZS.jpg","width":1260,"height":800},{"@type":"WebPage","@id":"https:\/\/www.nettali.com\/2026\/01\/10\/affaire-softcare-des-deputes-demandent-laudition-du-dg-de-larp\/#webpage","url":"https:\/\/www.nettali.com\/2026\/01\/10\/affaire-softcare-des-deputes-demandent-laudition-du-dg-de-larp\/","name":"AFFAIRE SOFTCARE - Des d\u00e9put\u00e9s demandent l\u2019audition du DG de l\u2019ARP | Nettali.com","isPartOf":{"@id":"https:\/\/www.nettali.com\/#website"},"primaryImageOfPage":{"@id":"https:\/\/www.nettali.com\/2026\/01\/10\/affaire-softcare-des-deputes-demandent-laudition-du-dg-de-larp\/#primaryimage"},"datePublished":"2026-01-10T10:23:31+00:00","dateModified":"2026-01-10T07:23:51+00:00","author":{"@id":"https:\/\/www.nettali.com\/#\/schema\/person\/d8ac7b7e27ddad43f1c0d2ef090d7f71"},"breadcrumb":{"@id":"https:\/\/www.nettali.com\/2026\/01\/10\/affaire-softcare-des-deputes-demandent-laudition-du-dg-de-larp\/#breadcrumb"},"inLanguage":"fr-FR","potentialAction":[{"@type":"ReadAction","target":["https:\/\/www.nettali.com\/2026\/01\/10\/affaire-softcare-des-deputes-demandent-laudition-du-dg-de-larp\/"]}]},{"@type":"BreadcrumbList","@id":"https:\/\/www.nettali.com\/2026\/01\/10\/affaire-softcare-des-deputes-demandent-laudition-du-dg-de-larp\/#breadcrumb","itemListElement":[{"@type":"ListItem","position":1,"name":"Accueil","item":"https:\/\/www.nettali.com\/"},{"@type":"ListItem","position":2,"name":"AFFAIRE SOFTCARE - Des d\u00e9put\u00e9s demandent l\u2019audition du DG de l\u2019ARP"}]},{"@type":"Person","@id":"https:\/\/www.nettali.com\/#\/schema\/person\/d8ac7b7e27ddad43f1c0d2ef090d7f71","name":"CK","image":{"@type":"ImageObject","@id":"https:\/\/www.nettali.com\/#personlogo","inLanguage":"fr-FR","url":"https:\/\/secure.gravatar.com\/avatar\/1d8d5118b9327d94da7cd4ce7f17fec2?s=96&d=mm&r=g","contentUrl":"https:\/\/secure.gravatar.com\/avatar\/1d8d5118b9327d94da7cd4ce7f17fec2?s=96&d=mm&r=g","caption":"CK"},"sameAs":["https:\/\/www.nettali.com"]}]}},"_links":{"self":[{"href":"https:\/\/www.nettali.com\/rest\/wp\/v2\/posts\/167741"}],"collection":[{"href":"https:\/\/www.nettali.com\/rest\/wp\/v2\/posts"}],"about":[{"href":"https:\/\/www.nettali.com\/rest\/wp\/v2\/types\/post"}],"author":[{"embeddable":true,"href":"https:\/\/www.nettali.com\/rest\/wp\/v2\/users\/2"}],"replies":[{"embeddable":true,"href":"https:\/\/www.nettali.com\/rest\/wp\/v2\/comments?post=167741"}],"version-history":[{"count":1,"href":"https:\/\/www.nettali.com\/rest\/wp\/v2\/posts\/167741\/revisions"}],"predecessor-version":[{"id":167743,"href":"https:\/\/www.nettali.com\/rest\/wp\/v2\/posts\/167741\/revisions\/167743"}],"wp:featuredmedia":[{"embeddable":true,"href":"https:\/\/www.nettali.com\/rest\/wp\/v2\/media\/167742"}],"wp:attachment":[{"href":"https:\/\/www.nettali.com\/rest\/wp\/v2\/media?parent=167741"}],"wp:term":[{"taxonomy":"category","embeddable":true,"href":"https:\/\/www.nettali.com\/rest\/wp\/v2\/categories?post=167741"},{"taxonomy":"post_tag","embeddable":true,"href":"https:\/\/www.nettali.com\/rest\/wp\/v2\/tags?post=167741"}],"curies":[{"name":"wp","href":"https:\/\/api.w.org\/{rel}","templated":true}]}}