{"id":167737,"date":"2026-01-09T23:11:40","date_gmt":"2026-01-09T23:11:40","guid":{"rendered":"https:\/\/www.nettali.com\/?p=167737"},"modified":"2026-01-09T23:11:40","modified_gmt":"2026-01-09T23:11:40","slug":"can-2025-le-maroc-dans-le-carre-das-22-ans-apres","status":"publish","type":"post","link":"https:\/\/www.nettali.com\/2026\/01\/09\/can-2025-le-maroc-dans-le-carre-das-22-ans-apres\/","title":{"rendered":"CAN 2025 - Le Maroc dans le carr\u00e9 d'as 22 ans apr\u00e8s"},"content":{"rendered":"<p><strong>NETTALI.COM - Dominateur dans une ambiance folle, le Maroc n\u2019a laiss\u00e9 aucune chance au Cameroun dans ces quarts de finale (2-0). Gr\u00e2ce \u00e0 des r\u00e9alisations de Birahim Diaz et de Saibari, les Lions de l\u2019Atlas iront en demi-finale, une premi\u00e8re depuis 2004.<\/strong><\/p>\n<p>Dans une belle affiche des quarts de finale de la Coupe d'Afrique des Nations 2025, le Maroc a pris le meilleur sur le Cameroun (2-0) ce vendredi. En premi\u00e8re p\u00e9riode, les Marocains ont ouvert le score par l'interm\u00e9diaire de l'in\u00e9vitable Diaz (26e), auteur de son 5e but en 5 matchs sur ce tournoi. Sous pression lors du second acte, les Lions de l'Atlas ont \u00e9t\u00e9 lib\u00e9r\u00e9s par un but de Saibari (74e).<\/p>\n<p>Ainsi, le Maroc retrouve les demi-finales d\u2019une CAN pour la premi\u00e8re fois depuis 2004. Le pays h\u00f4te va conna\u00eetre son prochain adversaire \u00e0 l'issue du match Nig\u00e9ria vs Alg\u00e9rie, pr\u00e9vu ce samedi \u00e0 16 heures GMT.<\/p>\n<div class='share-to-whatsapp-wrapper'><div class='share-on-whsp'>PARTAGER SUR : <\/div><a data-text='CAN 2025 - Le Maroc dans le carr\u00e9 d'as 22 ans apr\u00e8s' data-link='https:\/\/www.nettali.com\/2026\/01\/09\/can-2025-le-maroc-dans-le-carre-das-22-ans-apres\/' class='whatsapp-button whatsapp-share'>WhatsApp<\/a><div class='clear '><\/div><\/div>","protected":false},"excerpt":{"rendered":"<p>NETTALI.COM - Dominateur dans une ambiance folle, le Maroc n\u2019a laiss\u00e9 aucune chance au Cameroun dans ces quarts de finale (2-0). Gr\u00e2ce \u00e0 des r\u00e9alisations de Birahim Diaz et de Saibari, les Lions de l\u2019Atlas iront en demi-finale, une premi\u00e8re depuis 2004. Dans une belle affiche des quarts de finale de la Coupe d'Afrique des [&hellip;]<\/p>\n","protected":false},"author":5,"featured_media":167738,"comment_status":"open","ping_status":"open","sticky":false,"template":"","format":"standard","meta":{"_et_pb_use_builder":"","_et_pb_old_content":""},"categories":[6],"tags":[],"yoast_head":"<!-- This site is optimized with the Yoast SEO Premium plugin v17.8 (Yoast SEO v17.8) - https:\/\/yoast.com\/wordpress\/plugins\/seo\/ -->\n<title>CAN 2025 - Le Maroc dans le carr\u00e9 d&#039;as 22 ans apr\u00e8s | Nettali.com<\/title>\n<meta name=\"robots\" content=\"index, follow, max-snippet:-1, max-image-preview:large, max-video-preview:-1\" \/>\n<link rel=\"canonical\" href=\"https:\/\/www.nettali.com\/2026\/01\/09\/can-2025-le-maroc-dans-le-carre-das-22-ans-apres\/\" \/>\n<meta property=\"og:locale\" content=\"fr_FR\" \/>\n<meta property=\"og:type\" content=\"article\" \/>\n<meta property=\"og:title\" content=\"CAN 2025 - Le Maroc dans le carr\u00e9 d&#039;as 22 ans apr\u00e8s\" \/>\n<meta property=\"og:description\" content=\"NETTALI.COM - Dominateur dans une ambiance folle, le Maroc n\u2019a laiss\u00e9 aucune chance au Cameroun dans ces quarts de finale (2-0). Gr\u00e2ce \u00e0 des r\u00e9alisations de Birahim Diaz et de Saibari, les Lions de l\u2019Atlas iront en demi-finale, une premi\u00e8re depuis 2004. Dans une belle affiche des quarts de finale de la Coupe d&#039;Afrique des [&hellip;]\" \/>\n<meta property=\"og:url\" content=\"https:\/\/www.nettali.com\/2026\/01\/09\/can-2025-le-maroc-dans-le-carre-das-22-ans-apres\/\" \/>\n<meta property=\"og:site_name\" content=\"Nettali.com\" \/>\n<meta property=\"article:publisher\" content=\"https:\/\/www.facebook.com\/nettalicom\" \/>\n<meta property=\"article:published_time\" content=\"2026-01-09T23:11:40+00:00\" \/>\n<meta property=\"og:image\" content=\"https:\/\/www.nettali.com\/wp-content\/uploads\/2026\/01\/brahim-kaabi.jpeg\" \/>\n\t<meta property=\"og:image:width\" content=\"1290\" \/>\n\t<meta property=\"og:image:height\" content=\"845\" \/>\n<meta name=\"twitter:card\" content=\"summary_large_image\" \/>\n<meta name=\"twitter:label1\" content=\"\u00c9crit par\" \/>\n\t<meta name=\"twitter:data1\" content=\"Ibrahima\" \/>\n\t<meta name=\"twitter:label2\" content=\"Dur\u00e9e de lecture estim\u00e9e\" \/>\n\t<meta name=\"twitter:data2\" content=\"1 minute\" \/>\n<script type=\"application\/ld+json\" class=\"yoast-schema-graph\">{\"@context\":\"https:\/\/schema.org\",\"@graph\":[{\"@type\":\"WebSite\",\"@id\":\"https:\/\/www.nettali.com\/#website\",\"url\":\"https:\/\/www.nettali.com\/\",\"name\":\"Nettali.com\",\"description\":\"Le rendez-vous critique du Net\",\"potentialAction\":[{\"@type\":\"SearchAction\",\"target\":{\"@type\":\"EntryPoint\",\"urlTemplate\":\"https:\/\/www.nettali.com\/?s={search_term_string}\"},\"query-input\":\"required name=search_term_string\"}],\"inLanguage\":\"fr-FR\"},{\"@type\":\"ImageObject\",\"@id\":\"https:\/\/www.nettali.com\/2026\/01\/09\/can-2025-le-maroc-dans-le-carre-das-22-ans-apres\/#primaryimage\",\"inLanguage\":\"fr-FR\",\"url\":\"https:\/\/www.nettali.com\/wp-content\/uploads\/2026\/01\/brahim-kaabi.jpeg\",\"contentUrl\":\"https:\/\/www.nettali.com\/wp-content\/uploads\/2026\/01\/brahim-kaabi.jpeg\",\"width\":1290,\"height\":845},{\"@type\":\"WebPage\",\"@id\":\"https:\/\/www.nettali.com\/2026\/01\/09\/can-2025-le-maroc-dans-le-carre-das-22-ans-apres\/#webpage\",\"url\":\"https:\/\/www.nettali.com\/2026\/01\/09\/can-2025-le-maroc-dans-le-carre-das-22-ans-apres\/\",\"name\":\"CAN 2025 - Le Maroc dans le carr\\u00e9 d'as 22 ans apr\\u00e8s | Nettali.com\",\"isPartOf\":{\"@id\":\"https:\/\/www.nettali.com\/#website\"},\"primaryImageOfPage\":{\"@id\":\"https:\/\/www.nettali.com\/2026\/01\/09\/can-2025-le-maroc-dans-le-carre-das-22-ans-apres\/#primaryimage\"},\"datePublished\":\"2026-01-09T23:11:40+00:00\",\"dateModified\":\"2026-01-09T23:11:40+00:00\",\"author\":{\"@id\":\"https:\/\/www.nettali.com\/#\/schema\/person\/bb147657c2986240405a608162b9bb23\"},\"breadcrumb\":{\"@id\":\"https:\/\/www.nettali.com\/2026\/01\/09\/can-2025-le-maroc-dans-le-carre-das-22-ans-apres\/#breadcrumb\"},\"inLanguage\":\"fr-FR\",\"potentialAction\":[{\"@type\":\"ReadAction\",\"target\":[\"https:\/\/www.nettali.com\/2026\/01\/09\/can-2025-le-maroc-dans-le-carre-das-22-ans-apres\/\"]}]},{\"@type\":\"BreadcrumbList\",\"@id\":\"https:\/\/www.nettali.com\/2026\/01\/09\/can-2025-le-maroc-dans-le-carre-das-22-ans-apres\/#breadcrumb\",\"itemListElement\":[{\"@type\":\"ListItem\",\"position\":1,\"name\":\"Accueil\",\"item\":\"https:\/\/www.nettali.com\/\"},{\"@type\":\"ListItem\",\"position\":2,\"name\":\"CAN 2025 - Le Maroc dans le carr\\u00e9 d'as 22 ans apr\\u00e8s\"}]},{\"@type\":\"Person\",\"@id\":\"https:\/\/www.nettali.com\/#\/schema\/person\/bb147657c2986240405a608162b9bb23\",\"name\":\"Ibrahima\",\"image\":{\"@type\":\"ImageObject\",\"@id\":\"https:\/\/www.nettali.com\/#personlogo\",\"inLanguage\":\"fr-FR\",\"url\":\"https:\/\/secure.gravatar.com\/avatar\/26a8a81f09f0dd7624c9d5c36c9ba3a2?s=96&d=mm&r=g\",\"contentUrl\":\"https:\/\/secure.gravatar.com\/avatar\/26a8a81f09f0dd7624c9d5c36c9ba3a2?s=96&d=mm&r=g\",\"caption\":\"Ibrahima\"},\"sameAs\":[\"https:\/\/www.nettali.com\"]}]}<\/script>\n<!-- \/ Yoast SEO Premium plugin. -->","yoast_head_json":{"title":"CAN 2025 - Le Maroc dans le carr\u00e9 d'as 22 ans apr\u00e8s | Nettali.com","robots":{"index":"index","follow":"follow","max-snippet":"max-snippet:-1","max-image-preview":"max-image-preview:large","max-video-preview":"max-video-preview:-1"},"canonical":"https:\/\/www.nettali.com\/2026\/01\/09\/can-2025-le-maroc-dans-le-carre-das-22-ans-apres\/","og_locale":"fr_FR","og_type":"article","og_title":"CAN 2025 - Le Maroc dans le carr\u00e9 d'as 22 ans apr\u00e8s","og_description":"NETTALI.COM - Dominateur dans une ambiance folle, le Maroc n\u2019a laiss\u00e9 aucune chance au Cameroun dans ces quarts de finale (2-0). Gr\u00e2ce \u00e0 des r\u00e9alisations de Birahim Diaz et de Saibari, les Lions de l\u2019Atlas iront en demi-finale, une premi\u00e8re depuis 2004. Dans une belle affiche des quarts de finale de la Coupe d'Afrique des [&hellip;]","og_url":"https:\/\/www.nettali.com\/2026\/01\/09\/can-2025-le-maroc-dans-le-carre-das-22-ans-apres\/","og_site_name":"Nettali.com","article_publisher":"https:\/\/www.facebook.com\/nettalicom","article_published_time":"2026-01-09T23:11:40+00:00","og_image":[{"width":1290,"height":845,"url":"https:\/\/www.nettali.com\/wp-content\/uploads\/2026\/01\/brahim-kaabi.jpeg","type":"image\/jpeg"}],"twitter_card":"summary_large_image","twitter_misc":{"\u00c9crit par":"Ibrahima","Dur\u00e9e de lecture estim\u00e9e":"1 minute"},"schema":{"@context":"https:\/\/schema.org","@graph":[{"@type":"WebSite","@id":"https:\/\/www.nettali.com\/#website","url":"https:\/\/www.nettali.com\/","name":"Nettali.com","description":"Le rendez-vous critique du Net","potentialAction":[{"@type":"SearchAction","target":{"@type":"EntryPoint","urlTemplate":"https:\/\/www.nettali.com\/?s={search_term_string}"},"query-input":"required name=search_term_string"}],"inLanguage":"fr-FR"},{"@type":"ImageObject","@id":"https:\/\/www.nettali.com\/2026\/01\/09\/can-2025-le-maroc-dans-le-carre-das-22-ans-apres\/#primaryimage","inLanguage":"fr-FR","url":"https:\/\/www.nettali.com\/wp-content\/uploads\/2026\/01\/brahim-kaabi.jpeg","contentUrl":"https:\/\/www.nettali.com\/wp-content\/uploads\/2026\/01\/brahim-kaabi.jpeg","width":1290,"height":845},{"@type":"WebPage","@id":"https:\/\/www.nettali.com\/2026\/01\/09\/can-2025-le-maroc-dans-le-carre-das-22-ans-apres\/#webpage","url":"https:\/\/www.nettali.com\/2026\/01\/09\/can-2025-le-maroc-dans-le-carre-das-22-ans-apres\/","name":"CAN 2025 - Le Maroc dans le carr\u00e9 d'as 22 ans apr\u00e8s | Nettali.com","isPartOf":{"@id":"https:\/\/www.nettali.com\/#website"},"primaryImageOfPage":{"@id":"https:\/\/www.nettali.com\/2026\/01\/09\/can-2025-le-maroc-dans-le-carre-das-22-ans-apres\/#primaryimage"},"datePublished":"2026-01-09T23:11:40+00:00","dateModified":"2026-01-09T23:11:40+00:00","author":{"@id":"https:\/\/www.nettali.com\/#\/schema\/person\/bb147657c2986240405a608162b9bb23"},"breadcrumb":{"@id":"https:\/\/www.nettali.com\/2026\/01\/09\/can-2025-le-maroc-dans-le-carre-das-22-ans-apres\/#breadcrumb"},"inLanguage":"fr-FR","potentialAction":[{"@type":"ReadAction","target":["https:\/\/www.nettali.com\/2026\/01\/09\/can-2025-le-maroc-dans-le-carre-das-22-ans-apres\/"]}]},{"@type":"BreadcrumbList","@id":"https:\/\/www.nettali.com\/2026\/01\/09\/can-2025-le-maroc-dans-le-carre-das-22-ans-apres\/#breadcrumb","itemListElement":[{"@type":"ListItem","position":1,"name":"Accueil","item":"https:\/\/www.nettali.com\/"},{"@type":"ListItem","position":2,"name":"CAN 2025 - Le Maroc dans le carr\u00e9 d'as 22 ans apr\u00e8s"}]},{"@type":"Person","@id":"https:\/\/www.nettali.com\/#\/schema\/person\/bb147657c2986240405a608162b9bb23","name":"Ibrahima","image":{"@type":"ImageObject","@id":"https:\/\/www.nettali.com\/#personlogo","inLanguage":"fr-FR","url":"https:\/\/secure.gravatar.com\/avatar\/26a8a81f09f0dd7624c9d5c36c9ba3a2?s=96&d=mm&r=g","contentUrl":"https:\/\/secure.gravatar.com\/avatar\/26a8a81f09f0dd7624c9d5c36c9ba3a2?s=96&d=mm&r=g","caption":"Ibrahima"},"sameAs":["https:\/\/www.nettali.com"]}]}},"_links":{"self":[{"href":"https:\/\/www.nettali.com\/rest\/wp\/v2\/posts\/167737"}],"collection":[{"href":"https:\/\/www.nettali.com\/rest\/wp\/v2\/posts"}],"about":[{"href":"https:\/\/www.nettali.com\/rest\/wp\/v2\/types\/post"}],"author":[{"embeddable":true,"href":"https:\/\/www.nettali.com\/rest\/wp\/v2\/users\/5"}],"replies":[{"embeddable":true,"href":"https:\/\/www.nettali.com\/rest\/wp\/v2\/comments?post=167737"}],"version-history":[{"count":1,"href":"https:\/\/www.nettali.com\/rest\/wp\/v2\/posts\/167737\/revisions"}],"predecessor-version":[{"id":167739,"href":"https:\/\/www.nettali.com\/rest\/wp\/v2\/posts\/167737\/revisions\/167739"}],"wp:featuredmedia":[{"embeddable":true,"href":"https:\/\/www.nettali.com\/rest\/wp\/v2\/media\/167738"}],"wp:attachment":[{"href":"https:\/\/www.nettali.com\/rest\/wp\/v2\/media?parent=167737"}],"wp:term":[{"taxonomy":"category","embeddable":true,"href":"https:\/\/www.nettali.com\/rest\/wp\/v2\/categories?post=167737"},{"taxonomy":"post_tag","embeddable":true,"href":"https:\/\/www.nettali.com\/rest\/wp\/v2\/tags?post=167737"}],"curies":[{"name":"wp","href":"https:\/\/api.w.org\/{rel}","templated":true}]}}