{"id":167735,"date":"2026-01-09T22:25:10","date_gmt":"2026-01-09T22:25:10","guid":{"rendered":"https:\/\/www.nettali.com\/?p=167735"},"modified":"2026-01-09T22:25:10","modified_gmt":"2026-01-09T22:25:10","slug":"kalidou-koulibaly-on-espere-atteindre-la-finale","status":"publish","type":"post","link":"https:\/\/www.nettali.com\/2026\/01\/09\/kalidou-koulibaly-on-espere-atteindre-la-finale\/","title":{"rendered":"KALIDOU KOULIBALY - \"On esp\u00e8re atteindre la finale\""},"content":{"rendered":"<p><strong>NETTALI.COM - Capitaine du S\u00e9n\u00e9gal, Kalidou Koulibaly a analys\u00e9 la victoire difficile face au Mali en quart de finale de la CAN 2025. Apr\u00e8s un match \u00e2prement disput\u00e9 contre une \u00e9quipe malienne r\u00e9duite \u00e0 10, le d\u00e9fenseur a soulign\u00e9 la solidit\u00e9 de son \u00e9quipe et l\u2019importance de l\u2019\u00e9tat d\u2019esprit.<\/strong><\/p>\n<p>\"<em>C\u2019\u00e9tait un objectif d\u2019arriver au minimum dans le dernier carr\u00e9, on l\u2019a fait. On savait que \u00e7a allait \u00eatre un match tr\u00e8s difficile, un derby contre le Mali, une bonne \u00e9quipe. M\u00eame \u00e0 10, ils nous ont mis en difficult\u00e9. On savait que \u00e7a allait \u00eatre une bataille jusqu\u2019\u00e0 la fin. On a \u00e9t\u00e9 concentr\u00e9s, on a subi quelques occasions. Mais le plus important a \u00e9t\u00e9 fait gr\u00e2ce \u00e0 un grand gardien, une grande \u00e9quipe et surtout gr\u00e2ce \u00e0 l\u2019\u00e9tat d\u2019esprit qu\u2019on a eu. Maintenant, on va bien se reposer pour les demi-finales, mais on ne va pas faire \u00e7a \u00e0 la l\u00e9g\u00e8re ce soir\",<\/em> a fait savoir capitaine Koulibaly.<\/p>\n<p>\"<em>C\u2019est normal : quand une \u00e9quipe joue \u00e0 10, elle est galvanis\u00e9e, les joueurs veulent courir un peu plus. Ils nous ont mis en difficult\u00e9 en profondeur, ils ont de bons joueurs, de bons attaquants. Apr\u00e8s, on a su tenir la barri\u00e8re gr\u00e2ce aux arr\u00eats d\u2019\u00c9douard Mendy. Il y a des choses \u00e0 travailler, on va continuer \u00e0 travailler, parce que rien n\u2019est fait. On peut \u00eatre contents ce soir parce que c\u2019est un objectif qu\u2019on voulait atteindre. Maintenant, on esp\u00e8re atteindre la grande finale, mais \u00e7a passera par une grande demi-finale<\/em>\", dit-il.<\/p>\n<div class='share-to-whatsapp-wrapper'><div class='share-on-whsp'>PARTAGER SUR : <\/div><a data-text='KALIDOU KOULIBALY - \"On esp\u00e8re atteindre la finale\"' data-link='https:\/\/www.nettali.com\/2026\/01\/09\/kalidou-koulibaly-on-espere-atteindre-la-finale\/' class='whatsapp-button whatsapp-share'>WhatsApp<\/a><div class='clear '><\/div><\/div>","protected":false},"excerpt":{"rendered":"<p>NETTALI.COM - Capitaine du S\u00e9n\u00e9gal, Kalidou Koulibaly a analys\u00e9 la victoire difficile face au Mali en quart de finale de la CAN 2025. Apr\u00e8s un match \u00e2prement disput\u00e9 contre une \u00e9quipe malienne r\u00e9duite \u00e0 10, le d\u00e9fenseur a soulign\u00e9 la solidit\u00e9 de son \u00e9quipe et l\u2019importance de l\u2019\u00e9tat d\u2019esprit. \"C\u2019\u00e9tait un objectif d\u2019arriver au minimum [&hellip;]<\/p>\n","protected":false},"author":5,"featured_media":167727,"comment_status":"open","ping_status":"open","sticky":false,"template":"","format":"standard","meta":{"_et_pb_use_builder":"","_et_pb_old_content":""},"categories":[6],"tags":[],"yoast_head":"<!-- This site is optimized with the Yoast SEO Premium plugin v17.8 (Yoast SEO v17.8) - https:\/\/yoast.com\/wordpress\/plugins\/seo\/ -->\n<title>KALIDOU KOULIBALY - &quot;On esp\u00e8re atteindre la finale&quot; | Nettali.com<\/title>\n<meta name=\"robots\" content=\"index, follow, max-snippet:-1, max-image-preview:large, max-video-preview:-1\" \/>\n<link rel=\"canonical\" href=\"https:\/\/www.nettali.com\/2026\/01\/09\/kalidou-koulibaly-on-espere-atteindre-la-finale\/\" \/>\n<meta property=\"og:locale\" content=\"fr_FR\" \/>\n<meta property=\"og:type\" content=\"article\" \/>\n<meta property=\"og:title\" content=\"KALIDOU KOULIBALY - &quot;On esp\u00e8re atteindre la finale&quot;\" \/>\n<meta property=\"og:description\" content=\"NETTALI.COM - Capitaine du S\u00e9n\u00e9gal, Kalidou Koulibaly a analys\u00e9 la victoire difficile face au Mali en quart de finale de la CAN 2025. Apr\u00e8s un match \u00e2prement disput\u00e9 contre une \u00e9quipe malienne r\u00e9duite \u00e0 10, le d\u00e9fenseur a soulign\u00e9 la solidit\u00e9 de son \u00e9quipe et l\u2019importance de l\u2019\u00e9tat d\u2019esprit. &quot;C\u2019\u00e9tait un objectif d\u2019arriver au minimum [&hellip;]\" \/>\n<meta property=\"og:url\" content=\"https:\/\/www.nettali.com\/2026\/01\/09\/kalidou-koulibaly-on-espere-atteindre-la-finale\/\" \/>\n<meta property=\"og:site_name\" content=\"Nettali.com\" \/>\n<meta property=\"article:publisher\" content=\"https:\/\/www.facebook.com\/nettalicom\" \/>\n<meta property=\"article:published_time\" content=\"2026-01-09T22:25:10+00:00\" \/>\n<meta property=\"og:image\" content=\"https:\/\/www.nettali.com\/wp-content\/uploads\/2026\/01\/Capture-decran-2026-01-09-192831.png\" \/>\n\t<meta property=\"og:image:width\" content=\"935\" \/>\n\t<meta property=\"og:image:height\" content=\"585\" \/>\n<meta name=\"twitter:card\" content=\"summary_large_image\" \/>\n<meta name=\"twitter:label1\" content=\"\u00c9crit par\" \/>\n\t<meta name=\"twitter:data1\" content=\"Ibrahima\" \/>\n\t<meta name=\"twitter:label2\" content=\"Dur\u00e9e de lecture estim\u00e9e\" \/>\n\t<meta name=\"twitter:data2\" content=\"2 minutes\" \/>\n<script type=\"application\/ld+json\" class=\"yoast-schema-graph\">{\"@context\":\"https:\/\/schema.org\",\"@graph\":[{\"@type\":\"WebSite\",\"@id\":\"https:\/\/www.nettali.com\/#website\",\"url\":\"https:\/\/www.nettali.com\/\",\"name\":\"Nettali.com\",\"description\":\"Le rendez-vous critique du Net\",\"potentialAction\":[{\"@type\":\"SearchAction\",\"target\":{\"@type\":\"EntryPoint\",\"urlTemplate\":\"https:\/\/www.nettali.com\/?s={search_term_string}\"},\"query-input\":\"required name=search_term_string\"}],\"inLanguage\":\"fr-FR\"},{\"@type\":\"ImageObject\",\"@id\":\"https:\/\/www.nettali.com\/2026\/01\/09\/kalidou-koulibaly-on-espere-atteindre-la-finale\/#primaryimage\",\"inLanguage\":\"fr-FR\",\"url\":\"https:\/\/www.nettali.com\/wp-content\/uploads\/2026\/01\/Capture-decran-2026-01-09-192831.png\",\"contentUrl\":\"https:\/\/www.nettali.com\/wp-content\/uploads\/2026\/01\/Capture-decran-2026-01-09-192831.png\",\"width\":935,\"height\":585},{\"@type\":\"WebPage\",\"@id\":\"https:\/\/www.nettali.com\/2026\/01\/09\/kalidou-koulibaly-on-espere-atteindre-la-finale\/#webpage\",\"url\":\"https:\/\/www.nettali.com\/2026\/01\/09\/kalidou-koulibaly-on-espere-atteindre-la-finale\/\",\"name\":\"KALIDOU KOULIBALY - \\\"On esp\\u00e8re atteindre la finale\\\" | Nettali.com\",\"isPartOf\":{\"@id\":\"https:\/\/www.nettali.com\/#website\"},\"primaryImageOfPage\":{\"@id\":\"https:\/\/www.nettali.com\/2026\/01\/09\/kalidou-koulibaly-on-espere-atteindre-la-finale\/#primaryimage\"},\"datePublished\":\"2026-01-09T22:25:10+00:00\",\"dateModified\":\"2026-01-09T22:25:10+00:00\",\"author\":{\"@id\":\"https:\/\/www.nettali.com\/#\/schema\/person\/bb147657c2986240405a608162b9bb23\"},\"breadcrumb\":{\"@id\":\"https:\/\/www.nettali.com\/2026\/01\/09\/kalidou-koulibaly-on-espere-atteindre-la-finale\/#breadcrumb\"},\"inLanguage\":\"fr-FR\",\"potentialAction\":[{\"@type\":\"ReadAction\",\"target\":[\"https:\/\/www.nettali.com\/2026\/01\/09\/kalidou-koulibaly-on-espere-atteindre-la-finale\/\"]}]},{\"@type\":\"BreadcrumbList\",\"@id\":\"https:\/\/www.nettali.com\/2026\/01\/09\/kalidou-koulibaly-on-espere-atteindre-la-finale\/#breadcrumb\",\"itemListElement\":[{\"@type\":\"ListItem\",\"position\":1,\"name\":\"Accueil\",\"item\":\"https:\/\/www.nettali.com\/\"},{\"@type\":\"ListItem\",\"position\":2,\"name\":\"KALIDOU KOULIBALY - \\\"On esp\\u00e8re atteindre la finale\\\"\"}]},{\"@type\":\"Person\",\"@id\":\"https:\/\/www.nettali.com\/#\/schema\/person\/bb147657c2986240405a608162b9bb23\",\"name\":\"Ibrahima\",\"image\":{\"@type\":\"ImageObject\",\"@id\":\"https:\/\/www.nettali.com\/#personlogo\",\"inLanguage\":\"fr-FR\",\"url\":\"https:\/\/secure.gravatar.com\/avatar\/26a8a81f09f0dd7624c9d5c36c9ba3a2?s=96&d=mm&r=g\",\"contentUrl\":\"https:\/\/secure.gravatar.com\/avatar\/26a8a81f09f0dd7624c9d5c36c9ba3a2?s=96&d=mm&r=g\",\"caption\":\"Ibrahima\"},\"sameAs\":[\"https:\/\/www.nettali.com\"]}]}<\/script>\n<!-- \/ Yoast SEO Premium plugin. -->","yoast_head_json":{"title":"KALIDOU KOULIBALY - \"On esp\u00e8re atteindre la finale\" | Nettali.com","robots":{"index":"index","follow":"follow","max-snippet":"max-snippet:-1","max-image-preview":"max-image-preview:large","max-video-preview":"max-video-preview:-1"},"canonical":"https:\/\/www.nettali.com\/2026\/01\/09\/kalidou-koulibaly-on-espere-atteindre-la-finale\/","og_locale":"fr_FR","og_type":"article","og_title":"KALIDOU KOULIBALY - \"On esp\u00e8re atteindre la finale\"","og_description":"NETTALI.COM - Capitaine du S\u00e9n\u00e9gal, Kalidou Koulibaly a analys\u00e9 la victoire difficile face au Mali en quart de finale de la CAN 2025. Apr\u00e8s un match \u00e2prement disput\u00e9 contre une \u00e9quipe malienne r\u00e9duite \u00e0 10, le d\u00e9fenseur a soulign\u00e9 la solidit\u00e9 de son \u00e9quipe et l\u2019importance de l\u2019\u00e9tat d\u2019esprit. \"C\u2019\u00e9tait un objectif d\u2019arriver au minimum [&hellip;]","og_url":"https:\/\/www.nettali.com\/2026\/01\/09\/kalidou-koulibaly-on-espere-atteindre-la-finale\/","og_site_name":"Nettali.com","article_publisher":"https:\/\/www.facebook.com\/nettalicom","article_published_time":"2026-01-09T22:25:10+00:00","og_image":[{"width":935,"height":585,"url":"https:\/\/www.nettali.com\/wp-content\/uploads\/2026\/01\/Capture-decran-2026-01-09-192831.png","type":"image\/png"}],"twitter_card":"summary_large_image","twitter_misc":{"\u00c9crit par":"Ibrahima","Dur\u00e9e de lecture estim\u00e9e":"2 minutes"},"schema":{"@context":"https:\/\/schema.org","@graph":[{"@type":"WebSite","@id":"https:\/\/www.nettali.com\/#website","url":"https:\/\/www.nettali.com\/","name":"Nettali.com","description":"Le rendez-vous critique du Net","potentialAction":[{"@type":"SearchAction","target":{"@type":"EntryPoint","urlTemplate":"https:\/\/www.nettali.com\/?s={search_term_string}"},"query-input":"required name=search_term_string"}],"inLanguage":"fr-FR"},{"@type":"ImageObject","@id":"https:\/\/www.nettali.com\/2026\/01\/09\/kalidou-koulibaly-on-espere-atteindre-la-finale\/#primaryimage","inLanguage":"fr-FR","url":"https:\/\/www.nettali.com\/wp-content\/uploads\/2026\/01\/Capture-decran-2026-01-09-192831.png","contentUrl":"https:\/\/www.nettali.com\/wp-content\/uploads\/2026\/01\/Capture-decran-2026-01-09-192831.png","width":935,"height":585},{"@type":"WebPage","@id":"https:\/\/www.nettali.com\/2026\/01\/09\/kalidou-koulibaly-on-espere-atteindre-la-finale\/#webpage","url":"https:\/\/www.nettali.com\/2026\/01\/09\/kalidou-koulibaly-on-espere-atteindre-la-finale\/","name":"KALIDOU KOULIBALY - \"On esp\u00e8re atteindre la finale\" | Nettali.com","isPartOf":{"@id":"https:\/\/www.nettali.com\/#website"},"primaryImageOfPage":{"@id":"https:\/\/www.nettali.com\/2026\/01\/09\/kalidou-koulibaly-on-espere-atteindre-la-finale\/#primaryimage"},"datePublished":"2026-01-09T22:25:10+00:00","dateModified":"2026-01-09T22:25:10+00:00","author":{"@id":"https:\/\/www.nettali.com\/#\/schema\/person\/bb147657c2986240405a608162b9bb23"},"breadcrumb":{"@id":"https:\/\/www.nettali.com\/2026\/01\/09\/kalidou-koulibaly-on-espere-atteindre-la-finale\/#breadcrumb"},"inLanguage":"fr-FR","potentialAction":[{"@type":"ReadAction","target":["https:\/\/www.nettali.com\/2026\/01\/09\/kalidou-koulibaly-on-espere-atteindre-la-finale\/"]}]},{"@type":"BreadcrumbList","@id":"https:\/\/www.nettali.com\/2026\/01\/09\/kalidou-koulibaly-on-espere-atteindre-la-finale\/#breadcrumb","itemListElement":[{"@type":"ListItem","position":1,"name":"Accueil","item":"https:\/\/www.nettali.com\/"},{"@type":"ListItem","position":2,"name":"KALIDOU KOULIBALY - \"On esp\u00e8re atteindre la finale\""}]},{"@type":"Person","@id":"https:\/\/www.nettali.com\/#\/schema\/person\/bb147657c2986240405a608162b9bb23","name":"Ibrahima","image":{"@type":"ImageObject","@id":"https:\/\/www.nettali.com\/#personlogo","inLanguage":"fr-FR","url":"https:\/\/secure.gravatar.com\/avatar\/26a8a81f09f0dd7624c9d5c36c9ba3a2?s=96&d=mm&r=g","contentUrl":"https:\/\/secure.gravatar.com\/avatar\/26a8a81f09f0dd7624c9d5c36c9ba3a2?s=96&d=mm&r=g","caption":"Ibrahima"},"sameAs":["https:\/\/www.nettali.com"]}]}},"_links":{"self":[{"href":"https:\/\/www.nettali.com\/rest\/wp\/v2\/posts\/167735"}],"collection":[{"href":"https:\/\/www.nettali.com\/rest\/wp\/v2\/posts"}],"about":[{"href":"https:\/\/www.nettali.com\/rest\/wp\/v2\/types\/post"}],"author":[{"embeddable":true,"href":"https:\/\/www.nettali.com\/rest\/wp\/v2\/users\/5"}],"replies":[{"embeddable":true,"href":"https:\/\/www.nettali.com\/rest\/wp\/v2\/comments?post=167735"}],"version-history":[{"count":1,"href":"https:\/\/www.nettali.com\/rest\/wp\/v2\/posts\/167735\/revisions"}],"predecessor-version":[{"id":167736,"href":"https:\/\/www.nettali.com\/rest\/wp\/v2\/posts\/167735\/revisions\/167736"}],"wp:featuredmedia":[{"embeddable":true,"href":"https:\/\/www.nettali.com\/rest\/wp\/v2\/media\/167727"}],"wp:attachment":[{"href":"https:\/\/www.nettali.com\/rest\/wp\/v2\/media?parent=167735"}],"wp:term":[{"taxonomy":"category","embeddable":true,"href":"https:\/\/www.nettali.com\/rest\/wp\/v2\/categories?post=167735"},{"taxonomy":"post_tag","embeddable":true,"href":"https:\/\/www.nettali.com\/rest\/wp\/v2\/tags?post=167735"}],"curies":[{"name":"wp","href":"https:\/\/api.w.org\/{rel}","templated":true}]}}