{"id":167720,"date":"2026-01-09T15:57:29","date_gmt":"2026-01-09T15:57:29","guid":{"rendered":"https:\/\/www.nettali.com\/?p=167720"},"modified":"2026-01-09T15:57:29","modified_gmt":"2026-01-09T15:57:29","slug":"revision-du-proces-prodac-mame-mbaye-niang-denonce-une-farce-judiciaire-et-conteste-lexistence-dun-rapport-de-ligf","status":"publish","type":"post","link":"https:\/\/www.nettali.com\/2026\/01\/09\/revision-du-proces-prodac-mame-mbaye-niang-denonce-une-farce-judiciaire-et-conteste-lexistence-dun-rapport-de-ligf\/","title":{"rendered":"R\u00c9VISION DU PROC\u00c8S PRODAC : Mame Mbaye Niang d\u00e9nonce une \u00abfarce judiciaire \u00bb et conteste l\u2019existence d\u2019un rapport de l\u2019IGF"},"content":{"rendered":"<p data-start=\"261\" data-end=\"792\"><strong data-start=\"261\" data-end=\"792\">NETTALI.COM - Alors que la Cour supr\u00eame a \u00e9t\u00e9 saisie dans le cadre d\u2019une demande de r\u00e9vision du proc\u00e8s dit du Prodac opposant l\u2019actuel Premier ministre Ousmane Sonko \u00e0 l\u2019ancien ministre de la Jeunesse, Mame Mbaye Niang, ce dernier sort de sa r\u00e9serve et fait de lourdes r\u00e9v\u00e9lations. Dans un entretien accord\u00e9 \u00e0 <\/strong><em data-start=\"559\" data-end=\"574\"><strong>L\u2019Observateur<\/strong><\/em><strong>, il remet frontalement en cause la proc\u00e9dure en cours, conteste l\u2019existence d\u2019un rapport incriminant de l\u2019Inspection g\u00e9n\u00e9rale des finances (IGF) et accuse le pouvoir politique de vouloir instrumentaliser la justice.<\/strong><\/p>\n<p>L\u2019affaire Prodac, qui a longtemps structur\u00e9 le bras de fer politico-judiciaire entre Ousmane Sonko et Mame Mbaye Niang, conna\u00eet un nouvel \u00e9pisode \u00e0 haute intensit\u00e9. Saisie pour une \u00e9ventuelle r\u00e9vision du proc\u00e8s, la Cour supr\u00eame est aujourd\u2019hui au c\u0153ur d\u2019une controverse raviv\u00e9e par les d\u00e9clarations fracassantes de l\u2019ancien ministre sous le r\u00e9gime de Macky Sall.<\/p>\n<p>Selon Mame Mbaye Niang, la proc\u00e9dure est loin d\u2019\u00eatre arriv\u00e9e \u00e0 son terme. Il affirme que la Cour supr\u00eame ne s\u2019est pas encore prononc\u00e9e sur la tenue d\u2019une audience.<br data-start=\"1390\" data-end=\"1393\" \/>\u00ab <em data-start=\"1395\" data-end=\"1561\">La Cour supr\u00eame n\u2019envisage pas encore de se r\u00e9unir pour statuer. C\u2019est le Procureur g\u00e9n\u00e9ral qui a saisi les deux parties en communiquant son m\u00e9moire avec des pi\u00e8ces<\/em> \u00bb, a-t-il d\u00e9clar\u00e9.<\/p>\n<p data-start=\"1582\" data-end=\"1902\">L\u2019ancien ministre pr\u00e9cise que ses conseils juridiques sont d\u00e9j\u00e0 \u00e0 pied d\u2019\u0153uvre pour r\u00e9pondre point par point aux arguments du minist\u00e8re public.<br data-start=\"1725\" data-end=\"1728\" \/>\u00ab <em data-start=\"1730\" data-end=\"1814\">Mes avocats vont apporter des contradictions sur les fausses informations relev\u00e9es<\/em> \u00bb, assure-t-il, d\u00e9non\u00e7ant ce qu\u2019il consid\u00e8re comme une proc\u00e9dure biais\u00e9e d\u00e8s l\u2019origine.<\/p>\n<p>Dans un ton particuli\u00e8rement virulent, Mame Mbaye Niang met directement en cause le r\u00f4le de l\u2019ex\u00e9cutif dans la relance du dossier.<br data-start=\"2096\" data-end=\"2099\" \/>\u00ab <em data-start=\"2101\" data-end=\"2302\">La position du Procureur \u00e9mane du ministre de la Justice qui a d\u00e9cid\u00e9 de rouvrir ce proc\u00e8s. C\u2019est une grosse farce qui n\u2019aura pour r\u00e9sultat qu\u2019une volont\u00e9 manifeste d\u2019affaisser la justice s\u00e9n\u00e9galaise<\/em> \u00bb, accuse-t-il.<\/p>\n<p data-start=\"2320\" data-end=\"2536\">Pour l\u2019ancien ministre, la r\u00e9ouverture du dossier ne r\u00e9pond pas \u00e0 une exigence juridique mais \u00e0 une logique politique, ce qui constituerait, selon lui, une atteinte grave \u00e0 l\u2019ind\u00e9pendance de l\u2019institution judiciaire.<\/p>\n<p>Au centre de la pol\u00e9mique figure un suppos\u00e9 rapport de l\u2019Inspection g\u00e9n\u00e9rale des finances (IGF) qui aurait mis en cause la gestion du Programme des domaines agricoles communautaires (Prodac). Un document dont l\u2019existence m\u00eame est vigoureusement contest\u00e9e par Mame Mbaye Niang.<\/p>\n<p data-start=\"2871\" data-end=\"3047\">\u00ab <em data-start=\"2873\" data-end=\"2973\">Le rapport de l\u2019IGF dont les gens parlent a \u00e9t\u00e9 approuv\u00e9 par le ministre des Finances, Cheikh Diba<\/em> \u00bb, affirme-t-il, avant d\u2019apporter des pr\u00e9cisions qu\u2019il juge essentielles.<\/p>\n<p data-start=\"3049\" data-end=\"3457\">Selon lui, les investigations \u00e9voqu\u00e9es ne rel\u00e8vent nullement d\u2019un rapport incriminant, mais d\u2019une simple v\u00e9rification administrative.<br data-start=\"3182\" data-end=\"3185\" \/>\u00ab <em data-start=\"3187\" data-end=\"3308\">Il n\u2019y a pas de rapport Prodac. Il s\u2019est agi d\u2019une v\u00e9rification du march\u00e9 cl\u00e9 en main avec Green des domaines agricoles<\/em> \u00bb, soutient-il, rappelant qu\u2019une r\u00e9quisition de la police adress\u00e9e au coordonnateur du programme avait d\u00e9j\u00e0 conclu \u00e0 l\u2019inexistence d\u2019un tel rapport.<\/p>\n<p>L\u2019ancien ministre s\u2019attaque \u00e9galement \u00e0 la coh\u00e9rence temporelle des accusations port\u00e9es contre lui.<br data-start=\"3597\" data-end=\"3600\" \/>\u00ab <em data-start=\"3602\" data-end=\"3678\">Un rapport qu\u2019on a approuv\u00e9 en 2024 ne pouvait pas exister en 2021 ou 2022<\/em> \u00bb, argue-t-il, d\u00e9non\u00e7ant ce qu\u2019il qualifie de manipulation de l\u2019opinion publique.<\/p>\n<p data-start=\"3762\" data-end=\"4009\">Il va plus loin en contestant le champ de comp\u00e9tence m\u00eame de l\u2019IGF dans une affaire impliquant un ministre.<br data-start=\"3869\" data-end=\"3872\" \/>\u00ab <em data-start=\"3874\" data-end=\"3992\">Un rapport de l\u2019IGF qui incrimine un ministre, ce n\u2019est pas possible. Je ne suis pas dans le champ d\u2019action de l\u2019IGF<\/em> \u00bb, mart\u00e8le-t-il.<\/p>\n<p>Visiblement agac\u00e9, Mame Mbaye Niang appelle \u00e0 plus de rigueur dans le traitement de ce dossier sensible.<br data-start=\"4161\" data-end=\"4164\" \/>\u00ab <em data-start=\"4166\" data-end=\"4255\">Il faut arr\u00eater ces manipulations-l\u00e0 et vouloir divertir les gens. Il faut \u00eatre s\u00e9rieux<\/em> \u00bb, lance-t-il, estimant que l\u2019affaire est exploit\u00e9e \u00e0 des fins politiques au d\u00e9triment de la cr\u00e9dibilit\u00e9 des institutions.<\/p>\n<p data-start=\"4380\" data-end=\"4593\">Il conclut sur une mise en garde solennelle : \u00ab <em data-start=\"4430\" data-end=\"4590\">Nous n\u2019avons pas le droit d\u2019affaisser la justice, surtout quand il s\u2019agit de quelqu\u2019un qui est suppos\u00e9 \u00eatre un homme d\u2019\u00c9tat et qui occupe de grandes fonctions<\/em> \u00bb.<\/p>\n<p>Cette sortie m\u00e9diatique relance un dossier hautement symbolique, \u00e0 la crois\u00e9e du judiciaire et du politique, dans un contexte o\u00f9 la question de la reddition des comptes, de l\u2019ind\u00e9pendance de la justice et de la r\u00e9vision des proc\u00e8s embl\u00e9matiques continue d\u2019alimenter le d\u00e9bat public au S\u00e9n\u00e9gal.<\/p>\n<p>&nbsp;<\/p>\n<div class='share-to-whatsapp-wrapper'><div class='share-on-whsp'>PARTAGER SUR : <\/div><a data-text='R\u00c9VISION DU PROC\u00c8S PRODAC : Mame Mbaye Niang d\u00e9nonce une \u00abfarce judiciaire \u00bb et conteste l\u2019existence d\u2019un rapport de l\u2019IGF' data-link='https:\/\/www.nettali.com\/2026\/01\/09\/revision-du-proces-prodac-mame-mbaye-niang-denonce-une-farce-judiciaire-et-conteste-lexistence-dun-rapport-de-ligf\/' class='whatsapp-button whatsapp-share'>WhatsApp<\/a><div class='clear '><\/div><\/div>","protected":false},"excerpt":{"rendered":"<p>NETTALI.COM - Alors que la Cour supr\u00eame a \u00e9t\u00e9 saisie dans le cadre d\u2019une demande de r\u00e9vision du proc\u00e8s dit du Prodac opposant l\u2019actuel Premier ministre Ousmane Sonko \u00e0 l\u2019ancien ministre de la Jeunesse, Mame Mbaye Niang, ce dernier sort de sa r\u00e9serve et fait de lourdes r\u00e9v\u00e9lations. Dans un entretien accord\u00e9 \u00e0 L\u2019Observateur, il [&hellip;]<\/p>\n","protected":false},"author":4,"featured_media":129133,"comment_status":"open","ping_status":"open","sticky":false,"template":"","format":"standard","meta":{"_et_pb_use_builder":"","_et_pb_old_content":""},"categories":[3],"tags":[],"yoast_head":"<!-- This site is optimized with the Yoast SEO Premium plugin v17.8 (Yoast SEO v17.8) - https:\/\/yoast.com\/wordpress\/plugins\/seo\/ -->\n<title>R\u00c9VISION DU PROC\u00c8S PRODAC : Mame Mbaye Niang d\u00e9nonce une \u00abfarce judiciaire \u00bb et conteste l\u2019existence d\u2019un rapport de l\u2019IGF | Nettali.com<\/title>\n<meta name=\"robots\" content=\"index, follow, max-snippet:-1, max-image-preview:large, max-video-preview:-1\" \/>\n<link rel=\"canonical\" href=\"https:\/\/www.nettali.com\/2026\/01\/09\/revision-du-proces-prodac-mame-mbaye-niang-denonce-une-farce-judiciaire-et-conteste-lexistence-dun-rapport-de-ligf\/\" \/>\n<meta property=\"og:locale\" content=\"fr_FR\" \/>\n<meta property=\"og:type\" content=\"article\" \/>\n<meta property=\"og:title\" content=\"R\u00c9VISION DU PROC\u00c8S PRODAC : Mame Mbaye Niang d\u00e9nonce une \u00abfarce judiciaire \u00bb et conteste l\u2019existence d\u2019un rapport de l\u2019IGF\" \/>\n<meta property=\"og:description\" content=\"NETTALI.COM - Alors que la Cour supr\u00eame a \u00e9t\u00e9 saisie dans le cadre d\u2019une demande de r\u00e9vision du proc\u00e8s dit du Prodac opposant l\u2019actuel Premier ministre Ousmane Sonko \u00e0 l\u2019ancien ministre de la Jeunesse, Mame Mbaye Niang, ce dernier sort de sa r\u00e9serve et fait de lourdes r\u00e9v\u00e9lations. Dans un entretien accord\u00e9 \u00e0 L\u2019Observateur, il [&hellip;]\" \/>\n<meta property=\"og:url\" content=\"https:\/\/www.nettali.com\/2026\/01\/09\/revision-du-proces-prodac-mame-mbaye-niang-denonce-une-farce-judiciaire-et-conteste-lexistence-dun-rapport-de-ligf\/\" \/>\n<meta property=\"og:site_name\" content=\"Nettali.com\" \/>\n<meta property=\"article:publisher\" content=\"https:\/\/www.facebook.com\/nettalicom\" \/>\n<meta property=\"article:published_time\" content=\"2026-01-09T15:57:29+00:00\" \/>\n<meta property=\"og:image\" content=\"https:\/\/www.nettali.com\/wp-content\/uploads\/2024\/03\/mame-mbaye-niang.png\" \/>\n\t<meta property=\"og:image:width\" content=\"650\" \/>\n\t<meta property=\"og:image:height\" content=\"432\" \/>\n<meta name=\"twitter:card\" content=\"summary_large_image\" \/>\n<meta name=\"twitter:label1\" content=\"\u00c9crit par\" \/>\n\t<meta name=\"twitter:data1\" content=\"Daouda\" \/>\n\t<meta name=\"twitter:label2\" content=\"Dur\u00e9e de lecture estim\u00e9e\" \/>\n\t<meta name=\"twitter:data2\" content=\"4 minutes\" \/>\n<script type=\"application\/ld+json\" class=\"yoast-schema-graph\">{\"@context\":\"https:\/\/schema.org\",\"@graph\":[{\"@type\":\"WebSite\",\"@id\":\"https:\/\/www.nettali.com\/#website\",\"url\":\"https:\/\/www.nettali.com\/\",\"name\":\"Nettali.com\",\"description\":\"Le rendez-vous critique du Net\",\"potentialAction\":[{\"@type\":\"SearchAction\",\"target\":{\"@type\":\"EntryPoint\",\"urlTemplate\":\"https:\/\/www.nettali.com\/?s={search_term_string}\"},\"query-input\":\"required name=search_term_string\"}],\"inLanguage\":\"fr-FR\"},{\"@type\":\"ImageObject\",\"@id\":\"https:\/\/www.nettali.com\/2026\/01\/09\/revision-du-proces-prodac-mame-mbaye-niang-denonce-une-farce-judiciaire-et-conteste-lexistence-dun-rapport-de-ligf\/#primaryimage\",\"inLanguage\":\"fr-FR\",\"url\":\"https:\/\/www.nettali.com\/wp-content\/uploads\/2024\/03\/mame-mbaye-niang.png\",\"contentUrl\":\"https:\/\/www.nettali.com\/wp-content\/uploads\/2024\/03\/mame-mbaye-niang.png\",\"width\":650,\"height\":432},{\"@type\":\"WebPage\",\"@id\":\"https:\/\/www.nettali.com\/2026\/01\/09\/revision-du-proces-prodac-mame-mbaye-niang-denonce-une-farce-judiciaire-et-conteste-lexistence-dun-rapport-de-ligf\/#webpage\",\"url\":\"https:\/\/www.nettali.com\/2026\/01\/09\/revision-du-proces-prodac-mame-mbaye-niang-denonce-une-farce-judiciaire-et-conteste-lexistence-dun-rapport-de-ligf\/\",\"name\":\"R\\u00c9VISION DU PROC\\u00c8S PRODAC : Mame Mbaye Niang d\\u00e9nonce une \\u00abfarce judiciaire \\u00bb et conteste l\\u2019existence d\\u2019un rapport de l\\u2019IGF | Nettali.com\",\"isPartOf\":{\"@id\":\"https:\/\/www.nettali.com\/#website\"},\"primaryImageOfPage\":{\"@id\":\"https:\/\/www.nettali.com\/2026\/01\/09\/revision-du-proces-prodac-mame-mbaye-niang-denonce-une-farce-judiciaire-et-conteste-lexistence-dun-rapport-de-ligf\/#primaryimage\"},\"datePublished\":\"2026-01-09T15:57:29+00:00\",\"dateModified\":\"2026-01-09T15:57:29+00:00\",\"author\":{\"@id\":\"https:\/\/www.nettali.com\/#\/schema\/person\/3317e0bb3aa1da309fbf7b2780901bf4\"},\"breadcrumb\":{\"@id\":\"https:\/\/www.nettali.com\/2026\/01\/09\/revision-du-proces-prodac-mame-mbaye-niang-denonce-une-farce-judiciaire-et-conteste-lexistence-dun-rapport-de-ligf\/#breadcrumb\"},\"inLanguage\":\"fr-FR\",\"potentialAction\":[{\"@type\":\"ReadAction\",\"target\":[\"https:\/\/www.nettali.com\/2026\/01\/09\/revision-du-proces-prodac-mame-mbaye-niang-denonce-une-farce-judiciaire-et-conteste-lexistence-dun-rapport-de-ligf\/\"]}]},{\"@type\":\"BreadcrumbList\",\"@id\":\"https:\/\/www.nettali.com\/2026\/01\/09\/revision-du-proces-prodac-mame-mbaye-niang-denonce-une-farce-judiciaire-et-conteste-lexistence-dun-rapport-de-ligf\/#breadcrumb\",\"itemListElement\":[{\"@type\":\"ListItem\",\"position\":1,\"name\":\"Accueil\",\"item\":\"https:\/\/www.nettali.com\/\"},{\"@type\":\"ListItem\",\"position\":2,\"name\":\"R\\u00c9VISION DU PROC\\u00c8S PRODAC : Mame Mbaye Niang d\\u00e9nonce une \\u00abfarce judiciaire \\u00bb et conteste l\\u2019existence d\\u2019un rapport de l\\u2019IGF\"}]},{\"@type\":\"Person\",\"@id\":\"https:\/\/www.nettali.com\/#\/schema\/person\/3317e0bb3aa1da309fbf7b2780901bf4\",\"name\":\"Daouda\",\"image\":{\"@type\":\"ImageObject\",\"@id\":\"https:\/\/www.nettali.com\/#personlogo\",\"inLanguage\":\"fr-FR\",\"url\":\"https:\/\/secure.gravatar.com\/avatar\/8d143b5a49345098ddcfee1c49c2f47c?s=96&d=mm&r=g\",\"contentUrl\":\"https:\/\/secure.gravatar.com\/avatar\/8d143b5a49345098ddcfee1c49c2f47c?s=96&d=mm&r=g\",\"caption\":\"Daouda\"},\"sameAs\":[\"https:\/\/www.nettali.com\"]}]}<\/script>\n<!-- \/ Yoast SEO Premium plugin. -->","yoast_head_json":{"title":"R\u00c9VISION DU PROC\u00c8S PRODAC : Mame Mbaye Niang d\u00e9nonce une \u00abfarce judiciaire \u00bb et conteste l\u2019existence d\u2019un rapport de l\u2019IGF | Nettali.com","robots":{"index":"index","follow":"follow","max-snippet":"max-snippet:-1","max-image-preview":"max-image-preview:large","max-video-preview":"max-video-preview:-1"},"canonical":"https:\/\/www.nettali.com\/2026\/01\/09\/revision-du-proces-prodac-mame-mbaye-niang-denonce-une-farce-judiciaire-et-conteste-lexistence-dun-rapport-de-ligf\/","og_locale":"fr_FR","og_type":"article","og_title":"R\u00c9VISION DU PROC\u00c8S PRODAC : Mame Mbaye Niang d\u00e9nonce une \u00abfarce judiciaire \u00bb et conteste l\u2019existence d\u2019un rapport de l\u2019IGF","og_description":"NETTALI.COM - Alors que la Cour supr\u00eame a \u00e9t\u00e9 saisie dans le cadre d\u2019une demande de r\u00e9vision du proc\u00e8s dit du Prodac opposant l\u2019actuel Premier ministre Ousmane Sonko \u00e0 l\u2019ancien ministre de la Jeunesse, Mame Mbaye Niang, ce dernier sort de sa r\u00e9serve et fait de lourdes r\u00e9v\u00e9lations. Dans un entretien accord\u00e9 \u00e0 L\u2019Observateur, il [&hellip;]","og_url":"https:\/\/www.nettali.com\/2026\/01\/09\/revision-du-proces-prodac-mame-mbaye-niang-denonce-une-farce-judiciaire-et-conteste-lexistence-dun-rapport-de-ligf\/","og_site_name":"Nettali.com","article_publisher":"https:\/\/www.facebook.com\/nettalicom","article_published_time":"2026-01-09T15:57:29+00:00","og_image":[{"width":650,"height":432,"url":"https:\/\/www.nettali.com\/wp-content\/uploads\/2024\/03\/mame-mbaye-niang.png","type":"image\/png"}],"twitter_card":"summary_large_image","twitter_misc":{"\u00c9crit par":"Daouda","Dur\u00e9e de lecture estim\u00e9e":"4 minutes"},"schema":{"@context":"https:\/\/schema.org","@graph":[{"@type":"WebSite","@id":"https:\/\/www.nettali.com\/#website","url":"https:\/\/www.nettali.com\/","name":"Nettali.com","description":"Le rendez-vous critique du Net","potentialAction":[{"@type":"SearchAction","target":{"@type":"EntryPoint","urlTemplate":"https:\/\/www.nettali.com\/?s={search_term_string}"},"query-input":"required name=search_term_string"}],"inLanguage":"fr-FR"},{"@type":"ImageObject","@id":"https:\/\/www.nettali.com\/2026\/01\/09\/revision-du-proces-prodac-mame-mbaye-niang-denonce-une-farce-judiciaire-et-conteste-lexistence-dun-rapport-de-ligf\/#primaryimage","inLanguage":"fr-FR","url":"https:\/\/www.nettali.com\/wp-content\/uploads\/2024\/03\/mame-mbaye-niang.png","contentUrl":"https:\/\/www.nettali.com\/wp-content\/uploads\/2024\/03\/mame-mbaye-niang.png","width":650,"height":432},{"@type":"WebPage","@id":"https:\/\/www.nettali.com\/2026\/01\/09\/revision-du-proces-prodac-mame-mbaye-niang-denonce-une-farce-judiciaire-et-conteste-lexistence-dun-rapport-de-ligf\/#webpage","url":"https:\/\/www.nettali.com\/2026\/01\/09\/revision-du-proces-prodac-mame-mbaye-niang-denonce-une-farce-judiciaire-et-conteste-lexistence-dun-rapport-de-ligf\/","name":"R\u00c9VISION DU PROC\u00c8S PRODAC : Mame Mbaye Niang d\u00e9nonce une \u00abfarce judiciaire \u00bb et conteste l\u2019existence d\u2019un rapport de l\u2019IGF | Nettali.com","isPartOf":{"@id":"https:\/\/www.nettali.com\/#website"},"primaryImageOfPage":{"@id":"https:\/\/www.nettali.com\/2026\/01\/09\/revision-du-proces-prodac-mame-mbaye-niang-denonce-une-farce-judiciaire-et-conteste-lexistence-dun-rapport-de-ligf\/#primaryimage"},"datePublished":"2026-01-09T15:57:29+00:00","dateModified":"2026-01-09T15:57:29+00:00","author":{"@id":"https:\/\/www.nettali.com\/#\/schema\/person\/3317e0bb3aa1da309fbf7b2780901bf4"},"breadcrumb":{"@id":"https:\/\/www.nettali.com\/2026\/01\/09\/revision-du-proces-prodac-mame-mbaye-niang-denonce-une-farce-judiciaire-et-conteste-lexistence-dun-rapport-de-ligf\/#breadcrumb"},"inLanguage":"fr-FR","potentialAction":[{"@type":"ReadAction","target":["https:\/\/www.nettali.com\/2026\/01\/09\/revision-du-proces-prodac-mame-mbaye-niang-denonce-une-farce-judiciaire-et-conteste-lexistence-dun-rapport-de-ligf\/"]}]},{"@type":"BreadcrumbList","@id":"https:\/\/www.nettali.com\/2026\/01\/09\/revision-du-proces-prodac-mame-mbaye-niang-denonce-une-farce-judiciaire-et-conteste-lexistence-dun-rapport-de-ligf\/#breadcrumb","itemListElement":[{"@type":"ListItem","position":1,"name":"Accueil","item":"https:\/\/www.nettali.com\/"},{"@type":"ListItem","position":2,"name":"R\u00c9VISION DU PROC\u00c8S PRODAC : Mame Mbaye Niang d\u00e9nonce une \u00abfarce judiciaire \u00bb et conteste l\u2019existence d\u2019un rapport de l\u2019IGF"}]},{"@type":"Person","@id":"https:\/\/www.nettali.com\/#\/schema\/person\/3317e0bb3aa1da309fbf7b2780901bf4","name":"Daouda","image":{"@type":"ImageObject","@id":"https:\/\/www.nettali.com\/#personlogo","inLanguage":"fr-FR","url":"https:\/\/secure.gravatar.com\/avatar\/8d143b5a49345098ddcfee1c49c2f47c?s=96&d=mm&r=g","contentUrl":"https:\/\/secure.gravatar.com\/avatar\/8d143b5a49345098ddcfee1c49c2f47c?s=96&d=mm&r=g","caption":"Daouda"},"sameAs":["https:\/\/www.nettali.com"]}]}},"_links":{"self":[{"href":"https:\/\/www.nettali.com\/rest\/wp\/v2\/posts\/167720"}],"collection":[{"href":"https:\/\/www.nettali.com\/rest\/wp\/v2\/posts"}],"about":[{"href":"https:\/\/www.nettali.com\/rest\/wp\/v2\/types\/post"}],"author":[{"embeddable":true,"href":"https:\/\/www.nettali.com\/rest\/wp\/v2\/users\/4"}],"replies":[{"embeddable":true,"href":"https:\/\/www.nettali.com\/rest\/wp\/v2\/comments?post=167720"}],"version-history":[{"count":1,"href":"https:\/\/www.nettali.com\/rest\/wp\/v2\/posts\/167720\/revisions"}],"predecessor-version":[{"id":167721,"href":"https:\/\/www.nettali.com\/rest\/wp\/v2\/posts\/167720\/revisions\/167721"}],"wp:featuredmedia":[{"embeddable":true,"href":"https:\/\/www.nettali.com\/rest\/wp\/v2\/media\/129133"}],"wp:attachment":[{"href":"https:\/\/www.nettali.com\/rest\/wp\/v2\/media?parent=167720"}],"wp:term":[{"taxonomy":"category","embeddable":true,"href":"https:\/\/www.nettali.com\/rest\/wp\/v2\/categories?post=167720"},{"taxonomy":"post_tag","embeddable":true,"href":"https:\/\/www.nettali.com\/rest\/wp\/v2\/tags?post=167720"}],"curies":[{"name":"wp","href":"https:\/\/api.w.org\/{rel}","templated":true}]}}