{"id":167716,"date":"2026-01-09T10:53:49","date_gmt":"2026-01-09T10:53:49","guid":{"rendered":"https:\/\/www.nettali.com\/?p=167716"},"modified":"2026-01-09T10:53:49","modified_gmt":"2026-01-09T10:53:49","slug":"maroc-cameroun-changement-de-larbitre-a-la-demande-du-pays-hote","status":"publish","type":"post","link":"https:\/\/www.nettali.com\/2026\/01\/09\/maroc-cameroun-changement-de-larbitre-a-la-demande-du-pays-hote\/","title":{"rendered":"MAROC-CAMEROUN - Changement de l'arbitre \u00e0 la demande du pays h\u00f4te"},"content":{"rendered":"<p><strong>NETTALI.COM - L'affaire risque de faire jaser et enflamme d\u00e9j\u00e0 les coulisses de la CAF puisque la F\u00e9d\u00e9ration marocaine de football a obtenu gain de cause suite \u00e0 une r\u00e9clamation quant \u00e0 la d\u00e9signation de l\u2019arbitre central pour son quart de finale face au Cameroun, ce jeudi \u00e0 Rabat (19h GMT).<\/strong><\/p>\n<p>Pr\u00e9textant une d\u00e9cision tardive, le Maroc s\u2019est plaint en r\u00e9alit\u00e9 du choix de l\u2019\u00c9gyptien Amin Omar pour officier durant cette partie. Finalement, la CAF a d\u00e9sign\u00e9 un autre arbitre, le Mauritanien Dahane Beida, et ce sans avoir alert\u00e9 une F\u00e9d\u00e9ration camerounaise ulc\u00e9r\u00e9e en apprenant la nouvelle par les r\u00e9seaux sociaux.<\/p>\n<p><strong>Le m\u00eame assesseur VAR pour la cinqui\u00e8me fois de suite pour le Maroc<\/strong><\/p>\n<p>Curieusement, la CAF a \u00e9galement nomm\u00e9 pour la cinqui\u00e8me fois de suite pour un match du Maroc \u00e0 cette CAN 2025, le m\u00eame assesseur VAR, le Congolais Ren\u00e9 Daniel Louzaya.<\/p>\n<p>Si un arbitre alg\u00e9rien \u00e9tait \u00e9galement attendu \u00e0 la VAR, il n\u2019en sera d\u2019ailleurs rien ; le choix \u00e9tait jug\u00e9 hors de propos par le Maroc eu \u00e9gard aux tensions entre les deux pays.<\/p>\n<p>Ces changements de derni\u00e8re minute ont fortement courrouc\u00e9 les d\u00e9cideurs de la FECAFOOT, principalement son pr\u00e9sident, Samuel Eto\u2019o, qui a d\u2019ailleurs \u00e9t\u00e9 joint dans ses r\u00e9criminations par son homologue du Nigeria, Ibrahim Musa Gusau. Les prochaines heures risquent d\u2019\u00eatre tr\u00e8s tendues avant les quarts tant attendus\u2026<\/p>\n<div class='share-to-whatsapp-wrapper'><div class='share-on-whsp'>PARTAGER SUR : <\/div><a data-text='MAROC-CAMEROUN - Changement de l'arbitre \u00e0 la demande du pays h\u00f4te' data-link='https:\/\/www.nettali.com\/2026\/01\/09\/maroc-cameroun-changement-de-larbitre-a-la-demande-du-pays-hote\/' class='whatsapp-button whatsapp-share'>WhatsApp<\/a><div class='clear '><\/div><\/div>","protected":false},"excerpt":{"rendered":"<p>NETTALI.COM - L'affaire risque de faire jaser et enflamme d\u00e9j\u00e0 les coulisses de la CAF puisque la F\u00e9d\u00e9ration marocaine de football a obtenu gain de cause suite \u00e0 une r\u00e9clamation quant \u00e0 la d\u00e9signation de l\u2019arbitre central pour son quart de finale face au Cameroun, ce jeudi \u00e0 Rabat (19h GMT). Pr\u00e9textant une d\u00e9cision tardive, [&hellip;]<\/p>\n","protected":false},"author":5,"featured_media":167714,"comment_status":"open","ping_status":"open","sticky":false,"template":"","format":"standard","meta":{"_et_pb_use_builder":"","_et_pb_old_content":""},"categories":[6],"tags":[],"yoast_head":"<!-- This site is optimized with the Yoast SEO Premium plugin v17.8 (Yoast SEO v17.8) - https:\/\/yoast.com\/wordpress\/plugins\/seo\/ -->\n<title>MAROC-CAMEROUN - Changement de l&#039;arbitre \u00e0 la demande du pays h\u00f4te | Nettali.com<\/title>\n<meta name=\"robots\" content=\"index, follow, max-snippet:-1, max-image-preview:large, max-video-preview:-1\" \/>\n<link rel=\"canonical\" href=\"https:\/\/www.nettali.com\/2026\/01\/09\/maroc-cameroun-changement-de-larbitre-a-la-demande-du-pays-hote\/\" \/>\n<meta property=\"og:locale\" content=\"fr_FR\" \/>\n<meta property=\"og:type\" content=\"article\" \/>\n<meta property=\"og:title\" content=\"MAROC-CAMEROUN - Changement de l&#039;arbitre \u00e0 la demande du pays h\u00f4te\" \/>\n<meta property=\"og:description\" content=\"NETTALI.COM - L&#039;affaire risque de faire jaser et enflamme d\u00e9j\u00e0 les coulisses de la CAF puisque la F\u00e9d\u00e9ration marocaine de football a obtenu gain de cause suite \u00e0 une r\u00e9clamation quant \u00e0 la d\u00e9signation de l\u2019arbitre central pour son quart de finale face au Cameroun, ce jeudi \u00e0 Rabat (19h GMT). Pr\u00e9textant une d\u00e9cision tardive, [&hellip;]\" \/>\n<meta property=\"og:url\" content=\"https:\/\/www.nettali.com\/2026\/01\/09\/maroc-cameroun-changement-de-larbitre-a-la-demande-du-pays-hote\/\" \/>\n<meta property=\"og:site_name\" content=\"Nettali.com\" \/>\n<meta property=\"article:publisher\" content=\"https:\/\/www.facebook.com\/nettalicom\" \/>\n<meta property=\"article:published_time\" content=\"2026-01-09T10:53:49+00:00\" \/>\n<meta property=\"og:image\" content=\"https:\/\/www.nettali.com\/wp-content\/uploads\/2026\/01\/IMG_3788.jpeg\" \/>\n\t<meta property=\"og:image:width\" content=\"702\" \/>\n\t<meta property=\"og:image:height\" content=\"437\" \/>\n<meta name=\"twitter:card\" content=\"summary_large_image\" \/>\n<meta name=\"twitter:label1\" content=\"\u00c9crit par\" \/>\n\t<meta name=\"twitter:data1\" content=\"Ibrahima\" \/>\n\t<meta name=\"twitter:label2\" content=\"Dur\u00e9e de lecture estim\u00e9e\" \/>\n\t<meta name=\"twitter:data2\" content=\"2 minutes\" \/>\n<script type=\"application\/ld+json\" class=\"yoast-schema-graph\">{\"@context\":\"https:\/\/schema.org\",\"@graph\":[{\"@type\":\"WebSite\",\"@id\":\"https:\/\/www.nettali.com\/#website\",\"url\":\"https:\/\/www.nettali.com\/\",\"name\":\"Nettali.com\",\"description\":\"Le rendez-vous critique du Net\",\"potentialAction\":[{\"@type\":\"SearchAction\",\"target\":{\"@type\":\"EntryPoint\",\"urlTemplate\":\"https:\/\/www.nettali.com\/?s={search_term_string}\"},\"query-input\":\"required name=search_term_string\"}],\"inLanguage\":\"fr-FR\"},{\"@type\":\"ImageObject\",\"@id\":\"https:\/\/www.nettali.com\/2026\/01\/09\/maroc-cameroun-changement-de-larbitre-a-la-demande-du-pays-hote\/#primaryimage\",\"inLanguage\":\"fr-FR\",\"url\":\"https:\/\/www.nettali.com\/wp-content\/uploads\/2026\/01\/IMG_3788.jpeg\",\"contentUrl\":\"https:\/\/www.nettali.com\/wp-content\/uploads\/2026\/01\/IMG_3788.jpeg\",\"width\":702,\"height\":437},{\"@type\":\"WebPage\",\"@id\":\"https:\/\/www.nettali.com\/2026\/01\/09\/maroc-cameroun-changement-de-larbitre-a-la-demande-du-pays-hote\/#webpage\",\"url\":\"https:\/\/www.nettali.com\/2026\/01\/09\/maroc-cameroun-changement-de-larbitre-a-la-demande-du-pays-hote\/\",\"name\":\"MAROC-CAMEROUN - Changement de l'arbitre \\u00e0 la demande du pays h\\u00f4te | Nettali.com\",\"isPartOf\":{\"@id\":\"https:\/\/www.nettali.com\/#website\"},\"primaryImageOfPage\":{\"@id\":\"https:\/\/www.nettali.com\/2026\/01\/09\/maroc-cameroun-changement-de-larbitre-a-la-demande-du-pays-hote\/#primaryimage\"},\"datePublished\":\"2026-01-09T10:53:49+00:00\",\"dateModified\":\"2026-01-09T10:53:49+00:00\",\"author\":{\"@id\":\"https:\/\/www.nettali.com\/#\/schema\/person\/bb147657c2986240405a608162b9bb23\"},\"breadcrumb\":{\"@id\":\"https:\/\/www.nettali.com\/2026\/01\/09\/maroc-cameroun-changement-de-larbitre-a-la-demande-du-pays-hote\/#breadcrumb\"},\"inLanguage\":\"fr-FR\",\"potentialAction\":[{\"@type\":\"ReadAction\",\"target\":[\"https:\/\/www.nettali.com\/2026\/01\/09\/maroc-cameroun-changement-de-larbitre-a-la-demande-du-pays-hote\/\"]}]},{\"@type\":\"BreadcrumbList\",\"@id\":\"https:\/\/www.nettali.com\/2026\/01\/09\/maroc-cameroun-changement-de-larbitre-a-la-demande-du-pays-hote\/#breadcrumb\",\"itemListElement\":[{\"@type\":\"ListItem\",\"position\":1,\"name\":\"Accueil\",\"item\":\"https:\/\/www.nettali.com\/\"},{\"@type\":\"ListItem\",\"position\":2,\"name\":\"MAROC-CAMEROUN - Changement de l'arbitre \\u00e0 la demande du pays h\\u00f4te\"}]},{\"@type\":\"Person\",\"@id\":\"https:\/\/www.nettali.com\/#\/schema\/person\/bb147657c2986240405a608162b9bb23\",\"name\":\"Ibrahima\",\"image\":{\"@type\":\"ImageObject\",\"@id\":\"https:\/\/www.nettali.com\/#personlogo\",\"inLanguage\":\"fr-FR\",\"url\":\"https:\/\/secure.gravatar.com\/avatar\/26a8a81f09f0dd7624c9d5c36c9ba3a2?s=96&d=mm&r=g\",\"contentUrl\":\"https:\/\/secure.gravatar.com\/avatar\/26a8a81f09f0dd7624c9d5c36c9ba3a2?s=96&d=mm&r=g\",\"caption\":\"Ibrahima\"},\"sameAs\":[\"https:\/\/www.nettali.com\"]}]}<\/script>\n<!-- \/ Yoast SEO Premium plugin. -->","yoast_head_json":{"title":"MAROC-CAMEROUN - Changement de l'arbitre \u00e0 la demande du pays h\u00f4te | Nettali.com","robots":{"index":"index","follow":"follow","max-snippet":"max-snippet:-1","max-image-preview":"max-image-preview:large","max-video-preview":"max-video-preview:-1"},"canonical":"https:\/\/www.nettali.com\/2026\/01\/09\/maroc-cameroun-changement-de-larbitre-a-la-demande-du-pays-hote\/","og_locale":"fr_FR","og_type":"article","og_title":"MAROC-CAMEROUN - Changement de l'arbitre \u00e0 la demande du pays h\u00f4te","og_description":"NETTALI.COM - L'affaire risque de faire jaser et enflamme d\u00e9j\u00e0 les coulisses de la CAF puisque la F\u00e9d\u00e9ration marocaine de football a obtenu gain de cause suite \u00e0 une r\u00e9clamation quant \u00e0 la d\u00e9signation de l\u2019arbitre central pour son quart de finale face au Cameroun, ce jeudi \u00e0 Rabat (19h GMT). Pr\u00e9textant une d\u00e9cision tardive, [&hellip;]","og_url":"https:\/\/www.nettali.com\/2026\/01\/09\/maroc-cameroun-changement-de-larbitre-a-la-demande-du-pays-hote\/","og_site_name":"Nettali.com","article_publisher":"https:\/\/www.facebook.com\/nettalicom","article_published_time":"2026-01-09T10:53:49+00:00","og_image":[{"width":702,"height":437,"url":"https:\/\/www.nettali.com\/wp-content\/uploads\/2026\/01\/IMG_3788.jpeg","type":"image\/jpeg"}],"twitter_card":"summary_large_image","twitter_misc":{"\u00c9crit par":"Ibrahima","Dur\u00e9e de lecture estim\u00e9e":"2 minutes"},"schema":{"@context":"https:\/\/schema.org","@graph":[{"@type":"WebSite","@id":"https:\/\/www.nettali.com\/#website","url":"https:\/\/www.nettali.com\/","name":"Nettali.com","description":"Le rendez-vous critique du Net","potentialAction":[{"@type":"SearchAction","target":{"@type":"EntryPoint","urlTemplate":"https:\/\/www.nettali.com\/?s={search_term_string}"},"query-input":"required name=search_term_string"}],"inLanguage":"fr-FR"},{"@type":"ImageObject","@id":"https:\/\/www.nettali.com\/2026\/01\/09\/maroc-cameroun-changement-de-larbitre-a-la-demande-du-pays-hote\/#primaryimage","inLanguage":"fr-FR","url":"https:\/\/www.nettali.com\/wp-content\/uploads\/2026\/01\/IMG_3788.jpeg","contentUrl":"https:\/\/www.nettali.com\/wp-content\/uploads\/2026\/01\/IMG_3788.jpeg","width":702,"height":437},{"@type":"WebPage","@id":"https:\/\/www.nettali.com\/2026\/01\/09\/maroc-cameroun-changement-de-larbitre-a-la-demande-du-pays-hote\/#webpage","url":"https:\/\/www.nettali.com\/2026\/01\/09\/maroc-cameroun-changement-de-larbitre-a-la-demande-du-pays-hote\/","name":"MAROC-CAMEROUN - Changement de l'arbitre \u00e0 la demande du pays h\u00f4te | Nettali.com","isPartOf":{"@id":"https:\/\/www.nettali.com\/#website"},"primaryImageOfPage":{"@id":"https:\/\/www.nettali.com\/2026\/01\/09\/maroc-cameroun-changement-de-larbitre-a-la-demande-du-pays-hote\/#primaryimage"},"datePublished":"2026-01-09T10:53:49+00:00","dateModified":"2026-01-09T10:53:49+00:00","author":{"@id":"https:\/\/www.nettali.com\/#\/schema\/person\/bb147657c2986240405a608162b9bb23"},"breadcrumb":{"@id":"https:\/\/www.nettali.com\/2026\/01\/09\/maroc-cameroun-changement-de-larbitre-a-la-demande-du-pays-hote\/#breadcrumb"},"inLanguage":"fr-FR","potentialAction":[{"@type":"ReadAction","target":["https:\/\/www.nettali.com\/2026\/01\/09\/maroc-cameroun-changement-de-larbitre-a-la-demande-du-pays-hote\/"]}]},{"@type":"BreadcrumbList","@id":"https:\/\/www.nettali.com\/2026\/01\/09\/maroc-cameroun-changement-de-larbitre-a-la-demande-du-pays-hote\/#breadcrumb","itemListElement":[{"@type":"ListItem","position":1,"name":"Accueil","item":"https:\/\/www.nettali.com\/"},{"@type":"ListItem","position":2,"name":"MAROC-CAMEROUN - Changement de l'arbitre \u00e0 la demande du pays h\u00f4te"}]},{"@type":"Person","@id":"https:\/\/www.nettali.com\/#\/schema\/person\/bb147657c2986240405a608162b9bb23","name":"Ibrahima","image":{"@type":"ImageObject","@id":"https:\/\/www.nettali.com\/#personlogo","inLanguage":"fr-FR","url":"https:\/\/secure.gravatar.com\/avatar\/26a8a81f09f0dd7624c9d5c36c9ba3a2?s=96&d=mm&r=g","contentUrl":"https:\/\/secure.gravatar.com\/avatar\/26a8a81f09f0dd7624c9d5c36c9ba3a2?s=96&d=mm&r=g","caption":"Ibrahima"},"sameAs":["https:\/\/www.nettali.com"]}]}},"_links":{"self":[{"href":"https:\/\/www.nettali.com\/rest\/wp\/v2\/posts\/167716"}],"collection":[{"href":"https:\/\/www.nettali.com\/rest\/wp\/v2\/posts"}],"about":[{"href":"https:\/\/www.nettali.com\/rest\/wp\/v2\/types\/post"}],"author":[{"embeddable":true,"href":"https:\/\/www.nettali.com\/rest\/wp\/v2\/users\/5"}],"replies":[{"embeddable":true,"href":"https:\/\/www.nettali.com\/rest\/wp\/v2\/comments?post=167716"}],"version-history":[{"count":1,"href":"https:\/\/www.nettali.com\/rest\/wp\/v2\/posts\/167716\/revisions"}],"predecessor-version":[{"id":167717,"href":"https:\/\/www.nettali.com\/rest\/wp\/v2\/posts\/167716\/revisions\/167717"}],"wp:featuredmedia":[{"embeddable":true,"href":"https:\/\/www.nettali.com\/rest\/wp\/v2\/media\/167714"}],"wp:attachment":[{"href":"https:\/\/www.nettali.com\/rest\/wp\/v2\/media?parent=167716"}],"wp:term":[{"taxonomy":"category","embeddable":true,"href":"https:\/\/www.nettali.com\/rest\/wp\/v2\/categories?post=167716"},{"taxonomy":"post_tag","embeddable":true,"href":"https:\/\/www.nettali.com\/rest\/wp\/v2\/tags?post=167716"}],"curies":[{"name":"wp","href":"https:\/\/api.w.org\/{rel}","templated":true}]}}