{"id":167709,"date":"2026-01-09T17:03:15","date_gmt":"2026-01-09T17:03:15","guid":{"rendered":"https:\/\/www.nettali.com\/?p=167709"},"modified":"2026-01-10T07:08:16","modified_gmt":"2026-01-10T07:08:16","slug":"diplomatie-internationale-laes-condamne-une-attaque-armee-des-etats-unis-contre-le-venezuela","status":"publish","type":"post","link":"https:\/\/www.nettali.com\/2026\/01\/09\/diplomatie-internationale-laes-condamne-une-attaque-armee-des-etats-unis-contre-le-venezuela\/","title":{"rendered":"DIPLOMATIE INTERNATIONALE - L\u2019AES condamne une \"attaque arm\u00e9e\" des \u00c9tats-Unis contre le Venezuela"},"content":{"rendered":"<p><strong>NETTALI.COM - Dans un communiqu\u00e9 rendu public le 8 janvier 2026, la Conf\u00e9d\u00e9ration des \u00c9tats du Sahel (AES) dit suivre avec une \u201cvive pr\u00e9occupation\u201d une op\u00e9ration militaire attribu\u00e9e aux \u00c9tats-Unis d\u2019Am\u00e9rique sur le territoire de la R\u00e9publique bolivarienne du Venezuela. L\u2019organisation r\u00e9gionale d\u00e9nonce un acte \u201ccontraire au droit international\u201d et interpelle le Conseil de s\u00e9curit\u00e9 des Nations unies. <\/strong><\/p>\n<p>La Conf\u00e9d\u00e9ration des \u00c9tats du Sahel (AES) est mont\u00e9e au cr\u00e9neau apr\u00e8s des informations faisant \u00e9tat d\u2019une op\u00e9ration militaire men\u00e9e par les \u00c9tats-Unis d\u2019Am\u00e9rique au Venezuela. Dans un communiqu\u00e9 officiel, l\u2019organisation affirme que cette action aurait \u201cabouti \u00e0 l\u2019enl\u00e8vement ill\u00e9gal du Pr\u00e9sident v\u00e9n\u00e9zu\u00e9lien Nicolas Maduro et son \u00e9pouse\u201d.<\/p>\n<p>Pour l\u2019AES, l\u2019emploi de la force arm\u00e9e par un \u00c9tat contre un autre constitue une ligne rouge. Elle rappelle que \u201c<em>l\u2019emploi de la force arm\u00e9e par un \u00c9tat contre la souverainet\u00e9, l\u2019int\u00e9grit\u00e9 territoriale ou l\u2019ind\u00e9pendance politique d\u2019un autre \u00c9tat est une ing\u00e9rence inacceptable dans les affaires int\u00e9rieures d\u2019un \u00c9tat souverain et constitue un acte d\u2019agression<\/em>\u201d.<\/p>\n<p>Attach\u00e9e, selon ses termes, \u00e0 \u201c<em>la d\u00e9fense de la souverainet\u00e9, de l\u2019int\u00e9grit\u00e9 territoriale et de l\u2019ind\u00e9pendance<\/em>\u201d, la Conf\u00e9d\u00e9ration condamne \u201c<em>fermement cet acte grave et contraire au droit international<\/em>\u201d, invoquant les principes fondamentaux consacr\u00e9s par la Charte des Nations unies.<\/p>\n<p>Elle d\u00e9nonce en outre \u201c<em>le recours unilat\u00e9ral \u00e0 la force<\/em>\u201d et \u201c<em>regrette profond\u00e9ment cette violation du droit international<\/em>\u201d, d\u2019autant plus pr\u00e9occupante qu\u2019elle \u00e9manerait \u201cd\u2019un membre permanent du Conseil de s\u00e9curit\u00e9\u201d.<\/p>\n<p>L\u2019AES y voit un facteur suppl\u00e9mentaire de \u201c<em>fragilisation continue de l\u2019ordre international<\/em>\u201d, avec des \u201c<em>cons\u00e9quences n\u00e9fastes pour la stabilit\u00e9 mondiale<\/em>\u201d. En cons\u00e9quence, l\u2019organisation interpelle le Conseil de s\u00e9curit\u00e9 afin qu\u2019il \u201c<em>assume pleinement sa mission<\/em>\u201d, en condamnant \u201c<em>clairement l\u2019action militaire am\u00e9ricaine<\/em>\u201d et en oeuvrant \u201c<em>au r\u00e9tablissement de la l\u00e9galit\u00e9 internationale<\/em>\u201d.<\/p>\n<p>Le bloc sah\u00e9lien r\u00e9affirme par ailleurs \u201c<em>son attachement \u00e0 un ordre mondial fond\u00e9 sur le respect, l\u2019\u00e9galit\u00e9 souveraine des \u00c9tats et le respect strict des principes de la Charte des Nations unies<\/em>\u201d. Il exprime enfin \u201cs<em>a solidarit\u00e9 au peuple v\u00e9n\u00e9zu\u00e9lien dont la souverainet\u00e9 a \u00e9t\u00e9 bafou\u00e9e par cet acte d\u2019agression<\/em>\u201d.<\/p>\n<p>Dans son communiqu\u00e9, la Conf\u00e9d\u00e9ration des \u00c9tats du Sahel r\u00e9it\u00e8re \u201c<em>son attachement au multilat\u00e9ralisme et au respect scrupuleux du droit international<\/em>\u201d comme conditions n\u00e9cessaires pour \u201c<em>assurer la s\u00e9curit\u00e9 collective et la paix internationale<\/em>\u201d.<\/p>\n<p>Le texte est sign\u00e9 \u00e0 Ouagadougou par le Ibrahim Traor\u00e9, Pr\u00e9sident du Faso et Pr\u00e9sident en exercice de la Conf\u00e9d\u00e9ration des \u00c9tats du Sahel.<\/p>\n<div class='share-to-whatsapp-wrapper'><div class='share-on-whsp'>PARTAGER SUR : <\/div><a data-text='DIPLOMATIE INTERNATIONALE - L\u2019AES condamne une \"attaque arm\u00e9e\" des \u00c9tats-Unis contre le Venezuela' data-link='https:\/\/www.nettali.com\/2026\/01\/09\/diplomatie-internationale-laes-condamne-une-attaque-armee-des-etats-unis-contre-le-venezuela\/' class='whatsapp-button whatsapp-share'>WhatsApp<\/a><div class='clear '><\/div><\/div>","protected":false},"excerpt":{"rendered":"<p>NETTALI.COM - Dans un communiqu\u00e9 rendu public le 8 janvier 2026, la Conf\u00e9d\u00e9ration des \u00c9tats du Sahel (AES) dit suivre avec une \u201cvive pr\u00e9occupation\u201d une op\u00e9ration militaire attribu\u00e9e aux \u00c9tats-Unis d\u2019Am\u00e9rique sur le territoire de la R\u00e9publique bolivarienne du Venezuela. L\u2019organisation r\u00e9gionale d\u00e9nonce un acte \u201ccontraire au droit international\u201d et interpelle le Conseil de s\u00e9curit\u00e9 [&hellip;]<\/p>\n","protected":false},"author":2,"featured_media":167710,"comment_status":"open","ping_status":"open","sticky":false,"template":"","format":"standard","meta":{"_et_pb_use_builder":"","_et_pb_old_content":""},"categories":[8],"tags":[],"yoast_head":"<!-- This site is optimized with the Yoast SEO Premium plugin v17.8 (Yoast SEO v17.8) - https:\/\/yoast.com\/wordpress\/plugins\/seo\/ -->\n<title>DIPLOMATIE INTERNATIONALE - L\u2019AES condamne une &quot;attaque arm\u00e9e&quot; des \u00c9tats-Unis contre le Venezuela | Nettali.com<\/title>\n<meta name=\"robots\" content=\"index, follow, max-snippet:-1, max-image-preview:large, max-video-preview:-1\" \/>\n<link rel=\"canonical\" href=\"https:\/\/www.nettali.com\/2026\/01\/09\/diplomatie-internationale-laes-condamne-une-attaque-armee-des-etats-unis-contre-le-venezuela\/\" \/>\n<meta property=\"og:locale\" content=\"fr_FR\" \/>\n<meta property=\"og:type\" content=\"article\" \/>\n<meta property=\"og:title\" content=\"DIPLOMATIE INTERNATIONALE - L\u2019AES condamne une &quot;attaque arm\u00e9e&quot; des \u00c9tats-Unis contre le Venezuela\" \/>\n<meta property=\"og:description\" content=\"NETTALI.COM - Dans un communiqu\u00e9 rendu public le 8 janvier 2026, la Conf\u00e9d\u00e9ration des \u00c9tats du Sahel (AES) dit suivre avec une \u201cvive pr\u00e9occupation\u201d une op\u00e9ration militaire attribu\u00e9e aux \u00c9tats-Unis d\u2019Am\u00e9rique sur le territoire de la R\u00e9publique bolivarienne du Venezuela. L\u2019organisation r\u00e9gionale d\u00e9nonce un acte \u201ccontraire au droit international\u201d et interpelle le Conseil de s\u00e9curit\u00e9 [&hellip;]\" \/>\n<meta property=\"og:url\" content=\"https:\/\/www.nettali.com\/2026\/01\/09\/diplomatie-internationale-laes-condamne-une-attaque-armee-des-etats-unis-contre-le-venezuela\/\" \/>\n<meta property=\"og:site_name\" content=\"Nettali.com\" \/>\n<meta property=\"article:publisher\" content=\"https:\/\/www.facebook.com\/nettalicom\" \/>\n<meta property=\"article:published_time\" content=\"2026-01-09T17:03:15+00:00\" \/>\n<meta property=\"article:modified_time\" content=\"2026-01-10T07:08:16+00:00\" \/>\n<meta property=\"og:image\" content=\"https:\/\/www.nettali.com\/wp-content\/uploads\/2026\/01\/AES.jpg\" \/>\n\t<meta property=\"og:image:width\" content=\"1200\" \/>\n\t<meta property=\"og:image:height\" content=\"675\" \/>\n<meta name=\"twitter:card\" content=\"summary_large_image\" \/>\n<meta name=\"twitter:label1\" content=\"\u00c9crit par\" \/>\n\t<meta name=\"twitter:data1\" content=\"CK\" \/>\n\t<meta name=\"twitter:label2\" content=\"Dur\u00e9e de lecture estim\u00e9e\" \/>\n\t<meta name=\"twitter:data2\" content=\"2 minutes\" \/>\n<script type=\"application\/ld+json\" class=\"yoast-schema-graph\">{\"@context\":\"https:\/\/schema.org\",\"@graph\":[{\"@type\":\"WebSite\",\"@id\":\"https:\/\/www.nettali.com\/#website\",\"url\":\"https:\/\/www.nettali.com\/\",\"name\":\"Nettali.com\",\"description\":\"Le rendez-vous critique du Net\",\"potentialAction\":[{\"@type\":\"SearchAction\",\"target\":{\"@type\":\"EntryPoint\",\"urlTemplate\":\"https:\/\/www.nettali.com\/?s={search_term_string}\"},\"query-input\":\"required name=search_term_string\"}],\"inLanguage\":\"fr-FR\"},{\"@type\":\"ImageObject\",\"@id\":\"https:\/\/www.nettali.com\/2026\/01\/09\/diplomatie-internationale-laes-condamne-une-attaque-armee-des-etats-unis-contre-le-venezuela\/#primaryimage\",\"inLanguage\":\"fr-FR\",\"url\":\"https:\/\/www.nettali.com\/wp-content\/uploads\/2026\/01\/AES.jpg\",\"contentUrl\":\"https:\/\/www.nettali.com\/wp-content\/uploads\/2026\/01\/AES.jpg\",\"width\":1200,\"height\":675},{\"@type\":\"WebPage\",\"@id\":\"https:\/\/www.nettali.com\/2026\/01\/09\/diplomatie-internationale-laes-condamne-une-attaque-armee-des-etats-unis-contre-le-venezuela\/#webpage\",\"url\":\"https:\/\/www.nettali.com\/2026\/01\/09\/diplomatie-internationale-laes-condamne-une-attaque-armee-des-etats-unis-contre-le-venezuela\/\",\"name\":\"DIPLOMATIE INTERNATIONALE - L\\u2019AES condamne une \\\"attaque arm\\u00e9e\\\" des \\u00c9tats-Unis contre le Venezuela | Nettali.com\",\"isPartOf\":{\"@id\":\"https:\/\/www.nettali.com\/#website\"},\"primaryImageOfPage\":{\"@id\":\"https:\/\/www.nettali.com\/2026\/01\/09\/diplomatie-internationale-laes-condamne-une-attaque-armee-des-etats-unis-contre-le-venezuela\/#primaryimage\"},\"datePublished\":\"2026-01-09T17:03:15+00:00\",\"dateModified\":\"2026-01-10T07:08:16+00:00\",\"author\":{\"@id\":\"https:\/\/www.nettali.com\/#\/schema\/person\/d8ac7b7e27ddad43f1c0d2ef090d7f71\"},\"breadcrumb\":{\"@id\":\"https:\/\/www.nettali.com\/2026\/01\/09\/diplomatie-internationale-laes-condamne-une-attaque-armee-des-etats-unis-contre-le-venezuela\/#breadcrumb\"},\"inLanguage\":\"fr-FR\",\"potentialAction\":[{\"@type\":\"ReadAction\",\"target\":[\"https:\/\/www.nettali.com\/2026\/01\/09\/diplomatie-internationale-laes-condamne-une-attaque-armee-des-etats-unis-contre-le-venezuela\/\"]}]},{\"@type\":\"BreadcrumbList\",\"@id\":\"https:\/\/www.nettali.com\/2026\/01\/09\/diplomatie-internationale-laes-condamne-une-attaque-armee-des-etats-unis-contre-le-venezuela\/#breadcrumb\",\"itemListElement\":[{\"@type\":\"ListItem\",\"position\":1,\"name\":\"Accueil\",\"item\":\"https:\/\/www.nettali.com\/\"},{\"@type\":\"ListItem\",\"position\":2,\"name\":\"DIPLOMATIE INTERNATIONALE - L\\u2019AES condamne une \\\"attaque arm\\u00e9e\\\" des \\u00c9tats-Unis contre le Venezuela\"}]},{\"@type\":\"Person\",\"@id\":\"https:\/\/www.nettali.com\/#\/schema\/person\/d8ac7b7e27ddad43f1c0d2ef090d7f71\",\"name\":\"CK\",\"image\":{\"@type\":\"ImageObject\",\"@id\":\"https:\/\/www.nettali.com\/#personlogo\",\"inLanguage\":\"fr-FR\",\"url\":\"https:\/\/secure.gravatar.com\/avatar\/1d8d5118b9327d94da7cd4ce7f17fec2?s=96&d=mm&r=g\",\"contentUrl\":\"https:\/\/secure.gravatar.com\/avatar\/1d8d5118b9327d94da7cd4ce7f17fec2?s=96&d=mm&r=g\",\"caption\":\"CK\"},\"sameAs\":[\"https:\/\/www.nettali.com\"]}]}<\/script>\n<!-- \/ Yoast SEO Premium plugin. -->","yoast_head_json":{"title":"DIPLOMATIE INTERNATIONALE - L\u2019AES condamne une \"attaque arm\u00e9e\" des \u00c9tats-Unis contre le Venezuela | Nettali.com","robots":{"index":"index","follow":"follow","max-snippet":"max-snippet:-1","max-image-preview":"max-image-preview:large","max-video-preview":"max-video-preview:-1"},"canonical":"https:\/\/www.nettali.com\/2026\/01\/09\/diplomatie-internationale-laes-condamne-une-attaque-armee-des-etats-unis-contre-le-venezuela\/","og_locale":"fr_FR","og_type":"article","og_title":"DIPLOMATIE INTERNATIONALE - L\u2019AES condamne une \"attaque arm\u00e9e\" des \u00c9tats-Unis contre le Venezuela","og_description":"NETTALI.COM - Dans un communiqu\u00e9 rendu public le 8 janvier 2026, la Conf\u00e9d\u00e9ration des \u00c9tats du Sahel (AES) dit suivre avec une \u201cvive pr\u00e9occupation\u201d une op\u00e9ration militaire attribu\u00e9e aux \u00c9tats-Unis d\u2019Am\u00e9rique sur le territoire de la R\u00e9publique bolivarienne du Venezuela. L\u2019organisation r\u00e9gionale d\u00e9nonce un acte \u201ccontraire au droit international\u201d et interpelle le Conseil de s\u00e9curit\u00e9 [&hellip;]","og_url":"https:\/\/www.nettali.com\/2026\/01\/09\/diplomatie-internationale-laes-condamne-une-attaque-armee-des-etats-unis-contre-le-venezuela\/","og_site_name":"Nettali.com","article_publisher":"https:\/\/www.facebook.com\/nettalicom","article_published_time":"2026-01-09T17:03:15+00:00","article_modified_time":"2026-01-10T07:08:16+00:00","og_image":[{"width":1200,"height":675,"url":"https:\/\/www.nettali.com\/wp-content\/uploads\/2026\/01\/AES.jpg","type":"image\/jpeg"}],"twitter_card":"summary_large_image","twitter_misc":{"\u00c9crit par":"CK","Dur\u00e9e de lecture estim\u00e9e":"2 minutes"},"schema":{"@context":"https:\/\/schema.org","@graph":[{"@type":"WebSite","@id":"https:\/\/www.nettali.com\/#website","url":"https:\/\/www.nettali.com\/","name":"Nettali.com","description":"Le rendez-vous critique du Net","potentialAction":[{"@type":"SearchAction","target":{"@type":"EntryPoint","urlTemplate":"https:\/\/www.nettali.com\/?s={search_term_string}"},"query-input":"required name=search_term_string"}],"inLanguage":"fr-FR"},{"@type":"ImageObject","@id":"https:\/\/www.nettali.com\/2026\/01\/09\/diplomatie-internationale-laes-condamne-une-attaque-armee-des-etats-unis-contre-le-venezuela\/#primaryimage","inLanguage":"fr-FR","url":"https:\/\/www.nettali.com\/wp-content\/uploads\/2026\/01\/AES.jpg","contentUrl":"https:\/\/www.nettali.com\/wp-content\/uploads\/2026\/01\/AES.jpg","width":1200,"height":675},{"@type":"WebPage","@id":"https:\/\/www.nettali.com\/2026\/01\/09\/diplomatie-internationale-laes-condamne-une-attaque-armee-des-etats-unis-contre-le-venezuela\/#webpage","url":"https:\/\/www.nettali.com\/2026\/01\/09\/diplomatie-internationale-laes-condamne-une-attaque-armee-des-etats-unis-contre-le-venezuela\/","name":"DIPLOMATIE INTERNATIONALE - L\u2019AES condamne une \"attaque arm\u00e9e\" des \u00c9tats-Unis contre le Venezuela | Nettali.com","isPartOf":{"@id":"https:\/\/www.nettali.com\/#website"},"primaryImageOfPage":{"@id":"https:\/\/www.nettali.com\/2026\/01\/09\/diplomatie-internationale-laes-condamne-une-attaque-armee-des-etats-unis-contre-le-venezuela\/#primaryimage"},"datePublished":"2026-01-09T17:03:15+00:00","dateModified":"2026-01-10T07:08:16+00:00","author":{"@id":"https:\/\/www.nettali.com\/#\/schema\/person\/d8ac7b7e27ddad43f1c0d2ef090d7f71"},"breadcrumb":{"@id":"https:\/\/www.nettali.com\/2026\/01\/09\/diplomatie-internationale-laes-condamne-une-attaque-armee-des-etats-unis-contre-le-venezuela\/#breadcrumb"},"inLanguage":"fr-FR","potentialAction":[{"@type":"ReadAction","target":["https:\/\/www.nettali.com\/2026\/01\/09\/diplomatie-internationale-laes-condamne-une-attaque-armee-des-etats-unis-contre-le-venezuela\/"]}]},{"@type":"BreadcrumbList","@id":"https:\/\/www.nettali.com\/2026\/01\/09\/diplomatie-internationale-laes-condamne-une-attaque-armee-des-etats-unis-contre-le-venezuela\/#breadcrumb","itemListElement":[{"@type":"ListItem","position":1,"name":"Accueil","item":"https:\/\/www.nettali.com\/"},{"@type":"ListItem","position":2,"name":"DIPLOMATIE INTERNATIONALE - L\u2019AES condamne une \"attaque arm\u00e9e\" des \u00c9tats-Unis contre le Venezuela"}]},{"@type":"Person","@id":"https:\/\/www.nettali.com\/#\/schema\/person\/d8ac7b7e27ddad43f1c0d2ef090d7f71","name":"CK","image":{"@type":"ImageObject","@id":"https:\/\/www.nettali.com\/#personlogo","inLanguage":"fr-FR","url":"https:\/\/secure.gravatar.com\/avatar\/1d8d5118b9327d94da7cd4ce7f17fec2?s=96&d=mm&r=g","contentUrl":"https:\/\/secure.gravatar.com\/avatar\/1d8d5118b9327d94da7cd4ce7f17fec2?s=96&d=mm&r=g","caption":"CK"},"sameAs":["https:\/\/www.nettali.com"]}]}},"_links":{"self":[{"href":"https:\/\/www.nettali.com\/rest\/wp\/v2\/posts\/167709"}],"collection":[{"href":"https:\/\/www.nettali.com\/rest\/wp\/v2\/posts"}],"about":[{"href":"https:\/\/www.nettali.com\/rest\/wp\/v2\/types\/post"}],"author":[{"embeddable":true,"href":"https:\/\/www.nettali.com\/rest\/wp\/v2\/users\/2"}],"replies":[{"embeddable":true,"href":"https:\/\/www.nettali.com\/rest\/wp\/v2\/comments?post=167709"}],"version-history":[{"count":1,"href":"https:\/\/www.nettali.com\/rest\/wp\/v2\/posts\/167709\/revisions"}],"predecessor-version":[{"id":167711,"href":"https:\/\/www.nettali.com\/rest\/wp\/v2\/posts\/167709\/revisions\/167711"}],"wp:featuredmedia":[{"embeddable":true,"href":"https:\/\/www.nettali.com\/rest\/wp\/v2\/media\/167710"}],"wp:attachment":[{"href":"https:\/\/www.nettali.com\/rest\/wp\/v2\/media?parent=167709"}],"wp:term":[{"taxonomy":"category","embeddable":true,"href":"https:\/\/www.nettali.com\/rest\/wp\/v2\/categories?post=167709"},{"taxonomy":"post_tag","embeddable":true,"href":"https:\/\/www.nettali.com\/rest\/wp\/v2\/tags?post=167709"}],"curies":[{"name":"wp","href":"https:\/\/api.w.org\/{rel}","templated":true}]}}