{"id":167703,"date":"2026-01-09T11:00:35","date_gmt":"2026-01-09T11:00:35","guid":{"rendered":"https:\/\/www.nettali.com\/?p=167703"},"modified":"2026-01-09T11:26:30","modified_gmt":"2026-01-09T11:26:30","slug":"generalisation-de-lindemnite-de-logement-la-coalition-salue-la-mesure","status":"publish","type":"post","link":"https:\/\/www.nettali.com\/2026\/01\/09\/generalisation-de-lindemnite-de-logement-la-coalition-salue-la-mesure\/","title":{"rendered":"GENERALISATION DE L'INDEMNITE DE LOGEMENT... - La coalition salue la mesure"},"content":{"rendered":"<p><strong>NETTALI.COM -<\/strong> La Coalition Diomaye Pr\u00e9sident a salu\u00e9, jeudi, la d\u00e9cision du chef de l\u2019\u00c9tat, Bassirou Diomaye Diakhar Faye, de g\u00e9n\u00e9raliser l\u2019indemnit\u00e9 de logement au profit des travailleurs concern\u00e9s, qualifiant la mesure de \u201cd\u00e9cision sociale forte\u201d.<\/p>\n<p>Dans un communiqu\u00e9, la coalition estime que cette r\u00e9forme traduit \u201c<em>la volont\u00e9 ferme des nouvelles autorit\u00e9s de placer la justice sociale, l\u2019\u00e9quit\u00e9 et l\u2019am\u00e9lioration des conditions de vie des travailleurs au coeur de l\u2019action publique<\/em>\u201d, conform\u00e9ment aux engagements pris devant le peuple s\u00e9n\u00e9galais.<\/p>\n<p>La g\u00e9n\u00e9ralisation de l\u2019indemnit\u00e9 de logement est pr\u00e9sent\u00e9e comme \u201c<em>une r\u00e9ponse concr\u00e8te aux attentes l\u00e9gitimes des agents de l\u2019\u00c9tat, fonctionnaires et non fonctionnaires<\/em>\u201d, contribuant au renforcement du pouvoir d\u2019achat, \u00e0 la reconnaissance du r\u00f4le strat\u00e9gique des travailleurs dans le service public et \u00e0 la consolidation d\u2019un climat social apais\u00e9.<\/p>\n<p>La coalition se f\u00e9licite d\u2019une \u201c<em>d\u00e9cision responsable<\/em>\u201d illustrant \u201c<em>une gouvernance \u00e0 l\u2019\u00e9coute<\/em>\u201d, et r\u00e9affirme son soutien \u00e0 l\u2019action du Pr\u00e9sident de la R\u00e9publique et du gouvernement. Elle appelle enfin les forces sociales et citoyennes \u00e0 accompagner les r\u00e9formes engag\u00e9es dans le cadre de la Vision S\u00e9n\u00e9gal 2050, \u201cdans l\u2019int\u00e9r\u00eat sup\u00e9rieur de la Nation\u201d.<\/p>\n<div class='share-to-whatsapp-wrapper'><div class='share-on-whsp'>PARTAGER SUR : <\/div><a data-text='GENERALISATION DE L'INDEMNITE DE LOGEMENT... - La coalition salue la mesure' data-link='https:\/\/www.nettali.com\/2026\/01\/09\/generalisation-de-lindemnite-de-logement-la-coalition-salue-la-mesure\/' class='whatsapp-button whatsapp-share'>WhatsApp<\/a><div class='clear '><\/div><\/div>","protected":false},"excerpt":{"rendered":"<p>NETTALI.COM - La Coalition Diomaye Pr\u00e9sident a salu\u00e9, jeudi, la d\u00e9cision du chef de l\u2019\u00c9tat, Bassirou Diomaye Diakhar Faye, de g\u00e9n\u00e9raliser l\u2019indemnit\u00e9 de logement au profit des travailleurs concern\u00e9s, qualifiant la mesure de \u201cd\u00e9cision sociale forte\u201d. Dans un communiqu\u00e9, la coalition estime que cette r\u00e9forme traduit \u201cla volont\u00e9 ferme des nouvelles autorit\u00e9s de placer la [&hellip;]<\/p>\n","protected":false},"author":2,"featured_media":167704,"comment_status":"open","ping_status":"open","sticky":false,"template":"","format":"standard","meta":{"_et_pb_use_builder":"","_et_pb_old_content":""},"categories":[2],"tags":[],"yoast_head":"<!-- This site is optimized with the Yoast SEO Premium plugin v17.8 (Yoast SEO v17.8) - https:\/\/yoast.com\/wordpress\/plugins\/seo\/ -->\n<title>GENERALISATION DE L&#039;INDEMNITE DE LOGEMENT... - La coalition salue la mesure | Nettali.com<\/title>\n<meta name=\"robots\" content=\"index, follow, max-snippet:-1, max-image-preview:large, max-video-preview:-1\" \/>\n<link rel=\"canonical\" href=\"https:\/\/www.nettali.com\/2026\/01\/09\/generalisation-de-lindemnite-de-logement-la-coalition-salue-la-mesure\/\" \/>\n<meta property=\"og:locale\" content=\"fr_FR\" \/>\n<meta property=\"og:type\" content=\"article\" \/>\n<meta property=\"og:title\" content=\"GENERALISATION DE L&#039;INDEMNITE DE LOGEMENT... - La coalition salue la mesure\" \/>\n<meta property=\"og:description\" content=\"NETTALI.COM - La Coalition Diomaye Pr\u00e9sident a salu\u00e9, jeudi, la d\u00e9cision du chef de l\u2019\u00c9tat, Bassirou Diomaye Diakhar Faye, de g\u00e9n\u00e9raliser l\u2019indemnit\u00e9 de logement au profit des travailleurs concern\u00e9s, qualifiant la mesure de \u201cd\u00e9cision sociale forte\u201d. Dans un communiqu\u00e9, la coalition estime que cette r\u00e9forme traduit \u201cla volont\u00e9 ferme des nouvelles autorit\u00e9s de placer la [&hellip;]\" \/>\n<meta property=\"og:url\" content=\"https:\/\/www.nettali.com\/2026\/01\/09\/generalisation-de-lindemnite-de-logement-la-coalition-salue-la-mesure\/\" \/>\n<meta property=\"og:site_name\" content=\"Nettali.com\" \/>\n<meta property=\"article:publisher\" content=\"https:\/\/www.facebook.com\/nettalicom\" \/>\n<meta property=\"article:published_time\" content=\"2026-01-09T11:00:35+00:00\" \/>\n<meta property=\"article:modified_time\" content=\"2026-01-09T11:26:30+00:00\" \/>\n<meta property=\"og:image\" content=\"https:\/\/www.nettali.com\/wp-content\/uploads\/2026\/01\/Coalition-diomage.jpg\" \/>\n\t<meta property=\"og:image:width\" content=\"1152\" \/>\n\t<meta property=\"og:image:height\" content=\"864\" \/>\n<meta name=\"twitter:card\" content=\"summary_large_image\" \/>\n<meta name=\"twitter:label1\" content=\"\u00c9crit par\" \/>\n\t<meta name=\"twitter:data1\" content=\"CK\" \/>\n\t<meta name=\"twitter:label2\" content=\"Dur\u00e9e de lecture estim\u00e9e\" \/>\n\t<meta name=\"twitter:data2\" content=\"1 minute\" \/>\n<script type=\"application\/ld+json\" class=\"yoast-schema-graph\">{\"@context\":\"https:\/\/schema.org\",\"@graph\":[{\"@type\":\"WebSite\",\"@id\":\"https:\/\/www.nettali.com\/#website\",\"url\":\"https:\/\/www.nettali.com\/\",\"name\":\"Nettali.com\",\"description\":\"Le rendez-vous critique du Net\",\"potentialAction\":[{\"@type\":\"SearchAction\",\"target\":{\"@type\":\"EntryPoint\",\"urlTemplate\":\"https:\/\/www.nettali.com\/?s={search_term_string}\"},\"query-input\":\"required name=search_term_string\"}],\"inLanguage\":\"fr-FR\"},{\"@type\":\"ImageObject\",\"@id\":\"https:\/\/www.nettali.com\/2026\/01\/09\/generalisation-de-lindemnite-de-logement-la-coalition-salue-la-mesure\/#primaryimage\",\"inLanguage\":\"fr-FR\",\"url\":\"https:\/\/www.nettali.com\/wp-content\/uploads\/2026\/01\/Coalition-diomage.jpg\",\"contentUrl\":\"https:\/\/www.nettali.com\/wp-content\/uploads\/2026\/01\/Coalition-diomage.jpg\",\"width\":1152,\"height\":864},{\"@type\":\"WebPage\",\"@id\":\"https:\/\/www.nettali.com\/2026\/01\/09\/generalisation-de-lindemnite-de-logement-la-coalition-salue-la-mesure\/#webpage\",\"url\":\"https:\/\/www.nettali.com\/2026\/01\/09\/generalisation-de-lindemnite-de-logement-la-coalition-salue-la-mesure\/\",\"name\":\"GENERALISATION DE L'INDEMNITE DE LOGEMENT... - La coalition salue la mesure | Nettali.com\",\"isPartOf\":{\"@id\":\"https:\/\/www.nettali.com\/#website\"},\"primaryImageOfPage\":{\"@id\":\"https:\/\/www.nettali.com\/2026\/01\/09\/generalisation-de-lindemnite-de-logement-la-coalition-salue-la-mesure\/#primaryimage\"},\"datePublished\":\"2026-01-09T11:00:35+00:00\",\"dateModified\":\"2026-01-09T11:26:30+00:00\",\"author\":{\"@id\":\"https:\/\/www.nettali.com\/#\/schema\/person\/d8ac7b7e27ddad43f1c0d2ef090d7f71\"},\"breadcrumb\":{\"@id\":\"https:\/\/www.nettali.com\/2026\/01\/09\/generalisation-de-lindemnite-de-logement-la-coalition-salue-la-mesure\/#breadcrumb\"},\"inLanguage\":\"fr-FR\",\"potentialAction\":[{\"@type\":\"ReadAction\",\"target\":[\"https:\/\/www.nettali.com\/2026\/01\/09\/generalisation-de-lindemnite-de-logement-la-coalition-salue-la-mesure\/\"]}]},{\"@type\":\"BreadcrumbList\",\"@id\":\"https:\/\/www.nettali.com\/2026\/01\/09\/generalisation-de-lindemnite-de-logement-la-coalition-salue-la-mesure\/#breadcrumb\",\"itemListElement\":[{\"@type\":\"ListItem\",\"position\":1,\"name\":\"Accueil\",\"item\":\"https:\/\/www.nettali.com\/\"},{\"@type\":\"ListItem\",\"position\":2,\"name\":\"GENERALISATION DE L'INDEMNITE DE LOGEMENT... - La coalition salue la mesure\"}]},{\"@type\":\"Person\",\"@id\":\"https:\/\/www.nettali.com\/#\/schema\/person\/d8ac7b7e27ddad43f1c0d2ef090d7f71\",\"name\":\"CK\",\"image\":{\"@type\":\"ImageObject\",\"@id\":\"https:\/\/www.nettali.com\/#personlogo\",\"inLanguage\":\"fr-FR\",\"url\":\"https:\/\/secure.gravatar.com\/avatar\/1d8d5118b9327d94da7cd4ce7f17fec2?s=96&d=mm&r=g\",\"contentUrl\":\"https:\/\/secure.gravatar.com\/avatar\/1d8d5118b9327d94da7cd4ce7f17fec2?s=96&d=mm&r=g\",\"caption\":\"CK\"},\"sameAs\":[\"https:\/\/www.nettali.com\"]}]}<\/script>\n<!-- \/ Yoast SEO Premium plugin. -->","yoast_head_json":{"title":"GENERALISATION DE L'INDEMNITE DE LOGEMENT... - La coalition salue la mesure | Nettali.com","robots":{"index":"index","follow":"follow","max-snippet":"max-snippet:-1","max-image-preview":"max-image-preview:large","max-video-preview":"max-video-preview:-1"},"canonical":"https:\/\/www.nettali.com\/2026\/01\/09\/generalisation-de-lindemnite-de-logement-la-coalition-salue-la-mesure\/","og_locale":"fr_FR","og_type":"article","og_title":"GENERALISATION DE L'INDEMNITE DE LOGEMENT... - La coalition salue la mesure","og_description":"NETTALI.COM - La Coalition Diomaye Pr\u00e9sident a salu\u00e9, jeudi, la d\u00e9cision du chef de l\u2019\u00c9tat, Bassirou Diomaye Diakhar Faye, de g\u00e9n\u00e9raliser l\u2019indemnit\u00e9 de logement au profit des travailleurs concern\u00e9s, qualifiant la mesure de \u201cd\u00e9cision sociale forte\u201d. Dans un communiqu\u00e9, la coalition estime que cette r\u00e9forme traduit \u201cla volont\u00e9 ferme des nouvelles autorit\u00e9s de placer la [&hellip;]","og_url":"https:\/\/www.nettali.com\/2026\/01\/09\/generalisation-de-lindemnite-de-logement-la-coalition-salue-la-mesure\/","og_site_name":"Nettali.com","article_publisher":"https:\/\/www.facebook.com\/nettalicom","article_published_time":"2026-01-09T11:00:35+00:00","article_modified_time":"2026-01-09T11:26:30+00:00","og_image":[{"width":1152,"height":864,"url":"https:\/\/www.nettali.com\/wp-content\/uploads\/2026\/01\/Coalition-diomage.jpg","type":"image\/jpeg"}],"twitter_card":"summary_large_image","twitter_misc":{"\u00c9crit par":"CK","Dur\u00e9e de lecture estim\u00e9e":"1 minute"},"schema":{"@context":"https:\/\/schema.org","@graph":[{"@type":"WebSite","@id":"https:\/\/www.nettali.com\/#website","url":"https:\/\/www.nettali.com\/","name":"Nettali.com","description":"Le rendez-vous critique du Net","potentialAction":[{"@type":"SearchAction","target":{"@type":"EntryPoint","urlTemplate":"https:\/\/www.nettali.com\/?s={search_term_string}"},"query-input":"required name=search_term_string"}],"inLanguage":"fr-FR"},{"@type":"ImageObject","@id":"https:\/\/www.nettali.com\/2026\/01\/09\/generalisation-de-lindemnite-de-logement-la-coalition-salue-la-mesure\/#primaryimage","inLanguage":"fr-FR","url":"https:\/\/www.nettali.com\/wp-content\/uploads\/2026\/01\/Coalition-diomage.jpg","contentUrl":"https:\/\/www.nettali.com\/wp-content\/uploads\/2026\/01\/Coalition-diomage.jpg","width":1152,"height":864},{"@type":"WebPage","@id":"https:\/\/www.nettali.com\/2026\/01\/09\/generalisation-de-lindemnite-de-logement-la-coalition-salue-la-mesure\/#webpage","url":"https:\/\/www.nettali.com\/2026\/01\/09\/generalisation-de-lindemnite-de-logement-la-coalition-salue-la-mesure\/","name":"GENERALISATION DE L'INDEMNITE DE LOGEMENT... - La coalition salue la mesure | Nettali.com","isPartOf":{"@id":"https:\/\/www.nettali.com\/#website"},"primaryImageOfPage":{"@id":"https:\/\/www.nettali.com\/2026\/01\/09\/generalisation-de-lindemnite-de-logement-la-coalition-salue-la-mesure\/#primaryimage"},"datePublished":"2026-01-09T11:00:35+00:00","dateModified":"2026-01-09T11:26:30+00:00","author":{"@id":"https:\/\/www.nettali.com\/#\/schema\/person\/d8ac7b7e27ddad43f1c0d2ef090d7f71"},"breadcrumb":{"@id":"https:\/\/www.nettali.com\/2026\/01\/09\/generalisation-de-lindemnite-de-logement-la-coalition-salue-la-mesure\/#breadcrumb"},"inLanguage":"fr-FR","potentialAction":[{"@type":"ReadAction","target":["https:\/\/www.nettali.com\/2026\/01\/09\/generalisation-de-lindemnite-de-logement-la-coalition-salue-la-mesure\/"]}]},{"@type":"BreadcrumbList","@id":"https:\/\/www.nettali.com\/2026\/01\/09\/generalisation-de-lindemnite-de-logement-la-coalition-salue-la-mesure\/#breadcrumb","itemListElement":[{"@type":"ListItem","position":1,"name":"Accueil","item":"https:\/\/www.nettali.com\/"},{"@type":"ListItem","position":2,"name":"GENERALISATION DE L'INDEMNITE DE LOGEMENT... - La coalition salue la mesure"}]},{"@type":"Person","@id":"https:\/\/www.nettali.com\/#\/schema\/person\/d8ac7b7e27ddad43f1c0d2ef090d7f71","name":"CK","image":{"@type":"ImageObject","@id":"https:\/\/www.nettali.com\/#personlogo","inLanguage":"fr-FR","url":"https:\/\/secure.gravatar.com\/avatar\/1d8d5118b9327d94da7cd4ce7f17fec2?s=96&d=mm&r=g","contentUrl":"https:\/\/secure.gravatar.com\/avatar\/1d8d5118b9327d94da7cd4ce7f17fec2?s=96&d=mm&r=g","caption":"CK"},"sameAs":["https:\/\/www.nettali.com"]}]}},"_links":{"self":[{"href":"https:\/\/www.nettali.com\/rest\/wp\/v2\/posts\/167703"}],"collection":[{"href":"https:\/\/www.nettali.com\/rest\/wp\/v2\/posts"}],"about":[{"href":"https:\/\/www.nettali.com\/rest\/wp\/v2\/types\/post"}],"author":[{"embeddable":true,"href":"https:\/\/www.nettali.com\/rest\/wp\/v2\/users\/2"}],"replies":[{"embeddable":true,"href":"https:\/\/www.nettali.com\/rest\/wp\/v2\/comments?post=167703"}],"version-history":[{"count":1,"href":"https:\/\/www.nettali.com\/rest\/wp\/v2\/posts\/167703\/revisions"}],"predecessor-version":[{"id":167705,"href":"https:\/\/www.nettali.com\/rest\/wp\/v2\/posts\/167703\/revisions\/167705"}],"wp:featuredmedia":[{"embeddable":true,"href":"https:\/\/www.nettali.com\/rest\/wp\/v2\/media\/167704"}],"wp:attachment":[{"href":"https:\/\/www.nettali.com\/rest\/wp\/v2\/media?parent=167703"}],"wp:term":[{"taxonomy":"category","embeddable":true,"href":"https:\/\/www.nettali.com\/rest\/wp\/v2\/categories?post=167703"},{"taxonomy":"post_tag","embeddable":true,"href":"https:\/\/www.nettali.com\/rest\/wp\/v2\/tags?post=167703"}],"curies":[{"name":"wp","href":"https:\/\/api.w.org\/{rel}","templated":true}]}}