{"id":167700,"date":"2026-01-09T07:37:00","date_gmt":"2026-01-09T07:37:00","guid":{"rendered":"https:\/\/www.nettali.com\/?p=167700"},"modified":"2026-01-10T07:17:14","modified_gmt":"2026-01-10T07:17:14","slug":"tensions-a-lucad-les-amicales-etudiantes-interrompent-la-visite-du-ministre","status":"publish","type":"post","link":"https:\/\/www.nettali.com\/2026\/01\/09\/tensions-a-lucad-les-amicales-etudiantes-interrompent-la-visite-du-ministre\/","title":{"rendered":"TENSIONS \u00c0 L\u2019UCAD - Les amicales \u00e9tudiantes interrompent la visite du ministre"},"content":{"rendered":"<p><strong>NETTALI.COM -<\/strong> Le climat social reste tendu \u00e0 l\u2019Universit\u00e9 Cheikh Anta Diop de Dakar (Ucad). Dans un communiqu\u00e9 re\u00e7u, le jeudi 8 d\u00e9cembre \u00e0 Nettali.com, le Collectif des amicales de l\u2019Ucad, qu\u2019il pr\u00e9sente comme \u201c<em>la structure l\u00e9gitime pour la repr\u00e9sentation estudiantine<\/em>\u201d, a inform\u00e9 l\u2019opinion publique avoir mis un terme \u00e0 la visite du ministre de l\u2019Enseignement sup\u00e9rieur sur le campus et l\u2019avoir contraint \u00e0 quitter les lieux.<\/p>\n<p>L\u2019organisation \u00e9tudiante tient toutefois \u00e0 pr\u00e9ciser que cette action ne saurait \u00eatre assimil\u00e9e \u00e0 un acte d\u2019irresponsabilit\u00e9. Elle y voit plut\u00f4t l\u2019expression d\u2019un profond malaise au sein de la communaut\u00e9 universitaire.<\/p>\n<p>Selon le collectif, il s\u2019agit du r\u00e9sultat \u201c<em>d\u2019une d\u00e9solation totale de la communaut\u00e9 estudiantine face \u00e0 un gouvernement qui reste silencieux dans un contexte de crise<\/em>\u201d.<\/p>\n<p>Au coeur des revendications figure la question des bourses. Les amicales rappellent que \u201c<em>les \u00e9tudiants de Master 1 sont rest\u00e9s 13 mois sans percevoir de bourses<\/em>\u201d, une situation jug\u00e9e intenable.<\/p>\n<p>\u00c0 ces retards s\u2019ajoutent, selon elles, \u201c<em>beaucoup d\u2019irr\u00e9gularit\u00e9s affectant une grande partie des \u00e9tudiants de tous les niveaux<\/em>\u201d, aggravant davantage la pr\u00e9carit\u00e9 sur le campus.<\/p>\n<p>Face \u00e0 cette situation, le collectif indique avoir, dans un premier temps, privil\u00e9gi\u00e9 l\u2019apaisement. Il affirme avoir \u201cd<em>\u00e9cid\u00e9 de suspendre le mot d\u2019ordre pour appeler le dialogue et la n\u00e9gociation<\/em>\u201d. Une main tendue qui, selon les \u00e9tudiants, n\u2019a pas trouv\u00e9 d\u2019\u00e9cho aupr\u00e8s des autorit\u00e9s, le gouvernement n\u2019ayant pas, \u00e0 ce stade, \u201c<em>rejoint les \u00e9tudiants dans cet appel \u00e0 un r\u00e8glement paisible de la situation<\/em>\u201d.<\/p>\n<p>D\u00e9termin\u00e9 \u00e0 obtenir des r\u00e9ponses concr\u00e8tes, le Collectif des amicales avertit qu\u2019il pourrait durcir le ton dans les prochains jours. Il pr\u00e9vient \u201c<em>qu\u2019il n\u2019h\u00e9sitera pas de passer \u00e0 la vitesse sup\u00e9rieure d\u2019ici la semaine prochaine si le probl\u00e8me persiste<\/em>\u201d.<\/p>\n<p>En attendant, les amicales r\u00e9affirment leur mobilisation aux c\u00f4t\u00e9s des \u00e9tudiants et assurent r\u00e9it\u00e9rer \u201cleur engagement ind\u00e9fectible envers la communaut\u00e9 estudiantine\u201d, dans un contexte o\u00f9 la question sociale demeure l\u2019un des principaux foyers de tension \u00e0 l\u2019Ucad.<\/p>\n<div class='share-to-whatsapp-wrapper'><div class='share-on-whsp'>PARTAGER SUR : <\/div><a data-text='TENSIONS \u00c0 L\u2019UCAD - Les amicales \u00e9tudiantes interrompent la visite du ministre' data-link='https:\/\/www.nettali.com\/2026\/01\/09\/tensions-a-lucad-les-amicales-etudiantes-interrompent-la-visite-du-ministre\/' class='whatsapp-button whatsapp-share'>WhatsApp<\/a><div class='clear '><\/div><\/div>","protected":false},"excerpt":{"rendered":"<p>NETTALI.COM - Le climat social reste tendu \u00e0 l\u2019Universit\u00e9 Cheikh Anta Diop de Dakar (Ucad). Dans un communiqu\u00e9 re\u00e7u, le jeudi 8 d\u00e9cembre \u00e0 Nettali.com, le Collectif des amicales de l\u2019Ucad, qu\u2019il pr\u00e9sente comme \u201cla structure l\u00e9gitime pour la repr\u00e9sentation estudiantine\u201d, a inform\u00e9 l\u2019opinion publique avoir mis un terme \u00e0 la visite du ministre de [&hellip;]<\/p>\n","protected":false},"author":2,"featured_media":167701,"comment_status":"open","ping_status":"open","sticky":false,"template":"","format":"standard","meta":{"_et_pb_use_builder":"","_et_pb_old_content":""},"categories":[3],"tags":[],"yoast_head":"<!-- This site is optimized with the Yoast SEO Premium plugin v17.8 (Yoast SEO v17.8) - https:\/\/yoast.com\/wordpress\/plugins\/seo\/ -->\n<title>TENSIONS \u00c0 L\u2019UCAD - Les amicales \u00e9tudiantes interrompent la visite du ministre | Nettali.com<\/title>\n<meta name=\"robots\" content=\"index, follow, max-snippet:-1, max-image-preview:large, max-video-preview:-1\" \/>\n<link rel=\"canonical\" href=\"https:\/\/www.nettali.com\/2026\/01\/09\/tensions-a-lucad-les-amicales-etudiantes-interrompent-la-visite-du-ministre\/\" \/>\n<meta property=\"og:locale\" content=\"fr_FR\" \/>\n<meta property=\"og:type\" content=\"article\" \/>\n<meta property=\"og:title\" content=\"TENSIONS \u00c0 L\u2019UCAD - Les amicales \u00e9tudiantes interrompent la visite du ministre\" \/>\n<meta property=\"og:description\" content=\"NETTALI.COM - Le climat social reste tendu \u00e0 l\u2019Universit\u00e9 Cheikh Anta Diop de Dakar (Ucad). Dans un communiqu\u00e9 re\u00e7u, le jeudi 8 d\u00e9cembre \u00e0 Nettali.com, le Collectif des amicales de l\u2019Ucad, qu\u2019il pr\u00e9sente comme \u201cla structure l\u00e9gitime pour la repr\u00e9sentation estudiantine\u201d, a inform\u00e9 l\u2019opinion publique avoir mis un terme \u00e0 la visite du ministre de [&hellip;]\" \/>\n<meta property=\"og:url\" content=\"https:\/\/www.nettali.com\/2026\/01\/09\/tensions-a-lucad-les-amicales-etudiantes-interrompent-la-visite-du-ministre\/\" \/>\n<meta property=\"og:site_name\" content=\"Nettali.com\" \/>\n<meta property=\"article:publisher\" content=\"https:\/\/www.facebook.com\/nettalicom\" \/>\n<meta property=\"article:published_time\" content=\"2026-01-09T07:37:00+00:00\" \/>\n<meta property=\"article:modified_time\" content=\"2026-01-10T07:17:14+00:00\" \/>\n<meta property=\"og:image\" content=\"https:\/\/www.nettali.com\/wp-content\/uploads\/2026\/01\/thumb_1260x800_693025feac7fd_wiDlD3g9tD.jpeg\" \/>\n\t<meta property=\"og:image:width\" content=\"1260\" \/>\n\t<meta property=\"og:image:height\" content=\"800\" \/>\n<meta name=\"twitter:card\" content=\"summary_large_image\" \/>\n<meta name=\"twitter:label1\" content=\"\u00c9crit par\" \/>\n\t<meta name=\"twitter:data1\" content=\"CK\" \/>\n\t<meta name=\"twitter:label2\" content=\"Dur\u00e9e de lecture estim\u00e9e\" \/>\n\t<meta name=\"twitter:data2\" content=\"2 minutes\" \/>\n<script type=\"application\/ld+json\" class=\"yoast-schema-graph\">{\"@context\":\"https:\/\/schema.org\",\"@graph\":[{\"@type\":\"WebSite\",\"@id\":\"https:\/\/www.nettali.com\/#website\",\"url\":\"https:\/\/www.nettali.com\/\",\"name\":\"Nettali.com\",\"description\":\"Le rendez-vous critique du Net\",\"potentialAction\":[{\"@type\":\"SearchAction\",\"target\":{\"@type\":\"EntryPoint\",\"urlTemplate\":\"https:\/\/www.nettali.com\/?s={search_term_string}\"},\"query-input\":\"required name=search_term_string\"}],\"inLanguage\":\"fr-FR\"},{\"@type\":\"ImageObject\",\"@id\":\"https:\/\/www.nettali.com\/2026\/01\/09\/tensions-a-lucad-les-amicales-etudiantes-interrompent-la-visite-du-ministre\/#primaryimage\",\"inLanguage\":\"fr-FR\",\"url\":\"https:\/\/www.nettali.com\/wp-content\/uploads\/2026\/01\/thumb_1260x800_693025feac7fd_wiDlD3g9tD.jpeg\",\"contentUrl\":\"https:\/\/www.nettali.com\/wp-content\/uploads\/2026\/01\/thumb_1260x800_693025feac7fd_wiDlD3g9tD.jpeg\",\"width\":1260,\"height\":800},{\"@type\":\"WebPage\",\"@id\":\"https:\/\/www.nettali.com\/2026\/01\/09\/tensions-a-lucad-les-amicales-etudiantes-interrompent-la-visite-du-ministre\/#webpage\",\"url\":\"https:\/\/www.nettali.com\/2026\/01\/09\/tensions-a-lucad-les-amicales-etudiantes-interrompent-la-visite-du-ministre\/\",\"name\":\"TENSIONS \\u00c0 L\\u2019UCAD - Les amicales \\u00e9tudiantes interrompent la visite du ministre | Nettali.com\",\"isPartOf\":{\"@id\":\"https:\/\/www.nettali.com\/#website\"},\"primaryImageOfPage\":{\"@id\":\"https:\/\/www.nettali.com\/2026\/01\/09\/tensions-a-lucad-les-amicales-etudiantes-interrompent-la-visite-du-ministre\/#primaryimage\"},\"datePublished\":\"2026-01-09T07:37:00+00:00\",\"dateModified\":\"2026-01-10T07:17:14+00:00\",\"author\":{\"@id\":\"https:\/\/www.nettali.com\/#\/schema\/person\/d8ac7b7e27ddad43f1c0d2ef090d7f71\"},\"breadcrumb\":{\"@id\":\"https:\/\/www.nettali.com\/2026\/01\/09\/tensions-a-lucad-les-amicales-etudiantes-interrompent-la-visite-du-ministre\/#breadcrumb\"},\"inLanguage\":\"fr-FR\",\"potentialAction\":[{\"@type\":\"ReadAction\",\"target\":[\"https:\/\/www.nettali.com\/2026\/01\/09\/tensions-a-lucad-les-amicales-etudiantes-interrompent-la-visite-du-ministre\/\"]}]},{\"@type\":\"BreadcrumbList\",\"@id\":\"https:\/\/www.nettali.com\/2026\/01\/09\/tensions-a-lucad-les-amicales-etudiantes-interrompent-la-visite-du-ministre\/#breadcrumb\",\"itemListElement\":[{\"@type\":\"ListItem\",\"position\":1,\"name\":\"Accueil\",\"item\":\"https:\/\/www.nettali.com\/\"},{\"@type\":\"ListItem\",\"position\":2,\"name\":\"TENSIONS \\u00c0 L\\u2019UCAD - Les amicales \\u00e9tudiantes interrompent la visite du ministre\"}]},{\"@type\":\"Person\",\"@id\":\"https:\/\/www.nettali.com\/#\/schema\/person\/d8ac7b7e27ddad43f1c0d2ef090d7f71\",\"name\":\"CK\",\"image\":{\"@type\":\"ImageObject\",\"@id\":\"https:\/\/www.nettali.com\/#personlogo\",\"inLanguage\":\"fr-FR\",\"url\":\"https:\/\/secure.gravatar.com\/avatar\/1d8d5118b9327d94da7cd4ce7f17fec2?s=96&d=mm&r=g\",\"contentUrl\":\"https:\/\/secure.gravatar.com\/avatar\/1d8d5118b9327d94da7cd4ce7f17fec2?s=96&d=mm&r=g\",\"caption\":\"CK\"},\"sameAs\":[\"https:\/\/www.nettali.com\"]}]}<\/script>\n<!-- \/ Yoast SEO Premium plugin. -->","yoast_head_json":{"title":"TENSIONS \u00c0 L\u2019UCAD - Les amicales \u00e9tudiantes interrompent la visite du ministre | Nettali.com","robots":{"index":"index","follow":"follow","max-snippet":"max-snippet:-1","max-image-preview":"max-image-preview:large","max-video-preview":"max-video-preview:-1"},"canonical":"https:\/\/www.nettali.com\/2026\/01\/09\/tensions-a-lucad-les-amicales-etudiantes-interrompent-la-visite-du-ministre\/","og_locale":"fr_FR","og_type":"article","og_title":"TENSIONS \u00c0 L\u2019UCAD - Les amicales \u00e9tudiantes interrompent la visite du ministre","og_description":"NETTALI.COM - Le climat social reste tendu \u00e0 l\u2019Universit\u00e9 Cheikh Anta Diop de Dakar (Ucad). Dans un communiqu\u00e9 re\u00e7u, le jeudi 8 d\u00e9cembre \u00e0 Nettali.com, le Collectif des amicales de l\u2019Ucad, qu\u2019il pr\u00e9sente comme \u201cla structure l\u00e9gitime pour la repr\u00e9sentation estudiantine\u201d, a inform\u00e9 l\u2019opinion publique avoir mis un terme \u00e0 la visite du ministre de [&hellip;]","og_url":"https:\/\/www.nettali.com\/2026\/01\/09\/tensions-a-lucad-les-amicales-etudiantes-interrompent-la-visite-du-ministre\/","og_site_name":"Nettali.com","article_publisher":"https:\/\/www.facebook.com\/nettalicom","article_published_time":"2026-01-09T07:37:00+00:00","article_modified_time":"2026-01-10T07:17:14+00:00","og_image":[{"width":1260,"height":800,"url":"https:\/\/www.nettali.com\/wp-content\/uploads\/2026\/01\/thumb_1260x800_693025feac7fd_wiDlD3g9tD.jpeg","type":"image\/jpeg"}],"twitter_card":"summary_large_image","twitter_misc":{"\u00c9crit par":"CK","Dur\u00e9e de lecture estim\u00e9e":"2 minutes"},"schema":{"@context":"https:\/\/schema.org","@graph":[{"@type":"WebSite","@id":"https:\/\/www.nettali.com\/#website","url":"https:\/\/www.nettali.com\/","name":"Nettali.com","description":"Le rendez-vous critique du Net","potentialAction":[{"@type":"SearchAction","target":{"@type":"EntryPoint","urlTemplate":"https:\/\/www.nettali.com\/?s={search_term_string}"},"query-input":"required name=search_term_string"}],"inLanguage":"fr-FR"},{"@type":"ImageObject","@id":"https:\/\/www.nettali.com\/2026\/01\/09\/tensions-a-lucad-les-amicales-etudiantes-interrompent-la-visite-du-ministre\/#primaryimage","inLanguage":"fr-FR","url":"https:\/\/www.nettali.com\/wp-content\/uploads\/2026\/01\/thumb_1260x800_693025feac7fd_wiDlD3g9tD.jpeg","contentUrl":"https:\/\/www.nettali.com\/wp-content\/uploads\/2026\/01\/thumb_1260x800_693025feac7fd_wiDlD3g9tD.jpeg","width":1260,"height":800},{"@type":"WebPage","@id":"https:\/\/www.nettali.com\/2026\/01\/09\/tensions-a-lucad-les-amicales-etudiantes-interrompent-la-visite-du-ministre\/#webpage","url":"https:\/\/www.nettali.com\/2026\/01\/09\/tensions-a-lucad-les-amicales-etudiantes-interrompent-la-visite-du-ministre\/","name":"TENSIONS \u00c0 L\u2019UCAD - Les amicales \u00e9tudiantes interrompent la visite du ministre | Nettali.com","isPartOf":{"@id":"https:\/\/www.nettali.com\/#website"},"primaryImageOfPage":{"@id":"https:\/\/www.nettali.com\/2026\/01\/09\/tensions-a-lucad-les-amicales-etudiantes-interrompent-la-visite-du-ministre\/#primaryimage"},"datePublished":"2026-01-09T07:37:00+00:00","dateModified":"2026-01-10T07:17:14+00:00","author":{"@id":"https:\/\/www.nettali.com\/#\/schema\/person\/d8ac7b7e27ddad43f1c0d2ef090d7f71"},"breadcrumb":{"@id":"https:\/\/www.nettali.com\/2026\/01\/09\/tensions-a-lucad-les-amicales-etudiantes-interrompent-la-visite-du-ministre\/#breadcrumb"},"inLanguage":"fr-FR","potentialAction":[{"@type":"ReadAction","target":["https:\/\/www.nettali.com\/2026\/01\/09\/tensions-a-lucad-les-amicales-etudiantes-interrompent-la-visite-du-ministre\/"]}]},{"@type":"BreadcrumbList","@id":"https:\/\/www.nettali.com\/2026\/01\/09\/tensions-a-lucad-les-amicales-etudiantes-interrompent-la-visite-du-ministre\/#breadcrumb","itemListElement":[{"@type":"ListItem","position":1,"name":"Accueil","item":"https:\/\/www.nettali.com\/"},{"@type":"ListItem","position":2,"name":"TENSIONS \u00c0 L\u2019UCAD - Les amicales \u00e9tudiantes interrompent la visite du ministre"}]},{"@type":"Person","@id":"https:\/\/www.nettali.com\/#\/schema\/person\/d8ac7b7e27ddad43f1c0d2ef090d7f71","name":"CK","image":{"@type":"ImageObject","@id":"https:\/\/www.nettali.com\/#personlogo","inLanguage":"fr-FR","url":"https:\/\/secure.gravatar.com\/avatar\/1d8d5118b9327d94da7cd4ce7f17fec2?s=96&d=mm&r=g","contentUrl":"https:\/\/secure.gravatar.com\/avatar\/1d8d5118b9327d94da7cd4ce7f17fec2?s=96&d=mm&r=g","caption":"CK"},"sameAs":["https:\/\/www.nettali.com"]}]}},"_links":{"self":[{"href":"https:\/\/www.nettali.com\/rest\/wp\/v2\/posts\/167700"}],"collection":[{"href":"https:\/\/www.nettali.com\/rest\/wp\/v2\/posts"}],"about":[{"href":"https:\/\/www.nettali.com\/rest\/wp\/v2\/types\/post"}],"author":[{"embeddable":true,"href":"https:\/\/www.nettali.com\/rest\/wp\/v2\/users\/2"}],"replies":[{"embeddable":true,"href":"https:\/\/www.nettali.com\/rest\/wp\/v2\/comments?post=167700"}],"version-history":[{"count":1,"href":"https:\/\/www.nettali.com\/rest\/wp\/v2\/posts\/167700\/revisions"}],"predecessor-version":[{"id":167702,"href":"https:\/\/www.nettali.com\/rest\/wp\/v2\/posts\/167700\/revisions\/167702"}],"wp:featuredmedia":[{"embeddable":true,"href":"https:\/\/www.nettali.com\/rest\/wp\/v2\/media\/167701"}],"wp:attachment":[{"href":"https:\/\/www.nettali.com\/rest\/wp\/v2\/media?parent=167700"}],"wp:term":[{"taxonomy":"category","embeddable":true,"href":"https:\/\/www.nettali.com\/rest\/wp\/v2\/categories?post=167700"},{"taxonomy":"post_tag","embeddable":true,"href":"https:\/\/www.nettali.com\/rest\/wp\/v2\/tags?post=167700"}],"curies":[{"name":"wp","href":"https:\/\/api.w.org\/{rel}","templated":true}]}}