{"id":167694,"date":"2026-01-08T23:27:07","date_gmt":"2026-01-08T23:27:07","guid":{"rendered":"https:\/\/www.nettali.com\/?p=167694"},"modified":"2026-01-08T23:27:07","modified_gmt":"2026-01-08T23:27:07","slug":"pape-gueye-le-mali-est-tres-physique-mais","status":"publish","type":"post","link":"https:\/\/www.nettali.com\/2026\/01\/08\/pape-gueye-le-mali-est-tres-physique-mais\/","title":{"rendered":"PAPE GU\u00c8YE - \"Le Mali est tr\u00e8s physique mais...\""},"content":{"rendered":"<p><strong>NETTALI.COM - A la veille du quart de finale tr\u00e8s attendu entre le S\u00e9n\u00e9gal et le Mali, Pape Gueye s\u2019est exprim\u00e9 en conf\u00e9rence de presse ce jeudi sur le d\u00e9fi physique qui attend les Lions face \u00e0 une \u00e9quipe malienne r\u00e9put\u00e9e pour sa puissance au milieu de terrain.<\/strong><\/p>\n<p>Conscient de l\u2019impact athl\u00e9tique des Aigles, le milieu s\u00e9n\u00e9galais a reconnu les qualit\u00e9s de l\u2019adversaire, tout en affirmant la volont\u00e9 du S\u00e9n\u00e9gal de rester fid\u00e8le \u00e0 son identit\u00e9 de jeu. \"<em>On sait tous que l\u2019\u00e9quipe du Mali est tr\u00e8s physique. Il faudra faire attention \u00e0 cet aspect, mais ce n\u2019est pas pour autant qu\u2019on va changer notre football. Ce n\u2019est pas parce qu\u2019une \u00e9quipe est plus physique que nous qu\u2019on va arr\u00eater de jouer<\/em>\", a-t-il d\u00e9clar\u00e9.<\/p>\n<p>Pape Gueye insiste sur les forces du jeu s\u00e9n\u00e9galais, bas\u00e9 sur la circulation du ballon, la vitesse d\u2019ex\u00e9cution et le jeu entre les lignes.<br \/>\n\"<em>Notre football fait mal quand on fait bien circuler le ballon, quand on joue rapidement et entre les lignes. Ce sont nos qualit\u00e9s et on va continuer dans ce sens<\/em>\", a-t-il insist\u00e9.<\/p>\n<p>Pour autant, le joueur du FC S\u00e9ville n\u2019exclu pas la bataille des duels, qu\u2019il juge essentielle dans ce type de rencontre.<br \/>\n\"<em>On sait que le Mali est physique, mais \u00e0 nous aussi de gagner les duels, que ce soit au sol ou dans les airs. Je pense que si on fait \u00e7a, \u00e7a peut bien se passer<\/em>\", a-t-il conclu<\/p>\n<div class='share-to-whatsapp-wrapper'><div class='share-on-whsp'>PARTAGER SUR : <\/div><a data-text='PAPE GU\u00c8YE - \"Le Mali est tr\u00e8s physique mais...\"' data-link='https:\/\/www.nettali.com\/2026\/01\/08\/pape-gueye-le-mali-est-tres-physique-mais\/' class='whatsapp-button whatsapp-share'>WhatsApp<\/a><div class='clear '><\/div><\/div>","protected":false},"excerpt":{"rendered":"<p>NETTALI.COM - A la veille du quart de finale tr\u00e8s attendu entre le S\u00e9n\u00e9gal et le Mali, Pape Gueye s\u2019est exprim\u00e9 en conf\u00e9rence de presse ce jeudi sur le d\u00e9fi physique qui attend les Lions face \u00e0 une \u00e9quipe malienne r\u00e9put\u00e9e pour sa puissance au milieu de terrain. Conscient de l\u2019impact athl\u00e9tique des Aigles, le [&hellip;]<\/p>\n","protected":false},"author":5,"featured_media":167695,"comment_status":"open","ping_status":"open","sticky":false,"template":"","format":"standard","meta":{"_et_pb_use_builder":"","_et_pb_old_content":""},"categories":[6],"tags":[],"yoast_head":"<!-- This site is optimized with the Yoast SEO Premium plugin v17.8 (Yoast SEO v17.8) - https:\/\/yoast.com\/wordpress\/plugins\/seo\/ -->\n<title>PAPE GU\u00c8YE - &quot;Le Mali est tr\u00e8s physique mais...&quot; | Nettali.com<\/title>\n<meta name=\"robots\" content=\"index, follow, max-snippet:-1, max-image-preview:large, max-video-preview:-1\" \/>\n<link rel=\"canonical\" href=\"https:\/\/www.nettali.com\/2026\/01\/08\/pape-gueye-le-mali-est-tres-physique-mais\/\" \/>\n<meta property=\"og:locale\" content=\"fr_FR\" \/>\n<meta property=\"og:type\" content=\"article\" \/>\n<meta property=\"og:title\" content=\"PAPE GU\u00c8YE - &quot;Le Mali est tr\u00e8s physique mais...&quot;\" \/>\n<meta property=\"og:description\" content=\"NETTALI.COM - A la veille du quart de finale tr\u00e8s attendu entre le S\u00e9n\u00e9gal et le Mali, Pape Gueye s\u2019est exprim\u00e9 en conf\u00e9rence de presse ce jeudi sur le d\u00e9fi physique qui attend les Lions face \u00e0 une \u00e9quipe malienne r\u00e9put\u00e9e pour sa puissance au milieu de terrain. Conscient de l\u2019impact athl\u00e9tique des Aigles, le [&hellip;]\" \/>\n<meta property=\"og:url\" content=\"https:\/\/www.nettali.com\/2026\/01\/08\/pape-gueye-le-mali-est-tres-physique-mais\/\" \/>\n<meta property=\"og:site_name\" content=\"Nettali.com\" \/>\n<meta property=\"article:publisher\" content=\"https:\/\/www.facebook.com\/nettalicom\" \/>\n<meta property=\"article:published_time\" content=\"2026-01-08T23:27:07+00:00\" \/>\n<meta property=\"og:image\" content=\"https:\/\/www.nettali.com\/wp-content\/uploads\/2026\/01\/FB_IMG_1767914607128.jpg\" \/>\n\t<meta property=\"og:image:width\" content=\"1440\" \/>\n\t<meta property=\"og:image:height\" content=\"930\" \/>\n<meta name=\"twitter:card\" content=\"summary_large_image\" \/>\n<meta name=\"twitter:label1\" content=\"\u00c9crit par\" \/>\n\t<meta name=\"twitter:data1\" content=\"Ibrahima\" \/>\n\t<meta name=\"twitter:label2\" content=\"Dur\u00e9e de lecture estim\u00e9e\" \/>\n\t<meta name=\"twitter:data2\" content=\"2 minutes\" \/>\n<script type=\"application\/ld+json\" class=\"yoast-schema-graph\">{\"@context\":\"https:\/\/schema.org\",\"@graph\":[{\"@type\":\"WebSite\",\"@id\":\"https:\/\/www.nettali.com\/#website\",\"url\":\"https:\/\/www.nettali.com\/\",\"name\":\"Nettali.com\",\"description\":\"Le rendez-vous critique du Net\",\"potentialAction\":[{\"@type\":\"SearchAction\",\"target\":{\"@type\":\"EntryPoint\",\"urlTemplate\":\"https:\/\/www.nettali.com\/?s={search_term_string}\"},\"query-input\":\"required name=search_term_string\"}],\"inLanguage\":\"fr-FR\"},{\"@type\":\"ImageObject\",\"@id\":\"https:\/\/www.nettali.com\/2026\/01\/08\/pape-gueye-le-mali-est-tres-physique-mais\/#primaryimage\",\"inLanguage\":\"fr-FR\",\"url\":\"https:\/\/www.nettali.com\/wp-content\/uploads\/2026\/01\/FB_IMG_1767914607128.jpg\",\"contentUrl\":\"https:\/\/www.nettali.com\/wp-content\/uploads\/2026\/01\/FB_IMG_1767914607128.jpg\",\"width\":1440,\"height\":930},{\"@type\":\"WebPage\",\"@id\":\"https:\/\/www.nettali.com\/2026\/01\/08\/pape-gueye-le-mali-est-tres-physique-mais\/#webpage\",\"url\":\"https:\/\/www.nettali.com\/2026\/01\/08\/pape-gueye-le-mali-est-tres-physique-mais\/\",\"name\":\"PAPE GU\\u00c8YE - \\\"Le Mali est tr\\u00e8s physique mais...\\\" | Nettali.com\",\"isPartOf\":{\"@id\":\"https:\/\/www.nettali.com\/#website\"},\"primaryImageOfPage\":{\"@id\":\"https:\/\/www.nettali.com\/2026\/01\/08\/pape-gueye-le-mali-est-tres-physique-mais\/#primaryimage\"},\"datePublished\":\"2026-01-08T23:27:07+00:00\",\"dateModified\":\"2026-01-08T23:27:07+00:00\",\"author\":{\"@id\":\"https:\/\/www.nettali.com\/#\/schema\/person\/bb147657c2986240405a608162b9bb23\"},\"breadcrumb\":{\"@id\":\"https:\/\/www.nettali.com\/2026\/01\/08\/pape-gueye-le-mali-est-tres-physique-mais\/#breadcrumb\"},\"inLanguage\":\"fr-FR\",\"potentialAction\":[{\"@type\":\"ReadAction\",\"target\":[\"https:\/\/www.nettali.com\/2026\/01\/08\/pape-gueye-le-mali-est-tres-physique-mais\/\"]}]},{\"@type\":\"BreadcrumbList\",\"@id\":\"https:\/\/www.nettali.com\/2026\/01\/08\/pape-gueye-le-mali-est-tres-physique-mais\/#breadcrumb\",\"itemListElement\":[{\"@type\":\"ListItem\",\"position\":1,\"name\":\"Accueil\",\"item\":\"https:\/\/www.nettali.com\/\"},{\"@type\":\"ListItem\",\"position\":2,\"name\":\"PAPE GU\\u00c8YE - \\\"Le Mali est tr\\u00e8s physique mais...\\\"\"}]},{\"@type\":\"Person\",\"@id\":\"https:\/\/www.nettali.com\/#\/schema\/person\/bb147657c2986240405a608162b9bb23\",\"name\":\"Ibrahima\",\"image\":{\"@type\":\"ImageObject\",\"@id\":\"https:\/\/www.nettali.com\/#personlogo\",\"inLanguage\":\"fr-FR\",\"url\":\"https:\/\/secure.gravatar.com\/avatar\/26a8a81f09f0dd7624c9d5c36c9ba3a2?s=96&d=mm&r=g\",\"contentUrl\":\"https:\/\/secure.gravatar.com\/avatar\/26a8a81f09f0dd7624c9d5c36c9ba3a2?s=96&d=mm&r=g\",\"caption\":\"Ibrahima\"},\"sameAs\":[\"https:\/\/www.nettali.com\"]}]}<\/script>\n<!-- \/ Yoast SEO Premium plugin. -->","yoast_head_json":{"title":"PAPE GU\u00c8YE - \"Le Mali est tr\u00e8s physique mais...\" | Nettali.com","robots":{"index":"index","follow":"follow","max-snippet":"max-snippet:-1","max-image-preview":"max-image-preview:large","max-video-preview":"max-video-preview:-1"},"canonical":"https:\/\/www.nettali.com\/2026\/01\/08\/pape-gueye-le-mali-est-tres-physique-mais\/","og_locale":"fr_FR","og_type":"article","og_title":"PAPE GU\u00c8YE - \"Le Mali est tr\u00e8s physique mais...\"","og_description":"NETTALI.COM - A la veille du quart de finale tr\u00e8s attendu entre le S\u00e9n\u00e9gal et le Mali, Pape Gueye s\u2019est exprim\u00e9 en conf\u00e9rence de presse ce jeudi sur le d\u00e9fi physique qui attend les Lions face \u00e0 une \u00e9quipe malienne r\u00e9put\u00e9e pour sa puissance au milieu de terrain. Conscient de l\u2019impact athl\u00e9tique des Aigles, le [&hellip;]","og_url":"https:\/\/www.nettali.com\/2026\/01\/08\/pape-gueye-le-mali-est-tres-physique-mais\/","og_site_name":"Nettali.com","article_publisher":"https:\/\/www.facebook.com\/nettalicom","article_published_time":"2026-01-08T23:27:07+00:00","og_image":[{"width":1440,"height":930,"url":"https:\/\/www.nettali.com\/wp-content\/uploads\/2026\/01\/FB_IMG_1767914607128.jpg","type":"image\/jpeg"}],"twitter_card":"summary_large_image","twitter_misc":{"\u00c9crit par":"Ibrahima","Dur\u00e9e de lecture estim\u00e9e":"2 minutes"},"schema":{"@context":"https:\/\/schema.org","@graph":[{"@type":"WebSite","@id":"https:\/\/www.nettali.com\/#website","url":"https:\/\/www.nettali.com\/","name":"Nettali.com","description":"Le rendez-vous critique du Net","potentialAction":[{"@type":"SearchAction","target":{"@type":"EntryPoint","urlTemplate":"https:\/\/www.nettali.com\/?s={search_term_string}"},"query-input":"required name=search_term_string"}],"inLanguage":"fr-FR"},{"@type":"ImageObject","@id":"https:\/\/www.nettali.com\/2026\/01\/08\/pape-gueye-le-mali-est-tres-physique-mais\/#primaryimage","inLanguage":"fr-FR","url":"https:\/\/www.nettali.com\/wp-content\/uploads\/2026\/01\/FB_IMG_1767914607128.jpg","contentUrl":"https:\/\/www.nettali.com\/wp-content\/uploads\/2026\/01\/FB_IMG_1767914607128.jpg","width":1440,"height":930},{"@type":"WebPage","@id":"https:\/\/www.nettali.com\/2026\/01\/08\/pape-gueye-le-mali-est-tres-physique-mais\/#webpage","url":"https:\/\/www.nettali.com\/2026\/01\/08\/pape-gueye-le-mali-est-tres-physique-mais\/","name":"PAPE GU\u00c8YE - \"Le Mali est tr\u00e8s physique mais...\" | Nettali.com","isPartOf":{"@id":"https:\/\/www.nettali.com\/#website"},"primaryImageOfPage":{"@id":"https:\/\/www.nettali.com\/2026\/01\/08\/pape-gueye-le-mali-est-tres-physique-mais\/#primaryimage"},"datePublished":"2026-01-08T23:27:07+00:00","dateModified":"2026-01-08T23:27:07+00:00","author":{"@id":"https:\/\/www.nettali.com\/#\/schema\/person\/bb147657c2986240405a608162b9bb23"},"breadcrumb":{"@id":"https:\/\/www.nettali.com\/2026\/01\/08\/pape-gueye-le-mali-est-tres-physique-mais\/#breadcrumb"},"inLanguage":"fr-FR","potentialAction":[{"@type":"ReadAction","target":["https:\/\/www.nettali.com\/2026\/01\/08\/pape-gueye-le-mali-est-tres-physique-mais\/"]}]},{"@type":"BreadcrumbList","@id":"https:\/\/www.nettali.com\/2026\/01\/08\/pape-gueye-le-mali-est-tres-physique-mais\/#breadcrumb","itemListElement":[{"@type":"ListItem","position":1,"name":"Accueil","item":"https:\/\/www.nettali.com\/"},{"@type":"ListItem","position":2,"name":"PAPE GU\u00c8YE - \"Le Mali est tr\u00e8s physique mais...\""}]},{"@type":"Person","@id":"https:\/\/www.nettali.com\/#\/schema\/person\/bb147657c2986240405a608162b9bb23","name":"Ibrahima","image":{"@type":"ImageObject","@id":"https:\/\/www.nettali.com\/#personlogo","inLanguage":"fr-FR","url":"https:\/\/secure.gravatar.com\/avatar\/26a8a81f09f0dd7624c9d5c36c9ba3a2?s=96&d=mm&r=g","contentUrl":"https:\/\/secure.gravatar.com\/avatar\/26a8a81f09f0dd7624c9d5c36c9ba3a2?s=96&d=mm&r=g","caption":"Ibrahima"},"sameAs":["https:\/\/www.nettali.com"]}]}},"_links":{"self":[{"href":"https:\/\/www.nettali.com\/rest\/wp\/v2\/posts\/167694"}],"collection":[{"href":"https:\/\/www.nettali.com\/rest\/wp\/v2\/posts"}],"about":[{"href":"https:\/\/www.nettali.com\/rest\/wp\/v2\/types\/post"}],"author":[{"embeddable":true,"href":"https:\/\/www.nettali.com\/rest\/wp\/v2\/users\/5"}],"replies":[{"embeddable":true,"href":"https:\/\/www.nettali.com\/rest\/wp\/v2\/comments?post=167694"}],"version-history":[{"count":1,"href":"https:\/\/www.nettali.com\/rest\/wp\/v2\/posts\/167694\/revisions"}],"predecessor-version":[{"id":167696,"href":"https:\/\/www.nettali.com\/rest\/wp\/v2\/posts\/167694\/revisions\/167696"}],"wp:featuredmedia":[{"embeddable":true,"href":"https:\/\/www.nettali.com\/rest\/wp\/v2\/media\/167695"}],"wp:attachment":[{"href":"https:\/\/www.nettali.com\/rest\/wp\/v2\/media?parent=167694"}],"wp:term":[{"taxonomy":"category","embeddable":true,"href":"https:\/\/www.nettali.com\/rest\/wp\/v2\/categories?post=167694"},{"taxonomy":"post_tag","embeddable":true,"href":"https:\/\/www.nettali.com\/rest\/wp\/v2\/tags?post=167694"}],"curies":[{"name":"wp","href":"https:\/\/api.w.org\/{rel}","templated":true}]}}