{"id":167686,"date":"2026-01-08T21:52:27","date_gmt":"2026-01-08T21:52:27","guid":{"rendered":"https:\/\/www.nettali.com\/?p=167686"},"modified":"2026-01-10T07:18:40","modified_gmt":"2026-01-10T07:18:40","slug":"generalisation-de-lindemnite-de-logement-le-syndicat-des-travailleurs-de-lenseignement-superieur-et-ceux-de-ladministration-applaudissent","status":"publish","type":"post","link":"https:\/\/www.nettali.com\/2026\/01\/08\/generalisation-de-lindemnite-de-logement-le-syndicat-des-travailleurs-de-lenseignement-superieur-et-ceux-de-ladministration-applaudissent\/","title":{"rendered":"G\u00c9N\u00c9RALISATION DE L'INDEMNIT\u00c9 DE LOGEMENT - Le syndicat des travailleurs de l'enseignement sup\u00e9rieur et ceux de l'administration applaudissent ..."},"content":{"rendered":"<p><strong>NETTALI.COM - La g\u00e9n\u00e9ralisation de l'indemnit\u00e9 de logement \u00e0 tous les agents de l'\u00c9tat est salu\u00e9e par les syncalistes. Toutefois, ces derniers r\u00e9clament le paiement des rappels.<\/strong><\/p>\n<p>La signature du d\u00e9cret portant g\u00e9n\u00e9ralisation de l'indemnit\u00e9 mensuelle de 100. 000 FCFA \u00e0 tous les agents de l\u2019\u00c9tat fonctionnaires et non fonctionnaires s'inscrit dans le cadre des engagements du pacte national de stabilit\u00e9 sociale. Pour, le secr\u00e9taire g\u00e9n\u00e9ral du syndicat national des travailleurs de l'enseignement sup\u00e9rieur, Fran\u00e7ois Babacar Tour\u00e9, c'est un grand soulagement.<\/p>\n<p>\u00ab <em>C'est avec une grande joie et un grand soulagement que nous avons re\u00e7u l'information. Ceci est une vieille revendication dans l'administration publique du S\u00e9n\u00e9gal, mais particuli\u00e8rement dans les universit\u00e9s sans d\u00e9serter aux minist\u00e8res. Nous f\u00e9licitons le pr\u00e9sident de la publique,Bassirou Diomaye Faye , ainsi que son premier ministre, M. Ousmane Sonko, et le ministre aussi de l'enseignement sup\u00e9rieur Daouda Ngom, pour ce grand pas vers la satisfaction des revendications des travailleurs du S\u00e9n\u00e9gal, mais particuli\u00e8rement de l'enseignement sup\u00e9rieur<\/em> \u00bb a soutenu Fran\u00e7ois Babacar Tour\u00e9.<\/p>\n<p>M\u00eame sentiment chez le collectif interminist\u00e9riel des agents de l'administration. Selon Omar Dram\u00e9, cela va contribuer \u00e0 l'apaisement du climat social. \u00ab <em>Cette avanc\u00e9e majeure est l'aboutissement d'un combat de longue haleine engag\u00e9 depuis 2022 par le collectif et l'ensemble des travailleurs de l'administration en vue de la r\u00e9paration d'une injustice et de la correction d'un d\u00e9s\u00e9quilibre persistant entre les agents de l'\u00c9tat. Cette revendication l\u00e9gitime a trouv\u00e9 une oreille attentive aupr\u00e8s du nouveau r\u00e9gime qui d\u00e9cid\u00e9 de g\u00e9n\u00e9raliser cette indemnit\u00e9 de logement <\/em>\u00bb.<\/p>\n<p>Toutefois lui et ses camarades demandent d\u2019abord, le paiement des rappels des six mois pr\u00e9vus dans la loi de finances rectificatives. \u00ab <em>Nous invitons le gouvernement \u00e0 r\u00e9gler les autres questions qui sont sous la table, qui ne sont pas difficiles \u00e0 r\u00e9gler concernant l'harmonisation de la grille indemnitaire des personnels administratifs techniques et des services, mais aussi une concertation pour l'application du nouveau d\u00e9cret qui r\u00e9git les statuts d'impatience. L'autre revendication qui est sous la table, c'est l'allongement de date de d\u00e9part \u00e0 la retraite \u00e0 65 ans<\/em> \u00bb dit M. Tour\u00e9.<\/p>\n<p>Avant de poursuivre : \u00ab <em>le collectif invite le gouvernement \u00e0 l'occasion du paiement effectif de l'\u00e9normit\u00e9 de logements pr\u00e9vus pour la fin du mois de janvier, de proc\u00e9der \u00e9galement au rappel des six mois pr\u00e9vus dans la loi de finances ratificatives de 2025 pour le bien-\u00eatre de l'ensemble des travailleurs de l'administration<\/em> \u00bb.<\/p>\n<p>Cette indemnit\u00e9 mensuelle de 100 000 francs est destin\u00e9e aux agents non log\u00e9s et \u00e0 ceux qui ne sont pas couverts par des dispositions statutaires sp\u00e9cifiques pr\u00e9voyant d\u00e9j\u00e0 un avantage similaire. Au total, 16 000 fonctionnaires sont concern\u00e9s.<\/p>\n<div class='share-to-whatsapp-wrapper'><div class='share-on-whsp'>PARTAGER SUR : <\/div><a data-text='G\u00c9N\u00c9RALISATION DE L'INDEMNIT\u00c9 DE LOGEMENT - Le syndicat des travailleurs de l'enseignement sup\u00e9rieur et ceux de l'administration applaudissent ...' data-link='https:\/\/www.nettali.com\/2026\/01\/08\/generalisation-de-lindemnite-de-logement-le-syndicat-des-travailleurs-de-lenseignement-superieur-et-ceux-de-ladministration-applaudissent\/' class='whatsapp-button whatsapp-share'>WhatsApp<\/a><div class='clear '><\/div><\/div>","protected":false},"excerpt":{"rendered":"<p>NETTALI.COM - La g\u00e9n\u00e9ralisation de l'indemnit\u00e9 de logement \u00e0 tous les agents de l'\u00c9tat est salu\u00e9e par les syncalistes. Toutefois, ces derniers r\u00e9clament le paiement des rappels. La signature du d\u00e9cret portant g\u00e9n\u00e9ralisation de l'indemnit\u00e9 mensuelle de 100. 000 FCFA \u00e0 tous les agents de l\u2019\u00c9tat fonctionnaires et non fonctionnaires s'inscrit dans le cadre des [&hellip;]<\/p>\n","protected":false},"author":6,"featured_media":167687,"comment_status":"open","ping_status":"open","sticky":false,"template":"","format":"standard","meta":{"_et_pb_use_builder":"","_et_pb_old_content":""},"categories":[3],"tags":[],"yoast_head":"<!-- This site is optimized with the Yoast SEO Premium plugin v17.8 (Yoast SEO v17.8) - https:\/\/yoast.com\/wordpress\/plugins\/seo\/ -->\n<title>G\u00c9N\u00c9RALISATION DE L&#039;INDEMNIT\u00c9 DE LOGEMENT - Le syndicat des travailleurs de l&#039;enseignement sup\u00e9rieur et ceux de l&#039;administration applaudissent ... | Nettali.com<\/title>\n<meta name=\"robots\" content=\"index, follow, max-snippet:-1, max-image-preview:large, max-video-preview:-1\" \/>\n<link rel=\"canonical\" href=\"https:\/\/www.nettali.com\/2026\/01\/08\/generalisation-de-lindemnite-de-logement-le-syndicat-des-travailleurs-de-lenseignement-superieur-et-ceux-de-ladministration-applaudissent\/\" \/>\n<meta property=\"og:locale\" content=\"fr_FR\" \/>\n<meta property=\"og:type\" content=\"article\" \/>\n<meta property=\"og:title\" content=\"G\u00c9N\u00c9RALISATION DE L&#039;INDEMNIT\u00c9 DE LOGEMENT - Le syndicat des travailleurs de l&#039;enseignement sup\u00e9rieur et ceux de l&#039;administration applaudissent ...\" \/>\n<meta property=\"og:description\" content=\"NETTALI.COM - La g\u00e9n\u00e9ralisation de l&#039;indemnit\u00e9 de logement \u00e0 tous les agents de l&#039;\u00c9tat est salu\u00e9e par les syncalistes. Toutefois, ces derniers r\u00e9clament le paiement des rappels. La signature du d\u00e9cret portant g\u00e9n\u00e9ralisation de l&#039;indemnit\u00e9 mensuelle de 100. 000 FCFA \u00e0 tous les agents de l\u2019\u00c9tat fonctionnaires et non fonctionnaires s&#039;inscrit dans le cadre des [&hellip;]\" \/>\n<meta property=\"og:url\" content=\"https:\/\/www.nettali.com\/2026\/01\/08\/generalisation-de-lindemnite-de-logement-le-syndicat-des-travailleurs-de-lenseignement-superieur-et-ceux-de-ladministration-applaudissent\/\" \/>\n<meta property=\"og:site_name\" content=\"Nettali.com\" \/>\n<meta property=\"article:publisher\" content=\"https:\/\/www.facebook.com\/nettalicom\" \/>\n<meta property=\"article:published_time\" content=\"2026-01-08T21:52:27+00:00\" \/>\n<meta property=\"article:modified_time\" content=\"2026-01-10T07:18:40+00:00\" \/>\n<meta property=\"og:image\" content=\"https:\/\/www.nettali.com\/wp-content\/uploads\/2026\/01\/IMG-20260108-WA0203.jpg\" \/>\n\t<meta property=\"og:image:width\" content=\"1080\" \/>\n\t<meta property=\"og:image:height\" content=\"1082\" \/>\n<meta name=\"twitter:card\" content=\"summary_large_image\" \/>\n<meta name=\"twitter:label1\" content=\"\u00c9crit par\" \/>\n\t<meta name=\"twitter:data1\" content=\"Fatou\" \/>\n\t<meta name=\"twitter:label2\" content=\"Dur\u00e9e de lecture estim\u00e9e\" \/>\n\t<meta name=\"twitter:data2\" content=\"3 minutes\" \/>\n<script type=\"application\/ld+json\" class=\"yoast-schema-graph\">{\"@context\":\"https:\/\/schema.org\",\"@graph\":[{\"@type\":\"WebSite\",\"@id\":\"https:\/\/www.nettali.com\/#website\",\"url\":\"https:\/\/www.nettali.com\/\",\"name\":\"Nettali.com\",\"description\":\"Le rendez-vous critique du Net\",\"potentialAction\":[{\"@type\":\"SearchAction\",\"target\":{\"@type\":\"EntryPoint\",\"urlTemplate\":\"https:\/\/www.nettali.com\/?s={search_term_string}\"},\"query-input\":\"required name=search_term_string\"}],\"inLanguage\":\"fr-FR\"},{\"@type\":\"ImageObject\",\"@id\":\"https:\/\/www.nettali.com\/2026\/01\/08\/generalisation-de-lindemnite-de-logement-le-syndicat-des-travailleurs-de-lenseignement-superieur-et-ceux-de-ladministration-applaudissent\/#primaryimage\",\"inLanguage\":\"fr-FR\",\"url\":\"https:\/\/www.nettali.com\/wp-content\/uploads\/2026\/01\/IMG-20260108-WA0203.jpg\",\"contentUrl\":\"https:\/\/www.nettali.com\/wp-content\/uploads\/2026\/01\/IMG-20260108-WA0203.jpg\",\"width\":1080,\"height\":1082},{\"@type\":\"WebPage\",\"@id\":\"https:\/\/www.nettali.com\/2026\/01\/08\/generalisation-de-lindemnite-de-logement-le-syndicat-des-travailleurs-de-lenseignement-superieur-et-ceux-de-ladministration-applaudissent\/#webpage\",\"url\":\"https:\/\/www.nettali.com\/2026\/01\/08\/generalisation-de-lindemnite-de-logement-le-syndicat-des-travailleurs-de-lenseignement-superieur-et-ceux-de-ladministration-applaudissent\/\",\"name\":\"G\\u00c9N\\u00c9RALISATION DE L'INDEMNIT\\u00c9 DE LOGEMENT - Le syndicat des travailleurs de l'enseignement sup\\u00e9rieur et ceux de l'administration applaudissent ... | Nettali.com\",\"isPartOf\":{\"@id\":\"https:\/\/www.nettali.com\/#website\"},\"primaryImageOfPage\":{\"@id\":\"https:\/\/www.nettali.com\/2026\/01\/08\/generalisation-de-lindemnite-de-logement-le-syndicat-des-travailleurs-de-lenseignement-superieur-et-ceux-de-ladministration-applaudissent\/#primaryimage\"},\"datePublished\":\"2026-01-08T21:52:27+00:00\",\"dateModified\":\"2026-01-10T07:18:40+00:00\",\"author\":{\"@id\":\"https:\/\/www.nettali.com\/#\/schema\/person\/418274a86bdf87caff7a3ef476bd0bbf\"},\"breadcrumb\":{\"@id\":\"https:\/\/www.nettali.com\/2026\/01\/08\/generalisation-de-lindemnite-de-logement-le-syndicat-des-travailleurs-de-lenseignement-superieur-et-ceux-de-ladministration-applaudissent\/#breadcrumb\"},\"inLanguage\":\"fr-FR\",\"potentialAction\":[{\"@type\":\"ReadAction\",\"target\":[\"https:\/\/www.nettali.com\/2026\/01\/08\/generalisation-de-lindemnite-de-logement-le-syndicat-des-travailleurs-de-lenseignement-superieur-et-ceux-de-ladministration-applaudissent\/\"]}]},{\"@type\":\"BreadcrumbList\",\"@id\":\"https:\/\/www.nettali.com\/2026\/01\/08\/generalisation-de-lindemnite-de-logement-le-syndicat-des-travailleurs-de-lenseignement-superieur-et-ceux-de-ladministration-applaudissent\/#breadcrumb\",\"itemListElement\":[{\"@type\":\"ListItem\",\"position\":1,\"name\":\"Accueil\",\"item\":\"https:\/\/www.nettali.com\/\"},{\"@type\":\"ListItem\",\"position\":2,\"name\":\"G\\u00c9N\\u00c9RALISATION DE L'INDEMNIT\\u00c9 DE LOGEMENT - Le syndicat des travailleurs de l'enseignement sup\\u00e9rieur et ceux de l'administration applaudissent ...\"}]},{\"@type\":\"Person\",\"@id\":\"https:\/\/www.nettali.com\/#\/schema\/person\/418274a86bdf87caff7a3ef476bd0bbf\",\"name\":\"Fatou\",\"image\":{\"@type\":\"ImageObject\",\"@id\":\"https:\/\/www.nettali.com\/#personlogo\",\"inLanguage\":\"fr-FR\",\"url\":\"https:\/\/secure.gravatar.com\/avatar\/5a9442a2bee7b4dcf167cab035858e9a?s=96&d=mm&r=g\",\"contentUrl\":\"https:\/\/secure.gravatar.com\/avatar\/5a9442a2bee7b4dcf167cab035858e9a?s=96&d=mm&r=g\",\"caption\":\"Fatou\"},\"sameAs\":[\"https:\/\/www.nettali.com\"]}]}<\/script>\n<!-- \/ Yoast SEO Premium plugin. -->","yoast_head_json":{"title":"G\u00c9N\u00c9RALISATION DE L'INDEMNIT\u00c9 DE LOGEMENT - Le syndicat des travailleurs de l'enseignement sup\u00e9rieur et ceux de l'administration applaudissent ... | Nettali.com","robots":{"index":"index","follow":"follow","max-snippet":"max-snippet:-1","max-image-preview":"max-image-preview:large","max-video-preview":"max-video-preview:-1"},"canonical":"https:\/\/www.nettali.com\/2026\/01\/08\/generalisation-de-lindemnite-de-logement-le-syndicat-des-travailleurs-de-lenseignement-superieur-et-ceux-de-ladministration-applaudissent\/","og_locale":"fr_FR","og_type":"article","og_title":"G\u00c9N\u00c9RALISATION DE L'INDEMNIT\u00c9 DE LOGEMENT - Le syndicat des travailleurs de l'enseignement sup\u00e9rieur et ceux de l'administration applaudissent ...","og_description":"NETTALI.COM - La g\u00e9n\u00e9ralisation de l'indemnit\u00e9 de logement \u00e0 tous les agents de l'\u00c9tat est salu\u00e9e par les syncalistes. Toutefois, ces derniers r\u00e9clament le paiement des rappels. La signature du d\u00e9cret portant g\u00e9n\u00e9ralisation de l'indemnit\u00e9 mensuelle de 100. 000 FCFA \u00e0 tous les agents de l\u2019\u00c9tat fonctionnaires et non fonctionnaires s'inscrit dans le cadre des [&hellip;]","og_url":"https:\/\/www.nettali.com\/2026\/01\/08\/generalisation-de-lindemnite-de-logement-le-syndicat-des-travailleurs-de-lenseignement-superieur-et-ceux-de-ladministration-applaudissent\/","og_site_name":"Nettali.com","article_publisher":"https:\/\/www.facebook.com\/nettalicom","article_published_time":"2026-01-08T21:52:27+00:00","article_modified_time":"2026-01-10T07:18:40+00:00","og_image":[{"width":1080,"height":1082,"url":"https:\/\/www.nettali.com\/wp-content\/uploads\/2026\/01\/IMG-20260108-WA0203.jpg","type":"image\/jpeg"}],"twitter_card":"summary_large_image","twitter_misc":{"\u00c9crit par":"Fatou","Dur\u00e9e de lecture estim\u00e9e":"3 minutes"},"schema":{"@context":"https:\/\/schema.org","@graph":[{"@type":"WebSite","@id":"https:\/\/www.nettali.com\/#website","url":"https:\/\/www.nettali.com\/","name":"Nettali.com","description":"Le rendez-vous critique du Net","potentialAction":[{"@type":"SearchAction","target":{"@type":"EntryPoint","urlTemplate":"https:\/\/www.nettali.com\/?s={search_term_string}"},"query-input":"required name=search_term_string"}],"inLanguage":"fr-FR"},{"@type":"ImageObject","@id":"https:\/\/www.nettali.com\/2026\/01\/08\/generalisation-de-lindemnite-de-logement-le-syndicat-des-travailleurs-de-lenseignement-superieur-et-ceux-de-ladministration-applaudissent\/#primaryimage","inLanguage":"fr-FR","url":"https:\/\/www.nettali.com\/wp-content\/uploads\/2026\/01\/IMG-20260108-WA0203.jpg","contentUrl":"https:\/\/www.nettali.com\/wp-content\/uploads\/2026\/01\/IMG-20260108-WA0203.jpg","width":1080,"height":1082},{"@type":"WebPage","@id":"https:\/\/www.nettali.com\/2026\/01\/08\/generalisation-de-lindemnite-de-logement-le-syndicat-des-travailleurs-de-lenseignement-superieur-et-ceux-de-ladministration-applaudissent\/#webpage","url":"https:\/\/www.nettali.com\/2026\/01\/08\/generalisation-de-lindemnite-de-logement-le-syndicat-des-travailleurs-de-lenseignement-superieur-et-ceux-de-ladministration-applaudissent\/","name":"G\u00c9N\u00c9RALISATION DE L'INDEMNIT\u00c9 DE LOGEMENT - Le syndicat des travailleurs de l'enseignement sup\u00e9rieur et ceux de l'administration applaudissent ... | Nettali.com","isPartOf":{"@id":"https:\/\/www.nettali.com\/#website"},"primaryImageOfPage":{"@id":"https:\/\/www.nettali.com\/2026\/01\/08\/generalisation-de-lindemnite-de-logement-le-syndicat-des-travailleurs-de-lenseignement-superieur-et-ceux-de-ladministration-applaudissent\/#primaryimage"},"datePublished":"2026-01-08T21:52:27+00:00","dateModified":"2026-01-10T07:18:40+00:00","author":{"@id":"https:\/\/www.nettali.com\/#\/schema\/person\/418274a86bdf87caff7a3ef476bd0bbf"},"breadcrumb":{"@id":"https:\/\/www.nettali.com\/2026\/01\/08\/generalisation-de-lindemnite-de-logement-le-syndicat-des-travailleurs-de-lenseignement-superieur-et-ceux-de-ladministration-applaudissent\/#breadcrumb"},"inLanguage":"fr-FR","potentialAction":[{"@type":"ReadAction","target":["https:\/\/www.nettali.com\/2026\/01\/08\/generalisation-de-lindemnite-de-logement-le-syndicat-des-travailleurs-de-lenseignement-superieur-et-ceux-de-ladministration-applaudissent\/"]}]},{"@type":"BreadcrumbList","@id":"https:\/\/www.nettali.com\/2026\/01\/08\/generalisation-de-lindemnite-de-logement-le-syndicat-des-travailleurs-de-lenseignement-superieur-et-ceux-de-ladministration-applaudissent\/#breadcrumb","itemListElement":[{"@type":"ListItem","position":1,"name":"Accueil","item":"https:\/\/www.nettali.com\/"},{"@type":"ListItem","position":2,"name":"G\u00c9N\u00c9RALISATION DE L'INDEMNIT\u00c9 DE LOGEMENT - Le syndicat des travailleurs de l'enseignement sup\u00e9rieur et ceux de l'administration applaudissent ..."}]},{"@type":"Person","@id":"https:\/\/www.nettali.com\/#\/schema\/person\/418274a86bdf87caff7a3ef476bd0bbf","name":"Fatou","image":{"@type":"ImageObject","@id":"https:\/\/www.nettali.com\/#personlogo","inLanguage":"fr-FR","url":"https:\/\/secure.gravatar.com\/avatar\/5a9442a2bee7b4dcf167cab035858e9a?s=96&d=mm&r=g","contentUrl":"https:\/\/secure.gravatar.com\/avatar\/5a9442a2bee7b4dcf167cab035858e9a?s=96&d=mm&r=g","caption":"Fatou"},"sameAs":["https:\/\/www.nettali.com"]}]}},"_links":{"self":[{"href":"https:\/\/www.nettali.com\/rest\/wp\/v2\/posts\/167686"}],"collection":[{"href":"https:\/\/www.nettali.com\/rest\/wp\/v2\/posts"}],"about":[{"href":"https:\/\/www.nettali.com\/rest\/wp\/v2\/types\/post"}],"author":[{"embeddable":true,"href":"https:\/\/www.nettali.com\/rest\/wp\/v2\/users\/6"}],"replies":[{"embeddable":true,"href":"https:\/\/www.nettali.com\/rest\/wp\/v2\/comments?post=167686"}],"version-history":[{"count":2,"href":"https:\/\/www.nettali.com\/rest\/wp\/v2\/posts\/167686\/revisions"}],"predecessor-version":[{"id":167699,"href":"https:\/\/www.nettali.com\/rest\/wp\/v2\/posts\/167686\/revisions\/167699"}],"wp:featuredmedia":[{"embeddable":true,"href":"https:\/\/www.nettali.com\/rest\/wp\/v2\/media\/167687"}],"wp:attachment":[{"href":"https:\/\/www.nettali.com\/rest\/wp\/v2\/media?parent=167686"}],"wp:term":[{"taxonomy":"category","embeddable":true,"href":"https:\/\/www.nettali.com\/rest\/wp\/v2\/categories?post=167686"},{"taxonomy":"post_tag","embeddable":true,"href":"https:\/\/www.nettali.com\/rest\/wp\/v2\/tags?post=167686"}],"curies":[{"name":"wp","href":"https:\/\/api.w.org\/{rel}","templated":true}]}}