{"id":167676,"date":"2026-01-08T18:38:02","date_gmt":"2026-01-08T18:38:02","guid":{"rendered":"https:\/\/www.nettali.com\/?p=167676"},"modified":"2026-01-08T23:09:50","modified_gmt":"2026-01-08T23:09:50","slug":"tom-saintfiet-face-au-senegal-cest-une-guerre","status":"publish","type":"post","link":"https:\/\/www.nettali.com\/2026\/01\/08\/tom-saintfiet-face-au-senegal-cest-une-guerre\/","title":{"rendered":"TOM SAINTFIET - \"Face au S\u00e9n\u00e9gal, c'est une guerre\""},"content":{"rendered":"<p><strong>NETTALI.COM - En conf\u00e9rence de presse de veille de match ce jeudi, le s\u00e9lectionneur du Mali Tom Saintfiet est largement revenu sur le quart de finale qui oppose son \u00e9quipe \u00e0 celle du S\u00e9n\u00e9gal. Une rencontre pr\u00e9vue ce vendredi 9 janvier \u00e0 partir de 16 heures, \u00e0 Tanger.<\/strong><\/p>\n<p>\"Jouer un quart de finale est toujours quelque chose de sp\u00e9cial, surtout quand on sait que les huit \u00e9quipes qualifi\u00e9es sont des grandes nations du football africain. Nous affrontons la plus grande d\u2019entre elles, une \u00e9quipe qui s\u2019est qualifi\u00e9e facilement : 10 buts marqu\u00e9s, 2 encaiss\u00e9s. L\u2019ann\u00e9e derni\u00e8re, ils n\u2019ont perdu que contre le Br\u00e9sil.<\/p>\n<p>C\u2019est une \u00e9quipe stable, solide d\u00e9fensivement, avec par moments un jeu tr\u00e8s vertical. Mais nous aussi, nous avons de bons joueurs. Nous avons bien pr\u00e9par\u00e9 ce match et bien r\u00e9cup\u00e9r\u00e9. Tout le monde est frais. Ce sera une guerre, ce ne sera pas facile. Nous avons beaucoup de respect, mais nous n\u2019avons pas peur.\"<\/p>\n<p><strong>La gestion de l'effectif<\/strong><\/p>\n<p>\"Nous avons 11 joueurs qui disputent leur premi\u00e8re CAN. Nous avons chang\u00e9 l\u2019\u00e9quipe \u00e0 plusieurs reprises pour diff\u00e9rentes raisons. Chaque match demande une strat\u00e9gie et des qualit\u00e9s diff\u00e9rentes. Ce n\u2019est pas le m\u00eame onze contre la Zambie ou contre le Maroc, en fonction des forces adverses.<\/p>\n<p>Nous avons aussi des joueurs suspendus, ce sont des choses qui arrivent. Quand on a 28 joueurs \u00e0 disposition, il faut g\u00e9rer. Seuls trois joueurs, dont les deux gardiens, n\u2019ont pas encore jou\u00e9. Cela motive tout le monde. On peut aligner le m\u00eame onze \u00e0 chaque match, mais derri\u00e8re il y a 17 joueurs qui ne seraient pas contents. Quand on gagne, c\u2019est avec 28 joueurs.\"<\/p>\n<p><strong>Style de jeu<\/strong><\/p>\n<p>\"Ley Mali a beaucoup de qualit\u00e9s avec le ballon. Nous sommes tr\u00e8s forts dans la possession, mais nous manquons parfois d\u2019efficacit\u00e9. En qualifications, nous avons gagn\u00e9 3-0 contre les Comores et marqu\u00e9 quatre buts contre Madagascar. Ici, le niveau est plus \u00e9lev\u00e9.<\/p>\n<p>Nous jouons de mani\u00e8re disciplin\u00e9e. Dans un tournoi, ce sont toujours les meilleurs qui restent. Il faut donc allier discipline et cr\u00e9ativit\u00e9 avec le ballon.\"<\/p>\n<p><strong>Le S\u00e9n\u00e9gal, 3e Mondialiste<\/strong><\/p>\n<p>\"Nous affrontons un troisi\u00e8me pays mondialiste apr\u00e8s le Maroc et la Tunisie. Cette fois, c\u2019est une nation d\u2019Afrique de l\u2019Ouest, et c\u2019est la plus difficile. Leur projet est construit depuis une dizaine d\u2019ann\u00e9es. Leur stabilit\u00e9 leur permet de se qualifier r\u00e9guli\u00e8rement pour la Coupe du monde, et ils ont remport\u00e9 la CAN en 2021.<\/p>\n<p>Nous avons analys\u00e9 leurs matchs. C\u2019est une \u00e9quipe tr\u00e8s forte, avec des joueurs \u00e9voluant dans les plus grands clubs. Mais en football, il n\u2019y a jamais de garantie, ni pour nous ni pour le S\u00e9n\u00e9gal.<br \/>\nLe S\u00e9n\u00e9gal sait aussi qu\u2019il est difficile de man\u0153uvrer le Mali. Nous avons montr\u00e9 que nous avons de bons joueurs. Nous sommes revenus contre la Tunisie dans les derni\u00e8res secondes. Nous avons le sentiment que nous pouvons faire quelque chose.<\/p>\n<p>Nous voulons aller en demi-finale, et cela passe par le S\u00e9n\u00e9gal. J\u2019ai d\u00e9j\u00e0 atteint les quarts de finale avec la Gambie, ce qui \u00e9tait extraordinaire. Mais perdre \u00e0 ce stade serait dommage, car nous avons envie de rester huit jours de plus dans la comp\u00e9tition. J\u2019ai confiance en mon \u00e9quipe. Contre le S\u00e9n\u00e9gal, un miracle est possible.\"<\/p>\n<p><strong>Le jeu ou le combat<\/strong><\/p>\n<p>\"J\u2019aime le beau jeu, mais quand ce n\u2019est pas r\u00e9aliste, je pr\u00e9f\u00e8re gagner. On peut bien jouer et perdre 3-0. Dans ce cas, je pr\u00e9f\u00e8re gagner aux tirs au but. Le Maroc n\u2019a pas toujours bien jou\u00e9 lors de la Coupe du monde, mais il a termin\u00e9 \u00e0 la 4e place. C\u2019est ce que tout le monde retient.<\/p>\n<p>Je voudrais gagner 4-0 demain, mais ce n\u2019est pas r\u00e9aliste. Il faut trouver un \u00e9quilibre entre bien jouer et \u00eatre combatif collectivement. Demain (vendredi), il sera plus important d\u2019\u00eatre combatif, car nous n\u2019affrontons pas une petite nation.\"<\/p>\n<div class='share-to-whatsapp-wrapper'><div class='share-on-whsp'>PARTAGER SUR : <\/div><a data-text='TOM SAINTFIET - \"Face au S\u00e9n\u00e9gal, c'est une guerre\"' data-link='https:\/\/www.nettali.com\/2026\/01\/08\/tom-saintfiet-face-au-senegal-cest-une-guerre\/' class='whatsapp-button whatsapp-share'>WhatsApp<\/a><div class='clear '><\/div><\/div>","protected":false},"excerpt":{"rendered":"<p>NETTALI.COM - En conf\u00e9rence de presse de veille de match ce jeudi, le s\u00e9lectionneur du Mali Tom Saintfiet est largement revenu sur le quart de finale qui oppose son \u00e9quipe \u00e0 celle du S\u00e9n\u00e9gal. Une rencontre pr\u00e9vue ce vendredi 9 janvier \u00e0 partir de 16 heures, \u00e0 Tanger. \"Jouer un quart de finale est toujours [&hellip;]<\/p>\n","protected":false},"author":5,"featured_media":167678,"comment_status":"open","ping_status":"open","sticky":false,"template":"","format":"standard","meta":{"_et_pb_use_builder":"","_et_pb_old_content":""},"categories":[6],"tags":[],"yoast_head":"<!-- This site is optimized with the Yoast SEO Premium plugin v17.8 (Yoast SEO v17.8) - https:\/\/yoast.com\/wordpress\/plugins\/seo\/ -->\n<title>TOM SAINTFIET - &quot;Face au S\u00e9n\u00e9gal, c&#039;est une guerre&quot; | Nettali.com<\/title>\n<meta name=\"robots\" content=\"index, follow, max-snippet:-1, max-image-preview:large, max-video-preview:-1\" \/>\n<link rel=\"canonical\" href=\"https:\/\/www.nettali.com\/2026\/01\/08\/tom-saintfiet-face-au-senegal-cest-une-guerre\/\" \/>\n<meta property=\"og:locale\" content=\"fr_FR\" \/>\n<meta property=\"og:type\" content=\"article\" \/>\n<meta property=\"og:title\" content=\"TOM SAINTFIET - &quot;Face au S\u00e9n\u00e9gal, c&#039;est une guerre&quot;\" \/>\n<meta property=\"og:description\" content=\"NETTALI.COM - En conf\u00e9rence de presse de veille de match ce jeudi, le s\u00e9lectionneur du Mali Tom Saintfiet est largement revenu sur le quart de finale qui oppose son \u00e9quipe \u00e0 celle du S\u00e9n\u00e9gal. Une rencontre pr\u00e9vue ce vendredi 9 janvier \u00e0 partir de 16 heures, \u00e0 Tanger. &quot;Jouer un quart de finale est toujours [&hellip;]\" \/>\n<meta property=\"og:url\" content=\"https:\/\/www.nettali.com\/2026\/01\/08\/tom-saintfiet-face-au-senegal-cest-une-guerre\/\" \/>\n<meta property=\"og:site_name\" content=\"Nettali.com\" \/>\n<meta property=\"article:publisher\" content=\"https:\/\/www.facebook.com\/nettalicom\" \/>\n<meta property=\"article:published_time\" content=\"2026-01-08T18:38:02+00:00\" \/>\n<meta property=\"article:modified_time\" content=\"2026-01-08T23:09:50+00:00\" \/>\n<meta property=\"og:image\" content=\"https:\/\/www.nettali.com\/wp-content\/uploads\/2026\/01\/G9qCAzXWkAAWw0L-1.jpg\" \/>\n\t<meta property=\"og:image:width\" content=\"1200\" \/>\n\t<meta property=\"og:image:height\" content=\"893\" \/>\n<meta name=\"twitter:card\" content=\"summary_large_image\" \/>\n<meta name=\"twitter:label1\" content=\"\u00c9crit par\" \/>\n\t<meta name=\"twitter:data1\" content=\"Ibrahima\" \/>\n\t<meta name=\"twitter:label2\" content=\"Dur\u00e9e de lecture estim\u00e9e\" \/>\n\t<meta name=\"twitter:data2\" content=\"4 minutes\" \/>\n<script type=\"application\/ld+json\" class=\"yoast-schema-graph\">{\"@context\":\"https:\/\/schema.org\",\"@graph\":[{\"@type\":\"WebSite\",\"@id\":\"https:\/\/www.nettali.com\/#website\",\"url\":\"https:\/\/www.nettali.com\/\",\"name\":\"Nettali.com\",\"description\":\"Le rendez-vous critique du Net\",\"potentialAction\":[{\"@type\":\"SearchAction\",\"target\":{\"@type\":\"EntryPoint\",\"urlTemplate\":\"https:\/\/www.nettali.com\/?s={search_term_string}\"},\"query-input\":\"required name=search_term_string\"}],\"inLanguage\":\"fr-FR\"},{\"@type\":\"ImageObject\",\"@id\":\"https:\/\/www.nettali.com\/2026\/01\/08\/tom-saintfiet-face-au-senegal-cest-une-guerre\/#primaryimage\",\"inLanguage\":\"fr-FR\",\"url\":\"https:\/\/www.nettali.com\/wp-content\/uploads\/2026\/01\/G9qCAzXWkAAWw0L-1.jpg\",\"contentUrl\":\"https:\/\/www.nettali.com\/wp-content\/uploads\/2026\/01\/G9qCAzXWkAAWw0L-1.jpg\",\"width\":1200,\"height\":893},{\"@type\":\"WebPage\",\"@id\":\"https:\/\/www.nettali.com\/2026\/01\/08\/tom-saintfiet-face-au-senegal-cest-une-guerre\/#webpage\",\"url\":\"https:\/\/www.nettali.com\/2026\/01\/08\/tom-saintfiet-face-au-senegal-cest-une-guerre\/\",\"name\":\"TOM SAINTFIET - \\\"Face au S\\u00e9n\\u00e9gal, c'est une guerre\\\" | Nettali.com\",\"isPartOf\":{\"@id\":\"https:\/\/www.nettali.com\/#website\"},\"primaryImageOfPage\":{\"@id\":\"https:\/\/www.nettali.com\/2026\/01\/08\/tom-saintfiet-face-au-senegal-cest-une-guerre\/#primaryimage\"},\"datePublished\":\"2026-01-08T18:38:02+00:00\",\"dateModified\":\"2026-01-08T23:09:50+00:00\",\"author\":{\"@id\":\"https:\/\/www.nettali.com\/#\/schema\/person\/bb147657c2986240405a608162b9bb23\"},\"breadcrumb\":{\"@id\":\"https:\/\/www.nettali.com\/2026\/01\/08\/tom-saintfiet-face-au-senegal-cest-une-guerre\/#breadcrumb\"},\"inLanguage\":\"fr-FR\",\"potentialAction\":[{\"@type\":\"ReadAction\",\"target\":[\"https:\/\/www.nettali.com\/2026\/01\/08\/tom-saintfiet-face-au-senegal-cest-une-guerre\/\"]}]},{\"@type\":\"BreadcrumbList\",\"@id\":\"https:\/\/www.nettali.com\/2026\/01\/08\/tom-saintfiet-face-au-senegal-cest-une-guerre\/#breadcrumb\",\"itemListElement\":[{\"@type\":\"ListItem\",\"position\":1,\"name\":\"Accueil\",\"item\":\"https:\/\/www.nettali.com\/\"},{\"@type\":\"ListItem\",\"position\":2,\"name\":\"TOM SAINTFIET - \\\"Face au S\\u00e9n\\u00e9gal, c'est une guerre\\\"\"}]},{\"@type\":\"Person\",\"@id\":\"https:\/\/www.nettali.com\/#\/schema\/person\/bb147657c2986240405a608162b9bb23\",\"name\":\"Ibrahima\",\"image\":{\"@type\":\"ImageObject\",\"@id\":\"https:\/\/www.nettali.com\/#personlogo\",\"inLanguage\":\"fr-FR\",\"url\":\"https:\/\/secure.gravatar.com\/avatar\/26a8a81f09f0dd7624c9d5c36c9ba3a2?s=96&d=mm&r=g\",\"contentUrl\":\"https:\/\/secure.gravatar.com\/avatar\/26a8a81f09f0dd7624c9d5c36c9ba3a2?s=96&d=mm&r=g\",\"caption\":\"Ibrahima\"},\"sameAs\":[\"https:\/\/www.nettali.com\"]}]}<\/script>\n<!-- \/ Yoast SEO Premium plugin. -->","yoast_head_json":{"title":"TOM SAINTFIET - \"Face au S\u00e9n\u00e9gal, c'est une guerre\" | Nettali.com","robots":{"index":"index","follow":"follow","max-snippet":"max-snippet:-1","max-image-preview":"max-image-preview:large","max-video-preview":"max-video-preview:-1"},"canonical":"https:\/\/www.nettali.com\/2026\/01\/08\/tom-saintfiet-face-au-senegal-cest-une-guerre\/","og_locale":"fr_FR","og_type":"article","og_title":"TOM SAINTFIET - \"Face au S\u00e9n\u00e9gal, c'est une guerre\"","og_description":"NETTALI.COM - En conf\u00e9rence de presse de veille de match ce jeudi, le s\u00e9lectionneur du Mali Tom Saintfiet est largement revenu sur le quart de finale qui oppose son \u00e9quipe \u00e0 celle du S\u00e9n\u00e9gal. Une rencontre pr\u00e9vue ce vendredi 9 janvier \u00e0 partir de 16 heures, \u00e0 Tanger. \"Jouer un quart de finale est toujours [&hellip;]","og_url":"https:\/\/www.nettali.com\/2026\/01\/08\/tom-saintfiet-face-au-senegal-cest-une-guerre\/","og_site_name":"Nettali.com","article_publisher":"https:\/\/www.facebook.com\/nettalicom","article_published_time":"2026-01-08T18:38:02+00:00","article_modified_time":"2026-01-08T23:09:50+00:00","og_image":[{"width":1200,"height":893,"url":"https:\/\/www.nettali.com\/wp-content\/uploads\/2026\/01\/G9qCAzXWkAAWw0L-1.jpg","type":"image\/jpeg"}],"twitter_card":"summary_large_image","twitter_misc":{"\u00c9crit par":"Ibrahima","Dur\u00e9e de lecture estim\u00e9e":"4 minutes"},"schema":{"@context":"https:\/\/schema.org","@graph":[{"@type":"WebSite","@id":"https:\/\/www.nettali.com\/#website","url":"https:\/\/www.nettali.com\/","name":"Nettali.com","description":"Le rendez-vous critique du Net","potentialAction":[{"@type":"SearchAction","target":{"@type":"EntryPoint","urlTemplate":"https:\/\/www.nettali.com\/?s={search_term_string}"},"query-input":"required name=search_term_string"}],"inLanguage":"fr-FR"},{"@type":"ImageObject","@id":"https:\/\/www.nettali.com\/2026\/01\/08\/tom-saintfiet-face-au-senegal-cest-une-guerre\/#primaryimage","inLanguage":"fr-FR","url":"https:\/\/www.nettali.com\/wp-content\/uploads\/2026\/01\/G9qCAzXWkAAWw0L-1.jpg","contentUrl":"https:\/\/www.nettali.com\/wp-content\/uploads\/2026\/01\/G9qCAzXWkAAWw0L-1.jpg","width":1200,"height":893},{"@type":"WebPage","@id":"https:\/\/www.nettali.com\/2026\/01\/08\/tom-saintfiet-face-au-senegal-cest-une-guerre\/#webpage","url":"https:\/\/www.nettali.com\/2026\/01\/08\/tom-saintfiet-face-au-senegal-cest-une-guerre\/","name":"TOM SAINTFIET - \"Face au S\u00e9n\u00e9gal, c'est une guerre\" | Nettali.com","isPartOf":{"@id":"https:\/\/www.nettali.com\/#website"},"primaryImageOfPage":{"@id":"https:\/\/www.nettali.com\/2026\/01\/08\/tom-saintfiet-face-au-senegal-cest-une-guerre\/#primaryimage"},"datePublished":"2026-01-08T18:38:02+00:00","dateModified":"2026-01-08T23:09:50+00:00","author":{"@id":"https:\/\/www.nettali.com\/#\/schema\/person\/bb147657c2986240405a608162b9bb23"},"breadcrumb":{"@id":"https:\/\/www.nettali.com\/2026\/01\/08\/tom-saintfiet-face-au-senegal-cest-une-guerre\/#breadcrumb"},"inLanguage":"fr-FR","potentialAction":[{"@type":"ReadAction","target":["https:\/\/www.nettali.com\/2026\/01\/08\/tom-saintfiet-face-au-senegal-cest-une-guerre\/"]}]},{"@type":"BreadcrumbList","@id":"https:\/\/www.nettali.com\/2026\/01\/08\/tom-saintfiet-face-au-senegal-cest-une-guerre\/#breadcrumb","itemListElement":[{"@type":"ListItem","position":1,"name":"Accueil","item":"https:\/\/www.nettali.com\/"},{"@type":"ListItem","position":2,"name":"TOM SAINTFIET - \"Face au S\u00e9n\u00e9gal, c'est une guerre\""}]},{"@type":"Person","@id":"https:\/\/www.nettali.com\/#\/schema\/person\/bb147657c2986240405a608162b9bb23","name":"Ibrahima","image":{"@type":"ImageObject","@id":"https:\/\/www.nettali.com\/#personlogo","inLanguage":"fr-FR","url":"https:\/\/secure.gravatar.com\/avatar\/26a8a81f09f0dd7624c9d5c36c9ba3a2?s=96&d=mm&r=g","contentUrl":"https:\/\/secure.gravatar.com\/avatar\/26a8a81f09f0dd7624c9d5c36c9ba3a2?s=96&d=mm&r=g","caption":"Ibrahima"},"sameAs":["https:\/\/www.nettali.com"]}]}},"_links":{"self":[{"href":"https:\/\/www.nettali.com\/rest\/wp\/v2\/posts\/167676"}],"collection":[{"href":"https:\/\/www.nettali.com\/rest\/wp\/v2\/posts"}],"about":[{"href":"https:\/\/www.nettali.com\/rest\/wp\/v2\/types\/post"}],"author":[{"embeddable":true,"href":"https:\/\/www.nettali.com\/rest\/wp\/v2\/users\/5"}],"replies":[{"embeddable":true,"href":"https:\/\/www.nettali.com\/rest\/wp\/v2\/comments?post=167676"}],"version-history":[{"count":2,"href":"https:\/\/www.nettali.com\/rest\/wp\/v2\/posts\/167676\/revisions"}],"predecessor-version":[{"id":167693,"href":"https:\/\/www.nettali.com\/rest\/wp\/v2\/posts\/167676\/revisions\/167693"}],"wp:featuredmedia":[{"embeddable":true,"href":"https:\/\/www.nettali.com\/rest\/wp\/v2\/media\/167678"}],"wp:attachment":[{"href":"https:\/\/www.nettali.com\/rest\/wp\/v2\/media?parent=167676"}],"wp:term":[{"taxonomy":"category","embeddable":true,"href":"https:\/\/www.nettali.com\/rest\/wp\/v2\/categories?post=167676"},{"taxonomy":"post_tag","embeddable":true,"href":"https:\/\/www.nettali.com\/rest\/wp\/v2\/tags?post=167676"}],"curies":[{"name":"wp","href":"https:\/\/api.w.org\/{rel}","templated":true}]}}