{"id":167675,"date":"2026-01-08T21:34:00","date_gmt":"2026-01-08T21:34:00","guid":{"rendered":"https:\/\/www.nettali.com\/?p=167675"},"modified":"2026-01-08T18:37:20","modified_gmt":"2026-01-08T18:37:20","slug":"forces-armees-le-general-mbaye-cisse-entame-sa-tournee-dadieu-a-travers-les-etats-majors-et-zones-militaires","status":"publish","type":"post","link":"https:\/\/www.nettali.com\/2026\/01\/08\/forces-armees-le-general-mbaye-cisse-entame-sa-tournee-dadieu-a-travers-les-etats-majors-et-zones-militaires\/","title":{"rendered":"FORCES ARM\u00c9ES - Le g\u00e9n\u00e9ral Mbaye Ciss\u00e9 entame sa tourn\u00e9e d\u2019adieu \u00e0 travers les \u00e9tats-majors et zones militaires"},"content":{"rendered":"<p data-start=\"260\" data-end=\"773\"><strong data-start=\"260\" data-end=\"773\">NETTALI.COM - \u00c0 quelques semaines de la fin de son commandement \u00e0 la t\u00eate des Forces arm\u00e9es s\u00e9n\u00e9galaises, le g\u00e9n\u00e9ral d\u2019arm\u00e9e Mbaye Ciss\u00e9, Chef d\u2019\u00c9tat-major g\u00e9n\u00e9ral des Arm\u00e9es (CEMGA), a entam\u00e9 une tourn\u00e9e d\u2019adieu marquant la conclusion d\u2019un cycle au sommet de la hi\u00e9rarchie militaire. Cette d\u00e9marche, profond\u00e9ment ancr\u00e9e dans les traditions militaires, le conduira successivement dans les zones militaires, les th\u00e9\u00e2tres d\u2019op\u00e9rations ext\u00e9rieures, ainsi qu\u2019au niveau des \u00e9tats-majors d\u2019arm\u00e9es, des directions et des services.<\/strong><\/p>\n<p data-start=\"780\" data-end=\"1152\">Selon une note de la Direction de l\u2019Information et des Relations publiques des Arm\u00e9es (DIRPA), cette tourn\u00e9e vise \u00e0 permettre au CEMGA de s\u2019adresser une derni\u00e8re fois aux troupes, d\u2019\u00e9valuer l\u2019\u00e9tat d\u2019avancement des chantiers structurants engag\u00e9s sous son commandement, mais \u00e9galement de proc\u00e9der \u00e0 l\u2019inauguration d\u2019infrastructures militaires r\u00e9cemment achev\u00e9es.<\/p>\n<p data-start=\"1201\" data-end=\"1423\">C\u2019est dans la Zone militaire n\u00b01 que le g\u00e9n\u00e9ral Mbaye Ciss\u00e9 a entam\u00e9 cette s\u00e9rie de visites, ce mercredi 7 janvier 2026. \u00c0 cette occasion, il s\u2019est rendu aupr\u00e8s des Grands Commandements et Services, notamment :<\/p>\n<ul data-start=\"1425\" data-end=\"1598\">\n<li data-start=\"1425\" data-end=\"1467\">\n<p data-start=\"1427\" data-end=\"1467\">l\u2019\u00c9tat-major de l\u2019Arm\u00e9e de Terre (EMAT),<\/p>\n<\/li>\n<li data-start=\"1468\" data-end=\"1511\">\n<p data-start=\"1470\" data-end=\"1511\">l\u2019\u00c9tat-major de l\u2019Arm\u00e9e de l\u2019Air (EMAIR),<\/p>\n<\/li>\n<li data-start=\"1512\" data-end=\"1561\">\n<p data-start=\"1514\" data-end=\"1561\">l\u2019\u00c9tat-major de la Marine nationale (EMMARINE),<\/p>\n<\/li>\n<li data-start=\"1562\" data-end=\"1598\">\n<p data-start=\"1564\" data-end=\"1598\">et la Direction du G\u00e9nie (DIRGEN).<\/p>\n<\/li>\n<\/ul>\n<p data-start=\"1600\" data-end=\"1835\">\u00c0 chacune de ces \u00e9tapes, le Chef d\u2019\u00c9tat-major g\u00e9n\u00e9ral des Arm\u00e9es a \u00e9t\u00e9 accueilli avec les honneurs militaires par les responsables des structures visit\u00e9es, dans un climat empreint de solennit\u00e9 et de reconnaissance institutionnelle.<\/p>\n<p data-start=\"1882\" data-end=\"2252\">Lors de ses interventions, le g\u00e9n\u00e9ral d\u2019arm\u00e9e Mbaye Ciss\u00e9 a tenu \u00e0 rendre un hommage appuy\u00e9 \u00e0 ses pr\u00e9d\u00e9cesseurs, saluant leur contribution \u00e0 la consolidation et \u00e0 la modernisation des Forces arm\u00e9es s\u00e9n\u00e9galaises. Il a \u00e9galement eu une pens\u00e9e \u00e9mue pour les militaires tomb\u00e9s au service de la Nation, rappelant le sens du sacrifice qui fonde l\u2019engagement militaire.<\/p>\n<p data-start=\"2254\" data-end=\"2528\">Le CEMGA a par ailleurs f\u00e9licit\u00e9 l\u2019ensemble du personnel des Arm\u00e9es pour la qualit\u00e9 du travail accompli durant son commandement, soulignant le professionnalisme, la discipline et la loyaut\u00e9 des troupes dans un contexte s\u00e9curitaire r\u00e9gional marqu\u00e9 par de multiples d\u00e9fis.<\/p>\n<p data-start=\"2530\" data-end=\"2695\"><em>\u00ab Il a exhort\u00e9 les militaires \u00e0 poursuivre leurs efforts sur la voie de l\u2019excellence, de la rigueur et du d\u00e9vouement au service de la R\u00e9publique \u00bb<\/em>, pr\u00e9cise la DIRPA.<\/p>\n<p data-start=\"2740\" data-end=\"3158\">Au-del\u00e0 de son caract\u00e8re protocolaire, cette tourn\u00e9e d\u2019adieu rev\u00eat une forte dimension symbolique et manag\u00e9riale. Elle permet au chef militaire sortant de faire le point sur les projets structurants engag\u00e9s \u2014 infrastructures, capacit\u00e9s op\u00e9rationnelles, formation et conditions de vie du personnel \u2014 tout en assurant une transition empreinte de continuit\u00e9 et de coh\u00e9sion au sein de la grande famille des Arm\u00e9es.<\/p>\n<p data-start=\"3160\" data-end=\"3420\">La tourn\u00e9e se poursuivra dans les prochains jours \u00e0 travers les autres zones militaires et th\u00e9\u00e2tres d\u2019op\u00e9rations ext\u00e9rieures, conform\u00e9ment \u00e0 la tradition militaire s\u00e9n\u00e9galaise qui valorise la proximit\u00e9 du commandement avec les troupes jusqu\u2019au terme du mandat.<\/p>\n<div class='share-to-whatsapp-wrapper'><div class='share-on-whsp'>PARTAGER SUR : <\/div><a data-text='FORCES ARM\u00c9ES - Le g\u00e9n\u00e9ral Mbaye Ciss\u00e9 entame sa tourn\u00e9e d\u2019adieu \u00e0 travers les \u00e9tats-majors et zones militaires' data-link='https:\/\/www.nettali.com\/2026\/01\/08\/forces-armees-le-general-mbaye-cisse-entame-sa-tournee-dadieu-a-travers-les-etats-majors-et-zones-militaires\/' class='whatsapp-button whatsapp-share'>WhatsApp<\/a><div class='clear '><\/div><\/div>","protected":false},"excerpt":{"rendered":"<p>NETTALI.COM - \u00c0 quelques semaines de la fin de son commandement \u00e0 la t\u00eate des Forces arm\u00e9es s\u00e9n\u00e9galaises, le g\u00e9n\u00e9ral d\u2019arm\u00e9e Mbaye Ciss\u00e9, Chef d\u2019\u00c9tat-major g\u00e9n\u00e9ral des Arm\u00e9es (CEMGA), a entam\u00e9 une tourn\u00e9e d\u2019adieu marquant la conclusion d\u2019un cycle au sommet de la hi\u00e9rarchie militaire. Cette d\u00e9marche, profond\u00e9ment ancr\u00e9e dans les traditions militaires, le conduira [&hellip;]<\/p>\n","protected":false},"author":4,"featured_media":167679,"comment_status":"open","ping_status":"open","sticky":false,"template":"","format":"standard","meta":{"_et_pb_use_builder":"","_et_pb_old_content":""},"categories":[3],"tags":[],"yoast_head":"<!-- This site is optimized with the Yoast SEO Premium plugin v17.8 (Yoast SEO v17.8) - https:\/\/yoast.com\/wordpress\/plugins\/seo\/ -->\n<title>FORCES ARM\u00c9ES - Le g\u00e9n\u00e9ral Mbaye Ciss\u00e9 entame sa tourn\u00e9e d\u2019adieu \u00e0 travers les \u00e9tats-majors et zones militaires | Nettali.com<\/title>\n<meta name=\"robots\" content=\"index, follow, max-snippet:-1, max-image-preview:large, max-video-preview:-1\" \/>\n<link rel=\"canonical\" href=\"https:\/\/www.nettali.com\/2026\/01\/08\/forces-armees-le-general-mbaye-cisse-entame-sa-tournee-dadieu-a-travers-les-etats-majors-et-zones-militaires\/\" \/>\n<meta property=\"og:locale\" content=\"fr_FR\" \/>\n<meta property=\"og:type\" content=\"article\" \/>\n<meta property=\"og:title\" content=\"FORCES ARM\u00c9ES - Le g\u00e9n\u00e9ral Mbaye Ciss\u00e9 entame sa tourn\u00e9e d\u2019adieu \u00e0 travers les \u00e9tats-majors et zones militaires\" \/>\n<meta property=\"og:description\" content=\"NETTALI.COM - \u00c0 quelques semaines de la fin de son commandement \u00e0 la t\u00eate des Forces arm\u00e9es s\u00e9n\u00e9galaises, le g\u00e9n\u00e9ral d\u2019arm\u00e9e Mbaye Ciss\u00e9, Chef d\u2019\u00c9tat-major g\u00e9n\u00e9ral des Arm\u00e9es (CEMGA), a entam\u00e9 une tourn\u00e9e d\u2019adieu marquant la conclusion d\u2019un cycle au sommet de la hi\u00e9rarchie militaire. Cette d\u00e9marche, profond\u00e9ment ancr\u00e9e dans les traditions militaires, le conduira [&hellip;]\" \/>\n<meta property=\"og:url\" content=\"https:\/\/www.nettali.com\/2026\/01\/08\/forces-armees-le-general-mbaye-cisse-entame-sa-tournee-dadieu-a-travers-les-etats-majors-et-zones-militaires\/\" \/>\n<meta property=\"og:site_name\" content=\"Nettali.com\" \/>\n<meta property=\"article:publisher\" content=\"https:\/\/www.facebook.com\/nettalicom\" \/>\n<meta property=\"article:published_time\" content=\"2026-01-08T21:34:00+00:00\" \/>\n<meta property=\"article:modified_time\" content=\"2026-01-08T18:37:20+00:00\" \/>\n<meta property=\"og:image\" content=\"https:\/\/www.nettali.com\/wp-content\/uploads\/2026\/01\/Ge\u0301ne\u0301ral-Mbaye-Ciss.jpg\" \/>\n\t<meta property=\"og:image:width\" content=\"1124\" \/>\n\t<meta property=\"og:image:height\" content=\"750\" \/>\n<meta name=\"twitter:card\" content=\"summary_large_image\" \/>\n<meta name=\"twitter:label1\" content=\"\u00c9crit par\" \/>\n\t<meta name=\"twitter:data1\" content=\"Daouda\" \/>\n\t<meta name=\"twitter:label2\" content=\"Dur\u00e9e de lecture estim\u00e9e\" \/>\n\t<meta name=\"twitter:data2\" content=\"3 minutes\" \/>\n<script type=\"application\/ld+json\" class=\"yoast-schema-graph\">{\"@context\":\"https:\/\/schema.org\",\"@graph\":[{\"@type\":\"WebSite\",\"@id\":\"https:\/\/www.nettali.com\/#website\",\"url\":\"https:\/\/www.nettali.com\/\",\"name\":\"Nettali.com\",\"description\":\"Le rendez-vous critique du Net\",\"potentialAction\":[{\"@type\":\"SearchAction\",\"target\":{\"@type\":\"EntryPoint\",\"urlTemplate\":\"https:\/\/www.nettali.com\/?s={search_term_string}\"},\"query-input\":\"required name=search_term_string\"}],\"inLanguage\":\"fr-FR\"},{\"@type\":\"ImageObject\",\"@id\":\"https:\/\/www.nettali.com\/2026\/01\/08\/forces-armees-le-general-mbaye-cisse-entame-sa-tournee-dadieu-a-travers-les-etats-majors-et-zones-militaires\/#primaryimage\",\"inLanguage\":\"fr-FR\",\"url\":\"https:\/\/www.nettali.com\/wp-content\/uploads\/2026\/01\/Ge\\u0301ne\\u0301ral-Mbaye-Ciss.jpg\",\"contentUrl\":\"https:\/\/www.nettali.com\/wp-content\/uploads\/2026\/01\/Ge\\u0301ne\\u0301ral-Mbaye-Ciss.jpg\",\"width\":1124,\"height\":750},{\"@type\":\"WebPage\",\"@id\":\"https:\/\/www.nettali.com\/2026\/01\/08\/forces-armees-le-general-mbaye-cisse-entame-sa-tournee-dadieu-a-travers-les-etats-majors-et-zones-militaires\/#webpage\",\"url\":\"https:\/\/www.nettali.com\/2026\/01\/08\/forces-armees-le-general-mbaye-cisse-entame-sa-tournee-dadieu-a-travers-les-etats-majors-et-zones-militaires\/\",\"name\":\"FORCES ARM\\u00c9ES - Le g\\u00e9n\\u00e9ral Mbaye Ciss\\u00e9 entame sa tourn\\u00e9e d\\u2019adieu \\u00e0 travers les \\u00e9tats-majors et zones militaires | Nettali.com\",\"isPartOf\":{\"@id\":\"https:\/\/www.nettali.com\/#website\"},\"primaryImageOfPage\":{\"@id\":\"https:\/\/www.nettali.com\/2026\/01\/08\/forces-armees-le-general-mbaye-cisse-entame-sa-tournee-dadieu-a-travers-les-etats-majors-et-zones-militaires\/#primaryimage\"},\"datePublished\":\"2026-01-08T21:34:00+00:00\",\"dateModified\":\"2026-01-08T18:37:20+00:00\",\"author\":{\"@id\":\"https:\/\/www.nettali.com\/#\/schema\/person\/3317e0bb3aa1da309fbf7b2780901bf4\"},\"breadcrumb\":{\"@id\":\"https:\/\/www.nettali.com\/2026\/01\/08\/forces-armees-le-general-mbaye-cisse-entame-sa-tournee-dadieu-a-travers-les-etats-majors-et-zones-militaires\/#breadcrumb\"},\"inLanguage\":\"fr-FR\",\"potentialAction\":[{\"@type\":\"ReadAction\",\"target\":[\"https:\/\/www.nettali.com\/2026\/01\/08\/forces-armees-le-general-mbaye-cisse-entame-sa-tournee-dadieu-a-travers-les-etats-majors-et-zones-militaires\/\"]}]},{\"@type\":\"BreadcrumbList\",\"@id\":\"https:\/\/www.nettali.com\/2026\/01\/08\/forces-armees-le-general-mbaye-cisse-entame-sa-tournee-dadieu-a-travers-les-etats-majors-et-zones-militaires\/#breadcrumb\",\"itemListElement\":[{\"@type\":\"ListItem\",\"position\":1,\"name\":\"Accueil\",\"item\":\"https:\/\/www.nettali.com\/\"},{\"@type\":\"ListItem\",\"position\":2,\"name\":\"FORCES ARM\\u00c9ES - Le g\\u00e9n\\u00e9ral Mbaye Ciss\\u00e9 entame sa tourn\\u00e9e d\\u2019adieu \\u00e0 travers les \\u00e9tats-majors et zones militaires\"}]},{\"@type\":\"Person\",\"@id\":\"https:\/\/www.nettali.com\/#\/schema\/person\/3317e0bb3aa1da309fbf7b2780901bf4\",\"name\":\"Daouda\",\"image\":{\"@type\":\"ImageObject\",\"@id\":\"https:\/\/www.nettali.com\/#personlogo\",\"inLanguage\":\"fr-FR\",\"url\":\"https:\/\/secure.gravatar.com\/avatar\/8d143b5a49345098ddcfee1c49c2f47c?s=96&d=mm&r=g\",\"contentUrl\":\"https:\/\/secure.gravatar.com\/avatar\/8d143b5a49345098ddcfee1c49c2f47c?s=96&d=mm&r=g\",\"caption\":\"Daouda\"},\"sameAs\":[\"https:\/\/www.nettali.com\"]}]}<\/script>\n<!-- \/ Yoast SEO Premium plugin. -->","yoast_head_json":{"title":"FORCES ARM\u00c9ES - Le g\u00e9n\u00e9ral Mbaye Ciss\u00e9 entame sa tourn\u00e9e d\u2019adieu \u00e0 travers les \u00e9tats-majors et zones militaires | Nettali.com","robots":{"index":"index","follow":"follow","max-snippet":"max-snippet:-1","max-image-preview":"max-image-preview:large","max-video-preview":"max-video-preview:-1"},"canonical":"https:\/\/www.nettali.com\/2026\/01\/08\/forces-armees-le-general-mbaye-cisse-entame-sa-tournee-dadieu-a-travers-les-etats-majors-et-zones-militaires\/","og_locale":"fr_FR","og_type":"article","og_title":"FORCES ARM\u00c9ES - Le g\u00e9n\u00e9ral Mbaye Ciss\u00e9 entame sa tourn\u00e9e d\u2019adieu \u00e0 travers les \u00e9tats-majors et zones militaires","og_description":"NETTALI.COM - \u00c0 quelques semaines de la fin de son commandement \u00e0 la t\u00eate des Forces arm\u00e9es s\u00e9n\u00e9galaises, le g\u00e9n\u00e9ral d\u2019arm\u00e9e Mbaye Ciss\u00e9, Chef d\u2019\u00c9tat-major g\u00e9n\u00e9ral des Arm\u00e9es (CEMGA), a entam\u00e9 une tourn\u00e9e d\u2019adieu marquant la conclusion d\u2019un cycle au sommet de la hi\u00e9rarchie militaire. Cette d\u00e9marche, profond\u00e9ment ancr\u00e9e dans les traditions militaires, le conduira [&hellip;]","og_url":"https:\/\/www.nettali.com\/2026\/01\/08\/forces-armees-le-general-mbaye-cisse-entame-sa-tournee-dadieu-a-travers-les-etats-majors-et-zones-militaires\/","og_site_name":"Nettali.com","article_publisher":"https:\/\/www.facebook.com\/nettalicom","article_published_time":"2026-01-08T21:34:00+00:00","article_modified_time":"2026-01-08T18:37:20+00:00","og_image":[{"width":1124,"height":750,"url":"https:\/\/www.nettali.com\/wp-content\/uploads\/2026\/01\/Ge\u0301ne\u0301ral-Mbaye-Ciss.jpg","type":"image\/jpeg"}],"twitter_card":"summary_large_image","twitter_misc":{"\u00c9crit par":"Daouda","Dur\u00e9e de lecture estim\u00e9e":"3 minutes"},"schema":{"@context":"https:\/\/schema.org","@graph":[{"@type":"WebSite","@id":"https:\/\/www.nettali.com\/#website","url":"https:\/\/www.nettali.com\/","name":"Nettali.com","description":"Le rendez-vous critique du Net","potentialAction":[{"@type":"SearchAction","target":{"@type":"EntryPoint","urlTemplate":"https:\/\/www.nettali.com\/?s={search_term_string}"},"query-input":"required name=search_term_string"}],"inLanguage":"fr-FR"},{"@type":"ImageObject","@id":"https:\/\/www.nettali.com\/2026\/01\/08\/forces-armees-le-general-mbaye-cisse-entame-sa-tournee-dadieu-a-travers-les-etats-majors-et-zones-militaires\/#primaryimage","inLanguage":"fr-FR","url":"https:\/\/www.nettali.com\/wp-content\/uploads\/2026\/01\/Ge\u0301ne\u0301ral-Mbaye-Ciss.jpg","contentUrl":"https:\/\/www.nettali.com\/wp-content\/uploads\/2026\/01\/Ge\u0301ne\u0301ral-Mbaye-Ciss.jpg","width":1124,"height":750},{"@type":"WebPage","@id":"https:\/\/www.nettali.com\/2026\/01\/08\/forces-armees-le-general-mbaye-cisse-entame-sa-tournee-dadieu-a-travers-les-etats-majors-et-zones-militaires\/#webpage","url":"https:\/\/www.nettali.com\/2026\/01\/08\/forces-armees-le-general-mbaye-cisse-entame-sa-tournee-dadieu-a-travers-les-etats-majors-et-zones-militaires\/","name":"FORCES ARM\u00c9ES - Le g\u00e9n\u00e9ral Mbaye Ciss\u00e9 entame sa tourn\u00e9e d\u2019adieu \u00e0 travers les \u00e9tats-majors et zones militaires | Nettali.com","isPartOf":{"@id":"https:\/\/www.nettali.com\/#website"},"primaryImageOfPage":{"@id":"https:\/\/www.nettali.com\/2026\/01\/08\/forces-armees-le-general-mbaye-cisse-entame-sa-tournee-dadieu-a-travers-les-etats-majors-et-zones-militaires\/#primaryimage"},"datePublished":"2026-01-08T21:34:00+00:00","dateModified":"2026-01-08T18:37:20+00:00","author":{"@id":"https:\/\/www.nettali.com\/#\/schema\/person\/3317e0bb3aa1da309fbf7b2780901bf4"},"breadcrumb":{"@id":"https:\/\/www.nettali.com\/2026\/01\/08\/forces-armees-le-general-mbaye-cisse-entame-sa-tournee-dadieu-a-travers-les-etats-majors-et-zones-militaires\/#breadcrumb"},"inLanguage":"fr-FR","potentialAction":[{"@type":"ReadAction","target":["https:\/\/www.nettali.com\/2026\/01\/08\/forces-armees-le-general-mbaye-cisse-entame-sa-tournee-dadieu-a-travers-les-etats-majors-et-zones-militaires\/"]}]},{"@type":"BreadcrumbList","@id":"https:\/\/www.nettali.com\/2026\/01\/08\/forces-armees-le-general-mbaye-cisse-entame-sa-tournee-dadieu-a-travers-les-etats-majors-et-zones-militaires\/#breadcrumb","itemListElement":[{"@type":"ListItem","position":1,"name":"Accueil","item":"https:\/\/www.nettali.com\/"},{"@type":"ListItem","position":2,"name":"FORCES ARM\u00c9ES - Le g\u00e9n\u00e9ral Mbaye Ciss\u00e9 entame sa tourn\u00e9e d\u2019adieu \u00e0 travers les \u00e9tats-majors et zones militaires"}]},{"@type":"Person","@id":"https:\/\/www.nettali.com\/#\/schema\/person\/3317e0bb3aa1da309fbf7b2780901bf4","name":"Daouda","image":{"@type":"ImageObject","@id":"https:\/\/www.nettali.com\/#personlogo","inLanguage":"fr-FR","url":"https:\/\/secure.gravatar.com\/avatar\/8d143b5a49345098ddcfee1c49c2f47c?s=96&d=mm&r=g","contentUrl":"https:\/\/secure.gravatar.com\/avatar\/8d143b5a49345098ddcfee1c49c2f47c?s=96&d=mm&r=g","caption":"Daouda"},"sameAs":["https:\/\/www.nettali.com"]}]}},"_links":{"self":[{"href":"https:\/\/www.nettali.com\/rest\/wp\/v2\/posts\/167675"}],"collection":[{"href":"https:\/\/www.nettali.com\/rest\/wp\/v2\/posts"}],"about":[{"href":"https:\/\/www.nettali.com\/rest\/wp\/v2\/types\/post"}],"author":[{"embeddable":true,"href":"https:\/\/www.nettali.com\/rest\/wp\/v2\/users\/4"}],"replies":[{"embeddable":true,"href":"https:\/\/www.nettali.com\/rest\/wp\/v2\/comments?post=167675"}],"version-history":[{"count":1,"href":"https:\/\/www.nettali.com\/rest\/wp\/v2\/posts\/167675\/revisions"}],"predecessor-version":[{"id":167680,"href":"https:\/\/www.nettali.com\/rest\/wp\/v2\/posts\/167675\/revisions\/167680"}],"wp:featuredmedia":[{"embeddable":true,"href":"https:\/\/www.nettali.com\/rest\/wp\/v2\/media\/167679"}],"wp:attachment":[{"href":"https:\/\/www.nettali.com\/rest\/wp\/v2\/media?parent=167675"}],"wp:term":[{"taxonomy":"category","embeddable":true,"href":"https:\/\/www.nettali.com\/rest\/wp\/v2\/categories?post=167675"},{"taxonomy":"post_tag","embeddable":true,"href":"https:\/\/www.nettali.com\/rest\/wp\/v2\/tags?post=167675"}],"curies":[{"name":"wp","href":"https:\/\/api.w.org\/{rel}","templated":true}]}}