{"id":167673,"date":"2026-01-08T18:18:29","date_gmt":"2026-01-08T18:18:29","guid":{"rendered":"https:\/\/www.nettali.com\/?p=167673"},"modified":"2026-01-08T18:18:29","modified_gmt":"2026-01-08T18:18:29","slug":"dette-publique-ousmane-sonko-exclut-toute-restructuration","status":"publish","type":"post","link":"https:\/\/www.nettali.com\/2026\/01\/08\/dette-publique-ousmane-sonko-exclut-toute-restructuration\/","title":{"rendered":"DETTE PUBLIQUE -\u00a0 Ousmane Sonko exclut toute restructuration"},"content":{"rendered":"<p data-start=\"258\" data-end=\"742\"><strong data-start=\"258\" data-end=\"742\">NETTALI.COM - Face aux inqui\u00e9tudes croissantes sur la situation financi\u00e8re du S\u00e9n\u00e9gal, le Premier ministre Ousmane Sonko a livr\u00e9, ce lundi \u00e0 Dakar, une r\u00e9ponse ferme et sans ambigu\u00eft\u00e9. Lors d\u2019une conf\u00e9rence de presse conjointe avec son homologue mauritanien El Moctar Ould Djay, en visite de travail au S\u00e9n\u00e9gal, le chef du gouvernement a reconnu la gravit\u00e9 des indicateurs macro\u00e9conomiques h\u00e9rit\u00e9s de l\u2019ancien r\u00e9gime, tout en rejetant cat\u00e9goriquement l\u2019option d\u2019une restructuration de la dette.<\/strong><\/p>\n<p data-start=\"749\" data-end=\"1064\">Interpell\u00e9 par une journaliste de RFI sur l\u2019\u00e9tat r\u00e9el des finances publiques, Ousmane Sonko n\u2019a pas cherch\u00e9 \u00e0 minimiser la situation. Il a \u00e9voqu\u00e9 l\u2019existence d\u2019une dette cach\u00e9e, d\u00e9sormais, selon lui, formellement reconnue par l\u2019ensemble des institutions nationales et des partenaires internationaux.<\/p>\n<p data-start=\"1066\" data-end=\"1272\"><em>\u00ab Toutes les cons\u00e9quences de droit seront tir\u00e9es de cette situation \u00bb<\/em>, a-t-il affirm\u00e9, laissant entendre que des responsabilit\u00e9s pourraient \u00eatre \u00e9tablies concernant la gestion pass\u00e9e des finances publiques.<\/p>\n<p data-start=\"1329\" data-end=\"1595\">Le Premier ministre a dress\u00e9 un diagnostic s\u00e9v\u00e8re de l\u2019\u00e9tat \u00e9conomique du pays. Selon les chiffres avanc\u00e9s par le gouvernement, la dette publique atteint d\u00e9sormais 119 % du Produit int\u00e9rieur brut (PIB), tandis que le d\u00e9ficit budg\u00e9taire avoisine les 13 %.<\/p>\n<p data-start=\"1597\" data-end=\"1797\">Des niveaux que le chef du gouvernement a qualifi\u00e9s de <em>\u00ab presque catastrophiques pour un pays en d\u00e9veloppement \u00bb<\/em>, soulignant la fragilit\u00e9 structurelle induite par une telle trajectoire financi\u00e8re.<\/p>\n<p data-start=\"1799\" data-end=\"1982\">Malgr\u00e9 ce tableau alarmant, l\u2019Ex\u00e9cutif exclut toute restructuration de la dette, une option pourtant r\u00e9guli\u00e8rement \u00e9voqu\u00e9e par certains \u00e9conomistes et observateurs internationaux.<\/p>\n<p data-start=\"2033\" data-end=\"2306\">\u00c0 rebours des appels \u00e0 la ren\u00e9gociation, Ousmane Sonko estime que la dette s\u00e9n\u00e9galaise demeure soutenable. Il a mis en avant la capacit\u00e9 du pays \u00e0 honorer ses engagements financiers depuis pr\u00e8s d\u2019un an et demi, sans recourir \u00e0 de nouveaux appuis ext\u00e9rieurs massifs.<\/p>\n<p data-start=\"2308\" data-end=\"2491\"><em>\u00ab Nous continuons \u00e0 payer nos \u00e9ch\u00e9ances, essentiellement gr\u00e2ce au march\u00e9 financier r\u00e9gional \u00bb<\/em>, a-t-il insist\u00e9, pr\u00e9sentant cette r\u00e9silience comme un marqueur de cr\u00e9dibilit\u00e9 \u00e9conomique.<\/p>\n<p data-start=\"2493\" data-end=\"2677\">Pour le gouvernement, cette capacit\u00e9 de paiement constitue un argument central pour pr\u00e9server la signature financi\u00e8re du S\u00e9n\u00e9gal et \u00e9viter toute perte de confiance sur les march\u00e9s.<\/p>\n<p data-start=\"2747\" data-end=\"2946\">Pour faire face \u00e0 la situation, le Premier ministre a annonc\u00e9 la mise en \u0153uvre d\u2019un plan de redressement \u00e9conomique et social, adoss\u00e9 \u00e0 une politique de rationalisation budg\u00e9taire rigoureuse.<\/p>\n<p data-start=\"2948\" data-end=\"3240\">Ces r\u00e9formes auraient d\u00e9j\u00e0 permis de mobiliser 960 milliards de francs CFA additionnels pour le budget 2026, avec une mont\u00e9e en puissance attendue \u00e0 partir de 2027. L\u2019objectif affich\u00e9 est clair : stabiliser les finances publiques tout en pr\u00e9servant la souverainet\u00e9 \u00e9conomique du pays.<\/p>\n<p data-start=\"3272\" data-end=\"3542\">Ousmane Sonko n\u2019a pas \u00e9lud\u00e9 la question du Fonds mon\u00e9taire international (FMI). Il a estim\u00e9 que l\u2019institution de Bretton Woods ne pouvait ignorer les d\u00e9rives financi\u00e8res pass\u00e9es, rappelant que le S\u00e9n\u00e9gal faisait r\u00e9guli\u00e8rement l\u2019objet de missions de surveillance.<\/p>\n<p data-start=\"3544\" data-end=\"3790\"><em>\u00ab Le FMI n\u2019est pas un pr\u00eateur de premier ressort. On attend son soutien pr\u00e9cis\u00e9ment quand un pays fait des efforts s\u00e9rieux pour se redresser \u00bb<\/em>, a-t-il d\u00e9clar\u00e9, citant en exemple le cas de l\u2019\u00c9gypte, soutenue malgr\u00e9 une situation financi\u00e8re tendue.<\/p>\n<p data-start=\"3792\" data-end=\"3936\">Cette sortie marque une volont\u00e9 assum\u00e9e de r\u00e9\u00e9quilibrer la relation avec les partenaires financiers internationaux, sans rompre le dialogue.<\/p>\n<p data-start=\"3980\" data-end=\"4304\">Le chef du gouvernement a tenu \u00e0 souligner que le refus de restructurer la dette constitue une ligne officielle partag\u00e9e au plus haut niveau de l\u2019\u00c9tat. Cette position est, selon lui, arr\u00eat\u00e9e de concert avec le Pr\u00e9sident de la R\u00e9publique, l\u2019ensemble du gouvernement ainsi que les minist\u00e8res des Finances et de l\u2019\u00c9conomie.<\/p>\n<p data-start=\"4306\" data-end=\"4521\">En conclusion, Ousmane Sonko a r\u00e9affirm\u00e9 que le S\u00e9n\u00e9gal entend b\u00e2tir sa coop\u00e9ration internationale sur des relations partenariales \u00e9quilibr\u00e9es, fond\u00e9es sur le respect mutuel et non sur des pressions ext\u00e9rieures.<\/p>\n<p data-start=\"4523\" data-end=\"4675\"><em>\u00ab Nous assainirons notre trajectoire financi\u00e8re par nos propres r\u00e9formes, tout en maintenant la cr\u00e9dibilit\u00e9 du S\u00e9n\u00e9gal sur les march\u00e9s \u00bb<\/em>, a-t-il assur\u00e9.<\/p>\n<div class='share-to-whatsapp-wrapper'><div class='share-on-whsp'>PARTAGER SUR : <\/div><a data-text='DETTE PUBLIQUE -\u00a0 Ousmane Sonko exclut toute restructuration' data-link='https:\/\/www.nettali.com\/2026\/01\/08\/dette-publique-ousmane-sonko-exclut-toute-restructuration\/' class='whatsapp-button whatsapp-share'>WhatsApp<\/a><div class='clear '><\/div><\/div>","protected":false},"excerpt":{"rendered":"<p>NETTALI.COM - Face aux inqui\u00e9tudes croissantes sur la situation financi\u00e8re du S\u00e9n\u00e9gal, le Premier ministre Ousmane Sonko a livr\u00e9, ce lundi \u00e0 Dakar, une r\u00e9ponse ferme et sans ambigu\u00eft\u00e9. Lors d\u2019une conf\u00e9rence de presse conjointe avec son homologue mauritanien El Moctar Ould Djay, en visite de travail au S\u00e9n\u00e9gal, le chef du gouvernement a reconnu [&hellip;]<\/p>\n","protected":false},"author":4,"featured_media":165989,"comment_status":"open","ping_status":"open","sticky":false,"template":"","format":"standard","meta":{"_et_pb_use_builder":"","_et_pb_old_content":""},"categories":[4],"tags":[],"yoast_head":"<!-- This site is optimized with the Yoast SEO Premium plugin v17.8 (Yoast SEO v17.8) - https:\/\/yoast.com\/wordpress\/plugins\/seo\/ -->\n<title>DETTE PUBLIQUE -\u00a0 Ousmane Sonko exclut toute restructuration | Nettali.com<\/title>\n<meta name=\"robots\" content=\"index, follow, max-snippet:-1, max-image-preview:large, max-video-preview:-1\" \/>\n<link rel=\"canonical\" href=\"https:\/\/www.nettali.com\/2026\/01\/08\/dette-publique-ousmane-sonko-exclut-toute-restructuration\/\" \/>\n<meta property=\"og:locale\" content=\"fr_FR\" \/>\n<meta property=\"og:type\" content=\"article\" \/>\n<meta property=\"og:title\" content=\"DETTE PUBLIQUE -\u00a0 Ousmane Sonko exclut toute restructuration\" \/>\n<meta property=\"og:description\" content=\"NETTALI.COM - Face aux inqui\u00e9tudes croissantes sur la situation financi\u00e8re du S\u00e9n\u00e9gal, le Premier ministre Ousmane Sonko a livr\u00e9, ce lundi \u00e0 Dakar, une r\u00e9ponse ferme et sans ambigu\u00eft\u00e9. Lors d\u2019une conf\u00e9rence de presse conjointe avec son homologue mauritanien El Moctar Ould Djay, en visite de travail au S\u00e9n\u00e9gal, le chef du gouvernement a reconnu [&hellip;]\" \/>\n<meta property=\"og:url\" content=\"https:\/\/www.nettali.com\/2026\/01\/08\/dette-publique-ousmane-sonko-exclut-toute-restructuration\/\" \/>\n<meta property=\"og:site_name\" content=\"Nettali.com\" \/>\n<meta property=\"article:publisher\" content=\"https:\/\/www.facebook.com\/nettalicom\" \/>\n<meta property=\"article:published_time\" content=\"2026-01-08T18:18:29+00:00\" \/>\n<meta property=\"og:image\" content=\"https:\/\/www.nettali.com\/wp-content\/uploads\/2025\/12\/sonko.jpeg\" \/>\n\t<meta property=\"og:image:width\" content=\"1248\" \/>\n\t<meta property=\"og:image:height\" content=\"832\" \/>\n<meta name=\"twitter:card\" content=\"summary_large_image\" \/>\n<meta name=\"twitter:label1\" content=\"\u00c9crit par\" \/>\n\t<meta name=\"twitter:data1\" content=\"Daouda\" \/>\n\t<meta name=\"twitter:label2\" content=\"Dur\u00e9e de lecture estim\u00e9e\" \/>\n\t<meta name=\"twitter:data2\" content=\"4 minutes\" \/>\n<script type=\"application\/ld+json\" class=\"yoast-schema-graph\">{\"@context\":\"https:\/\/schema.org\",\"@graph\":[{\"@type\":\"WebSite\",\"@id\":\"https:\/\/www.nettali.com\/#website\",\"url\":\"https:\/\/www.nettali.com\/\",\"name\":\"Nettali.com\",\"description\":\"Le rendez-vous critique du Net\",\"potentialAction\":[{\"@type\":\"SearchAction\",\"target\":{\"@type\":\"EntryPoint\",\"urlTemplate\":\"https:\/\/www.nettali.com\/?s={search_term_string}\"},\"query-input\":\"required name=search_term_string\"}],\"inLanguage\":\"fr-FR\"},{\"@type\":\"ImageObject\",\"@id\":\"https:\/\/www.nettali.com\/2026\/01\/08\/dette-publique-ousmane-sonko-exclut-toute-restructuration\/#primaryimage\",\"inLanguage\":\"fr-FR\",\"url\":\"https:\/\/www.nettali.com\/wp-content\/uploads\/2025\/12\/sonko.jpeg\",\"contentUrl\":\"https:\/\/www.nettali.com\/wp-content\/uploads\/2025\/12\/sonko.jpeg\",\"width\":1248,\"height\":832},{\"@type\":\"WebPage\",\"@id\":\"https:\/\/www.nettali.com\/2026\/01\/08\/dette-publique-ousmane-sonko-exclut-toute-restructuration\/#webpage\",\"url\":\"https:\/\/www.nettali.com\/2026\/01\/08\/dette-publique-ousmane-sonko-exclut-toute-restructuration\/\",\"name\":\"DETTE PUBLIQUE -\\u00a0 Ousmane Sonko exclut toute restructuration | Nettali.com\",\"isPartOf\":{\"@id\":\"https:\/\/www.nettali.com\/#website\"},\"primaryImageOfPage\":{\"@id\":\"https:\/\/www.nettali.com\/2026\/01\/08\/dette-publique-ousmane-sonko-exclut-toute-restructuration\/#primaryimage\"},\"datePublished\":\"2026-01-08T18:18:29+00:00\",\"dateModified\":\"2026-01-08T18:18:29+00:00\",\"author\":{\"@id\":\"https:\/\/www.nettali.com\/#\/schema\/person\/3317e0bb3aa1da309fbf7b2780901bf4\"},\"breadcrumb\":{\"@id\":\"https:\/\/www.nettali.com\/2026\/01\/08\/dette-publique-ousmane-sonko-exclut-toute-restructuration\/#breadcrumb\"},\"inLanguage\":\"fr-FR\",\"potentialAction\":[{\"@type\":\"ReadAction\",\"target\":[\"https:\/\/www.nettali.com\/2026\/01\/08\/dette-publique-ousmane-sonko-exclut-toute-restructuration\/\"]}]},{\"@type\":\"BreadcrumbList\",\"@id\":\"https:\/\/www.nettali.com\/2026\/01\/08\/dette-publique-ousmane-sonko-exclut-toute-restructuration\/#breadcrumb\",\"itemListElement\":[{\"@type\":\"ListItem\",\"position\":1,\"name\":\"Accueil\",\"item\":\"https:\/\/www.nettali.com\/\"},{\"@type\":\"ListItem\",\"position\":2,\"name\":\"DETTE PUBLIQUE -\\u00a0 Ousmane Sonko exclut toute restructuration\"}]},{\"@type\":\"Person\",\"@id\":\"https:\/\/www.nettali.com\/#\/schema\/person\/3317e0bb3aa1da309fbf7b2780901bf4\",\"name\":\"Daouda\",\"image\":{\"@type\":\"ImageObject\",\"@id\":\"https:\/\/www.nettali.com\/#personlogo\",\"inLanguage\":\"fr-FR\",\"url\":\"https:\/\/secure.gravatar.com\/avatar\/8d143b5a49345098ddcfee1c49c2f47c?s=96&d=mm&r=g\",\"contentUrl\":\"https:\/\/secure.gravatar.com\/avatar\/8d143b5a49345098ddcfee1c49c2f47c?s=96&d=mm&r=g\",\"caption\":\"Daouda\"},\"sameAs\":[\"https:\/\/www.nettali.com\"]}]}<\/script>\n<!-- \/ Yoast SEO Premium plugin. -->","yoast_head_json":{"title":"DETTE PUBLIQUE -\u00a0 Ousmane Sonko exclut toute restructuration | Nettali.com","robots":{"index":"index","follow":"follow","max-snippet":"max-snippet:-1","max-image-preview":"max-image-preview:large","max-video-preview":"max-video-preview:-1"},"canonical":"https:\/\/www.nettali.com\/2026\/01\/08\/dette-publique-ousmane-sonko-exclut-toute-restructuration\/","og_locale":"fr_FR","og_type":"article","og_title":"DETTE PUBLIQUE -\u00a0 Ousmane Sonko exclut toute restructuration","og_description":"NETTALI.COM - Face aux inqui\u00e9tudes croissantes sur la situation financi\u00e8re du S\u00e9n\u00e9gal, le Premier ministre Ousmane Sonko a livr\u00e9, ce lundi \u00e0 Dakar, une r\u00e9ponse ferme et sans ambigu\u00eft\u00e9. Lors d\u2019une conf\u00e9rence de presse conjointe avec son homologue mauritanien El Moctar Ould Djay, en visite de travail au S\u00e9n\u00e9gal, le chef du gouvernement a reconnu [&hellip;]","og_url":"https:\/\/www.nettali.com\/2026\/01\/08\/dette-publique-ousmane-sonko-exclut-toute-restructuration\/","og_site_name":"Nettali.com","article_publisher":"https:\/\/www.facebook.com\/nettalicom","article_published_time":"2026-01-08T18:18:29+00:00","og_image":[{"width":1248,"height":832,"url":"https:\/\/www.nettali.com\/wp-content\/uploads\/2025\/12\/sonko.jpeg","type":"image\/jpeg"}],"twitter_card":"summary_large_image","twitter_misc":{"\u00c9crit par":"Daouda","Dur\u00e9e de lecture estim\u00e9e":"4 minutes"},"schema":{"@context":"https:\/\/schema.org","@graph":[{"@type":"WebSite","@id":"https:\/\/www.nettali.com\/#website","url":"https:\/\/www.nettali.com\/","name":"Nettali.com","description":"Le rendez-vous critique du Net","potentialAction":[{"@type":"SearchAction","target":{"@type":"EntryPoint","urlTemplate":"https:\/\/www.nettali.com\/?s={search_term_string}"},"query-input":"required name=search_term_string"}],"inLanguage":"fr-FR"},{"@type":"ImageObject","@id":"https:\/\/www.nettali.com\/2026\/01\/08\/dette-publique-ousmane-sonko-exclut-toute-restructuration\/#primaryimage","inLanguage":"fr-FR","url":"https:\/\/www.nettali.com\/wp-content\/uploads\/2025\/12\/sonko.jpeg","contentUrl":"https:\/\/www.nettali.com\/wp-content\/uploads\/2025\/12\/sonko.jpeg","width":1248,"height":832},{"@type":"WebPage","@id":"https:\/\/www.nettali.com\/2026\/01\/08\/dette-publique-ousmane-sonko-exclut-toute-restructuration\/#webpage","url":"https:\/\/www.nettali.com\/2026\/01\/08\/dette-publique-ousmane-sonko-exclut-toute-restructuration\/","name":"DETTE PUBLIQUE -\u00a0 Ousmane Sonko exclut toute restructuration | Nettali.com","isPartOf":{"@id":"https:\/\/www.nettali.com\/#website"},"primaryImageOfPage":{"@id":"https:\/\/www.nettali.com\/2026\/01\/08\/dette-publique-ousmane-sonko-exclut-toute-restructuration\/#primaryimage"},"datePublished":"2026-01-08T18:18:29+00:00","dateModified":"2026-01-08T18:18:29+00:00","author":{"@id":"https:\/\/www.nettali.com\/#\/schema\/person\/3317e0bb3aa1da309fbf7b2780901bf4"},"breadcrumb":{"@id":"https:\/\/www.nettali.com\/2026\/01\/08\/dette-publique-ousmane-sonko-exclut-toute-restructuration\/#breadcrumb"},"inLanguage":"fr-FR","potentialAction":[{"@type":"ReadAction","target":["https:\/\/www.nettali.com\/2026\/01\/08\/dette-publique-ousmane-sonko-exclut-toute-restructuration\/"]}]},{"@type":"BreadcrumbList","@id":"https:\/\/www.nettali.com\/2026\/01\/08\/dette-publique-ousmane-sonko-exclut-toute-restructuration\/#breadcrumb","itemListElement":[{"@type":"ListItem","position":1,"name":"Accueil","item":"https:\/\/www.nettali.com\/"},{"@type":"ListItem","position":2,"name":"DETTE PUBLIQUE -\u00a0 Ousmane Sonko exclut toute restructuration"}]},{"@type":"Person","@id":"https:\/\/www.nettali.com\/#\/schema\/person\/3317e0bb3aa1da309fbf7b2780901bf4","name":"Daouda","image":{"@type":"ImageObject","@id":"https:\/\/www.nettali.com\/#personlogo","inLanguage":"fr-FR","url":"https:\/\/secure.gravatar.com\/avatar\/8d143b5a49345098ddcfee1c49c2f47c?s=96&d=mm&r=g","contentUrl":"https:\/\/secure.gravatar.com\/avatar\/8d143b5a49345098ddcfee1c49c2f47c?s=96&d=mm&r=g","caption":"Daouda"},"sameAs":["https:\/\/www.nettali.com"]}]}},"_links":{"self":[{"href":"https:\/\/www.nettali.com\/rest\/wp\/v2\/posts\/167673"}],"collection":[{"href":"https:\/\/www.nettali.com\/rest\/wp\/v2\/posts"}],"about":[{"href":"https:\/\/www.nettali.com\/rest\/wp\/v2\/types\/post"}],"author":[{"embeddable":true,"href":"https:\/\/www.nettali.com\/rest\/wp\/v2\/users\/4"}],"replies":[{"embeddable":true,"href":"https:\/\/www.nettali.com\/rest\/wp\/v2\/comments?post=167673"}],"version-history":[{"count":1,"href":"https:\/\/www.nettali.com\/rest\/wp\/v2\/posts\/167673\/revisions"}],"predecessor-version":[{"id":167674,"href":"https:\/\/www.nettali.com\/rest\/wp\/v2\/posts\/167673\/revisions\/167674"}],"wp:featuredmedia":[{"embeddable":true,"href":"https:\/\/www.nettali.com\/rest\/wp\/v2\/media\/165989"}],"wp:attachment":[{"href":"https:\/\/www.nettali.com\/rest\/wp\/v2\/media?parent=167673"}],"wp:term":[{"taxonomy":"category","embeddable":true,"href":"https:\/\/www.nettali.com\/rest\/wp\/v2\/categories?post=167673"},{"taxonomy":"post_tag","embeddable":true,"href":"https:\/\/www.nettali.com\/rest\/wp\/v2\/tags?post=167673"}],"curies":[{"name":"wp","href":"https:\/\/api.w.org\/{rel}","templated":true}]}}