{"id":167669,"date":"2026-01-08T21:51:35","date_gmt":"2026-01-08T21:51:35","guid":{"rendered":"https:\/\/www.nettali.com\/?p=167669"},"modified":"2026-01-09T07:24:22","modified_gmt":"2026-01-09T07:24:22","slug":"regulation-des-medias-lappel-salue-la-creation-du-cnrm-mais-deplore-labsence-dinclusion-a-methode","status":"publish","type":"post","link":"https:\/\/www.nettali.com\/2026\/01\/08\/regulation-des-medias-lappel-salue-la-creation-du-cnrm-mais-deplore-labsence-dinclusion-a-methode\/","title":{"rendered":"REGULATION DES MEDIAS- L'Appel salue la cr\u00e9ation du Cnrm, mais d\u00e9plore l'absence d'inclusion et la m\u00e9thode"},"content":{"rendered":"<p><strong>NETTALI.COM- L'Association des \u00e9diteurs et professionnels de la presse en ligne (APPEL) a pris acte de l'adoption du projet de loi cr\u00e9ant le Conseil National de R\u00e9gulation des M\u00e9dias (CNRM) qui doit remplacer le Cnra. Si l'organisation salue le principe d'une r\u00e9gulation transversale, elle d\u00e9nonce l'absence d'implication des acteurs du secteur dans la r\u00e9daction du texte.<\/strong><\/p>\n<p>L'Association des \u00e9diteurs et professionnels de la presse en ligne (APPEL) r\u00e9agit suite \u00e0 l'adoption en Conseil des ministres, le mercredi 7 janvier 2026, du projet de loi portant cr\u00e9ation, organisation et fonctionnement du Conseil national de r\u00e9gulation des m\u00e9dias (CNRM). Cette nouvelle instance est appel\u00e9e \u00e0 remplacer l'actuel Conseil national de r\u00e9gulation de l'audiovisuel (CNRA).<\/p>\n<p>L\u2019organisation professionnelle souligne que cette transition constitue une r\u00e9ponse \u00e0 une demande de longue date. L'Appel qui exprime \u00ab\u00a0satisfaction face \u00e0 cette avanc\u00e9e majeure\u00a0\u00bb, \u00a0indique avoir milit\u00e9 activement durant plusieurs ann\u00e9es pour la mise en place d'une autorit\u00e9 de r\u00e9gulation transversale, \u00ab\u00a0<em>adapt\u00e9e aux \u00e9volutions technologiques et au d\u00e9fis contemporains du secteur m\u00e9diatique\u00a0<\/em>\u00bb.<\/p>\n<p>Selon en effet l'association, \u00ab <em>la configuration actuelle du secteur, marqu\u00e9e par des mutations technologiques constantes, n\u00e9cessite un organe capable de superviser l'ensemble des supports m\u00e9diatiques\u00a0<\/em>\u00bb. Les \u00e9diteurs consid\u00e8rent que les difficult\u00e9s rencontr\u00e9es par le secteur d\u00e9coulent de l'absence d'un r\u00e9gulateur disposant de comp\u00e9tences \u00e9largies pour encadrer les pratiques professionnelles, notamment au sein de l'espace num\u00e9rique.<\/p>\n<p>Cependant, malgr\u00e9 cette approbation sur le principe, l'APPEL exprime des r\u00e9serves sur la proc\u00e9dure ayant conduit \u00e0 la r\u00e9daction du texte l\u00e9gislatif. L'association regrette que les organisations du secteur n'aient pas \u00e9t\u00e9 impliqu\u00e9es dans le processus de conception. Elle d\u00e9plore \u00ab\u00a0<em>vivement une approche jug\u00e9e cavali\u00e8re, clivante et non inclusive\u00a0<\/em>\u00bb.<\/p>\n<p>Elle rappelle qu'un atelier de partage s'\u00e9tait tenu le 24 janvier 2025 sous l'\u00e9gide du minist\u00e8re de la Communication, des T\u00e9l\u00e9communications et du Num\u00e9rique, mais affirme qu'aucune consultation n'a eu lieu apr\u00e8s cette date. L'organisation pr\u00e9cise n'avoir particip\u00e9 \u00e0 aucune s\u00e9ance de travail ou de relecture de ce projet de loi.<\/p>\n<p>L'APPEL soutient que l'\u00e9laboration du texte a \u00e9t\u00e9 confi\u00e9e exclusivement \u00e0 un comit\u00e9 de juristes. Cette m\u00e9thode \u00ab\u00a0<em>non inclusive<\/em>\u00a0\u00bb est per\u00e7ue par les professionnels comme une rupture avec les usages habituels de co-construction entre l'\u00c9tat, les acteurs des m\u00e9dias et la soci\u00e9t\u00e9 civile.<\/p>\n<p>L'association estime que l'absence de concertation emp\u00eache une analyse pr\u00e9cise des futures modalit\u00e9s de fonctionnement de l'organe de r\u00e9gulation.<\/p>\n<p>En cons\u00e9quence le pr\u00e9sident de l'Appel, Ibrahima Lissa Faye d\u00e9clare \u00e0 qui veut l\u2019entendre\u00a0: \u00ab <em>Nous ne pouvons ni valider, ni critiquer le fond d'un texte dont nous ignorons tout de la teneur. Il est regrettable que les principaux concern\u00e9s soient les derniers inform\u00e9s des r\u00e8gles qui vont r\u00e9gir leur propre profession.<\/em> \u00bb<\/p>\n<p>Face \u00e0 cette situation, les \u00e9diteurs de la presse en ligne ont fait savoir qu'ils ne sont pas en mesure de se prononcer sur les aspects techniques de la nouvelle loi. Toutefois, l\u2019Appel r\u00e9affirme sa volont\u00e9 de participer \u00e0 un dialogue avec les autorit\u00e9s, tout en maintenant que la r\u00e9forme du paysage m\u00e9diatique n\u00e9cessite une d\u00e9marche participative pour garantir sa viabilit\u00e9.<\/p>\n<div class='share-to-whatsapp-wrapper'><div class='share-on-whsp'>PARTAGER SUR : <\/div><a data-text='REGULATION DES MEDIAS- L'Appel salue la cr\u00e9ation du Cnrm, mais d\u00e9plore l'absence d'inclusion et la m\u00e9thode' data-link='https:\/\/www.nettali.com\/2026\/01\/08\/regulation-des-medias-lappel-salue-la-creation-du-cnrm-mais-deplore-labsence-dinclusion-a-methode\/' class='whatsapp-button whatsapp-share'>WhatsApp<\/a><div class='clear '><\/div><\/div>","protected":false},"excerpt":{"rendered":"<p>NETTALI.COM- L'Association des \u00e9diteurs et professionnels de la presse en ligne (APPEL) a pris acte de l'adoption du projet de loi cr\u00e9ant le Conseil National de R\u00e9gulation des M\u00e9dias (CNRM) qui doit remplacer le Cnra. Si l'organisation salue le principe d'une r\u00e9gulation transversale, elle d\u00e9nonce l'absence d'implication des acteurs du secteur dans la r\u00e9daction du [&hellip;]<\/p>\n","protected":false},"author":6,"featured_media":164058,"comment_status":"open","ping_status":"open","sticky":false,"template":"","format":"standard","meta":{"_et_pb_use_builder":"","_et_pb_old_content":""},"categories":[3],"tags":[],"yoast_head":"<!-- This site is optimized with the Yoast SEO Premium plugin v17.8 (Yoast SEO v17.8) - https:\/\/yoast.com\/wordpress\/plugins\/seo\/ -->\n<title>REGULATION DES MEDIAS- L&#039;Appel salue la cr\u00e9ation du Cnrm, mais d\u00e9plore l&#039;absence d&#039;inclusion et la m\u00e9thode | Nettali.com<\/title>\n<meta name=\"robots\" content=\"index, follow, max-snippet:-1, max-image-preview:large, max-video-preview:-1\" \/>\n<link rel=\"canonical\" href=\"https:\/\/www.nettali.com\/2026\/01\/08\/regulation-des-medias-lappel-salue-la-creation-du-cnrm-mais-deplore-labsence-dinclusion-a-methode\/\" \/>\n<meta property=\"og:locale\" content=\"fr_FR\" \/>\n<meta property=\"og:type\" content=\"article\" \/>\n<meta property=\"og:title\" content=\"REGULATION DES MEDIAS- L&#039;Appel salue la cr\u00e9ation du Cnrm, mais d\u00e9plore l&#039;absence d&#039;inclusion et la m\u00e9thode\" \/>\n<meta property=\"og:description\" content=\"NETTALI.COM- L&#039;Association des \u00e9diteurs et professionnels de la presse en ligne (APPEL) a pris acte de l&#039;adoption du projet de loi cr\u00e9ant le Conseil National de R\u00e9gulation des M\u00e9dias (CNRM) qui doit remplacer le Cnra. Si l&#039;organisation salue le principe d&#039;une r\u00e9gulation transversale, elle d\u00e9nonce l&#039;absence d&#039;implication des acteurs du secteur dans la r\u00e9daction du [&hellip;]\" \/>\n<meta property=\"og:url\" content=\"https:\/\/www.nettali.com\/2026\/01\/08\/regulation-des-medias-lappel-salue-la-creation-du-cnrm-mais-deplore-labsence-dinclusion-a-methode\/\" \/>\n<meta property=\"og:site_name\" content=\"Nettali.com\" \/>\n<meta property=\"article:publisher\" content=\"https:\/\/www.facebook.com\/nettalicom\" \/>\n<meta property=\"article:published_time\" content=\"2026-01-08T21:51:35+00:00\" \/>\n<meta property=\"article:modified_time\" content=\"2026-01-09T07:24:22+00:00\" \/>\n<meta property=\"og:image\" content=\"https:\/\/www.nettali.com\/wp-content\/uploads\/2025\/11\/Ibrahima-Lissa-Faye.jpg\" \/>\n\t<meta property=\"og:image:width\" content=\"1080\" \/>\n\t<meta property=\"og:image:height\" content=\"720\" \/>\n<meta name=\"twitter:card\" content=\"summary_large_image\" \/>\n<meta name=\"twitter:label1\" content=\"\u00c9crit par\" \/>\n\t<meta name=\"twitter:data1\" content=\"Fatou\" \/>\n\t<meta name=\"twitter:label2\" content=\"Dur\u00e9e de lecture estim\u00e9e\" \/>\n\t<meta name=\"twitter:data2\" content=\"3 minutes\" \/>\n<script type=\"application\/ld+json\" class=\"yoast-schema-graph\">{\"@context\":\"https:\/\/schema.org\",\"@graph\":[{\"@type\":\"WebSite\",\"@id\":\"https:\/\/www.nettali.com\/#website\",\"url\":\"https:\/\/www.nettali.com\/\",\"name\":\"Nettali.com\",\"description\":\"Le rendez-vous critique du Net\",\"potentialAction\":[{\"@type\":\"SearchAction\",\"target\":{\"@type\":\"EntryPoint\",\"urlTemplate\":\"https:\/\/www.nettali.com\/?s={search_term_string}\"},\"query-input\":\"required name=search_term_string\"}],\"inLanguage\":\"fr-FR\"},{\"@type\":\"ImageObject\",\"@id\":\"https:\/\/www.nettali.com\/2026\/01\/08\/regulation-des-medias-lappel-salue-la-creation-du-cnrm-mais-deplore-labsence-dinclusion-a-methode\/#primaryimage\",\"inLanguage\":\"fr-FR\",\"url\":\"https:\/\/www.nettali.com\/wp-content\/uploads\/2025\/11\/Ibrahima-Lissa-Faye.jpg\",\"contentUrl\":\"https:\/\/www.nettali.com\/wp-content\/uploads\/2025\/11\/Ibrahima-Lissa-Faye.jpg\",\"width\":1080,\"height\":720},{\"@type\":\"WebPage\",\"@id\":\"https:\/\/www.nettali.com\/2026\/01\/08\/regulation-des-medias-lappel-salue-la-creation-du-cnrm-mais-deplore-labsence-dinclusion-a-methode\/#webpage\",\"url\":\"https:\/\/www.nettali.com\/2026\/01\/08\/regulation-des-medias-lappel-salue-la-creation-du-cnrm-mais-deplore-labsence-dinclusion-a-methode\/\",\"name\":\"REGULATION DES MEDIAS- L'Appel salue la cr\\u00e9ation du Cnrm, mais d\\u00e9plore l'absence d'inclusion et la m\\u00e9thode | Nettali.com\",\"isPartOf\":{\"@id\":\"https:\/\/www.nettali.com\/#website\"},\"primaryImageOfPage\":{\"@id\":\"https:\/\/www.nettali.com\/2026\/01\/08\/regulation-des-medias-lappel-salue-la-creation-du-cnrm-mais-deplore-labsence-dinclusion-a-methode\/#primaryimage\"},\"datePublished\":\"2026-01-08T21:51:35+00:00\",\"dateModified\":\"2026-01-09T07:24:22+00:00\",\"author\":{\"@id\":\"https:\/\/www.nettali.com\/#\/schema\/person\/418274a86bdf87caff7a3ef476bd0bbf\"},\"breadcrumb\":{\"@id\":\"https:\/\/www.nettali.com\/2026\/01\/08\/regulation-des-medias-lappel-salue-la-creation-du-cnrm-mais-deplore-labsence-dinclusion-a-methode\/#breadcrumb\"},\"inLanguage\":\"fr-FR\",\"potentialAction\":[{\"@type\":\"ReadAction\",\"target\":[\"https:\/\/www.nettali.com\/2026\/01\/08\/regulation-des-medias-lappel-salue-la-creation-du-cnrm-mais-deplore-labsence-dinclusion-a-methode\/\"]}]},{\"@type\":\"BreadcrumbList\",\"@id\":\"https:\/\/www.nettali.com\/2026\/01\/08\/regulation-des-medias-lappel-salue-la-creation-du-cnrm-mais-deplore-labsence-dinclusion-a-methode\/#breadcrumb\",\"itemListElement\":[{\"@type\":\"ListItem\",\"position\":1,\"name\":\"Accueil\",\"item\":\"https:\/\/www.nettali.com\/\"},{\"@type\":\"ListItem\",\"position\":2,\"name\":\"REGULATION DES MEDIAS- L'Appel salue la cr\\u00e9ation du Cnrm, mais d\\u00e9plore l'absence d'inclusion et la m\\u00e9thode\"}]},{\"@type\":\"Person\",\"@id\":\"https:\/\/www.nettali.com\/#\/schema\/person\/418274a86bdf87caff7a3ef476bd0bbf\",\"name\":\"Fatou\",\"image\":{\"@type\":\"ImageObject\",\"@id\":\"https:\/\/www.nettali.com\/#personlogo\",\"inLanguage\":\"fr-FR\",\"url\":\"https:\/\/secure.gravatar.com\/avatar\/5a9442a2bee7b4dcf167cab035858e9a?s=96&d=mm&r=g\",\"contentUrl\":\"https:\/\/secure.gravatar.com\/avatar\/5a9442a2bee7b4dcf167cab035858e9a?s=96&d=mm&r=g\",\"caption\":\"Fatou\"},\"sameAs\":[\"https:\/\/www.nettali.com\"]}]}<\/script>\n<!-- \/ Yoast SEO Premium plugin. -->","yoast_head_json":{"title":"REGULATION DES MEDIAS- L'Appel salue la cr\u00e9ation du Cnrm, mais d\u00e9plore l'absence d'inclusion et la m\u00e9thode | Nettali.com","robots":{"index":"index","follow":"follow","max-snippet":"max-snippet:-1","max-image-preview":"max-image-preview:large","max-video-preview":"max-video-preview:-1"},"canonical":"https:\/\/www.nettali.com\/2026\/01\/08\/regulation-des-medias-lappel-salue-la-creation-du-cnrm-mais-deplore-labsence-dinclusion-a-methode\/","og_locale":"fr_FR","og_type":"article","og_title":"REGULATION DES MEDIAS- L'Appel salue la cr\u00e9ation du Cnrm, mais d\u00e9plore l'absence d'inclusion et la m\u00e9thode","og_description":"NETTALI.COM- L'Association des \u00e9diteurs et professionnels de la presse en ligne (APPEL) a pris acte de l'adoption du projet de loi cr\u00e9ant le Conseil National de R\u00e9gulation des M\u00e9dias (CNRM) qui doit remplacer le Cnra. Si l'organisation salue le principe d'une r\u00e9gulation transversale, elle d\u00e9nonce l'absence d'implication des acteurs du secteur dans la r\u00e9daction du [&hellip;]","og_url":"https:\/\/www.nettali.com\/2026\/01\/08\/regulation-des-medias-lappel-salue-la-creation-du-cnrm-mais-deplore-labsence-dinclusion-a-methode\/","og_site_name":"Nettali.com","article_publisher":"https:\/\/www.facebook.com\/nettalicom","article_published_time":"2026-01-08T21:51:35+00:00","article_modified_time":"2026-01-09T07:24:22+00:00","og_image":[{"width":1080,"height":720,"url":"https:\/\/www.nettali.com\/wp-content\/uploads\/2025\/11\/Ibrahima-Lissa-Faye.jpg","type":"image\/jpeg"}],"twitter_card":"summary_large_image","twitter_misc":{"\u00c9crit par":"Fatou","Dur\u00e9e de lecture estim\u00e9e":"3 minutes"},"schema":{"@context":"https:\/\/schema.org","@graph":[{"@type":"WebSite","@id":"https:\/\/www.nettali.com\/#website","url":"https:\/\/www.nettali.com\/","name":"Nettali.com","description":"Le rendez-vous critique du Net","potentialAction":[{"@type":"SearchAction","target":{"@type":"EntryPoint","urlTemplate":"https:\/\/www.nettali.com\/?s={search_term_string}"},"query-input":"required name=search_term_string"}],"inLanguage":"fr-FR"},{"@type":"ImageObject","@id":"https:\/\/www.nettali.com\/2026\/01\/08\/regulation-des-medias-lappel-salue-la-creation-du-cnrm-mais-deplore-labsence-dinclusion-a-methode\/#primaryimage","inLanguage":"fr-FR","url":"https:\/\/www.nettali.com\/wp-content\/uploads\/2025\/11\/Ibrahima-Lissa-Faye.jpg","contentUrl":"https:\/\/www.nettali.com\/wp-content\/uploads\/2025\/11\/Ibrahima-Lissa-Faye.jpg","width":1080,"height":720},{"@type":"WebPage","@id":"https:\/\/www.nettali.com\/2026\/01\/08\/regulation-des-medias-lappel-salue-la-creation-du-cnrm-mais-deplore-labsence-dinclusion-a-methode\/#webpage","url":"https:\/\/www.nettali.com\/2026\/01\/08\/regulation-des-medias-lappel-salue-la-creation-du-cnrm-mais-deplore-labsence-dinclusion-a-methode\/","name":"REGULATION DES MEDIAS- L'Appel salue la cr\u00e9ation du Cnrm, mais d\u00e9plore l'absence d'inclusion et la m\u00e9thode | Nettali.com","isPartOf":{"@id":"https:\/\/www.nettali.com\/#website"},"primaryImageOfPage":{"@id":"https:\/\/www.nettali.com\/2026\/01\/08\/regulation-des-medias-lappel-salue-la-creation-du-cnrm-mais-deplore-labsence-dinclusion-a-methode\/#primaryimage"},"datePublished":"2026-01-08T21:51:35+00:00","dateModified":"2026-01-09T07:24:22+00:00","author":{"@id":"https:\/\/www.nettali.com\/#\/schema\/person\/418274a86bdf87caff7a3ef476bd0bbf"},"breadcrumb":{"@id":"https:\/\/www.nettali.com\/2026\/01\/08\/regulation-des-medias-lappel-salue-la-creation-du-cnrm-mais-deplore-labsence-dinclusion-a-methode\/#breadcrumb"},"inLanguage":"fr-FR","potentialAction":[{"@type":"ReadAction","target":["https:\/\/www.nettali.com\/2026\/01\/08\/regulation-des-medias-lappel-salue-la-creation-du-cnrm-mais-deplore-labsence-dinclusion-a-methode\/"]}]},{"@type":"BreadcrumbList","@id":"https:\/\/www.nettali.com\/2026\/01\/08\/regulation-des-medias-lappel-salue-la-creation-du-cnrm-mais-deplore-labsence-dinclusion-a-methode\/#breadcrumb","itemListElement":[{"@type":"ListItem","position":1,"name":"Accueil","item":"https:\/\/www.nettali.com\/"},{"@type":"ListItem","position":2,"name":"REGULATION DES MEDIAS- L'Appel salue la cr\u00e9ation du Cnrm, mais d\u00e9plore l'absence d'inclusion et la m\u00e9thode"}]},{"@type":"Person","@id":"https:\/\/www.nettali.com\/#\/schema\/person\/418274a86bdf87caff7a3ef476bd0bbf","name":"Fatou","image":{"@type":"ImageObject","@id":"https:\/\/www.nettali.com\/#personlogo","inLanguage":"fr-FR","url":"https:\/\/secure.gravatar.com\/avatar\/5a9442a2bee7b4dcf167cab035858e9a?s=96&d=mm&r=g","contentUrl":"https:\/\/secure.gravatar.com\/avatar\/5a9442a2bee7b4dcf167cab035858e9a?s=96&d=mm&r=g","caption":"Fatou"},"sameAs":["https:\/\/www.nettali.com"]}]}},"_links":{"self":[{"href":"https:\/\/www.nettali.com\/rest\/wp\/v2\/posts\/167669"}],"collection":[{"href":"https:\/\/www.nettali.com\/rest\/wp\/v2\/posts"}],"about":[{"href":"https:\/\/www.nettali.com\/rest\/wp\/v2\/types\/post"}],"author":[{"embeddable":true,"href":"https:\/\/www.nettali.com\/rest\/wp\/v2\/users\/6"}],"replies":[{"embeddable":true,"href":"https:\/\/www.nettali.com\/rest\/wp\/v2\/comments?post=167669"}],"version-history":[{"count":3,"href":"https:\/\/www.nettali.com\/rest\/wp\/v2\/posts\/167669\/revisions"}],"predecessor-version":[{"id":167698,"href":"https:\/\/www.nettali.com\/rest\/wp\/v2\/posts\/167669\/revisions\/167698"}],"wp:featuredmedia":[{"embeddable":true,"href":"https:\/\/www.nettali.com\/rest\/wp\/v2\/media\/164058"}],"wp:attachment":[{"href":"https:\/\/www.nettali.com\/rest\/wp\/v2\/media?parent=167669"}],"wp:term":[{"taxonomy":"category","embeddable":true,"href":"https:\/\/www.nettali.com\/rest\/wp\/v2\/categories?post=167669"},{"taxonomy":"post_tag","embeddable":true,"href":"https:\/\/www.nettali.com\/rest\/wp\/v2\/tags?post=167669"}],"curies":[{"name":"wp","href":"https:\/\/api.w.org\/{rel}","templated":true}]}}