{"id":167662,"date":"2026-01-08T12:28:04","date_gmt":"2026-01-08T12:28:04","guid":{"rendered":"https:\/\/www.nettali.com\/?p=167662"},"modified":"2026-01-08T09:35:07","modified_gmt":"2026-01-08T09:35:07","slug":"reforme-constitutionnelle-annoncee-par-le-pr-referendum-rek-met-en-garde","status":"publish","type":"post","link":"https:\/\/www.nettali.com\/2026\/01\/08\/reforme-constitutionnelle-annoncee-par-le-pr-referendum-rek-met-en-garde\/","title":{"rendered":"R\u00c9FORME CONSTITUTIONNELLE ANNONC\u00c9E PAR LE PR - \"R\u00e9f\u00e9rendum Rek\" met en garde"},"content":{"rendered":"<p><strong>NETTALI.COM - Port\u00e9e par plusieurs organisations citoyennes, la plateforme \u201cR\u00e9f\u00e9rendum Rek\u201d entend faire du respect de la souverainet\u00e9 populaire une ligne rouge. Pour ses initiateurs, la Constitution ne peut \u00eatre r\u00e9vis\u00e9e qu\u2019avec l\u2019aval direct des S\u00e9n\u00e9galais. Ils appellent les forces vives \u00e0 se mobiliser pour emp\u00eacher toute modification sans consultation nationale.<\/strong><\/p>\n<p>\u00c0 la suite du discours \u00e0 la Nation du 31 d\u00e9cembre 2025, au cours duquel le pr\u00e9sident Bassirou Diomaye Diakhar Faye a annonc\u00e9 son intention d\u2019engager une r\u00e9forme constitutionnelle par voie parlementaire, plusieurs organisations citoyennes ont d\u00e9cid\u00e9 de se regrouper au sein d\u2019une nouvelle plateforme baptis\u00e9e \u201cR\u00e9f\u00e9rendum Rek \u2013 Touche pas \u00e0 notre Constitution\u201d.<\/p>\n<p>En effet, il s\u2019agit des mouvements Rappel \u00e0 l\u2019Ordre, Front de R\u00e9sistance de la diaspora s\u00e9n\u00e9galaise (FRDS), Rassemblement des travailleurs (RTS) et le Mouvement des S\u00e9n\u00e9galais d\u00e9mocrates (MSD). Ils affirment, dans un communiqu\u00e9 conjoint parvenu \u00e0 \"Nettali.com\", que leur d\u00e9marche n\u2019est pas fortuite. Ainsi, arguent-ils, \u201c<em>cette initiative vise \u00e0 remettre la d\u00e9cision sur les r\u00e9formes constitutionnelles entre les mains du peuple s\u00e9n\u00e9galais, seul d\u00e9tenteur de la souverainet\u00e9 nationale<\/em>\u201d.<\/p>\n<p>Pour les signataires, la Loi fondamentale ne peut faire l\u2019objet d\u2019une r\u00e9vision port\u00e9e uniquement par la majorit\u00e9 parlementaire. \u201c<em>La Constitution est le socle de la R\u00e9publique. Elle n\u2019appartient ni \u00e0 un gouvernement, ni \u00e0 une majorit\u00e9 politique conjoncturelle, encore moins \u00e0 une Assembl\u00e9e nationale partisane. Elle appartient exclusivement au peuple s\u00e9n\u00e9galais<\/em>\u201d, soulignent-ils.<\/p>\n<p>Ils estiment, d\u00e8s lors, que toute r\u00e9forme majeure doit imp\u00e9rativement passer par r\u00e9f\u00e9rendum. \u201c<em>Toute tentative de modification par un passage en force parlementaire constituerait une remise en cause grave de l\u2019esprit r\u00e9publicain, de l\u2019\u00c9tat de droit et du pacte d\u00e9mocratique<\/em>\u201d, pr\u00e9viennentils.<\/p>\n<p>Tout en rappelant les recommandations issues des Assises de la justice qui portent, selon eux, sur des r\u00e9formes \u201c<em>profondes et structurantes<\/em>\u201d, ils soulignent que ces transformations ne sauraient \u00eatre d\u00e9cid\u00e9es sans l\u2019expression directe du peuple. Dans cette perspective, la plateforme \u00e9nonce trois lignes rouges : \u201c<em>Pas de r\u00e9vision constitutionnelle sans r\u00e9f\u00e9rendum<\/em>\u201d ; \u201c<em>Pas de confiscation de la souverainet\u00e9 populaire<\/em>\u201d ; \u201c<em>Pas de coup de force institutionnel<\/em>\u201d.<\/p>\n<p>Les initiateurs lancent un appel large aux acteurs politiques et sociaux : opposition, soci\u00e9t\u00e9 civile, journalistes, universitaires, syndicats, leaders religieux et coutumiers, afin de \u201c<em>faire bloc<\/em>\u201d autour de la plateforme. \u201c<em>Au-del\u00e0 des divergences politiques et des appartenances partisanes, il s\u2019agit de d\u00e9fendre un principe fondamental : le droit inali\u00e9nable du peuple s\u00e9n\u00e9galais \u00e0 d\u00e9cider souverainement de l\u2019avenir de sa Constitution<\/em>\u201d, \u00e9crivent-ils, avant de pr\u00e9venir : \u201c<em>l\u2019heure n\u2019est ni aux calculs politiciens ni aux silences complices. L\u2019histoire jugera chacun \u00e0 l\u2019aune de son engagement pour la d\u00e9mocratie.<\/em>\u201d<\/p>\n<div class='share-to-whatsapp-wrapper'><div class='share-on-whsp'>PARTAGER SUR : <\/div><a data-text='R\u00c9FORME CONSTITUTIONNELLE ANNONC\u00c9E PAR LE PR - \"R\u00e9f\u00e9rendum Rek\" met en garde' data-link='https:\/\/www.nettali.com\/2026\/01\/08\/reforme-constitutionnelle-annoncee-par-le-pr-referendum-rek-met-en-garde\/' class='whatsapp-button whatsapp-share'>WhatsApp<\/a><div class='clear '><\/div><\/div>","protected":false},"excerpt":{"rendered":"<p>NETTALI.COM - Port\u00e9e par plusieurs organisations citoyennes, la plateforme \u201cR\u00e9f\u00e9rendum Rek\u201d entend faire du respect de la souverainet\u00e9 populaire une ligne rouge. Pour ses initiateurs, la Constitution ne peut \u00eatre r\u00e9vis\u00e9e qu\u2019avec l\u2019aval direct des S\u00e9n\u00e9galais. Ils appellent les forces vives \u00e0 se mobiliser pour emp\u00eacher toute modification sans consultation nationale. \u00c0 la suite du [&hellip;]<\/p>\n","protected":false},"author":2,"featured_media":167663,"comment_status":"open","ping_status":"open","sticky":false,"template":"","format":"standard","meta":{"_et_pb_use_builder":"","_et_pb_old_content":""},"categories":[2],"tags":[],"yoast_head":"<!-- This site is optimized with the Yoast SEO Premium plugin v17.8 (Yoast SEO v17.8) - https:\/\/yoast.com\/wordpress\/plugins\/seo\/ -->\n<title>R\u00c9FORME CONSTITUTIONNELLE ANNONC\u00c9E PAR LE PR - &quot;R\u00e9f\u00e9rendum Rek&quot; met en garde | Nettali.com<\/title>\n<meta name=\"robots\" content=\"index, follow, max-snippet:-1, max-image-preview:large, max-video-preview:-1\" \/>\n<link rel=\"canonical\" href=\"https:\/\/www.nettali.com\/2026\/01\/08\/reforme-constitutionnelle-annoncee-par-le-pr-referendum-rek-met-en-garde\/\" \/>\n<meta property=\"og:locale\" content=\"fr_FR\" \/>\n<meta property=\"og:type\" content=\"article\" \/>\n<meta property=\"og:title\" content=\"R\u00c9FORME CONSTITUTIONNELLE ANNONC\u00c9E PAR LE PR - &quot;R\u00e9f\u00e9rendum Rek&quot; met en garde\" \/>\n<meta property=\"og:description\" content=\"NETTALI.COM - Port\u00e9e par plusieurs organisations citoyennes, la plateforme \u201cR\u00e9f\u00e9rendum Rek\u201d entend faire du respect de la souverainet\u00e9 populaire une ligne rouge. Pour ses initiateurs, la Constitution ne peut \u00eatre r\u00e9vis\u00e9e qu\u2019avec l\u2019aval direct des S\u00e9n\u00e9galais. Ils appellent les forces vives \u00e0 se mobiliser pour emp\u00eacher toute modification sans consultation nationale. \u00c0 la suite du [&hellip;]\" \/>\n<meta property=\"og:url\" content=\"https:\/\/www.nettali.com\/2026\/01\/08\/reforme-constitutionnelle-annoncee-par-le-pr-referendum-rek-met-en-garde\/\" \/>\n<meta property=\"og:site_name\" content=\"Nettali.com\" \/>\n<meta property=\"article:publisher\" content=\"https:\/\/www.facebook.com\/nettalicom\" \/>\n<meta property=\"article:published_time\" content=\"2026-01-08T12:28:04+00:00\" \/>\n<meta property=\"article:modified_time\" content=\"2026-01-08T09:35:07+00:00\" \/>\n<meta property=\"og:image\" content=\"https:\/\/www.nettali.com\/wp-content\/uploads\/2026\/01\/Rappel-a-lOrdre.jpg\" \/>\n\t<meta property=\"og:image:width\" content=\"1200\" \/>\n\t<meta property=\"og:image:height\" content=\"848\" \/>\n<meta name=\"twitter:card\" content=\"summary_large_image\" \/>\n<meta name=\"twitter:label1\" content=\"\u00c9crit par\" \/>\n\t<meta name=\"twitter:data1\" content=\"CK\" \/>\n\t<meta name=\"twitter:label2\" content=\"Dur\u00e9e de lecture estim\u00e9e\" \/>\n\t<meta name=\"twitter:data2\" content=\"2 minutes\" \/>\n<script type=\"application\/ld+json\" class=\"yoast-schema-graph\">{\"@context\":\"https:\/\/schema.org\",\"@graph\":[{\"@type\":\"WebSite\",\"@id\":\"https:\/\/www.nettali.com\/#website\",\"url\":\"https:\/\/www.nettali.com\/\",\"name\":\"Nettali.com\",\"description\":\"Le rendez-vous critique du Net\",\"potentialAction\":[{\"@type\":\"SearchAction\",\"target\":{\"@type\":\"EntryPoint\",\"urlTemplate\":\"https:\/\/www.nettali.com\/?s={search_term_string}\"},\"query-input\":\"required name=search_term_string\"}],\"inLanguage\":\"fr-FR\"},{\"@type\":\"ImageObject\",\"@id\":\"https:\/\/www.nettali.com\/2026\/01\/08\/reforme-constitutionnelle-annoncee-par-le-pr-referendum-rek-met-en-garde\/#primaryimage\",\"inLanguage\":\"fr-FR\",\"url\":\"https:\/\/www.nettali.com\/wp-content\/uploads\/2026\/01\/Rappel-a-lOrdre.jpg\",\"contentUrl\":\"https:\/\/www.nettali.com\/wp-content\/uploads\/2026\/01\/Rappel-a-lOrdre.jpg\",\"width\":1200,\"height\":848},{\"@type\":\"WebPage\",\"@id\":\"https:\/\/www.nettali.com\/2026\/01\/08\/reforme-constitutionnelle-annoncee-par-le-pr-referendum-rek-met-en-garde\/#webpage\",\"url\":\"https:\/\/www.nettali.com\/2026\/01\/08\/reforme-constitutionnelle-annoncee-par-le-pr-referendum-rek-met-en-garde\/\",\"name\":\"R\\u00c9FORME CONSTITUTIONNELLE ANNONC\\u00c9E PAR LE PR - \\\"R\\u00e9f\\u00e9rendum Rek\\\" met en garde | Nettali.com\",\"isPartOf\":{\"@id\":\"https:\/\/www.nettali.com\/#website\"},\"primaryImageOfPage\":{\"@id\":\"https:\/\/www.nettali.com\/2026\/01\/08\/reforme-constitutionnelle-annoncee-par-le-pr-referendum-rek-met-en-garde\/#primaryimage\"},\"datePublished\":\"2026-01-08T12:28:04+00:00\",\"dateModified\":\"2026-01-08T09:35:07+00:00\",\"author\":{\"@id\":\"https:\/\/www.nettali.com\/#\/schema\/person\/d8ac7b7e27ddad43f1c0d2ef090d7f71\"},\"breadcrumb\":{\"@id\":\"https:\/\/www.nettali.com\/2026\/01\/08\/reforme-constitutionnelle-annoncee-par-le-pr-referendum-rek-met-en-garde\/#breadcrumb\"},\"inLanguage\":\"fr-FR\",\"potentialAction\":[{\"@type\":\"ReadAction\",\"target\":[\"https:\/\/www.nettali.com\/2026\/01\/08\/reforme-constitutionnelle-annoncee-par-le-pr-referendum-rek-met-en-garde\/\"]}]},{\"@type\":\"BreadcrumbList\",\"@id\":\"https:\/\/www.nettali.com\/2026\/01\/08\/reforme-constitutionnelle-annoncee-par-le-pr-referendum-rek-met-en-garde\/#breadcrumb\",\"itemListElement\":[{\"@type\":\"ListItem\",\"position\":1,\"name\":\"Accueil\",\"item\":\"https:\/\/www.nettali.com\/\"},{\"@type\":\"ListItem\",\"position\":2,\"name\":\"R\\u00c9FORME CONSTITUTIONNELLE ANNONC\\u00c9E PAR LE PR - \\\"R\\u00e9f\\u00e9rendum Rek\\\" met en garde\"}]},{\"@type\":\"Person\",\"@id\":\"https:\/\/www.nettali.com\/#\/schema\/person\/d8ac7b7e27ddad43f1c0d2ef090d7f71\",\"name\":\"CK\",\"image\":{\"@type\":\"ImageObject\",\"@id\":\"https:\/\/www.nettali.com\/#personlogo\",\"inLanguage\":\"fr-FR\",\"url\":\"https:\/\/secure.gravatar.com\/avatar\/1d8d5118b9327d94da7cd4ce7f17fec2?s=96&d=mm&r=g\",\"contentUrl\":\"https:\/\/secure.gravatar.com\/avatar\/1d8d5118b9327d94da7cd4ce7f17fec2?s=96&d=mm&r=g\",\"caption\":\"CK\"},\"sameAs\":[\"https:\/\/www.nettali.com\"]}]}<\/script>\n<!-- \/ Yoast SEO Premium plugin. -->","yoast_head_json":{"title":"R\u00c9FORME CONSTITUTIONNELLE ANNONC\u00c9E PAR LE PR - \"R\u00e9f\u00e9rendum Rek\" met en garde | Nettali.com","robots":{"index":"index","follow":"follow","max-snippet":"max-snippet:-1","max-image-preview":"max-image-preview:large","max-video-preview":"max-video-preview:-1"},"canonical":"https:\/\/www.nettali.com\/2026\/01\/08\/reforme-constitutionnelle-annoncee-par-le-pr-referendum-rek-met-en-garde\/","og_locale":"fr_FR","og_type":"article","og_title":"R\u00c9FORME CONSTITUTIONNELLE ANNONC\u00c9E PAR LE PR - \"R\u00e9f\u00e9rendum Rek\" met en garde","og_description":"NETTALI.COM - Port\u00e9e par plusieurs organisations citoyennes, la plateforme \u201cR\u00e9f\u00e9rendum Rek\u201d entend faire du respect de la souverainet\u00e9 populaire une ligne rouge. Pour ses initiateurs, la Constitution ne peut \u00eatre r\u00e9vis\u00e9e qu\u2019avec l\u2019aval direct des S\u00e9n\u00e9galais. Ils appellent les forces vives \u00e0 se mobiliser pour emp\u00eacher toute modification sans consultation nationale. \u00c0 la suite du [&hellip;]","og_url":"https:\/\/www.nettali.com\/2026\/01\/08\/reforme-constitutionnelle-annoncee-par-le-pr-referendum-rek-met-en-garde\/","og_site_name":"Nettali.com","article_publisher":"https:\/\/www.facebook.com\/nettalicom","article_published_time":"2026-01-08T12:28:04+00:00","article_modified_time":"2026-01-08T09:35:07+00:00","og_image":[{"width":1200,"height":848,"url":"https:\/\/www.nettali.com\/wp-content\/uploads\/2026\/01\/Rappel-a-lOrdre.jpg","type":"image\/jpeg"}],"twitter_card":"summary_large_image","twitter_misc":{"\u00c9crit par":"CK","Dur\u00e9e de lecture estim\u00e9e":"2 minutes"},"schema":{"@context":"https:\/\/schema.org","@graph":[{"@type":"WebSite","@id":"https:\/\/www.nettali.com\/#website","url":"https:\/\/www.nettali.com\/","name":"Nettali.com","description":"Le rendez-vous critique du Net","potentialAction":[{"@type":"SearchAction","target":{"@type":"EntryPoint","urlTemplate":"https:\/\/www.nettali.com\/?s={search_term_string}"},"query-input":"required name=search_term_string"}],"inLanguage":"fr-FR"},{"@type":"ImageObject","@id":"https:\/\/www.nettali.com\/2026\/01\/08\/reforme-constitutionnelle-annoncee-par-le-pr-referendum-rek-met-en-garde\/#primaryimage","inLanguage":"fr-FR","url":"https:\/\/www.nettali.com\/wp-content\/uploads\/2026\/01\/Rappel-a-lOrdre.jpg","contentUrl":"https:\/\/www.nettali.com\/wp-content\/uploads\/2026\/01\/Rappel-a-lOrdre.jpg","width":1200,"height":848},{"@type":"WebPage","@id":"https:\/\/www.nettali.com\/2026\/01\/08\/reforme-constitutionnelle-annoncee-par-le-pr-referendum-rek-met-en-garde\/#webpage","url":"https:\/\/www.nettali.com\/2026\/01\/08\/reforme-constitutionnelle-annoncee-par-le-pr-referendum-rek-met-en-garde\/","name":"R\u00c9FORME CONSTITUTIONNELLE ANNONC\u00c9E PAR LE PR - \"R\u00e9f\u00e9rendum Rek\" met en garde | Nettali.com","isPartOf":{"@id":"https:\/\/www.nettali.com\/#website"},"primaryImageOfPage":{"@id":"https:\/\/www.nettali.com\/2026\/01\/08\/reforme-constitutionnelle-annoncee-par-le-pr-referendum-rek-met-en-garde\/#primaryimage"},"datePublished":"2026-01-08T12:28:04+00:00","dateModified":"2026-01-08T09:35:07+00:00","author":{"@id":"https:\/\/www.nettali.com\/#\/schema\/person\/d8ac7b7e27ddad43f1c0d2ef090d7f71"},"breadcrumb":{"@id":"https:\/\/www.nettali.com\/2026\/01\/08\/reforme-constitutionnelle-annoncee-par-le-pr-referendum-rek-met-en-garde\/#breadcrumb"},"inLanguage":"fr-FR","potentialAction":[{"@type":"ReadAction","target":["https:\/\/www.nettali.com\/2026\/01\/08\/reforme-constitutionnelle-annoncee-par-le-pr-referendum-rek-met-en-garde\/"]}]},{"@type":"BreadcrumbList","@id":"https:\/\/www.nettali.com\/2026\/01\/08\/reforme-constitutionnelle-annoncee-par-le-pr-referendum-rek-met-en-garde\/#breadcrumb","itemListElement":[{"@type":"ListItem","position":1,"name":"Accueil","item":"https:\/\/www.nettali.com\/"},{"@type":"ListItem","position":2,"name":"R\u00c9FORME CONSTITUTIONNELLE ANNONC\u00c9E PAR LE PR - \"R\u00e9f\u00e9rendum Rek\" met en garde"}]},{"@type":"Person","@id":"https:\/\/www.nettali.com\/#\/schema\/person\/d8ac7b7e27ddad43f1c0d2ef090d7f71","name":"CK","image":{"@type":"ImageObject","@id":"https:\/\/www.nettali.com\/#personlogo","inLanguage":"fr-FR","url":"https:\/\/secure.gravatar.com\/avatar\/1d8d5118b9327d94da7cd4ce7f17fec2?s=96&d=mm&r=g","contentUrl":"https:\/\/secure.gravatar.com\/avatar\/1d8d5118b9327d94da7cd4ce7f17fec2?s=96&d=mm&r=g","caption":"CK"},"sameAs":["https:\/\/www.nettali.com"]}]}},"_links":{"self":[{"href":"https:\/\/www.nettali.com\/rest\/wp\/v2\/posts\/167662"}],"collection":[{"href":"https:\/\/www.nettali.com\/rest\/wp\/v2\/posts"}],"about":[{"href":"https:\/\/www.nettali.com\/rest\/wp\/v2\/types\/post"}],"author":[{"embeddable":true,"href":"https:\/\/www.nettali.com\/rest\/wp\/v2\/users\/2"}],"replies":[{"embeddable":true,"href":"https:\/\/www.nettali.com\/rest\/wp\/v2\/comments?post=167662"}],"version-history":[{"count":1,"href":"https:\/\/www.nettali.com\/rest\/wp\/v2\/posts\/167662\/revisions"}],"predecessor-version":[{"id":167664,"href":"https:\/\/www.nettali.com\/rest\/wp\/v2\/posts\/167662\/revisions\/167664"}],"wp:featuredmedia":[{"embeddable":true,"href":"https:\/\/www.nettali.com\/rest\/wp\/v2\/media\/167663"}],"wp:attachment":[{"href":"https:\/\/www.nettali.com\/rest\/wp\/v2\/media?parent=167662"}],"wp:term":[{"taxonomy":"category","embeddable":true,"href":"https:\/\/www.nettali.com\/rest\/wp\/v2\/categories?post=167662"},{"taxonomy":"post_tag","embeddable":true,"href":"https:\/\/www.nettali.com\/rest\/wp\/v2\/tags?post=167662"}],"curies":[{"name":"wp","href":"https:\/\/api.w.org\/{rel}","templated":true}]}}