{"id":167659,"date":"2026-01-08T14:03:40","date_gmt":"2026-01-08T14:03:40","guid":{"rendered":"https:\/\/www.nettali.com\/?p=167659"},"modified":"2026-01-08T14:57:56","modified_gmt":"2026-01-08T14:57:56","slug":"pape-thiaw-ce-nest-pas-une-guerre-ma-mere-est-malienne","status":"publish","type":"post","link":"https:\/\/www.nettali.com\/2026\/01\/08\/pape-thiaw-ce-nest-pas-une-guerre-ma-mere-est-malienne\/","title":{"rendered":"PAPE THIAW - \"Ce n'est pas une guerre, ma m\u00e8re est Malienne\""},"content":{"rendered":"<p><strong>NETTALI.COM - Le s\u00e9lectionneur du Mali, Tom Saintfiet, a parl\u00e9 de \"<em>guerre<\/em>\" au moment de qualifier le huiti\u00e8me de finale de CAN 2025 contre le S\u00e9n\u00e9gal, ce vendredi, au stade Ibn Batouta de Tanger. Plus mod\u00e9r\u00e9, Pape Thiaw refuse d\u2019entrer dans ce jeu de mots.<\/strong><\/p>\n<p>\"<em>Pour moi c\u2019est un match de foot, et non une guerre. Ici, vu le voisinage, soit on a des parents maliens, vice-versa. Je pense pas qu\u2019on puisse parler de guerre. Je pense que nous tous, assis ici, si on n\u2019a pas de parents maliens, ou bien les Maliens n\u2019ont pas de parents s\u00e9n\u00e9galais, ils ont un voisin malien. Je ne peux pas choisir du c\u00f4t\u00e9 de mon p\u00e8re (s\u00e9n\u00e9galais) ou de ma m\u00e8re (malienne). Ce n\u2019est pas possible. Donc ce n\u2019est pas une guerre. On reste dans le cadre du football. On essaye juste de mettre en place quelque chose et j\u2019esp\u00e8re que cela va marcher<\/em>\", a dit le coach des Lions aujourd\u2019hui en conf\u00e9rence de presse.<\/p>\n<p>A noter que le premier quart de finale de cette 35\u00e8me \u00e9dition de la grand-messe du football va opposer le S\u00e9n\u00e9gal au Mali. Un derby pr\u00e9vu \u00e0 16h GMT, \u00e0 Tanger le camp de base de la bande \u00e0 Sadio Man\u00e9.<\/p>\n<div class='share-to-whatsapp-wrapper'><div class='share-on-whsp'>PARTAGER SUR : <\/div><a data-text='PAPE THIAW - \"Ce n'est pas une guerre, ma m\u00e8re est Malienne\"' data-link='https:\/\/www.nettali.com\/2026\/01\/08\/pape-thiaw-ce-nest-pas-une-guerre-ma-mere-est-malienne\/' class='whatsapp-button whatsapp-share'>WhatsApp<\/a><div class='clear '><\/div><\/div>","protected":false},"excerpt":{"rendered":"<p>NETTALI.COM - Le s\u00e9lectionneur du Mali, Tom Saintfiet, a parl\u00e9 de \"guerre\" au moment de qualifier le huiti\u00e8me de finale de CAN 2025 contre le S\u00e9n\u00e9gal, ce vendredi, au stade Ibn Batouta de Tanger. Plus mod\u00e9r\u00e9, Pape Thiaw refuse d\u2019entrer dans ce jeu de mots. \"Pour moi c\u2019est un match de foot, et non une [&hellip;]<\/p>\n","protected":false},"author":5,"featured_media":167670,"comment_status":"open","ping_status":"open","sticky":false,"template":"","format":"standard","meta":{"_et_pb_use_builder":"","_et_pb_old_content":""},"categories":[6],"tags":[],"yoast_head":"<!-- This site is optimized with the Yoast SEO Premium plugin v17.8 (Yoast SEO v17.8) - https:\/\/yoast.com\/wordpress\/plugins\/seo\/ -->\n<title>PAPE THIAW - &quot;Ce n&#039;est pas une guerre, ma m\u00e8re est Malienne&quot; | Nettali.com<\/title>\n<meta name=\"robots\" content=\"index, follow, max-snippet:-1, max-image-preview:large, max-video-preview:-1\" \/>\n<link rel=\"canonical\" href=\"https:\/\/www.nettali.com\/2026\/01\/08\/pape-thiaw-ce-nest-pas-une-guerre-ma-mere-est-malienne\/\" \/>\n<meta property=\"og:locale\" content=\"fr_FR\" \/>\n<meta property=\"og:type\" content=\"article\" \/>\n<meta property=\"og:title\" content=\"PAPE THIAW - &quot;Ce n&#039;est pas une guerre, ma m\u00e8re est Malienne&quot;\" \/>\n<meta property=\"og:description\" content=\"NETTALI.COM - Le s\u00e9lectionneur du Mali, Tom Saintfiet, a parl\u00e9 de &quot;guerre&quot; au moment de qualifier le huiti\u00e8me de finale de CAN 2025 contre le S\u00e9n\u00e9gal, ce vendredi, au stade Ibn Batouta de Tanger. Plus mod\u00e9r\u00e9, Pape Thiaw refuse d\u2019entrer dans ce jeu de mots. &quot;Pour moi c\u2019est un match de foot, et non une [&hellip;]\" \/>\n<meta property=\"og:url\" content=\"https:\/\/www.nettali.com\/2026\/01\/08\/pape-thiaw-ce-nest-pas-une-guerre-ma-mere-est-malienne\/\" \/>\n<meta property=\"og:site_name\" content=\"Nettali.com\" \/>\n<meta property=\"article:publisher\" content=\"https:\/\/www.facebook.com\/nettalicom\" \/>\n<meta property=\"article:published_time\" content=\"2026-01-08T14:03:40+00:00\" \/>\n<meta property=\"article:modified_time\" content=\"2026-01-08T14:57:56+00:00\" \/>\n<meta property=\"og:image\" content=\"https:\/\/www.nettali.com\/wp-content\/uploads\/2026\/01\/hq720-10.jpg\" \/>\n\t<meta property=\"og:image:width\" content=\"686\" \/>\n\t<meta property=\"og:image:height\" content=\"386\" \/>\n<meta name=\"twitter:card\" content=\"summary_large_image\" \/>\n<meta name=\"twitter:label1\" content=\"\u00c9crit par\" \/>\n\t<meta name=\"twitter:data1\" content=\"Ibrahima\" \/>\n\t<meta name=\"twitter:label2\" content=\"Dur\u00e9e de lecture estim\u00e9e\" \/>\n\t<meta name=\"twitter:data2\" content=\"2 minutes\" \/>\n<script type=\"application\/ld+json\" class=\"yoast-schema-graph\">{\"@context\":\"https:\/\/schema.org\",\"@graph\":[{\"@type\":\"WebSite\",\"@id\":\"https:\/\/www.nettali.com\/#website\",\"url\":\"https:\/\/www.nettali.com\/\",\"name\":\"Nettali.com\",\"description\":\"Le rendez-vous critique du Net\",\"potentialAction\":[{\"@type\":\"SearchAction\",\"target\":{\"@type\":\"EntryPoint\",\"urlTemplate\":\"https:\/\/www.nettali.com\/?s={search_term_string}\"},\"query-input\":\"required name=search_term_string\"}],\"inLanguage\":\"fr-FR\"},{\"@type\":\"ImageObject\",\"@id\":\"https:\/\/www.nettali.com\/2026\/01\/08\/pape-thiaw-ce-nest-pas-une-guerre-ma-mere-est-malienne\/#primaryimage\",\"inLanguage\":\"fr-FR\",\"url\":\"https:\/\/www.nettali.com\/wp-content\/uploads\/2026\/01\/hq720-10.jpg\",\"contentUrl\":\"https:\/\/www.nettali.com\/wp-content\/uploads\/2026\/01\/hq720-10.jpg\",\"width\":686,\"height\":386},{\"@type\":\"WebPage\",\"@id\":\"https:\/\/www.nettali.com\/2026\/01\/08\/pape-thiaw-ce-nest-pas-une-guerre-ma-mere-est-malienne\/#webpage\",\"url\":\"https:\/\/www.nettali.com\/2026\/01\/08\/pape-thiaw-ce-nest-pas-une-guerre-ma-mere-est-malienne\/\",\"name\":\"PAPE THIAW - \\\"Ce n'est pas une guerre, ma m\\u00e8re est Malienne\\\" | Nettali.com\",\"isPartOf\":{\"@id\":\"https:\/\/www.nettali.com\/#website\"},\"primaryImageOfPage\":{\"@id\":\"https:\/\/www.nettali.com\/2026\/01\/08\/pape-thiaw-ce-nest-pas-une-guerre-ma-mere-est-malienne\/#primaryimage\"},\"datePublished\":\"2026-01-08T14:03:40+00:00\",\"dateModified\":\"2026-01-08T14:57:56+00:00\",\"author\":{\"@id\":\"https:\/\/www.nettali.com\/#\/schema\/person\/bb147657c2986240405a608162b9bb23\"},\"breadcrumb\":{\"@id\":\"https:\/\/www.nettali.com\/2026\/01\/08\/pape-thiaw-ce-nest-pas-une-guerre-ma-mere-est-malienne\/#breadcrumb\"},\"inLanguage\":\"fr-FR\",\"potentialAction\":[{\"@type\":\"ReadAction\",\"target\":[\"https:\/\/www.nettali.com\/2026\/01\/08\/pape-thiaw-ce-nest-pas-une-guerre-ma-mere-est-malienne\/\"]}]},{\"@type\":\"BreadcrumbList\",\"@id\":\"https:\/\/www.nettali.com\/2026\/01\/08\/pape-thiaw-ce-nest-pas-une-guerre-ma-mere-est-malienne\/#breadcrumb\",\"itemListElement\":[{\"@type\":\"ListItem\",\"position\":1,\"name\":\"Accueil\",\"item\":\"https:\/\/www.nettali.com\/\"},{\"@type\":\"ListItem\",\"position\":2,\"name\":\"PAPE THIAW - \\\"Ce n'est pas une guerre, ma m\\u00e8re est Malienne\\\"\"}]},{\"@type\":\"Person\",\"@id\":\"https:\/\/www.nettali.com\/#\/schema\/person\/bb147657c2986240405a608162b9bb23\",\"name\":\"Ibrahima\",\"image\":{\"@type\":\"ImageObject\",\"@id\":\"https:\/\/www.nettali.com\/#personlogo\",\"inLanguage\":\"fr-FR\",\"url\":\"https:\/\/secure.gravatar.com\/avatar\/26a8a81f09f0dd7624c9d5c36c9ba3a2?s=96&d=mm&r=g\",\"contentUrl\":\"https:\/\/secure.gravatar.com\/avatar\/26a8a81f09f0dd7624c9d5c36c9ba3a2?s=96&d=mm&r=g\",\"caption\":\"Ibrahima\"},\"sameAs\":[\"https:\/\/www.nettali.com\"]}]}<\/script>\n<!-- \/ Yoast SEO Premium plugin. -->","yoast_head_json":{"title":"PAPE THIAW - \"Ce n'est pas une guerre, ma m\u00e8re est Malienne\" | Nettali.com","robots":{"index":"index","follow":"follow","max-snippet":"max-snippet:-1","max-image-preview":"max-image-preview:large","max-video-preview":"max-video-preview:-1"},"canonical":"https:\/\/www.nettali.com\/2026\/01\/08\/pape-thiaw-ce-nest-pas-une-guerre-ma-mere-est-malienne\/","og_locale":"fr_FR","og_type":"article","og_title":"PAPE THIAW - \"Ce n'est pas une guerre, ma m\u00e8re est Malienne\"","og_description":"NETTALI.COM - Le s\u00e9lectionneur du Mali, Tom Saintfiet, a parl\u00e9 de \"guerre\" au moment de qualifier le huiti\u00e8me de finale de CAN 2025 contre le S\u00e9n\u00e9gal, ce vendredi, au stade Ibn Batouta de Tanger. Plus mod\u00e9r\u00e9, Pape Thiaw refuse d\u2019entrer dans ce jeu de mots. \"Pour moi c\u2019est un match de foot, et non une [&hellip;]","og_url":"https:\/\/www.nettali.com\/2026\/01\/08\/pape-thiaw-ce-nest-pas-une-guerre-ma-mere-est-malienne\/","og_site_name":"Nettali.com","article_publisher":"https:\/\/www.facebook.com\/nettalicom","article_published_time":"2026-01-08T14:03:40+00:00","article_modified_time":"2026-01-08T14:57:56+00:00","og_image":[{"width":686,"height":386,"url":"https:\/\/www.nettali.com\/wp-content\/uploads\/2026\/01\/hq720-10.jpg","type":"image\/jpeg"}],"twitter_card":"summary_large_image","twitter_misc":{"\u00c9crit par":"Ibrahima","Dur\u00e9e de lecture estim\u00e9e":"2 minutes"},"schema":{"@context":"https:\/\/schema.org","@graph":[{"@type":"WebSite","@id":"https:\/\/www.nettali.com\/#website","url":"https:\/\/www.nettali.com\/","name":"Nettali.com","description":"Le rendez-vous critique du Net","potentialAction":[{"@type":"SearchAction","target":{"@type":"EntryPoint","urlTemplate":"https:\/\/www.nettali.com\/?s={search_term_string}"},"query-input":"required name=search_term_string"}],"inLanguage":"fr-FR"},{"@type":"ImageObject","@id":"https:\/\/www.nettali.com\/2026\/01\/08\/pape-thiaw-ce-nest-pas-une-guerre-ma-mere-est-malienne\/#primaryimage","inLanguage":"fr-FR","url":"https:\/\/www.nettali.com\/wp-content\/uploads\/2026\/01\/hq720-10.jpg","contentUrl":"https:\/\/www.nettali.com\/wp-content\/uploads\/2026\/01\/hq720-10.jpg","width":686,"height":386},{"@type":"WebPage","@id":"https:\/\/www.nettali.com\/2026\/01\/08\/pape-thiaw-ce-nest-pas-une-guerre-ma-mere-est-malienne\/#webpage","url":"https:\/\/www.nettali.com\/2026\/01\/08\/pape-thiaw-ce-nest-pas-une-guerre-ma-mere-est-malienne\/","name":"PAPE THIAW - \"Ce n'est pas une guerre, ma m\u00e8re est Malienne\" | Nettali.com","isPartOf":{"@id":"https:\/\/www.nettali.com\/#website"},"primaryImageOfPage":{"@id":"https:\/\/www.nettali.com\/2026\/01\/08\/pape-thiaw-ce-nest-pas-une-guerre-ma-mere-est-malienne\/#primaryimage"},"datePublished":"2026-01-08T14:03:40+00:00","dateModified":"2026-01-08T14:57:56+00:00","author":{"@id":"https:\/\/www.nettali.com\/#\/schema\/person\/bb147657c2986240405a608162b9bb23"},"breadcrumb":{"@id":"https:\/\/www.nettali.com\/2026\/01\/08\/pape-thiaw-ce-nest-pas-une-guerre-ma-mere-est-malienne\/#breadcrumb"},"inLanguage":"fr-FR","potentialAction":[{"@type":"ReadAction","target":["https:\/\/www.nettali.com\/2026\/01\/08\/pape-thiaw-ce-nest-pas-une-guerre-ma-mere-est-malienne\/"]}]},{"@type":"BreadcrumbList","@id":"https:\/\/www.nettali.com\/2026\/01\/08\/pape-thiaw-ce-nest-pas-une-guerre-ma-mere-est-malienne\/#breadcrumb","itemListElement":[{"@type":"ListItem","position":1,"name":"Accueil","item":"https:\/\/www.nettali.com\/"},{"@type":"ListItem","position":2,"name":"PAPE THIAW - \"Ce n'est pas une guerre, ma m\u00e8re est Malienne\""}]},{"@type":"Person","@id":"https:\/\/www.nettali.com\/#\/schema\/person\/bb147657c2986240405a608162b9bb23","name":"Ibrahima","image":{"@type":"ImageObject","@id":"https:\/\/www.nettali.com\/#personlogo","inLanguage":"fr-FR","url":"https:\/\/secure.gravatar.com\/avatar\/26a8a81f09f0dd7624c9d5c36c9ba3a2?s=96&d=mm&r=g","contentUrl":"https:\/\/secure.gravatar.com\/avatar\/26a8a81f09f0dd7624c9d5c36c9ba3a2?s=96&d=mm&r=g","caption":"Ibrahima"},"sameAs":["https:\/\/www.nettali.com"]}]}},"_links":{"self":[{"href":"https:\/\/www.nettali.com\/rest\/wp\/v2\/posts\/167659"}],"collection":[{"href":"https:\/\/www.nettali.com\/rest\/wp\/v2\/posts"}],"about":[{"href":"https:\/\/www.nettali.com\/rest\/wp\/v2\/types\/post"}],"author":[{"embeddable":true,"href":"https:\/\/www.nettali.com\/rest\/wp\/v2\/users\/5"}],"replies":[{"embeddable":true,"href":"https:\/\/www.nettali.com\/rest\/wp\/v2\/comments?post=167659"}],"version-history":[{"count":2,"href":"https:\/\/www.nettali.com\/rest\/wp\/v2\/posts\/167659\/revisions"}],"predecessor-version":[{"id":167672,"href":"https:\/\/www.nettali.com\/rest\/wp\/v2\/posts\/167659\/revisions\/167672"}],"wp:featuredmedia":[{"embeddable":true,"href":"https:\/\/www.nettali.com\/rest\/wp\/v2\/media\/167670"}],"wp:attachment":[{"href":"https:\/\/www.nettali.com\/rest\/wp\/v2\/media?parent=167659"}],"wp:term":[{"taxonomy":"category","embeddable":true,"href":"https:\/\/www.nettali.com\/rest\/wp\/v2\/categories?post=167659"},{"taxonomy":"post_tag","embeddable":true,"href":"https:\/\/www.nettali.com\/rest\/wp\/v2\/tags?post=167659"}],"curies":[{"name":"wp","href":"https:\/\/api.w.org\/{rel}","templated":true}]}}