{"id":167643,"date":"2026-01-08T07:36:26","date_gmt":"2026-01-08T07:36:26","guid":{"rendered":"https:\/\/www.nettali.com\/?p=167643"},"modified":"2026-01-09T07:25:07","modified_gmt":"2026-01-09T07:25:07","slug":"haute-cour-de-justice-ismaila-madior-fall-et-aissatou-sophie-gladima-envoyes-en-jugement","status":"publish","type":"post","link":"https:\/\/www.nettali.com\/2026\/01\/08\/haute-cour-de-justice-ismaila-madior-fall-et-aissatou-sophie-gladima-envoyes-en-jugement\/","title":{"rendered":"HAUTE COUR DE JUSTICE : Isma\u00efla Madior Fall et A\u00efssatou Sophie Gladima envoy\u00e9s en jugement"},"content":{"rendered":"<p><strong>NETTALI.COM - Pour la deuxi\u00e8me fois seulement depuis l\u2019ind\u00e9pendance, des ministres de la R\u00e9publique du S\u00e9n\u00e9gal sont appel\u00e9s \u00e0 r\u00e9pondre de leurs actes devant la Haute Cour de justice. Apr\u00e8s le pr\u00e9c\u00e9dent historique de 1962 impliquant le Premier ministre Mamadou Dia, deux anciens membres du gouvernement de Macky Sall, Isma\u00efla Madior Fall et A\u00efssatou Sophie Gladima, seront jug\u00e9s pour des faits pr\u00e9sum\u00e9s de corruption et de d\u00e9tournement de deniers publics. Une \u00e9tape majeure dans le processus de reddition des comptes engag\u00e9 par les nouvelles autorit\u00e9s.<\/strong><\/p>\n<p>L\u2019histoire institutionnelle du S\u00e9n\u00e9gal s\u2019appr\u00eate \u00e0 conna\u00eetre un nouveau jalon. Soixante-quatre ans apr\u00e8s le proc\u00e8s du Premier ministre Mamadou Dia, accus\u00e9 en 1962 de tentative de coup d\u2019\u00c9tat sous la pr\u00e9sidence de L\u00e9opold S\u00e9dar Senghor, la Haute Cour de justice sera de nouveau saisie de dossiers visant d\u2019anciens ministres en exercice.<\/p>\n<p data-start=\"1171\" data-end=\"1527\">La commission d\u2019instruction de la Haute Cour de justice, r\u00e9unie le 7 janvier 2026, a d\u00e9cid\u00e9 de renvoyer devant la juridiction de jugement les dossiers de l\u2019ancien ministre de la Justice, Isma\u00efla Madior Fall, et de l\u2019ancienne ministre des Mines et de la G\u00e9ologie, A\u00efssatou Sophie Gladima.<\/p>\n<p>La commission d\u2019instruction, plac\u00e9e sous la direction du premier pr\u00e9sident de la Cour d\u2019appel de Dakar, Abdoulaye Ba, a ainsi clos la phase d\u2019instruction concernant ces deux anciens membres du gouvernement. Cette d\u00e9cision marque l\u2019aboutissement d\u2019un processus judiciaire enclench\u00e9 dans le cadre de la reddition des comptes, devenue un axe central de la gouvernance actuelle.<\/p>\n<p data-start=\"1982\" data-end=\"2405\">A\u00efssatou Sophie Gladima est poursuivie pour d\u00e9tournement pr\u00e9sum\u00e9 de deniers publics, dans une affaire li\u00e9e \u00e0 la gestion du fonds Force Covid-19, mis en place pour faire face aux cons\u00e9quences sanitaires et \u00e9conomiques de la pand\u00e9mie. De son c\u00f4t\u00e9, Isma\u00efla Madior Fall, ancien garde des Sceaux, est mis en cause pour des faits de corruption et pratiques assimil\u00e9es, des accusations qu\u2019il a toujours contest\u00e9es.<\/p>\n<p>La Haute Cour de justice, juridiction constitutionnelle d\u2019exception, est comp\u00e9tente pour juger les infractions commises par le pr\u00e9sident de la R\u00e9publique et les membres du gouvernement dans l\u2019exercice de leurs fonctions. \u00c0 ce stade de la proc\u00e9dure, la Cour sera compos\u00e9e de 8 juges titulaires \u00e9lus par l\u2019Assembl\u00e9e nationale.<\/p>\n<p data-start=\"2847\" data-end=\"3263\">Elle sera pr\u00e9sid\u00e9e par le premier pr\u00e9sident de la Cour supr\u00eame. Sur les huit d\u00e9put\u00e9s appel\u00e9s \u00e0 si\u00e9ger comme juges, un seul est issu de l\u2019opposition, les autres appartenant \u00e0 la mouvance pr\u00e9sidentielle, un \u00e9quilibre qui ne manquera pas d\u2019alimenter le d\u00e9bat politique et juridique sur l\u2019ind\u00e9pendance et l\u2019impartialit\u00e9 de la juridiction.<\/p>\n<p data-start=\"3265\" data-end=\"3424\">Le minist\u00e8re public sera repr\u00e9sent\u00e9 par le procureur g\u00e9n\u00e9ral pr\u00e8s la Cour supr\u00eame, garant de l\u2019action publique dans cette proc\u00e9dure hautement sensible.<\/p>\n<p>Ce renvoi devant la Haute Cour de justice constitue un \u00e9v\u00e9nement rare et symboliquement fort dans la vie politique s\u00e9n\u00e9galaise. Il intervient dans un contexte marqu\u00e9 par une forte attente citoyenne en mati\u00e8re de transparence, de justice et de lutte contre l\u2019impunit\u00e9, apr\u00e8s des ann\u00e9es de controverses sur la gestion des ressources publiques.<\/p>\n<p data-start=\"3823\" data-end=\"4072\">Pour de nombreux observateurs, ce proc\u00e8s \u00e0 venir sera un test d\u00e9cisif pour la cr\u00e9dibilit\u00e9 du processus de reddition des comptes, mais aussi pour la capacit\u00e9 des institutions \u00e0 juger, en toute s\u00e9r\u00e9nit\u00e9, d\u2019anciens responsables au sommet de l\u2019\u00c9tat.<\/p>\n<p data-start=\"4074\" data-end=\"4297\">\n<div class='share-to-whatsapp-wrapper'><div class='share-on-whsp'>PARTAGER SUR : <\/div><a data-text='HAUTE COUR DE JUSTICE : Isma\u00efla Madior Fall et A\u00efssatou Sophie Gladima envoy\u00e9s en jugement' data-link='https:\/\/www.nettali.com\/2026\/01\/08\/haute-cour-de-justice-ismaila-madior-fall-et-aissatou-sophie-gladima-envoyes-en-jugement\/' class='whatsapp-button whatsapp-share'>WhatsApp<\/a><div class='clear '><\/div><\/div>","protected":false},"excerpt":{"rendered":"<p>NETTALI.COM - Pour la deuxi\u00e8me fois seulement depuis l\u2019ind\u00e9pendance, des ministres de la R\u00e9publique du S\u00e9n\u00e9gal sont appel\u00e9s \u00e0 r\u00e9pondre de leurs actes devant la Haute Cour de justice. Apr\u00e8s le pr\u00e9c\u00e9dent historique de 1962 impliquant le Premier ministre Mamadou Dia, deux anciens membres du gouvernement de Macky Sall, Isma\u00efla Madior Fall et A\u00efssatou Sophie [&hellip;]<\/p>\n","protected":false},"author":4,"featured_media":167644,"comment_status":"open","ping_status":"open","sticky":false,"template":"","format":"standard","meta":{"_et_pb_use_builder":"","_et_pb_old_content":""},"categories":[3],"tags":[],"yoast_head":"<!-- This site is optimized with the Yoast SEO Premium plugin v17.8 (Yoast SEO v17.8) - https:\/\/yoast.com\/wordpress\/plugins\/seo\/ -->\n<title>HAUTE COUR DE JUSTICE : Isma\u00efla Madior Fall et A\u00efssatou Sophie Gladima envoy\u00e9s en jugement | Nettali.com<\/title>\n<meta name=\"robots\" content=\"index, follow, max-snippet:-1, max-image-preview:large, max-video-preview:-1\" \/>\n<link rel=\"canonical\" href=\"https:\/\/www.nettali.com\/2026\/01\/08\/haute-cour-de-justice-ismaila-madior-fall-et-aissatou-sophie-gladima-envoyes-en-jugement\/\" \/>\n<meta property=\"og:locale\" content=\"fr_FR\" \/>\n<meta property=\"og:type\" content=\"article\" \/>\n<meta property=\"og:title\" content=\"HAUTE COUR DE JUSTICE : Isma\u00efla Madior Fall et A\u00efssatou Sophie Gladima envoy\u00e9s en jugement\" \/>\n<meta property=\"og:description\" content=\"NETTALI.COM - Pour la deuxi\u00e8me fois seulement depuis l\u2019ind\u00e9pendance, des ministres de la R\u00e9publique du S\u00e9n\u00e9gal sont appel\u00e9s \u00e0 r\u00e9pondre de leurs actes devant la Haute Cour de justice. Apr\u00e8s le pr\u00e9c\u00e9dent historique de 1962 impliquant le Premier ministre Mamadou Dia, deux anciens membres du gouvernement de Macky Sall, Isma\u00efla Madior Fall et A\u00efssatou Sophie [&hellip;]\" \/>\n<meta property=\"og:url\" content=\"https:\/\/www.nettali.com\/2026\/01\/08\/haute-cour-de-justice-ismaila-madior-fall-et-aissatou-sophie-gladima-envoyes-en-jugement\/\" \/>\n<meta property=\"og:site_name\" content=\"Nettali.com\" \/>\n<meta property=\"article:publisher\" content=\"https:\/\/www.facebook.com\/nettalicom\" \/>\n<meta property=\"article:published_time\" content=\"2026-01-08T07:36:26+00:00\" \/>\n<meta property=\"article:modified_time\" content=\"2026-01-09T07:25:07+00:00\" \/>\n<meta property=\"og:image\" content=\"https:\/\/www.nettali.com\/wp-content\/uploads\/2026\/01\/Ismai\u0308la-Madior-Fall-et-Ai\u0308ssatou-Sophie-Gladima.jpeg\" \/>\n\t<meta property=\"og:image:width\" content=\"1260\" \/>\n\t<meta property=\"og:image:height\" content=\"800\" \/>\n<meta name=\"twitter:card\" content=\"summary_large_image\" \/>\n<meta name=\"twitter:label1\" content=\"\u00c9crit par\" \/>\n\t<meta name=\"twitter:data1\" content=\"Daouda\" \/>\n\t<meta name=\"twitter:label2\" content=\"Dur\u00e9e de lecture estim\u00e9e\" \/>\n\t<meta name=\"twitter:data2\" content=\"3 minutes\" \/>\n<script type=\"application\/ld+json\" class=\"yoast-schema-graph\">{\"@context\":\"https:\/\/schema.org\",\"@graph\":[{\"@type\":\"WebSite\",\"@id\":\"https:\/\/www.nettali.com\/#website\",\"url\":\"https:\/\/www.nettali.com\/\",\"name\":\"Nettali.com\",\"description\":\"Le rendez-vous critique du Net\",\"potentialAction\":[{\"@type\":\"SearchAction\",\"target\":{\"@type\":\"EntryPoint\",\"urlTemplate\":\"https:\/\/www.nettali.com\/?s={search_term_string}\"},\"query-input\":\"required name=search_term_string\"}],\"inLanguage\":\"fr-FR\"},{\"@type\":\"ImageObject\",\"@id\":\"https:\/\/www.nettali.com\/2026\/01\/08\/haute-cour-de-justice-ismaila-madior-fall-et-aissatou-sophie-gladima-envoyes-en-jugement\/#primaryimage\",\"inLanguage\":\"fr-FR\",\"url\":\"https:\/\/www.nettali.com\/wp-content\/uploads\/2026\/01\/Ismai\\u0308la-Madior-Fall-et-Ai\\u0308ssatou-Sophie-Gladima.jpeg\",\"contentUrl\":\"https:\/\/www.nettali.com\/wp-content\/uploads\/2026\/01\/Ismai\\u0308la-Madior-Fall-et-Ai\\u0308ssatou-Sophie-Gladima.jpeg\",\"width\":1260,\"height\":800},{\"@type\":\"WebPage\",\"@id\":\"https:\/\/www.nettali.com\/2026\/01\/08\/haute-cour-de-justice-ismaila-madior-fall-et-aissatou-sophie-gladima-envoyes-en-jugement\/#webpage\",\"url\":\"https:\/\/www.nettali.com\/2026\/01\/08\/haute-cour-de-justice-ismaila-madior-fall-et-aissatou-sophie-gladima-envoyes-en-jugement\/\",\"name\":\"HAUTE COUR DE JUSTICE : Isma\\u00efla Madior Fall et A\\u00efssatou Sophie Gladima envoy\\u00e9s en jugement | Nettali.com\",\"isPartOf\":{\"@id\":\"https:\/\/www.nettali.com\/#website\"},\"primaryImageOfPage\":{\"@id\":\"https:\/\/www.nettali.com\/2026\/01\/08\/haute-cour-de-justice-ismaila-madior-fall-et-aissatou-sophie-gladima-envoyes-en-jugement\/#primaryimage\"},\"datePublished\":\"2026-01-08T07:36:26+00:00\",\"dateModified\":\"2026-01-09T07:25:07+00:00\",\"author\":{\"@id\":\"https:\/\/www.nettali.com\/#\/schema\/person\/3317e0bb3aa1da309fbf7b2780901bf4\"},\"breadcrumb\":{\"@id\":\"https:\/\/www.nettali.com\/2026\/01\/08\/haute-cour-de-justice-ismaila-madior-fall-et-aissatou-sophie-gladima-envoyes-en-jugement\/#breadcrumb\"},\"inLanguage\":\"fr-FR\",\"potentialAction\":[{\"@type\":\"ReadAction\",\"target\":[\"https:\/\/www.nettali.com\/2026\/01\/08\/haute-cour-de-justice-ismaila-madior-fall-et-aissatou-sophie-gladima-envoyes-en-jugement\/\"]}]},{\"@type\":\"BreadcrumbList\",\"@id\":\"https:\/\/www.nettali.com\/2026\/01\/08\/haute-cour-de-justice-ismaila-madior-fall-et-aissatou-sophie-gladima-envoyes-en-jugement\/#breadcrumb\",\"itemListElement\":[{\"@type\":\"ListItem\",\"position\":1,\"name\":\"Accueil\",\"item\":\"https:\/\/www.nettali.com\/\"},{\"@type\":\"ListItem\",\"position\":2,\"name\":\"HAUTE COUR DE JUSTICE : Isma\\u00efla Madior Fall et A\\u00efssatou Sophie Gladima envoy\\u00e9s en jugement\"}]},{\"@type\":\"Person\",\"@id\":\"https:\/\/www.nettali.com\/#\/schema\/person\/3317e0bb3aa1da309fbf7b2780901bf4\",\"name\":\"Daouda\",\"image\":{\"@type\":\"ImageObject\",\"@id\":\"https:\/\/www.nettali.com\/#personlogo\",\"inLanguage\":\"fr-FR\",\"url\":\"https:\/\/secure.gravatar.com\/avatar\/8d143b5a49345098ddcfee1c49c2f47c?s=96&d=mm&r=g\",\"contentUrl\":\"https:\/\/secure.gravatar.com\/avatar\/8d143b5a49345098ddcfee1c49c2f47c?s=96&d=mm&r=g\",\"caption\":\"Daouda\"},\"sameAs\":[\"https:\/\/www.nettali.com\"]}]}<\/script>\n<!-- \/ Yoast SEO Premium plugin. -->","yoast_head_json":{"title":"HAUTE COUR DE JUSTICE : Isma\u00efla Madior Fall et A\u00efssatou Sophie Gladima envoy\u00e9s en jugement | Nettali.com","robots":{"index":"index","follow":"follow","max-snippet":"max-snippet:-1","max-image-preview":"max-image-preview:large","max-video-preview":"max-video-preview:-1"},"canonical":"https:\/\/www.nettali.com\/2026\/01\/08\/haute-cour-de-justice-ismaila-madior-fall-et-aissatou-sophie-gladima-envoyes-en-jugement\/","og_locale":"fr_FR","og_type":"article","og_title":"HAUTE COUR DE JUSTICE : Isma\u00efla Madior Fall et A\u00efssatou Sophie Gladima envoy\u00e9s en jugement","og_description":"NETTALI.COM - Pour la deuxi\u00e8me fois seulement depuis l\u2019ind\u00e9pendance, des ministres de la R\u00e9publique du S\u00e9n\u00e9gal sont appel\u00e9s \u00e0 r\u00e9pondre de leurs actes devant la Haute Cour de justice. Apr\u00e8s le pr\u00e9c\u00e9dent historique de 1962 impliquant le Premier ministre Mamadou Dia, deux anciens membres du gouvernement de Macky Sall, Isma\u00efla Madior Fall et A\u00efssatou Sophie [&hellip;]","og_url":"https:\/\/www.nettali.com\/2026\/01\/08\/haute-cour-de-justice-ismaila-madior-fall-et-aissatou-sophie-gladima-envoyes-en-jugement\/","og_site_name":"Nettali.com","article_publisher":"https:\/\/www.facebook.com\/nettalicom","article_published_time":"2026-01-08T07:36:26+00:00","article_modified_time":"2026-01-09T07:25:07+00:00","og_image":[{"width":1260,"height":800,"url":"https:\/\/www.nettali.com\/wp-content\/uploads\/2026\/01\/Ismai\u0308la-Madior-Fall-et-Ai\u0308ssatou-Sophie-Gladima.jpeg","type":"image\/jpeg"}],"twitter_card":"summary_large_image","twitter_misc":{"\u00c9crit par":"Daouda","Dur\u00e9e de lecture estim\u00e9e":"3 minutes"},"schema":{"@context":"https:\/\/schema.org","@graph":[{"@type":"WebSite","@id":"https:\/\/www.nettali.com\/#website","url":"https:\/\/www.nettali.com\/","name":"Nettali.com","description":"Le rendez-vous critique du Net","potentialAction":[{"@type":"SearchAction","target":{"@type":"EntryPoint","urlTemplate":"https:\/\/www.nettali.com\/?s={search_term_string}"},"query-input":"required name=search_term_string"}],"inLanguage":"fr-FR"},{"@type":"ImageObject","@id":"https:\/\/www.nettali.com\/2026\/01\/08\/haute-cour-de-justice-ismaila-madior-fall-et-aissatou-sophie-gladima-envoyes-en-jugement\/#primaryimage","inLanguage":"fr-FR","url":"https:\/\/www.nettali.com\/wp-content\/uploads\/2026\/01\/Ismai\u0308la-Madior-Fall-et-Ai\u0308ssatou-Sophie-Gladima.jpeg","contentUrl":"https:\/\/www.nettali.com\/wp-content\/uploads\/2026\/01\/Ismai\u0308la-Madior-Fall-et-Ai\u0308ssatou-Sophie-Gladima.jpeg","width":1260,"height":800},{"@type":"WebPage","@id":"https:\/\/www.nettali.com\/2026\/01\/08\/haute-cour-de-justice-ismaila-madior-fall-et-aissatou-sophie-gladima-envoyes-en-jugement\/#webpage","url":"https:\/\/www.nettali.com\/2026\/01\/08\/haute-cour-de-justice-ismaila-madior-fall-et-aissatou-sophie-gladima-envoyes-en-jugement\/","name":"HAUTE COUR DE JUSTICE : Isma\u00efla Madior Fall et A\u00efssatou Sophie Gladima envoy\u00e9s en jugement | Nettali.com","isPartOf":{"@id":"https:\/\/www.nettali.com\/#website"},"primaryImageOfPage":{"@id":"https:\/\/www.nettali.com\/2026\/01\/08\/haute-cour-de-justice-ismaila-madior-fall-et-aissatou-sophie-gladima-envoyes-en-jugement\/#primaryimage"},"datePublished":"2026-01-08T07:36:26+00:00","dateModified":"2026-01-09T07:25:07+00:00","author":{"@id":"https:\/\/www.nettali.com\/#\/schema\/person\/3317e0bb3aa1da309fbf7b2780901bf4"},"breadcrumb":{"@id":"https:\/\/www.nettali.com\/2026\/01\/08\/haute-cour-de-justice-ismaila-madior-fall-et-aissatou-sophie-gladima-envoyes-en-jugement\/#breadcrumb"},"inLanguage":"fr-FR","potentialAction":[{"@type":"ReadAction","target":["https:\/\/www.nettali.com\/2026\/01\/08\/haute-cour-de-justice-ismaila-madior-fall-et-aissatou-sophie-gladima-envoyes-en-jugement\/"]}]},{"@type":"BreadcrumbList","@id":"https:\/\/www.nettali.com\/2026\/01\/08\/haute-cour-de-justice-ismaila-madior-fall-et-aissatou-sophie-gladima-envoyes-en-jugement\/#breadcrumb","itemListElement":[{"@type":"ListItem","position":1,"name":"Accueil","item":"https:\/\/www.nettali.com\/"},{"@type":"ListItem","position":2,"name":"HAUTE COUR DE JUSTICE : Isma\u00efla Madior Fall et A\u00efssatou Sophie Gladima envoy\u00e9s en jugement"}]},{"@type":"Person","@id":"https:\/\/www.nettali.com\/#\/schema\/person\/3317e0bb3aa1da309fbf7b2780901bf4","name":"Daouda","image":{"@type":"ImageObject","@id":"https:\/\/www.nettali.com\/#personlogo","inLanguage":"fr-FR","url":"https:\/\/secure.gravatar.com\/avatar\/8d143b5a49345098ddcfee1c49c2f47c?s=96&d=mm&r=g","contentUrl":"https:\/\/secure.gravatar.com\/avatar\/8d143b5a49345098ddcfee1c49c2f47c?s=96&d=mm&r=g","caption":"Daouda"},"sameAs":["https:\/\/www.nettali.com"]}]}},"_links":{"self":[{"href":"https:\/\/www.nettali.com\/rest\/wp\/v2\/posts\/167643"}],"collection":[{"href":"https:\/\/www.nettali.com\/rest\/wp\/v2\/posts"}],"about":[{"href":"https:\/\/www.nettali.com\/rest\/wp\/v2\/types\/post"}],"author":[{"embeddable":true,"href":"https:\/\/www.nettali.com\/rest\/wp\/v2\/users\/4"}],"replies":[{"embeddable":true,"href":"https:\/\/www.nettali.com\/rest\/wp\/v2\/comments?post=167643"}],"version-history":[{"count":1,"href":"https:\/\/www.nettali.com\/rest\/wp\/v2\/posts\/167643\/revisions"}],"predecessor-version":[{"id":167645,"href":"https:\/\/www.nettali.com\/rest\/wp\/v2\/posts\/167643\/revisions\/167645"}],"wp:featuredmedia":[{"embeddable":true,"href":"https:\/\/www.nettali.com\/rest\/wp\/v2\/media\/167644"}],"wp:attachment":[{"href":"https:\/\/www.nettali.com\/rest\/wp\/v2\/media?parent=167643"}],"wp:term":[{"taxonomy":"category","embeddable":true,"href":"https:\/\/www.nettali.com\/rest\/wp\/v2\/categories?post=167643"},{"taxonomy":"post_tag","embeddable":true,"href":"https:\/\/www.nettali.com\/rest\/wp\/v2\/tags?post=167643"}],"curies":[{"name":"wp","href":"https:\/\/api.w.org\/{rel}","templated":true}]}}