{"id":167639,"date":"2026-01-08T07:26:45","date_gmt":"2026-01-08T07:26:45","guid":{"rendered":"https:\/\/www.nettali.com\/?p=167639"},"modified":"2026-01-08T07:26:45","modified_gmt":"2026-01-08T07:26:45","slug":"accident-mortel-a-farafenni-les-sapeurs-pompiers-font-le-bilan","status":"publish","type":"post","link":"https:\/\/www.nettali.com\/2026\/01\/08\/accident-mortel-a-farafenni-les-sapeurs-pompiers-font-le-bilan\/","title":{"rendered":"ACCIDENT MORTEL \u00c0 FARAFENNI : Les sapeurs-pompiers font le bilan"},"content":{"rendered":"<p data-start=\"263\" data-end=\"515\"><strong>NETTALI.COM - La Brigade nationale des sapeurs-pompiers (BNSP) a livr\u00e9, ce mercredi 7 janvier 2026, les d\u00e9tails officiels du grave accident de la circulation survenu \u00e0 Farafenni, en territoire gambien, ayant co\u00fbt\u00e9 la vie \u00e0 sept ressortissants s\u00e9n\u00e9galais.<\/strong><\/p>\n<p data-start=\"517\" data-end=\"864\">Dans un communiqu\u00e9 transmis \u00e0 la presse, le Commandant Yatma Di\u00e8ye, chef de la Division Informations et Relations publiques de la BNSP, indique que les secours s\u00e9n\u00e9galais ont \u00e9t\u00e9 alert\u00e9s aux environs de 11h30 pour une \u00e9vacuation sanitaire exceptionnelle de victimes s\u00e9n\u00e9galaises impliqu\u00e9es dans un accident hors du territoire national.<\/p>\n<p data-start=\"868\" data-end=\"1249\"><em>\u00ab Les secours de la Brigade nationale des sapeurs-pompiers du S\u00e9n\u00e9gal, notamment ceux du Groupement d\u2019incendie et de secours n\u00b03, couvrant les r\u00e9gions de Kaolack, Fatick et Kaffrine, ont \u00e9t\u00e9 sollicit\u00e9s ce mercredi 7 janvier 2026 pour une \u00e9vacuation sanitaire de bless\u00e9s de nationalit\u00e9 s\u00e9n\u00e9galaise suite \u00e0 un accident survenu \u00e0 Farafenni, en Gambie \u00bb<\/em>, a pr\u00e9cis\u00e9 le Commandant Di\u00e8ye.<\/p>\n<p>D\u2019apr\u00e8s les premi\u00e8res constatations effectu\u00e9es sur les lieux, l\u2019accident est survenu \u00e0 la suite d\u2019une collision entre deux v\u00e9hicules de transport en commun, un bus et un minicar, dans des circonstances encore non \u00e9lucid\u00e9es.<\/p>\n<p data-start=\"1543\" data-end=\"1813\">Face \u00e0 la gravit\u00e9 de la situation, le lieutenant-colonel Erasme Sambou, commandant du Groupement d\u2019incendie et de secours n\u00b03, a imm\u00e9diatement mobilis\u00e9 des moyens humains et mat\u00e9riels cons\u00e9quents afin d\u2019assurer la prise en charge rapide et efficace des victimes.<\/p>\n<p>Le bilan provisoire communiqu\u00e9 par la BNSP fait \u00e9tat de 15 victimes, dont 7 d\u00e9c\u00e8s.<\/p>\n<p data-start=\"1953\" data-end=\"2205\"><em>\u00ab Le bilan provisoire fait \u00e9tat de 15 victimes, dont 7 personnes d\u00e9c\u00e9d\u00e9es. Parmi les personnes d\u00e9c\u00e9d\u00e9es, deux corps sont dans un \u00e9tat non identifiable. On d\u00e9nombre \u00e9galement sept bless\u00e9s graves et un bless\u00e9 l\u00e9ger \u00bb<\/em>, a indiqu\u00e9 le Commandant Yatma Di\u00e8ye.<\/p>\n<p>Les sapeurs-pompiers s\u00e9n\u00e9galais ont proc\u00e9d\u00e9 au rapatriement des d\u00e9pouilles mortelles vers les structures sanitaires nationales.<\/p>\n<p data-start=\"2384\" data-end=\"2545\"><em>\u00ab Six corps sans vie ont \u00e9t\u00e9 transport\u00e9s et d\u00e9pos\u00e9s \u00e0 l\u2019h\u00f4pital r\u00e9gional de Kaolack, tandis qu\u2019un autre a \u00e9t\u00e9 achemin\u00e9 \u00e0 l\u2019h\u00f4pital de Nioro \u00bb<\/em>, a pr\u00e9cis\u00e9 la BNSP.<\/p>\n<p>La prise en charge m\u00e9dicale des bless\u00e9s s\u2019est effectu\u00e9e en deux phases. Dans un premier temps, les victimes ont \u00e9t\u00e9 orient\u00e9es vers des structures sanitaires gambiennes :<\/p>\n<ul>\n<li data-start=\"2767\" data-end=\"2859\">Deux bless\u00e9s (un grave et un l\u00e9ger) ont \u00e9t\u00e9 admis \u00e0 l\u2019h\u00f4pital g\u00e9n\u00e9ral de Farafenni ;<\/li>\n<li data-start=\"2862\" data-end=\"2942\">Six bless\u00e9s graves ont \u00e9t\u00e9 pris en charge \u00e0 la clinique Nemban de Bakau.<\/li>\n<\/ul>\n<p data-start=\"2944\" data-end=\"3172\">Dans un second temps, compte tenu de la gravit\u00e9 de certaines blessures, les autorit\u00e9s s\u00e9n\u00e9galaises ont organis\u00e9 une \u00e9vacuation sanitaire par voie a\u00e9rienne vers Dakar, afin de permettre une meilleure prise en charge m\u00e9dicale.<\/p>\n<p>En conclusion de son communiqu\u00e9, le Commandant Yatma Di\u00e8ye a exprim\u00e9 la compassion de la BNSP envers les familles endeuill\u00e9es et lanc\u00e9 un appel solennel \u00e0 la prudence : <em>\u00ab Nous nous inclinons devant la m\u00e9moire des personnes d\u00e9c\u00e9d\u00e9es et prions pour un prompt r\u00e9tablissement des bless\u00e9s. Nous invitons l\u2019ensemble des usagers de la route \u00e0 faire preuve de prudence et \u00e0 respecter strictement le code de la route. \u00bb<\/em><\/p>\n<p data-start=\"3629\" data-end=\"3826\">Cet accident relance une fois de plus la question de la s\u00e9curit\u00e9 routi\u00e8re sur les axes transfrontaliers, r\u00e9guli\u00e8rement endeuill\u00e9s par des drames impliquant des v\u00e9hicules de transport en commun.<\/p>\n<p>&nbsp;<\/p>\n<div class='share-to-whatsapp-wrapper'><div class='share-on-whsp'>PARTAGER SUR : <\/div><a data-text='ACCIDENT MORTEL \u00c0 FARAFENNI : Les sapeurs-pompiers font le bilan' data-link='https:\/\/www.nettali.com\/2026\/01\/08\/accident-mortel-a-farafenni-les-sapeurs-pompiers-font-le-bilan\/' class='whatsapp-button whatsapp-share'>WhatsApp<\/a><div class='clear '><\/div><\/div>","protected":false},"excerpt":{"rendered":"<p>NETTALI.COM - La Brigade nationale des sapeurs-pompiers (BNSP) a livr\u00e9, ce mercredi 7 janvier 2026, les d\u00e9tails officiels du grave accident de la circulation survenu \u00e0 Farafenni, en territoire gambien, ayant co\u00fbt\u00e9 la vie \u00e0 sept ressortissants s\u00e9n\u00e9galais. Dans un communiqu\u00e9 transmis \u00e0 la presse, le Commandant Yatma Di\u00e8ye, chef de la Division Informations et [&hellip;]<\/p>\n","protected":false},"author":4,"featured_media":167641,"comment_status":"open","ping_status":"open","sticky":false,"template":"","format":"standard","meta":{"_et_pb_use_builder":"","_et_pb_old_content":""},"categories":[3],"tags":[],"yoast_head":"<!-- This site is optimized with the Yoast SEO Premium plugin v17.8 (Yoast SEO v17.8) - https:\/\/yoast.com\/wordpress\/plugins\/seo\/ -->\n<title>ACCIDENT MORTEL \u00c0 FARAFENNI : Les sapeurs-pompiers font le bilan | Nettali.com<\/title>\n<meta name=\"robots\" content=\"index, follow, max-snippet:-1, max-image-preview:large, max-video-preview:-1\" \/>\n<link rel=\"canonical\" href=\"https:\/\/www.nettali.com\/2026\/01\/08\/accident-mortel-a-farafenni-les-sapeurs-pompiers-font-le-bilan\/\" \/>\n<meta property=\"og:locale\" content=\"fr_FR\" \/>\n<meta property=\"og:type\" content=\"article\" \/>\n<meta property=\"og:title\" content=\"ACCIDENT MORTEL \u00c0 FARAFENNI : Les sapeurs-pompiers font le bilan\" \/>\n<meta property=\"og:description\" content=\"NETTALI.COM - La Brigade nationale des sapeurs-pompiers (BNSP) a livr\u00e9, ce mercredi 7 janvier 2026, les d\u00e9tails officiels du grave accident de la circulation survenu \u00e0 Farafenni, en territoire gambien, ayant co\u00fbt\u00e9 la vie \u00e0 sept ressortissants s\u00e9n\u00e9galais. Dans un communiqu\u00e9 transmis \u00e0 la presse, le Commandant Yatma Di\u00e8ye, chef de la Division Informations et [&hellip;]\" \/>\n<meta property=\"og:url\" content=\"https:\/\/www.nettali.com\/2026\/01\/08\/accident-mortel-a-farafenni-les-sapeurs-pompiers-font-le-bilan\/\" \/>\n<meta property=\"og:site_name\" content=\"Nettali.com\" \/>\n<meta property=\"article:publisher\" content=\"https:\/\/www.facebook.com\/nettalicom\" \/>\n<meta property=\"article:published_time\" content=\"2026-01-08T07:26:45+00:00\" \/>\n<meta property=\"og:image\" content=\"https:\/\/www.nettali.com\/wp-content\/uploads\/2026\/01\/Accident-1.jpg\" \/>\n\t<meta property=\"og:image:width\" content=\"1016\" \/>\n\t<meta property=\"og:image:height\" content=\"852\" \/>\n<meta name=\"twitter:card\" content=\"summary_large_image\" \/>\n<meta name=\"twitter:label1\" content=\"\u00c9crit par\" \/>\n\t<meta name=\"twitter:data1\" content=\"Daouda\" \/>\n\t<meta name=\"twitter:label2\" content=\"Dur\u00e9e de lecture estim\u00e9e\" \/>\n\t<meta name=\"twitter:data2\" content=\"3 minutes\" \/>\n<script type=\"application\/ld+json\" class=\"yoast-schema-graph\">{\"@context\":\"https:\/\/schema.org\",\"@graph\":[{\"@type\":\"WebSite\",\"@id\":\"https:\/\/www.nettali.com\/#website\",\"url\":\"https:\/\/www.nettali.com\/\",\"name\":\"Nettali.com\",\"description\":\"Le rendez-vous critique du Net\",\"potentialAction\":[{\"@type\":\"SearchAction\",\"target\":{\"@type\":\"EntryPoint\",\"urlTemplate\":\"https:\/\/www.nettali.com\/?s={search_term_string}\"},\"query-input\":\"required name=search_term_string\"}],\"inLanguage\":\"fr-FR\"},{\"@type\":\"ImageObject\",\"@id\":\"https:\/\/www.nettali.com\/2026\/01\/08\/accident-mortel-a-farafenni-les-sapeurs-pompiers-font-le-bilan\/#primaryimage\",\"inLanguage\":\"fr-FR\",\"url\":\"https:\/\/www.nettali.com\/wp-content\/uploads\/2026\/01\/Accident-1.jpg\",\"contentUrl\":\"https:\/\/www.nettali.com\/wp-content\/uploads\/2026\/01\/Accident-1.jpg\",\"width\":1016,\"height\":852},{\"@type\":\"WebPage\",\"@id\":\"https:\/\/www.nettali.com\/2026\/01\/08\/accident-mortel-a-farafenni-les-sapeurs-pompiers-font-le-bilan\/#webpage\",\"url\":\"https:\/\/www.nettali.com\/2026\/01\/08\/accident-mortel-a-farafenni-les-sapeurs-pompiers-font-le-bilan\/\",\"name\":\"ACCIDENT MORTEL \\u00c0 FARAFENNI : Les sapeurs-pompiers font le bilan | Nettali.com\",\"isPartOf\":{\"@id\":\"https:\/\/www.nettali.com\/#website\"},\"primaryImageOfPage\":{\"@id\":\"https:\/\/www.nettali.com\/2026\/01\/08\/accident-mortel-a-farafenni-les-sapeurs-pompiers-font-le-bilan\/#primaryimage\"},\"datePublished\":\"2026-01-08T07:26:45+00:00\",\"dateModified\":\"2026-01-08T07:26:45+00:00\",\"author\":{\"@id\":\"https:\/\/www.nettali.com\/#\/schema\/person\/3317e0bb3aa1da309fbf7b2780901bf4\"},\"breadcrumb\":{\"@id\":\"https:\/\/www.nettali.com\/2026\/01\/08\/accident-mortel-a-farafenni-les-sapeurs-pompiers-font-le-bilan\/#breadcrumb\"},\"inLanguage\":\"fr-FR\",\"potentialAction\":[{\"@type\":\"ReadAction\",\"target\":[\"https:\/\/www.nettali.com\/2026\/01\/08\/accident-mortel-a-farafenni-les-sapeurs-pompiers-font-le-bilan\/\"]}]},{\"@type\":\"BreadcrumbList\",\"@id\":\"https:\/\/www.nettali.com\/2026\/01\/08\/accident-mortel-a-farafenni-les-sapeurs-pompiers-font-le-bilan\/#breadcrumb\",\"itemListElement\":[{\"@type\":\"ListItem\",\"position\":1,\"name\":\"Accueil\",\"item\":\"https:\/\/www.nettali.com\/\"},{\"@type\":\"ListItem\",\"position\":2,\"name\":\"ACCIDENT MORTEL \\u00c0 FARAFENNI : Les sapeurs-pompiers font le bilan\"}]},{\"@type\":\"Person\",\"@id\":\"https:\/\/www.nettali.com\/#\/schema\/person\/3317e0bb3aa1da309fbf7b2780901bf4\",\"name\":\"Daouda\",\"image\":{\"@type\":\"ImageObject\",\"@id\":\"https:\/\/www.nettali.com\/#personlogo\",\"inLanguage\":\"fr-FR\",\"url\":\"https:\/\/secure.gravatar.com\/avatar\/8d143b5a49345098ddcfee1c49c2f47c?s=96&d=mm&r=g\",\"contentUrl\":\"https:\/\/secure.gravatar.com\/avatar\/8d143b5a49345098ddcfee1c49c2f47c?s=96&d=mm&r=g\",\"caption\":\"Daouda\"},\"sameAs\":[\"https:\/\/www.nettali.com\"]}]}<\/script>\n<!-- \/ Yoast SEO Premium plugin. -->","yoast_head_json":{"title":"ACCIDENT MORTEL \u00c0 FARAFENNI : Les sapeurs-pompiers font le bilan | Nettali.com","robots":{"index":"index","follow":"follow","max-snippet":"max-snippet:-1","max-image-preview":"max-image-preview:large","max-video-preview":"max-video-preview:-1"},"canonical":"https:\/\/www.nettali.com\/2026\/01\/08\/accident-mortel-a-farafenni-les-sapeurs-pompiers-font-le-bilan\/","og_locale":"fr_FR","og_type":"article","og_title":"ACCIDENT MORTEL \u00c0 FARAFENNI : Les sapeurs-pompiers font le bilan","og_description":"NETTALI.COM - La Brigade nationale des sapeurs-pompiers (BNSP) a livr\u00e9, ce mercredi 7 janvier 2026, les d\u00e9tails officiels du grave accident de la circulation survenu \u00e0 Farafenni, en territoire gambien, ayant co\u00fbt\u00e9 la vie \u00e0 sept ressortissants s\u00e9n\u00e9galais. Dans un communiqu\u00e9 transmis \u00e0 la presse, le Commandant Yatma Di\u00e8ye, chef de la Division Informations et [&hellip;]","og_url":"https:\/\/www.nettali.com\/2026\/01\/08\/accident-mortel-a-farafenni-les-sapeurs-pompiers-font-le-bilan\/","og_site_name":"Nettali.com","article_publisher":"https:\/\/www.facebook.com\/nettalicom","article_published_time":"2026-01-08T07:26:45+00:00","og_image":[{"width":1016,"height":852,"url":"https:\/\/www.nettali.com\/wp-content\/uploads\/2026\/01\/Accident-1.jpg","type":"image\/jpeg"}],"twitter_card":"summary_large_image","twitter_misc":{"\u00c9crit par":"Daouda","Dur\u00e9e de lecture estim\u00e9e":"3 minutes"},"schema":{"@context":"https:\/\/schema.org","@graph":[{"@type":"WebSite","@id":"https:\/\/www.nettali.com\/#website","url":"https:\/\/www.nettali.com\/","name":"Nettali.com","description":"Le rendez-vous critique du Net","potentialAction":[{"@type":"SearchAction","target":{"@type":"EntryPoint","urlTemplate":"https:\/\/www.nettali.com\/?s={search_term_string}"},"query-input":"required name=search_term_string"}],"inLanguage":"fr-FR"},{"@type":"ImageObject","@id":"https:\/\/www.nettali.com\/2026\/01\/08\/accident-mortel-a-farafenni-les-sapeurs-pompiers-font-le-bilan\/#primaryimage","inLanguage":"fr-FR","url":"https:\/\/www.nettali.com\/wp-content\/uploads\/2026\/01\/Accident-1.jpg","contentUrl":"https:\/\/www.nettali.com\/wp-content\/uploads\/2026\/01\/Accident-1.jpg","width":1016,"height":852},{"@type":"WebPage","@id":"https:\/\/www.nettali.com\/2026\/01\/08\/accident-mortel-a-farafenni-les-sapeurs-pompiers-font-le-bilan\/#webpage","url":"https:\/\/www.nettali.com\/2026\/01\/08\/accident-mortel-a-farafenni-les-sapeurs-pompiers-font-le-bilan\/","name":"ACCIDENT MORTEL \u00c0 FARAFENNI : Les sapeurs-pompiers font le bilan | Nettali.com","isPartOf":{"@id":"https:\/\/www.nettali.com\/#website"},"primaryImageOfPage":{"@id":"https:\/\/www.nettali.com\/2026\/01\/08\/accident-mortel-a-farafenni-les-sapeurs-pompiers-font-le-bilan\/#primaryimage"},"datePublished":"2026-01-08T07:26:45+00:00","dateModified":"2026-01-08T07:26:45+00:00","author":{"@id":"https:\/\/www.nettali.com\/#\/schema\/person\/3317e0bb3aa1da309fbf7b2780901bf4"},"breadcrumb":{"@id":"https:\/\/www.nettali.com\/2026\/01\/08\/accident-mortel-a-farafenni-les-sapeurs-pompiers-font-le-bilan\/#breadcrumb"},"inLanguage":"fr-FR","potentialAction":[{"@type":"ReadAction","target":["https:\/\/www.nettali.com\/2026\/01\/08\/accident-mortel-a-farafenni-les-sapeurs-pompiers-font-le-bilan\/"]}]},{"@type":"BreadcrumbList","@id":"https:\/\/www.nettali.com\/2026\/01\/08\/accident-mortel-a-farafenni-les-sapeurs-pompiers-font-le-bilan\/#breadcrumb","itemListElement":[{"@type":"ListItem","position":1,"name":"Accueil","item":"https:\/\/www.nettali.com\/"},{"@type":"ListItem","position":2,"name":"ACCIDENT MORTEL \u00c0 FARAFENNI : Les sapeurs-pompiers font le bilan"}]},{"@type":"Person","@id":"https:\/\/www.nettali.com\/#\/schema\/person\/3317e0bb3aa1da309fbf7b2780901bf4","name":"Daouda","image":{"@type":"ImageObject","@id":"https:\/\/www.nettali.com\/#personlogo","inLanguage":"fr-FR","url":"https:\/\/secure.gravatar.com\/avatar\/8d143b5a49345098ddcfee1c49c2f47c?s=96&d=mm&r=g","contentUrl":"https:\/\/secure.gravatar.com\/avatar\/8d143b5a49345098ddcfee1c49c2f47c?s=96&d=mm&r=g","caption":"Daouda"},"sameAs":["https:\/\/www.nettali.com"]}]}},"_links":{"self":[{"href":"https:\/\/www.nettali.com\/rest\/wp\/v2\/posts\/167639"}],"collection":[{"href":"https:\/\/www.nettali.com\/rest\/wp\/v2\/posts"}],"about":[{"href":"https:\/\/www.nettali.com\/rest\/wp\/v2\/types\/post"}],"author":[{"embeddable":true,"href":"https:\/\/www.nettali.com\/rest\/wp\/v2\/users\/4"}],"replies":[{"embeddable":true,"href":"https:\/\/www.nettali.com\/rest\/wp\/v2\/comments?post=167639"}],"version-history":[{"count":1,"href":"https:\/\/www.nettali.com\/rest\/wp\/v2\/posts\/167639\/revisions"}],"predecessor-version":[{"id":167642,"href":"https:\/\/www.nettali.com\/rest\/wp\/v2\/posts\/167639\/revisions\/167642"}],"wp:featuredmedia":[{"embeddable":true,"href":"https:\/\/www.nettali.com\/rest\/wp\/v2\/media\/167641"}],"wp:attachment":[{"href":"https:\/\/www.nettali.com\/rest\/wp\/v2\/media?parent=167639"}],"wp:term":[{"taxonomy":"category","embeddable":true,"href":"https:\/\/www.nettali.com\/rest\/wp\/v2\/categories?post=167639"},{"taxonomy":"post_tag","embeddable":true,"href":"https:\/\/www.nettali.com\/rest\/wp\/v2\/tags?post=167639"}],"curies":[{"name":"wp","href":"https:\/\/api.w.org\/{rel}","templated":true}]}}