{"id":166419,"date":"2025-12-16T16:54:10","date_gmt":"2025-12-16T16:54:10","guid":{"rendered":"https:\/\/www.nettali.com\/?p=166419"},"modified":"2025-12-16T18:22:41","modified_gmt":"2025-12-16T18:22:41","slug":"operations-de-deguerpissement-un-collectif-des-marchands-ambulants-annonce-un-grand-rassemblement-ce-vendredi","status":"publish","type":"post","link":"https:\/\/www.nettali.com\/2025\/12\/16\/operations-de-deguerpissement-un-collectif-des-marchands-ambulants-annonce-un-grand-rassemblement-ce-vendredi\/","title":{"rendered":"OP\u00c9RATIONS DE D\u00c9GUERPISSEMENT - Un collectif des marchands ambulants annonce un grand rassemblement ce vendredi"},"content":{"rendered":"<p><strong>NETTALI.COM- Le collectif pour la d\u00e9fense des int\u00e9r\u00eats des marchands ambulants du S\u00e9n\u00e9gal exprime son d\u00e9sarroi. Il d\u00e9nonce les op\u00e9rations de d\u00e9guerpissement entam\u00e9es par le nouveau r\u00e9gime, non sans annoncer un grand rassemblement ce vendredi 19 d\u00e9cembre \u00e0 Keur Massar, au terrain Yekini.<\/strong><\/p>\n<p>Les marchands ambulants du S\u00e9n\u00e9gal estiment que les d\u00e9guerpissements entam\u00e9s par le nouveau r\u00e9gime ont entra\u00een\u00e9 d\u2019importantes pertes \u00e9conomiques. Le collectif appelle les autorit\u00e9s \u00e0 l'am\u00e9nagement de sites de recasement afin de permettre aux marchands ambulants de poursuivre leurs activit\u00e9s dans des conditions dignes. Pour exprimer leur frustration, ces marchands ambulants annoncent un grand rassemblement vendredi prochain \u00e0 Keur Massar. \u00ab<em> \u00c0 ces autorit\u00e9s qui n'ont pas de piti\u00e9 pour ces millions de jeunes qui sont l\u00e0 et qui ne demandent qu'\u00e0 travailler. Il existe un espace \u00e0 Petersen qui pourrait r\u00e9gler le probl\u00e8me. Les marchands ambulants pourraient y \u00eatre recas\u00e9s. \u00c0 Keur Massar, le premier ministre Ousmane Sonko avait promis 13 hectares aux marchands ambulants. Il est donc temps d'en affecter une partie \u00e0 leur profit. \u00c0 Rufisque, le canal pourrait \u00e9galement \u00eatre am\u00e9nag\u00e9<\/em> \u00bb, a lanc\u00e9 Adama Sow, membre du collectif pour la d\u00e9fense des int\u00e9r\u00eats des marchands ambulants du S\u00e9n\u00e9gal.<\/p>\n<p>Il annonce une action pour exprimer leurs revendications. \u00ab <em>Nous allons tenir un rassemblement le 19 d\u00e9cembre 2025 \u00e0 partir de 16h au terrain de Yekini, ici \u00e0 Keur Massar. Ainsi, nous appelons tous les acteurs du secteur informel \u00e0 venir nous rejoindre pour lutter contre cette tentative d'an\u00e9antir le secteur marchand au S\u00e9n\u00e9gal. Nous appelons tous les S\u00e9n\u00e9galais qui sont anim\u00e9s par l'id\u00e9al de paix et de justice sociale \u00e0 venir nous soutenir dans cette lutte<\/em> \u00bb, a fait savoir M. Sow.<\/p>\n<p>Le collectif pour la d\u00e9fense des int\u00e9r\u00eats des marchands ambulants du S\u00e9n\u00e9gal interpelle les autorit\u00e9s. Il appelle \u00e0 l'ouverture de discussions ainsi qu'\u00e0 la mise en place de conditions ad\u00e9quates leur permettant de poursuivre leurs activit\u00e9s.<\/p>\n<div class='share-to-whatsapp-wrapper'><div class='share-on-whsp'>PARTAGER SUR : <\/div><a data-text='OP\u00c9RATIONS DE D\u00c9GUERPISSEMENT - Un collectif des marchands ambulants annonce un grand rassemblement ce vendredi' data-link='https:\/\/www.nettali.com\/2025\/12\/16\/operations-de-deguerpissement-un-collectif-des-marchands-ambulants-annonce-un-grand-rassemblement-ce-vendredi\/' class='whatsapp-button whatsapp-share'>WhatsApp<\/a><div class='clear '><\/div><\/div>","protected":false},"excerpt":{"rendered":"<p>NETTALI.COM- Le collectif pour la d\u00e9fense des int\u00e9r\u00eats des marchands ambulants du S\u00e9n\u00e9gal exprime son d\u00e9sarroi. Il d\u00e9nonce les op\u00e9rations de d\u00e9guerpissement entam\u00e9es par le nouveau r\u00e9gime, non sans annoncer un grand rassemblement ce vendredi 19 d\u00e9cembre \u00e0 Keur Massar, au terrain Yekini. Les marchands ambulants du S\u00e9n\u00e9gal estiment que les d\u00e9guerpissements entam\u00e9s par le [&hellip;]<\/p>\n","protected":false},"author":6,"featured_media":104920,"comment_status":"open","ping_status":"open","sticky":false,"template":"","format":"standard","meta":{"_et_pb_use_builder":"","_et_pb_old_content":""},"categories":[3],"tags":[],"yoast_head":"<!-- This site is optimized with the Yoast SEO Premium plugin v17.8 (Yoast SEO v17.8) - https:\/\/yoast.com\/wordpress\/plugins\/seo\/ -->\n<title>OP\u00c9RATIONS DE D\u00c9GUERPISSEMENT - Un collectif des marchands ambulants annonce un grand rassemblement ce vendredi | Nettali.com<\/title>\n<meta name=\"robots\" content=\"index, follow, max-snippet:-1, max-image-preview:large, max-video-preview:-1\" \/>\n<link rel=\"canonical\" href=\"https:\/\/www.nettali.com\/2025\/12\/16\/operations-de-deguerpissement-un-collectif-des-marchands-ambulants-annonce-un-grand-rassemblement-ce-vendredi\/\" \/>\n<meta property=\"og:locale\" content=\"fr_FR\" \/>\n<meta property=\"og:type\" content=\"article\" \/>\n<meta property=\"og:title\" content=\"OP\u00c9RATIONS DE D\u00c9GUERPISSEMENT - Un collectif des marchands ambulants annonce un grand rassemblement ce vendredi\" \/>\n<meta property=\"og:description\" content=\"NETTALI.COM- Le collectif pour la d\u00e9fense des int\u00e9r\u00eats des marchands ambulants du S\u00e9n\u00e9gal exprime son d\u00e9sarroi. Il d\u00e9nonce les op\u00e9rations de d\u00e9guerpissement entam\u00e9es par le nouveau r\u00e9gime, non sans annoncer un grand rassemblement ce vendredi 19 d\u00e9cembre \u00e0 Keur Massar, au terrain Yekini. Les marchands ambulants du S\u00e9n\u00e9gal estiment que les d\u00e9guerpissements entam\u00e9s par le [&hellip;]\" \/>\n<meta property=\"og:url\" content=\"https:\/\/www.nettali.com\/2025\/12\/16\/operations-de-deguerpissement-un-collectif-des-marchands-ambulants-annonce-un-grand-rassemblement-ce-vendredi\/\" \/>\n<meta property=\"og:site_name\" content=\"Nettali.com\" \/>\n<meta property=\"article:publisher\" content=\"https:\/\/www.facebook.com\/nettalicom\" \/>\n<meta property=\"article:published_time\" content=\"2025-12-16T16:54:10+00:00\" \/>\n<meta property=\"article:modified_time\" content=\"2025-12-16T18:22:41+00:00\" \/>\n<meta property=\"og:image\" content=\"https:\/\/www.nettali.com\/wp-content\/uploads\/2023\/02\/deguerpissement-marche-ocass-1080x900-1.png\" \/>\n\t<meta property=\"og:image:width\" content=\"1080\" \/>\n\t<meta property=\"og:image:height\" content=\"900\" \/>\n<meta name=\"twitter:card\" content=\"summary_large_image\" \/>\n<meta name=\"twitter:label1\" content=\"\u00c9crit par\" \/>\n\t<meta name=\"twitter:data1\" content=\"Fatou\" \/>\n\t<meta name=\"twitter:label2\" content=\"Dur\u00e9e de lecture estim\u00e9e\" \/>\n\t<meta name=\"twitter:data2\" content=\"2 minutes\" \/>\n<script type=\"application\/ld+json\" class=\"yoast-schema-graph\">{\"@context\":\"https:\/\/schema.org\",\"@graph\":[{\"@type\":\"WebSite\",\"@id\":\"https:\/\/www.nettali.com\/#website\",\"url\":\"https:\/\/www.nettali.com\/\",\"name\":\"Nettali.com\",\"description\":\"Le rendez-vous critique du Net\",\"potentialAction\":[{\"@type\":\"SearchAction\",\"target\":{\"@type\":\"EntryPoint\",\"urlTemplate\":\"https:\/\/www.nettali.com\/?s={search_term_string}\"},\"query-input\":\"required name=search_term_string\"}],\"inLanguage\":\"fr-FR\"},{\"@type\":\"ImageObject\",\"@id\":\"https:\/\/www.nettali.com\/2025\/12\/16\/operations-de-deguerpissement-un-collectif-des-marchands-ambulants-annonce-un-grand-rassemblement-ce-vendredi\/#primaryimage\",\"inLanguage\":\"fr-FR\",\"url\":\"https:\/\/www.nettali.com\/wp-content\/uploads\/2023\/02\/deguerpissement-marche-ocass-1080x900-1.png\",\"contentUrl\":\"https:\/\/www.nettali.com\/wp-content\/uploads\/2023\/02\/deguerpissement-marche-ocass-1080x900-1.png\",\"width\":1080,\"height\":900},{\"@type\":\"WebPage\",\"@id\":\"https:\/\/www.nettali.com\/2025\/12\/16\/operations-de-deguerpissement-un-collectif-des-marchands-ambulants-annonce-un-grand-rassemblement-ce-vendredi\/#webpage\",\"url\":\"https:\/\/www.nettali.com\/2025\/12\/16\/operations-de-deguerpissement-un-collectif-des-marchands-ambulants-annonce-un-grand-rassemblement-ce-vendredi\/\",\"name\":\"OP\\u00c9RATIONS DE D\\u00c9GUERPISSEMENT - Un collectif des marchands ambulants annonce un grand rassemblement ce vendredi | Nettali.com\",\"isPartOf\":{\"@id\":\"https:\/\/www.nettali.com\/#website\"},\"primaryImageOfPage\":{\"@id\":\"https:\/\/www.nettali.com\/2025\/12\/16\/operations-de-deguerpissement-un-collectif-des-marchands-ambulants-annonce-un-grand-rassemblement-ce-vendredi\/#primaryimage\"},\"datePublished\":\"2025-12-16T16:54:10+00:00\",\"dateModified\":\"2025-12-16T18:22:41+00:00\",\"author\":{\"@id\":\"https:\/\/www.nettali.com\/#\/schema\/person\/418274a86bdf87caff7a3ef476bd0bbf\"},\"breadcrumb\":{\"@id\":\"https:\/\/www.nettali.com\/2025\/12\/16\/operations-de-deguerpissement-un-collectif-des-marchands-ambulants-annonce-un-grand-rassemblement-ce-vendredi\/#breadcrumb\"},\"inLanguage\":\"fr-FR\",\"potentialAction\":[{\"@type\":\"ReadAction\",\"target\":[\"https:\/\/www.nettali.com\/2025\/12\/16\/operations-de-deguerpissement-un-collectif-des-marchands-ambulants-annonce-un-grand-rassemblement-ce-vendredi\/\"]}]},{\"@type\":\"BreadcrumbList\",\"@id\":\"https:\/\/www.nettali.com\/2025\/12\/16\/operations-de-deguerpissement-un-collectif-des-marchands-ambulants-annonce-un-grand-rassemblement-ce-vendredi\/#breadcrumb\",\"itemListElement\":[{\"@type\":\"ListItem\",\"position\":1,\"name\":\"Accueil\",\"item\":\"https:\/\/www.nettali.com\/\"},{\"@type\":\"ListItem\",\"position\":2,\"name\":\"OP\\u00c9RATIONS DE D\\u00c9GUERPISSEMENT - Un collectif des marchands ambulants annonce un grand rassemblement ce vendredi\"}]},{\"@type\":\"Person\",\"@id\":\"https:\/\/www.nettali.com\/#\/schema\/person\/418274a86bdf87caff7a3ef476bd0bbf\",\"name\":\"Fatou\",\"image\":{\"@type\":\"ImageObject\",\"@id\":\"https:\/\/www.nettali.com\/#personlogo\",\"inLanguage\":\"fr-FR\",\"url\":\"https:\/\/secure.gravatar.com\/avatar\/5a9442a2bee7b4dcf167cab035858e9a?s=96&d=mm&r=g\",\"contentUrl\":\"https:\/\/secure.gravatar.com\/avatar\/5a9442a2bee7b4dcf167cab035858e9a?s=96&d=mm&r=g\",\"caption\":\"Fatou\"},\"sameAs\":[\"https:\/\/www.nettali.com\"]}]}<\/script>\n<!-- \/ Yoast SEO Premium plugin. -->","yoast_head_json":{"title":"OP\u00c9RATIONS DE D\u00c9GUERPISSEMENT - Un collectif des marchands ambulants annonce un grand rassemblement ce vendredi | Nettali.com","robots":{"index":"index","follow":"follow","max-snippet":"max-snippet:-1","max-image-preview":"max-image-preview:large","max-video-preview":"max-video-preview:-1"},"canonical":"https:\/\/www.nettali.com\/2025\/12\/16\/operations-de-deguerpissement-un-collectif-des-marchands-ambulants-annonce-un-grand-rassemblement-ce-vendredi\/","og_locale":"fr_FR","og_type":"article","og_title":"OP\u00c9RATIONS DE D\u00c9GUERPISSEMENT - Un collectif des marchands ambulants annonce un grand rassemblement ce vendredi","og_description":"NETTALI.COM- Le collectif pour la d\u00e9fense des int\u00e9r\u00eats des marchands ambulants du S\u00e9n\u00e9gal exprime son d\u00e9sarroi. Il d\u00e9nonce les op\u00e9rations de d\u00e9guerpissement entam\u00e9es par le nouveau r\u00e9gime, non sans annoncer un grand rassemblement ce vendredi 19 d\u00e9cembre \u00e0 Keur Massar, au terrain Yekini. Les marchands ambulants du S\u00e9n\u00e9gal estiment que les d\u00e9guerpissements entam\u00e9s par le [&hellip;]","og_url":"https:\/\/www.nettali.com\/2025\/12\/16\/operations-de-deguerpissement-un-collectif-des-marchands-ambulants-annonce-un-grand-rassemblement-ce-vendredi\/","og_site_name":"Nettali.com","article_publisher":"https:\/\/www.facebook.com\/nettalicom","article_published_time":"2025-12-16T16:54:10+00:00","article_modified_time":"2025-12-16T18:22:41+00:00","og_image":[{"width":1080,"height":900,"url":"https:\/\/www.nettali.com\/wp-content\/uploads\/2023\/02\/deguerpissement-marche-ocass-1080x900-1.png","type":"image\/png"}],"twitter_card":"summary_large_image","twitter_misc":{"\u00c9crit par":"Fatou","Dur\u00e9e de lecture estim\u00e9e":"2 minutes"},"schema":{"@context":"https:\/\/schema.org","@graph":[{"@type":"WebSite","@id":"https:\/\/www.nettali.com\/#website","url":"https:\/\/www.nettali.com\/","name":"Nettali.com","description":"Le rendez-vous critique du Net","potentialAction":[{"@type":"SearchAction","target":{"@type":"EntryPoint","urlTemplate":"https:\/\/www.nettali.com\/?s={search_term_string}"},"query-input":"required name=search_term_string"}],"inLanguage":"fr-FR"},{"@type":"ImageObject","@id":"https:\/\/www.nettali.com\/2025\/12\/16\/operations-de-deguerpissement-un-collectif-des-marchands-ambulants-annonce-un-grand-rassemblement-ce-vendredi\/#primaryimage","inLanguage":"fr-FR","url":"https:\/\/www.nettali.com\/wp-content\/uploads\/2023\/02\/deguerpissement-marche-ocass-1080x900-1.png","contentUrl":"https:\/\/www.nettali.com\/wp-content\/uploads\/2023\/02\/deguerpissement-marche-ocass-1080x900-1.png","width":1080,"height":900},{"@type":"WebPage","@id":"https:\/\/www.nettali.com\/2025\/12\/16\/operations-de-deguerpissement-un-collectif-des-marchands-ambulants-annonce-un-grand-rassemblement-ce-vendredi\/#webpage","url":"https:\/\/www.nettali.com\/2025\/12\/16\/operations-de-deguerpissement-un-collectif-des-marchands-ambulants-annonce-un-grand-rassemblement-ce-vendredi\/","name":"OP\u00c9RATIONS DE D\u00c9GUERPISSEMENT - Un collectif des marchands ambulants annonce un grand rassemblement ce vendredi | Nettali.com","isPartOf":{"@id":"https:\/\/www.nettali.com\/#website"},"primaryImageOfPage":{"@id":"https:\/\/www.nettali.com\/2025\/12\/16\/operations-de-deguerpissement-un-collectif-des-marchands-ambulants-annonce-un-grand-rassemblement-ce-vendredi\/#primaryimage"},"datePublished":"2025-12-16T16:54:10+00:00","dateModified":"2025-12-16T18:22:41+00:00","author":{"@id":"https:\/\/www.nettali.com\/#\/schema\/person\/418274a86bdf87caff7a3ef476bd0bbf"},"breadcrumb":{"@id":"https:\/\/www.nettali.com\/2025\/12\/16\/operations-de-deguerpissement-un-collectif-des-marchands-ambulants-annonce-un-grand-rassemblement-ce-vendredi\/#breadcrumb"},"inLanguage":"fr-FR","potentialAction":[{"@type":"ReadAction","target":["https:\/\/www.nettali.com\/2025\/12\/16\/operations-de-deguerpissement-un-collectif-des-marchands-ambulants-annonce-un-grand-rassemblement-ce-vendredi\/"]}]},{"@type":"BreadcrumbList","@id":"https:\/\/www.nettali.com\/2025\/12\/16\/operations-de-deguerpissement-un-collectif-des-marchands-ambulants-annonce-un-grand-rassemblement-ce-vendredi\/#breadcrumb","itemListElement":[{"@type":"ListItem","position":1,"name":"Accueil","item":"https:\/\/www.nettali.com\/"},{"@type":"ListItem","position":2,"name":"OP\u00c9RATIONS DE D\u00c9GUERPISSEMENT - Un collectif des marchands ambulants annonce un grand rassemblement ce vendredi"}]},{"@type":"Person","@id":"https:\/\/www.nettali.com\/#\/schema\/person\/418274a86bdf87caff7a3ef476bd0bbf","name":"Fatou","image":{"@type":"ImageObject","@id":"https:\/\/www.nettali.com\/#personlogo","inLanguage":"fr-FR","url":"https:\/\/secure.gravatar.com\/avatar\/5a9442a2bee7b4dcf167cab035858e9a?s=96&d=mm&r=g","contentUrl":"https:\/\/secure.gravatar.com\/avatar\/5a9442a2bee7b4dcf167cab035858e9a?s=96&d=mm&r=g","caption":"Fatou"},"sameAs":["https:\/\/www.nettali.com"]}]}},"_links":{"self":[{"href":"https:\/\/www.nettali.com\/rest\/wp\/v2\/posts\/166419"}],"collection":[{"href":"https:\/\/www.nettali.com\/rest\/wp\/v2\/posts"}],"about":[{"href":"https:\/\/www.nettali.com\/rest\/wp\/v2\/types\/post"}],"author":[{"embeddable":true,"href":"https:\/\/www.nettali.com\/rest\/wp\/v2\/users\/6"}],"replies":[{"embeddable":true,"href":"https:\/\/www.nettali.com\/rest\/wp\/v2\/comments?post=166419"}],"version-history":[{"count":1,"href":"https:\/\/www.nettali.com\/rest\/wp\/v2\/posts\/166419\/revisions"}],"predecessor-version":[{"id":166421,"href":"https:\/\/www.nettali.com\/rest\/wp\/v2\/posts\/166419\/revisions\/166421"}],"wp:featuredmedia":[{"embeddable":true,"href":"https:\/\/www.nettali.com\/rest\/wp\/v2\/media\/104920"}],"wp:attachment":[{"href":"https:\/\/www.nettali.com\/rest\/wp\/v2\/media?parent=166419"}],"wp:term":[{"taxonomy":"category","embeddable":true,"href":"https:\/\/www.nettali.com\/rest\/wp\/v2\/categories?post=166419"},{"taxonomy":"post_tag","embeddable":true,"href":"https:\/\/www.nettali.com\/rest\/wp\/v2\/tags?post=166419"}],"curies":[{"name":"wp","href":"https:\/\/api.w.org\/{rel}","templated":true}]}}