{"id":166269,"date":"2025-12-13T08:38:46","date_gmt":"2025-12-13T08:38:46","guid":{"rendered":"https:\/\/www.nettali.com\/?p=166269"},"modified":"2025-12-15T08:24:15","modified_gmt":"2025-12-15T08:24:15","slug":"annulation-des-deux-arretes-sur-la-certification-des-medias-les-retombees-dune-forte-decision","status":"publish","type":"post","link":"https:\/\/www.nettali.com\/2025\/12\/13\/annulation-des-deux-arretes-sur-la-certification-des-medias-les-retombees-dune-forte-decision\/","title":{"rendered":"ANNULATION DES DEUX ARR\u00caT\u00c9S SUR LA CERTIFICATION DES M\u00c9DIAS - Les retomb\u00e9es d\u2019une forte d\u00e9cision"},"content":{"rendered":"<p><strong>NETTALI.COM - La Cour supr\u00eame a annul\u00e9 les deux arr\u00eat\u00e9s sur la certification des m\u00e9dias pris par le ministre de la communication Aliou Sall. Ainsi, aux yeux de la loi, la Commission d'examen et de validation des d\u00e9clarations des entreprises de presse devrait \u00eatre dissoute. Les acteurs saluent une victoire de la libert\u00e9 de la presse.<\/strong><\/p>\n<p>La Cour supr\u00eame a invalid\u00e9 les textes qui devaient organiser et formaliser l'enregistrement et la reconnaissance des m\u00e9dias au S\u00e9n\u00e9gal via une nouvelle proc\u00e9dure num\u00e9rique et une Commission de validation, suite au recours de D m\u00e9dia, Zik FM, Sen TV, 3M Universel, E-m\u00e9dia Invest, AFRICOME SA, Groupe Sud Communication, EXCAF, Groupe Futurs M\u00e9dias. La Premi\u00e8re chambre administrative de la Cour estime que le ministre Aliou Sall a viol\u00e9 la Constitution et le Code de la presse en vigueur. Ce dernier a outrepass\u00e9 ses pouvoirs.<\/p>\n<p>En effet, selon le motif, en soumettant toutes les entreprises de presse, sans distinction, \u00e0 l'obligation d'enregistrement pr\u00e9vue \u00e0 l'article 68 du Code de la Presse et en renvoyant \u00e0 des sanctions autres que l'in\u00e9ligibilit\u00e9 aux avantages accord\u00e9s par l'\u00c9tat, \u201c<em>le ministre a us\u00e9 de son pouvoir r\u00e9glementaire pour imposer aux entreprises de presse des obligations qui ne sont pas pr\u00e9vues par la loi<\/em>\u201d. Il faut dire que le 1er octobre 2024, le ministre a mis en place une plateforme num\u00e9rique pour l'identification des entreprises de presse.<\/p>\n<p>\u00c0 cet effet, il a \u00e9t\u00e9 cr\u00e9\u00e9 une Commission d'examen et de validation des demandes d'enregistrements des entreprises de presse du S\u00e9n\u00e9gal. Cet arr\u00eat\u00e9 exige donc que les entreprises de presse, bien qu'ayant d\u00e9j\u00e0 respect\u00e9 les conditions de la loi sur la presse, s'enregistrent sur une plateforme num\u00e9rique pour \u00eatre officiellement reconnues. S\u2019estimant l\u00e9s\u00e9es, les entreprises plaignantes ont fait remarquer que cette nouvelle condition d'enregistrement et d'attestation enfreint les articles pertinents du Code de la Presse.<\/p>\n<p>Elles parlent de violation de la loi et du principe de non-r\u00e9troactivit\u00e9 des lois et des r\u00e8glements. Et d'apr\u00e8s les articles 8 et 11 de la Constitution, la cr\u00e9ation d'un organe de presse pour l'information n'est soumise \u00e0 aucune autorisation pr\u00e9alable et l'activit\u00e9 de presse est une libert\u00e9 fondamentale qui s'exerce dans les conditions pr\u00e9vues par la loi. Quant \u00e0 l'enregistrement aupr\u00e8s du minist\u00e8re en charge de la Communication, il peut donner droit \u00e0 tous les avantages et obligations inh\u00e9rents au statut d'entreprise de presse \u00e9crite.<\/p>\n<p>\u201c<em>Le droit vient d\u2019\u00eatre encore dit pour sanctionner tous les agissements ill\u00e9gaux du ministre de la Communication depuis l\u2019av\u00e8nement de la 3e alternance politique<\/em>\u201d, a d\u00e9clar\u00e9 le pr\u00e9sident du Conseil des diffuseurs et \u00e9diteurs de presse du S\u00e9n\u00e9gal (Cdeps), Mamadou Ibra Kane, suite \u00e0 la d\u00e9cision de la Cour supr\u00eame. Il salue une d\u00e9cision qui vient \u201c<em>incontestablement<\/em>\u201d de renforcer l'\u00c9tat de droit. \u201cC<em>\u2019est notre conviction que les cours et tribunaux s\u00e9n\u00e9galais sont le meilleur rempart contre toutes les d\u00e9rives autoritaires<\/em>\u201d, a-t-il appr\u00e9ci\u00e9.<\/p>\n<p>Il faut dire que cette annulation des arr\u00eat\u00e9s n\u00b0017412 du 29 juillet 2024 et n\u00b0024462 du 1er octobre 2024 du ministre de la Communication, des T\u00e9l\u00e9communications et du Num\u00e9rique a des cons\u00e9quences majeures. Cela implique la disparition des nouvelles proc\u00e9dures. En effet, la plateforme num\u00e9rique pour l'identification des entreprises de presse n'existe plus l\u00e9galement. Les entreprises de presse ne sont plus tenues d'utiliser cette plateforme pour se faire reconna\u00eetre ou s'enregistrer.<\/p>\n<p><strong>Les d\u00e9cisions bas\u00e9es sur ces d\u00e9crets d\u00e9sormais \u201centach\u00e9es de nullit\u00e9 et de nul effet\u201d <\/strong><\/p>\n<p>Ainsi, aux yeux de la loi, la Commission d'examen et de validation des d\u00e9clarations des entreprises de presse doit \u00eatre dissoute. Ses d\u00e9cisions et son r\u00f4le de filtre n'ont plus de base l\u00e9gale. Autrement dit, le cadre juridique existant avant ces deux arr\u00eat\u00e9s de juillet et octobre 2024 redevient applicable. \u00c0 en croire Mamadou Ibra Kane, le jugement a d\u00e9j\u00e0 des effets imm\u00e9diats. \u201c<em>D\u2019ores et d\u00e9j\u00e0, toutes les d\u00e9cisions prises par le ministre de la Communication bas\u00e9es sur ces d\u00e9crets sont entach\u00e9es de nullit\u00e9 et de nul effet<\/em>\u201d, a-t-il indiqu\u00e9.<\/p>\n<p>Au-del\u00e0 de la plateforme et de la commission de validation des entreprises de presse, le d\u00e9p\u00f4t des demandes au niveau du Fonds d\u2019Aide \u00e0 la Presse (FADP) est concern\u00e9, selon lui. M. Kane d\u00e9nonce d\u2019ailleurs le \u201c<em>d\u00e9tournement d\u2019objectifs et la distribution de fonds publics sans aucune base l\u00e9gale<\/em>\u201d concernant le d\u00e9blocage de fonds pour le Cored, la Commission nationale de la carte de presse et la Maison de la presse.<\/p>\n<p>Il y a, d\u00e9nonce-t-il, une r\u00e9pression continue et f\u00e9roce contre la presse ind\u00e9pendante. Asphyxie fiscale de la presse, rupture unilat\u00e9rale et ill\u00e9gale des contrats publicitaires avec l\u2019\u00c9tat, confiscation de bouquets t\u00e9l\u00e9visuels et coupures de signal, blocage de la subvention aux m\u00e9dias depuis deux ans, exclusion de la presse priv\u00e9e des manifestations publiques et des d\u00e9l\u00e9gations \u00e0 l\u2019\u00e9tranger (qualifi\u00e9e d'h\u00e9r\u00e9sie du parti-\u00c9tat).<\/p>\n<p>Autant de pratiques observ\u00e9es depuis l\u2019arriv\u00e9e du r\u00e9gime actuel que d\u00e9nonce le Cedeps. Qui regrette aussi les cons\u00e9quences humaines. En effet, elle a relev\u00e9 qu\u2019apr\u00e8s 21 mois, des milliers de travailleurs des entreprises de presse ont perdu leurs emplois, du journaliste au coursier, des familles plong\u00e9es brusquement dans la pauvret\u00e9, les m\u00e9nages disloqu\u00e9s, des enfants sans scolarit\u00e9 ni couverture m\u00e9dicale.<\/p>\n<div class='share-to-whatsapp-wrapper'><div class='share-on-whsp'>PARTAGER SUR : <\/div><a data-text='ANNULATION DES DEUX ARR\u00caT\u00c9S SUR LA CERTIFICATION DES M\u00c9DIAS - Les retomb\u00e9es d\u2019une forte d\u00e9cision' data-link='https:\/\/www.nettali.com\/2025\/12\/13\/annulation-des-deux-arretes-sur-la-certification-des-medias-les-retombees-dune-forte-decision\/' class='whatsapp-button whatsapp-share'>WhatsApp<\/a><div class='clear '><\/div><\/div>","protected":false},"excerpt":{"rendered":"<p>NETTALI.COM - La Cour supr\u00eame a annul\u00e9 les deux arr\u00eat\u00e9s sur la certification des m\u00e9dias pris par le ministre de la communication Aliou Sall. Ainsi, aux yeux de la loi, la Commission d'examen et de validation des d\u00e9clarations des entreprises de presse devrait \u00eatre dissoute. Les acteurs saluent une victoire de la libert\u00e9 de la [&hellip;]<\/p>\n","protected":false},"author":2,"featured_media":166270,"comment_status":"open","ping_status":"open","sticky":false,"template":"","format":"standard","meta":{"_et_pb_use_builder":"","_et_pb_old_content":""},"categories":[3],"tags":[],"yoast_head":"<!-- This site is optimized with the Yoast SEO Premium plugin v17.8 (Yoast SEO v17.8) - https:\/\/yoast.com\/wordpress\/plugins\/seo\/ -->\n<title>ANNULATION DES DEUX ARR\u00caT\u00c9S SUR LA CERTIFICATION DES M\u00c9DIAS - Les retomb\u00e9es d\u2019une forte d\u00e9cision | Nettali.com<\/title>\n<meta name=\"robots\" content=\"index, follow, max-snippet:-1, max-image-preview:large, max-video-preview:-1\" \/>\n<link rel=\"canonical\" href=\"https:\/\/www.nettali.com\/2025\/12\/13\/annulation-des-deux-arretes-sur-la-certification-des-medias-les-retombees-dune-forte-decision\/\" \/>\n<meta property=\"og:locale\" content=\"fr_FR\" \/>\n<meta property=\"og:type\" content=\"article\" \/>\n<meta property=\"og:title\" content=\"ANNULATION DES DEUX ARR\u00caT\u00c9S SUR LA CERTIFICATION DES M\u00c9DIAS - Les retomb\u00e9es d\u2019une forte d\u00e9cision\" \/>\n<meta property=\"og:description\" content=\"NETTALI.COM - La Cour supr\u00eame a annul\u00e9 les deux arr\u00eat\u00e9s sur la certification des m\u00e9dias pris par le ministre de la communication Aliou Sall. Ainsi, aux yeux de la loi, la Commission d&#039;examen et de validation des d\u00e9clarations des entreprises de presse devrait \u00eatre dissoute. Les acteurs saluent une victoire de la libert\u00e9 de la [&hellip;]\" \/>\n<meta property=\"og:url\" content=\"https:\/\/www.nettali.com\/2025\/12\/13\/annulation-des-deux-arretes-sur-la-certification-des-medias-les-retombees-dune-forte-decision\/\" \/>\n<meta property=\"og:site_name\" content=\"Nettali.com\" \/>\n<meta property=\"article:publisher\" content=\"https:\/\/www.facebook.com\/nettalicom\" \/>\n<meta property=\"article:published_time\" content=\"2025-12-13T08:38:46+00:00\" \/>\n<meta property=\"article:modified_time\" content=\"2025-12-15T08:24:15+00:00\" \/>\n<meta property=\"og:image\" content=\"https:\/\/www.nettali.com\/wp-content\/uploads\/2025\/12\/images-5.jpeg\" \/>\n\t<meta property=\"og:image:width\" content=\"272\" \/>\n\t<meta property=\"og:image:height\" content=\"185\" \/>\n<meta name=\"twitter:card\" content=\"summary_large_image\" \/>\n<meta name=\"twitter:label1\" content=\"\u00c9crit par\" \/>\n\t<meta name=\"twitter:data1\" content=\"CK\" \/>\n\t<meta name=\"twitter:label2\" content=\"Dur\u00e9e de lecture estim\u00e9e\" \/>\n\t<meta name=\"twitter:data2\" content=\"5 minutes\" \/>\n<script type=\"application\/ld+json\" class=\"yoast-schema-graph\">{\"@context\":\"https:\/\/schema.org\",\"@graph\":[{\"@type\":\"WebSite\",\"@id\":\"https:\/\/www.nettali.com\/#website\",\"url\":\"https:\/\/www.nettali.com\/\",\"name\":\"Nettali.com\",\"description\":\"Le rendez-vous critique du Net\",\"potentialAction\":[{\"@type\":\"SearchAction\",\"target\":{\"@type\":\"EntryPoint\",\"urlTemplate\":\"https:\/\/www.nettali.com\/?s={search_term_string}\"},\"query-input\":\"required name=search_term_string\"}],\"inLanguage\":\"fr-FR\"},{\"@type\":\"ImageObject\",\"@id\":\"https:\/\/www.nettali.com\/2025\/12\/13\/annulation-des-deux-arretes-sur-la-certification-des-medias-les-retombees-dune-forte-decision\/#primaryimage\",\"inLanguage\":\"fr-FR\",\"url\":\"https:\/\/www.nettali.com\/wp-content\/uploads\/2025\/12\/images-5.jpeg\",\"contentUrl\":\"https:\/\/www.nettali.com\/wp-content\/uploads\/2025\/12\/images-5.jpeg\",\"width\":272,\"height\":185},{\"@type\":\"WebPage\",\"@id\":\"https:\/\/www.nettali.com\/2025\/12\/13\/annulation-des-deux-arretes-sur-la-certification-des-medias-les-retombees-dune-forte-decision\/#webpage\",\"url\":\"https:\/\/www.nettali.com\/2025\/12\/13\/annulation-des-deux-arretes-sur-la-certification-des-medias-les-retombees-dune-forte-decision\/\",\"name\":\"ANNULATION DES DEUX ARR\\u00caT\\u00c9S SUR LA CERTIFICATION DES M\\u00c9DIAS - Les retomb\\u00e9es d\\u2019une forte d\\u00e9cision | Nettali.com\",\"isPartOf\":{\"@id\":\"https:\/\/www.nettali.com\/#website\"},\"primaryImageOfPage\":{\"@id\":\"https:\/\/www.nettali.com\/2025\/12\/13\/annulation-des-deux-arretes-sur-la-certification-des-medias-les-retombees-dune-forte-decision\/#primaryimage\"},\"datePublished\":\"2025-12-13T08:38:46+00:00\",\"dateModified\":\"2025-12-15T08:24:15+00:00\",\"author\":{\"@id\":\"https:\/\/www.nettali.com\/#\/schema\/person\/d8ac7b7e27ddad43f1c0d2ef090d7f71\"},\"breadcrumb\":{\"@id\":\"https:\/\/www.nettali.com\/2025\/12\/13\/annulation-des-deux-arretes-sur-la-certification-des-medias-les-retombees-dune-forte-decision\/#breadcrumb\"},\"inLanguage\":\"fr-FR\",\"potentialAction\":[{\"@type\":\"ReadAction\",\"target\":[\"https:\/\/www.nettali.com\/2025\/12\/13\/annulation-des-deux-arretes-sur-la-certification-des-medias-les-retombees-dune-forte-decision\/\"]}]},{\"@type\":\"BreadcrumbList\",\"@id\":\"https:\/\/www.nettali.com\/2025\/12\/13\/annulation-des-deux-arretes-sur-la-certification-des-medias-les-retombees-dune-forte-decision\/#breadcrumb\",\"itemListElement\":[{\"@type\":\"ListItem\",\"position\":1,\"name\":\"Accueil\",\"item\":\"https:\/\/www.nettali.com\/\"},{\"@type\":\"ListItem\",\"position\":2,\"name\":\"ANNULATION DES DEUX ARR\\u00caT\\u00c9S SUR LA CERTIFICATION DES M\\u00c9DIAS - Les retomb\\u00e9es d\\u2019une forte d\\u00e9cision\"}]},{\"@type\":\"Person\",\"@id\":\"https:\/\/www.nettali.com\/#\/schema\/person\/d8ac7b7e27ddad43f1c0d2ef090d7f71\",\"name\":\"CK\",\"image\":{\"@type\":\"ImageObject\",\"@id\":\"https:\/\/www.nettali.com\/#personlogo\",\"inLanguage\":\"fr-FR\",\"url\":\"https:\/\/secure.gravatar.com\/avatar\/1d8d5118b9327d94da7cd4ce7f17fec2?s=96&d=mm&r=g\",\"contentUrl\":\"https:\/\/secure.gravatar.com\/avatar\/1d8d5118b9327d94da7cd4ce7f17fec2?s=96&d=mm&r=g\",\"caption\":\"CK\"},\"sameAs\":[\"https:\/\/www.nettali.com\"]}]}<\/script>\n<!-- \/ Yoast SEO Premium plugin. -->","yoast_head_json":{"title":"ANNULATION DES DEUX ARR\u00caT\u00c9S SUR LA CERTIFICATION DES M\u00c9DIAS - Les retomb\u00e9es d\u2019une forte d\u00e9cision | Nettali.com","robots":{"index":"index","follow":"follow","max-snippet":"max-snippet:-1","max-image-preview":"max-image-preview:large","max-video-preview":"max-video-preview:-1"},"canonical":"https:\/\/www.nettali.com\/2025\/12\/13\/annulation-des-deux-arretes-sur-la-certification-des-medias-les-retombees-dune-forte-decision\/","og_locale":"fr_FR","og_type":"article","og_title":"ANNULATION DES DEUX ARR\u00caT\u00c9S SUR LA CERTIFICATION DES M\u00c9DIAS - Les retomb\u00e9es d\u2019une forte d\u00e9cision","og_description":"NETTALI.COM - La Cour supr\u00eame a annul\u00e9 les deux arr\u00eat\u00e9s sur la certification des m\u00e9dias pris par le ministre de la communication Aliou Sall. Ainsi, aux yeux de la loi, la Commission d'examen et de validation des d\u00e9clarations des entreprises de presse devrait \u00eatre dissoute. Les acteurs saluent une victoire de la libert\u00e9 de la [&hellip;]","og_url":"https:\/\/www.nettali.com\/2025\/12\/13\/annulation-des-deux-arretes-sur-la-certification-des-medias-les-retombees-dune-forte-decision\/","og_site_name":"Nettali.com","article_publisher":"https:\/\/www.facebook.com\/nettalicom","article_published_time":"2025-12-13T08:38:46+00:00","article_modified_time":"2025-12-15T08:24:15+00:00","og_image":[{"width":272,"height":185,"url":"https:\/\/www.nettali.com\/wp-content\/uploads\/2025\/12\/images-5.jpeg","type":"image\/jpeg"}],"twitter_card":"summary_large_image","twitter_misc":{"\u00c9crit par":"CK","Dur\u00e9e de lecture estim\u00e9e":"5 minutes"},"schema":{"@context":"https:\/\/schema.org","@graph":[{"@type":"WebSite","@id":"https:\/\/www.nettali.com\/#website","url":"https:\/\/www.nettali.com\/","name":"Nettali.com","description":"Le rendez-vous critique du Net","potentialAction":[{"@type":"SearchAction","target":{"@type":"EntryPoint","urlTemplate":"https:\/\/www.nettali.com\/?s={search_term_string}"},"query-input":"required name=search_term_string"}],"inLanguage":"fr-FR"},{"@type":"ImageObject","@id":"https:\/\/www.nettali.com\/2025\/12\/13\/annulation-des-deux-arretes-sur-la-certification-des-medias-les-retombees-dune-forte-decision\/#primaryimage","inLanguage":"fr-FR","url":"https:\/\/www.nettali.com\/wp-content\/uploads\/2025\/12\/images-5.jpeg","contentUrl":"https:\/\/www.nettali.com\/wp-content\/uploads\/2025\/12\/images-5.jpeg","width":272,"height":185},{"@type":"WebPage","@id":"https:\/\/www.nettali.com\/2025\/12\/13\/annulation-des-deux-arretes-sur-la-certification-des-medias-les-retombees-dune-forte-decision\/#webpage","url":"https:\/\/www.nettali.com\/2025\/12\/13\/annulation-des-deux-arretes-sur-la-certification-des-medias-les-retombees-dune-forte-decision\/","name":"ANNULATION DES DEUX ARR\u00caT\u00c9S SUR LA CERTIFICATION DES M\u00c9DIAS - Les retomb\u00e9es d\u2019une forte d\u00e9cision | Nettali.com","isPartOf":{"@id":"https:\/\/www.nettali.com\/#website"},"primaryImageOfPage":{"@id":"https:\/\/www.nettali.com\/2025\/12\/13\/annulation-des-deux-arretes-sur-la-certification-des-medias-les-retombees-dune-forte-decision\/#primaryimage"},"datePublished":"2025-12-13T08:38:46+00:00","dateModified":"2025-12-15T08:24:15+00:00","author":{"@id":"https:\/\/www.nettali.com\/#\/schema\/person\/d8ac7b7e27ddad43f1c0d2ef090d7f71"},"breadcrumb":{"@id":"https:\/\/www.nettali.com\/2025\/12\/13\/annulation-des-deux-arretes-sur-la-certification-des-medias-les-retombees-dune-forte-decision\/#breadcrumb"},"inLanguage":"fr-FR","potentialAction":[{"@type":"ReadAction","target":["https:\/\/www.nettali.com\/2025\/12\/13\/annulation-des-deux-arretes-sur-la-certification-des-medias-les-retombees-dune-forte-decision\/"]}]},{"@type":"BreadcrumbList","@id":"https:\/\/www.nettali.com\/2025\/12\/13\/annulation-des-deux-arretes-sur-la-certification-des-medias-les-retombees-dune-forte-decision\/#breadcrumb","itemListElement":[{"@type":"ListItem","position":1,"name":"Accueil","item":"https:\/\/www.nettali.com\/"},{"@type":"ListItem","position":2,"name":"ANNULATION DES DEUX ARR\u00caT\u00c9S SUR LA CERTIFICATION DES M\u00c9DIAS - Les retomb\u00e9es d\u2019une forte d\u00e9cision"}]},{"@type":"Person","@id":"https:\/\/www.nettali.com\/#\/schema\/person\/d8ac7b7e27ddad43f1c0d2ef090d7f71","name":"CK","image":{"@type":"ImageObject","@id":"https:\/\/www.nettali.com\/#personlogo","inLanguage":"fr-FR","url":"https:\/\/secure.gravatar.com\/avatar\/1d8d5118b9327d94da7cd4ce7f17fec2?s=96&d=mm&r=g","contentUrl":"https:\/\/secure.gravatar.com\/avatar\/1d8d5118b9327d94da7cd4ce7f17fec2?s=96&d=mm&r=g","caption":"CK"},"sameAs":["https:\/\/www.nettali.com"]}]}},"_links":{"self":[{"href":"https:\/\/www.nettali.com\/rest\/wp\/v2\/posts\/166269"}],"collection":[{"href":"https:\/\/www.nettali.com\/rest\/wp\/v2\/posts"}],"about":[{"href":"https:\/\/www.nettali.com\/rest\/wp\/v2\/types\/post"}],"author":[{"embeddable":true,"href":"https:\/\/www.nettali.com\/rest\/wp\/v2\/users\/2"}],"replies":[{"embeddable":true,"href":"https:\/\/www.nettali.com\/rest\/wp\/v2\/comments?post=166269"}],"version-history":[{"count":2,"href":"https:\/\/www.nettali.com\/rest\/wp\/v2\/posts\/166269\/revisions"}],"predecessor-version":[{"id":166272,"href":"https:\/\/www.nettali.com\/rest\/wp\/v2\/posts\/166269\/revisions\/166272"}],"wp:featuredmedia":[{"embeddable":true,"href":"https:\/\/www.nettali.com\/rest\/wp\/v2\/media\/166270"}],"wp:attachment":[{"href":"https:\/\/www.nettali.com\/rest\/wp\/v2\/media?parent=166269"}],"wp:term":[{"taxonomy":"category","embeddable":true,"href":"https:\/\/www.nettali.com\/rest\/wp\/v2\/categories?post=166269"},{"taxonomy":"post_tag","embeddable":true,"href":"https:\/\/www.nettali.com\/rest\/wp\/v2\/tags?post=166269"}],"curies":[{"name":"wp","href":"https:\/\/api.w.org\/{rel}","templated":true}]}}