{"id":166205,"date":"2025-12-12T00:22:44","date_gmt":"2025-12-12T00:22:44","guid":{"rendered":"https:\/\/www.nettali.com\/?p=166205"},"modified":"2025-12-12T00:22:44","modified_gmt":"2025-12-12T00:22:44","slug":"ageroute-le-dg-mamadou-ndao-limoge","status":"publish","type":"post","link":"https:\/\/www.nettali.com\/2025\/12\/12\/ageroute-le-dg-mamadou-ndao-limoge\/","title":{"rendered":"AGEROUTE - Le DG Mamadou Ndao limog\u00e9"},"content":{"rendered":"<p><strong>NETTALI.COM - L'Agence des travaux et de gestion des routes (Ageroute) a un nouveau patron. Le Conseil des ministres de ce jeudi a annonc\u00e9 le remplacement de Mamadou Ndao par Moustapha Fall.<\/strong><\/p>\n<p>La r\u00e9union du Conseil des ministres de ce jeudi a consacr\u00e9 la fin du r\u00e8gne de Mamadou Ndao \u00e0 la t\u00eate de L'Agence des travaux et de gestion des routes (Ageroute). A la t\u00eate de cette importante agence depuis d\u00e9cembre 2023, Ndao est remplac\u00e9 par Moustapha Fall. Le nouveau Directeur g\u00e9n\u00e9ral de l'Ageroute est ing\u00e9nieur en g\u00e9nie civil de formation.<\/p>\n<p>Ce remplacement intervient dans un contexte marqu\u00e9 par plusieurs complaintes du ministre des Infrastructures, tutelle de l'Ageroute. D\u00e9thi\u00e9 Fall avait r\u00e9cemment d\u00e9nonc\u00e9 des manquements et des retards dans les travaux de la route Birkilane-Mabo. Venu d\u00e9fendre le budget de son minist\u00e8re devant l\u2019Assembl\u00e9e nationale, D\u00e9thi\u00e9 Fall avait promis une <em>\"rigueur martiale\"<\/em> dans le respect des d\u00e9lais et la qualit\u00e9 des chantiers que l'Etat a confi\u00e9s aux entreprises priv\u00e9es.<\/p>\n<div class='share-to-whatsapp-wrapper'><div class='share-on-whsp'>PARTAGER SUR : <\/div><a data-text='AGEROUTE - Le DG Mamadou Ndao limog\u00e9' data-link='https:\/\/www.nettali.com\/2025\/12\/12\/ageroute-le-dg-mamadou-ndao-limoge\/' class='whatsapp-button whatsapp-share'>WhatsApp<\/a><div class='clear '><\/div><\/div>","protected":false},"excerpt":{"rendered":"<p>NETTALI.COM - L'Agence des travaux et de gestion des routes (Ageroute) a un nouveau patron. Le Conseil des ministres de ce jeudi a annonc\u00e9 le remplacement de Mamadou Ndao par Moustapha Fall. La r\u00e9union du Conseil des ministres de ce jeudi a consacr\u00e9 la fin du r\u00e8gne de Mamadou Ndao \u00e0 la t\u00eate de L'Agence [&hellip;]<\/p>\n","protected":false},"author":3,"featured_media":166206,"comment_status":"open","ping_status":"open","sticky":false,"template":"","format":"standard","meta":{"_et_pb_use_builder":"","_et_pb_old_content":""},"categories":[4],"tags":[],"yoast_head":"<!-- This site is optimized with the Yoast SEO Premium plugin v17.8 (Yoast SEO v17.8) - https:\/\/yoast.com\/wordpress\/plugins\/seo\/ -->\n<title>AGEROUTE - Le DG Mamadou Ndao limog\u00e9 | Nettali.com<\/title>\n<meta name=\"robots\" content=\"index, follow, max-snippet:-1, max-image-preview:large, max-video-preview:-1\" \/>\n<link rel=\"canonical\" href=\"https:\/\/www.nettali.com\/2025\/12\/12\/ageroute-le-dg-mamadou-ndao-limoge\/\" \/>\n<meta property=\"og:locale\" content=\"fr_FR\" \/>\n<meta property=\"og:type\" content=\"article\" \/>\n<meta property=\"og:title\" content=\"AGEROUTE - Le DG Mamadou Ndao limog\u00e9\" \/>\n<meta property=\"og:description\" content=\"NETTALI.COM - L&#039;Agence des travaux et de gestion des routes (Ageroute) a un nouveau patron. Le Conseil des ministres de ce jeudi a annonc\u00e9 le remplacement de Mamadou Ndao par Moustapha Fall. La r\u00e9union du Conseil des ministres de ce jeudi a consacr\u00e9 la fin du r\u00e8gne de Mamadou Ndao \u00e0 la t\u00eate de L&#039;Agence [&hellip;]\" \/>\n<meta property=\"og:url\" content=\"https:\/\/www.nettali.com\/2025\/12\/12\/ageroute-le-dg-mamadou-ndao-limoge\/\" \/>\n<meta property=\"og:site_name\" content=\"Nettali.com\" \/>\n<meta property=\"article:publisher\" content=\"https:\/\/www.facebook.com\/nettalicom\" \/>\n<meta property=\"article:published_time\" content=\"2025-12-12T00:22:44+00:00\" \/>\n<meta property=\"og:image\" content=\"https:\/\/www.nettali.com\/wp-content\/uploads\/2025\/12\/77524149-56340360.jpg\" \/>\n\t<meta property=\"og:image:width\" content=\"768\" \/>\n\t<meta property=\"og:image:height\" content=\"1024\" \/>\n<meta name=\"twitter:card\" content=\"summary_large_image\" \/>\n<meta name=\"twitter:label1\" content=\"\u00c9crit par\" \/>\n\t<meta name=\"twitter:data1\" content=\"Moustapha\" \/>\n\t<meta name=\"twitter:label2\" content=\"Dur\u00e9e de lecture estim\u00e9e\" \/>\n\t<meta name=\"twitter:data2\" content=\"1 minute\" \/>\n<script type=\"application\/ld+json\" class=\"yoast-schema-graph\">{\"@context\":\"https:\/\/schema.org\",\"@graph\":[{\"@type\":\"WebSite\",\"@id\":\"https:\/\/www.nettali.com\/#website\",\"url\":\"https:\/\/www.nettali.com\/\",\"name\":\"Nettali.com\",\"description\":\"Le rendez-vous critique du Net\",\"potentialAction\":[{\"@type\":\"SearchAction\",\"target\":{\"@type\":\"EntryPoint\",\"urlTemplate\":\"https:\/\/www.nettali.com\/?s={search_term_string}\"},\"query-input\":\"required name=search_term_string\"}],\"inLanguage\":\"fr-FR\"},{\"@type\":\"ImageObject\",\"@id\":\"https:\/\/www.nettali.com\/2025\/12\/12\/ageroute-le-dg-mamadou-ndao-limoge\/#primaryimage\",\"inLanguage\":\"fr-FR\",\"url\":\"https:\/\/www.nettali.com\/wp-content\/uploads\/2025\/12\/77524149-56340360.jpg\",\"contentUrl\":\"https:\/\/www.nettali.com\/wp-content\/uploads\/2025\/12\/77524149-56340360.jpg\",\"width\":768,\"height\":1024},{\"@type\":\"WebPage\",\"@id\":\"https:\/\/www.nettali.com\/2025\/12\/12\/ageroute-le-dg-mamadou-ndao-limoge\/#webpage\",\"url\":\"https:\/\/www.nettali.com\/2025\/12\/12\/ageroute-le-dg-mamadou-ndao-limoge\/\",\"name\":\"AGEROUTE - Le DG Mamadou Ndao limog\\u00e9 | Nettali.com\",\"isPartOf\":{\"@id\":\"https:\/\/www.nettali.com\/#website\"},\"primaryImageOfPage\":{\"@id\":\"https:\/\/www.nettali.com\/2025\/12\/12\/ageroute-le-dg-mamadou-ndao-limoge\/#primaryimage\"},\"datePublished\":\"2025-12-12T00:22:44+00:00\",\"dateModified\":\"2025-12-12T00:22:44+00:00\",\"author\":{\"@id\":\"https:\/\/www.nettali.com\/#\/schema\/person\/7962a12a6e0267f88f0ffa544c36469a\"},\"breadcrumb\":{\"@id\":\"https:\/\/www.nettali.com\/2025\/12\/12\/ageroute-le-dg-mamadou-ndao-limoge\/#breadcrumb\"},\"inLanguage\":\"fr-FR\",\"potentialAction\":[{\"@type\":\"ReadAction\",\"target\":[\"https:\/\/www.nettali.com\/2025\/12\/12\/ageroute-le-dg-mamadou-ndao-limoge\/\"]}]},{\"@type\":\"BreadcrumbList\",\"@id\":\"https:\/\/www.nettali.com\/2025\/12\/12\/ageroute-le-dg-mamadou-ndao-limoge\/#breadcrumb\",\"itemListElement\":[{\"@type\":\"ListItem\",\"position\":1,\"name\":\"Accueil\",\"item\":\"https:\/\/www.nettali.com\/\"},{\"@type\":\"ListItem\",\"position\":2,\"name\":\"AGEROUTE - Le DG Mamadou Ndao limog\\u00e9\"}]},{\"@type\":\"Person\",\"@id\":\"https:\/\/www.nettali.com\/#\/schema\/person\/7962a12a6e0267f88f0ffa544c36469a\",\"name\":\"Moustapha\",\"image\":{\"@type\":\"ImageObject\",\"@id\":\"https:\/\/www.nettali.com\/#personlogo\",\"inLanguage\":\"fr-FR\",\"url\":\"https:\/\/secure.gravatar.com\/avatar\/10fdf6a071cccdcf374e3dbe45159590?s=96&d=mm&r=g\",\"contentUrl\":\"https:\/\/secure.gravatar.com\/avatar\/10fdf6a071cccdcf374e3dbe45159590?s=96&d=mm&r=g\",\"caption\":\"Moustapha\"},\"sameAs\":[\"https:\/\/www.nettali.com\"]}]}<\/script>\n<!-- \/ Yoast SEO Premium plugin. -->","yoast_head_json":{"title":"AGEROUTE - Le DG Mamadou Ndao limog\u00e9 | Nettali.com","robots":{"index":"index","follow":"follow","max-snippet":"max-snippet:-1","max-image-preview":"max-image-preview:large","max-video-preview":"max-video-preview:-1"},"canonical":"https:\/\/www.nettali.com\/2025\/12\/12\/ageroute-le-dg-mamadou-ndao-limoge\/","og_locale":"fr_FR","og_type":"article","og_title":"AGEROUTE - Le DG Mamadou Ndao limog\u00e9","og_description":"NETTALI.COM - L'Agence des travaux et de gestion des routes (Ageroute) a un nouveau patron. Le Conseil des ministres de ce jeudi a annonc\u00e9 le remplacement de Mamadou Ndao par Moustapha Fall. La r\u00e9union du Conseil des ministres de ce jeudi a consacr\u00e9 la fin du r\u00e8gne de Mamadou Ndao \u00e0 la t\u00eate de L'Agence [&hellip;]","og_url":"https:\/\/www.nettali.com\/2025\/12\/12\/ageroute-le-dg-mamadou-ndao-limoge\/","og_site_name":"Nettali.com","article_publisher":"https:\/\/www.facebook.com\/nettalicom","article_published_time":"2025-12-12T00:22:44+00:00","og_image":[{"width":768,"height":1024,"url":"https:\/\/www.nettali.com\/wp-content\/uploads\/2025\/12\/77524149-56340360.jpg","type":"image\/jpeg"}],"twitter_card":"summary_large_image","twitter_misc":{"\u00c9crit par":"Moustapha","Dur\u00e9e de lecture estim\u00e9e":"1 minute"},"schema":{"@context":"https:\/\/schema.org","@graph":[{"@type":"WebSite","@id":"https:\/\/www.nettali.com\/#website","url":"https:\/\/www.nettali.com\/","name":"Nettali.com","description":"Le rendez-vous critique du Net","potentialAction":[{"@type":"SearchAction","target":{"@type":"EntryPoint","urlTemplate":"https:\/\/www.nettali.com\/?s={search_term_string}"},"query-input":"required name=search_term_string"}],"inLanguage":"fr-FR"},{"@type":"ImageObject","@id":"https:\/\/www.nettali.com\/2025\/12\/12\/ageroute-le-dg-mamadou-ndao-limoge\/#primaryimage","inLanguage":"fr-FR","url":"https:\/\/www.nettali.com\/wp-content\/uploads\/2025\/12\/77524149-56340360.jpg","contentUrl":"https:\/\/www.nettali.com\/wp-content\/uploads\/2025\/12\/77524149-56340360.jpg","width":768,"height":1024},{"@type":"WebPage","@id":"https:\/\/www.nettali.com\/2025\/12\/12\/ageroute-le-dg-mamadou-ndao-limoge\/#webpage","url":"https:\/\/www.nettali.com\/2025\/12\/12\/ageroute-le-dg-mamadou-ndao-limoge\/","name":"AGEROUTE - Le DG Mamadou Ndao limog\u00e9 | Nettali.com","isPartOf":{"@id":"https:\/\/www.nettali.com\/#website"},"primaryImageOfPage":{"@id":"https:\/\/www.nettali.com\/2025\/12\/12\/ageroute-le-dg-mamadou-ndao-limoge\/#primaryimage"},"datePublished":"2025-12-12T00:22:44+00:00","dateModified":"2025-12-12T00:22:44+00:00","author":{"@id":"https:\/\/www.nettali.com\/#\/schema\/person\/7962a12a6e0267f88f0ffa544c36469a"},"breadcrumb":{"@id":"https:\/\/www.nettali.com\/2025\/12\/12\/ageroute-le-dg-mamadou-ndao-limoge\/#breadcrumb"},"inLanguage":"fr-FR","potentialAction":[{"@type":"ReadAction","target":["https:\/\/www.nettali.com\/2025\/12\/12\/ageroute-le-dg-mamadou-ndao-limoge\/"]}]},{"@type":"BreadcrumbList","@id":"https:\/\/www.nettali.com\/2025\/12\/12\/ageroute-le-dg-mamadou-ndao-limoge\/#breadcrumb","itemListElement":[{"@type":"ListItem","position":1,"name":"Accueil","item":"https:\/\/www.nettali.com\/"},{"@type":"ListItem","position":2,"name":"AGEROUTE - Le DG Mamadou Ndao limog\u00e9"}]},{"@type":"Person","@id":"https:\/\/www.nettali.com\/#\/schema\/person\/7962a12a6e0267f88f0ffa544c36469a","name":"Moustapha","image":{"@type":"ImageObject","@id":"https:\/\/www.nettali.com\/#personlogo","inLanguage":"fr-FR","url":"https:\/\/secure.gravatar.com\/avatar\/10fdf6a071cccdcf374e3dbe45159590?s=96&d=mm&r=g","contentUrl":"https:\/\/secure.gravatar.com\/avatar\/10fdf6a071cccdcf374e3dbe45159590?s=96&d=mm&r=g","caption":"Moustapha"},"sameAs":["https:\/\/www.nettali.com"]}]}},"_links":{"self":[{"href":"https:\/\/www.nettali.com\/rest\/wp\/v2\/posts\/166205"}],"collection":[{"href":"https:\/\/www.nettali.com\/rest\/wp\/v2\/posts"}],"about":[{"href":"https:\/\/www.nettali.com\/rest\/wp\/v2\/types\/post"}],"author":[{"embeddable":true,"href":"https:\/\/www.nettali.com\/rest\/wp\/v2\/users\/3"}],"replies":[{"embeddable":true,"href":"https:\/\/www.nettali.com\/rest\/wp\/v2\/comments?post=166205"}],"version-history":[{"count":1,"href":"https:\/\/www.nettali.com\/rest\/wp\/v2\/posts\/166205\/revisions"}],"predecessor-version":[{"id":166207,"href":"https:\/\/www.nettali.com\/rest\/wp\/v2\/posts\/166205\/revisions\/166207"}],"wp:featuredmedia":[{"embeddable":true,"href":"https:\/\/www.nettali.com\/rest\/wp\/v2\/media\/166206"}],"wp:attachment":[{"href":"https:\/\/www.nettali.com\/rest\/wp\/v2\/media?parent=166205"}],"wp:term":[{"taxonomy":"category","embeddable":true,"href":"https:\/\/www.nettali.com\/rest\/wp\/v2\/categories?post=166205"},{"taxonomy":"post_tag","embeddable":true,"href":"https:\/\/www.nettali.com\/rest\/wp\/v2\/tags?post=166205"}],"curies":[{"name":"wp","href":"https:\/\/api.w.org\/{rel}","templated":true}]}}