{"id":166199,"date":"2025-12-11T22:58:39","date_gmt":"2025-12-11T22:58:39","guid":{"rendered":"https:\/\/www.nettali.com\/?p=166199"},"modified":"2025-12-11T23:33:53","modified_gmt":"2025-12-11T23:33:53","slug":"reciprocite-yassine-fall-annonce-la-suspension-de-laccord-dextradition-entre-le-senegal-et-la-france","status":"publish","type":"post","link":"https:\/\/www.nettali.com\/2025\/12\/11\/reciprocite-yassine-fall-annonce-la-suspension-de-laccord-dextradition-entre-le-senegal-et-la-france\/","title":{"rendered":"RECIPROCIT\u00c9 - Yassine Fall annonce la suspension de l'accord d\u2019extradition entre le S\u00e9n\u00e9gal et la France"},"content":{"rendered":"<p><strong>NETTALI.COM - Le S\u00e9n\u00e9gal a d\u00e9cid\u00e9 de suspendre son accord d\u2019extradition avec la France, jusqu\u2019\u00e0 ce que Paris accepte de lui remettre deux de ses ressortissants recherch\u00e9s par la justice s\u00e9n\u00e9galaise, a d\u00e9clar\u00e9 la garde des Sceaux, ministre de la Justice, Yassine Fall, jeudi, \u00e0 Dakar.<\/strong><\/p>\n<p><em>\"Nous avons d\u00e9cid\u00e9 de suspendre toute extradition vers la France, jusqu\u2019\u00e0 ce qu\u2019elle r\u00e9ponde \u00e0 nos demandes d\u2019extradition concernant deux de nos compatriotes\u2019\u2019<\/em>, a soutenu Mme Fall devant les d\u00e9put\u00e9s r\u00e9unis pour examiner le budget 2026 du minist\u00e8re qu\u2019elle dirige.<\/p>\n<p>Le S\u00e9n\u00e9gal a demand\u00e9 \u00e0 la France d\u2019extrader deux citoyens s\u00e9n\u00e9galais, Doro Gaye et Madiambal Diagne, pr\u00e9sident-directeur g\u00e9n\u00e9ral du Groupe Avenir Communication.<\/p>\n<p>Le S\u00e9n\u00e9gal et la France ont sign\u00e9 un accord d\u2019extradition en vertu duquel la justice fran\u00e7aise demande souvent que lui soient remis des pr\u00e9venus vivant dans le territoire s\u00e9n\u00e9galais, a rappel\u00e9 Yassine Fall.<\/p>\n<p>Selon elle, les demandes d\u2019extradition provenant de la France concernent souvent des citoyens dudit pays, quelquefois des binationaux.<\/p>\n<p>En 2024 et 2025, le S\u00e9n\u00e9gal a re\u00e7u de la France une vingtaine de demandes d\u2019extradition, a indiqu\u00e9 Mme Fall, pr\u00e9cisant que la justice s\u00e9n\u00e9galaise a r\u00e9pondu favorablement \u00e0 trois d\u2019entre elles.<\/p>\n<p>Selon la garde des Sceaux, le S\u00e9n\u00e9gal a refus\u00e9 de remettre aux autorit\u00e9s fran\u00e7aises quatre des pr\u00e9venus r\u00e9clam\u00e9s.<\/p>\n<p>En raison du \u2018\u2019blocage\u2019\u2019 de deux demandes d\u2019extradition du S\u00e9n\u00e9gal, Dakar n\u2019a pas donn\u00e9 suite \u00e0 10 demandes re\u00e7ues de la France, a signal\u00e9 Yassine Fall.<\/p>\n<p><em>\"Le S\u00e9n\u00e9gal a fourni toutes les justifications n\u00e9cessaires et continue de demander leur extradition. Tant que ces demandes ne sont pas satisfaites, nous suspendrons toute extradition vers la France\u2019\u2019<\/em>, a insist\u00e9 Mme Fall.<\/p>\n<p><em>\"La r\u00e9ciprocit\u00e9 va s\u2019appliquer\u2019\u2019<\/em>, a-t-elle poursuivi, pr\u00e9cisant que 12 demandes re\u00e7ues de la France tombent sous le coup de la suspension de l\u2019accord d\u2019extradition par le S\u00e9n\u00e9gal.<\/p>\n<p>Les personnes recherch\u00e9es par la justice fran\u00e7aise et vivant au S\u00e9n\u00e9gal continueront \u00e0 \u00eatre interpell\u00e9es, mais elles ne seront pas remises \u00e0 la France, a pr\u00e9cis\u00e9 la ministre de la Justice. <em>\"Nous les ferons arr\u00eater, si c\u2019est n\u00e9cessaire, mais nous ne les extraderons pas\u2019\u2019<\/em>, a-t-elle soutenu.<\/p>\n<p>&nbsp;<\/p>\n<div class='share-to-whatsapp-wrapper'><div class='share-on-whsp'>PARTAGER SUR : <\/div><a data-text='RECIPROCIT\u00c9 - Yassine Fall annonce la suspension de l'accord d\u2019extradition entre le S\u00e9n\u00e9gal et la France' data-link='https:\/\/www.nettali.com\/2025\/12\/11\/reciprocite-yassine-fall-annonce-la-suspension-de-laccord-dextradition-entre-le-senegal-et-la-france\/' class='whatsapp-button whatsapp-share'>WhatsApp<\/a><div class='clear '><\/div><\/div>","protected":false},"excerpt":{"rendered":"<p>NETTALI.COM - Le S\u00e9n\u00e9gal a d\u00e9cid\u00e9 de suspendre son accord d\u2019extradition avec la France, jusqu\u2019\u00e0 ce que Paris accepte de lui remettre deux de ses ressortissants recherch\u00e9s par la justice s\u00e9n\u00e9galaise, a d\u00e9clar\u00e9 la garde des Sceaux, ministre de la Justice, Yassine Fall, jeudi, \u00e0 Dakar. \"Nous avons d\u00e9cid\u00e9 de suspendre toute extradition vers la [&hellip;]<\/p>\n","protected":false},"author":4,"featured_media":160919,"comment_status":"open","ping_status":"open","sticky":false,"template":"","format":"standard","meta":{"_et_pb_use_builder":"","_et_pb_old_content":""},"categories":[3],"tags":[],"yoast_head":"<!-- This site is optimized with the Yoast SEO Premium plugin v17.8 (Yoast SEO v17.8) - https:\/\/yoast.com\/wordpress\/plugins\/seo\/ -->\n<title>RECIPROCIT\u00c9 - Yassine Fall annonce la suspension de l&#039;accord d\u2019extradition entre le S\u00e9n\u00e9gal et la France | Nettali.com<\/title>\n<meta name=\"robots\" content=\"index, follow, max-snippet:-1, max-image-preview:large, max-video-preview:-1\" \/>\n<link rel=\"canonical\" href=\"https:\/\/www.nettali.com\/2025\/12\/11\/reciprocite-yassine-fall-annonce-la-suspension-de-laccord-dextradition-entre-le-senegal-et-la-france\/\" \/>\n<meta property=\"og:locale\" content=\"fr_FR\" \/>\n<meta property=\"og:type\" content=\"article\" \/>\n<meta property=\"og:title\" content=\"RECIPROCIT\u00c9 - Yassine Fall annonce la suspension de l&#039;accord d\u2019extradition entre le S\u00e9n\u00e9gal et la France\" \/>\n<meta property=\"og:description\" content=\"NETTALI.COM - Le S\u00e9n\u00e9gal a d\u00e9cid\u00e9 de suspendre son accord d\u2019extradition avec la France, jusqu\u2019\u00e0 ce que Paris accepte de lui remettre deux de ses ressortissants recherch\u00e9s par la justice s\u00e9n\u00e9galaise, a d\u00e9clar\u00e9 la garde des Sceaux, ministre de la Justice, Yassine Fall, jeudi, \u00e0 Dakar. &quot;Nous avons d\u00e9cid\u00e9 de suspendre toute extradition vers la [&hellip;]\" \/>\n<meta property=\"og:url\" content=\"https:\/\/www.nettali.com\/2025\/12\/11\/reciprocite-yassine-fall-annonce-la-suspension-de-laccord-dextradition-entre-le-senegal-et-la-france\/\" \/>\n<meta property=\"og:site_name\" content=\"Nettali.com\" \/>\n<meta property=\"article:publisher\" content=\"https:\/\/www.facebook.com\/nettalicom\" \/>\n<meta property=\"article:published_time\" content=\"2025-12-11T22:58:39+00:00\" \/>\n<meta property=\"article:modified_time\" content=\"2025-12-11T23:33:53+00:00\" \/>\n<meta property=\"og:image\" content=\"https:\/\/www.nettali.com\/wp-content\/uploads\/2025\/09\/Yassine-Fall-2-min.jpg\" \/>\n\t<meta property=\"og:image:width\" content=\"824\" \/>\n\t<meta property=\"og:image:height\" content=\"519\" \/>\n<meta name=\"twitter:card\" content=\"summary_large_image\" \/>\n<meta name=\"twitter:label1\" content=\"\u00c9crit par\" \/>\n\t<meta name=\"twitter:data1\" content=\"Daouda\" \/>\n\t<meta name=\"twitter:label2\" content=\"Dur\u00e9e de lecture estim\u00e9e\" \/>\n\t<meta name=\"twitter:data2\" content=\"2 minutes\" \/>\n<script type=\"application\/ld+json\" class=\"yoast-schema-graph\">{\"@context\":\"https:\/\/schema.org\",\"@graph\":[{\"@type\":\"WebSite\",\"@id\":\"https:\/\/www.nettali.com\/#website\",\"url\":\"https:\/\/www.nettali.com\/\",\"name\":\"Nettali.com\",\"description\":\"Le rendez-vous critique du Net\",\"potentialAction\":[{\"@type\":\"SearchAction\",\"target\":{\"@type\":\"EntryPoint\",\"urlTemplate\":\"https:\/\/www.nettali.com\/?s={search_term_string}\"},\"query-input\":\"required name=search_term_string\"}],\"inLanguage\":\"fr-FR\"},{\"@type\":\"ImageObject\",\"@id\":\"https:\/\/www.nettali.com\/2025\/12\/11\/reciprocite-yassine-fall-annonce-la-suspension-de-laccord-dextradition-entre-le-senegal-et-la-france\/#primaryimage\",\"inLanguage\":\"fr-FR\",\"url\":\"https:\/\/www.nettali.com\/wp-content\/uploads\/2025\/09\/Yassine-Fall-2-min.jpg\",\"contentUrl\":\"https:\/\/www.nettali.com\/wp-content\/uploads\/2025\/09\/Yassine-Fall-2-min.jpg\",\"width\":824,\"height\":519},{\"@type\":\"WebPage\",\"@id\":\"https:\/\/www.nettali.com\/2025\/12\/11\/reciprocite-yassine-fall-annonce-la-suspension-de-laccord-dextradition-entre-le-senegal-et-la-france\/#webpage\",\"url\":\"https:\/\/www.nettali.com\/2025\/12\/11\/reciprocite-yassine-fall-annonce-la-suspension-de-laccord-dextradition-entre-le-senegal-et-la-france\/\",\"name\":\"RECIPROCIT\\u00c9 - Yassine Fall annonce la suspension de l'accord d\\u2019extradition entre le S\\u00e9n\\u00e9gal et la France | Nettali.com\",\"isPartOf\":{\"@id\":\"https:\/\/www.nettali.com\/#website\"},\"primaryImageOfPage\":{\"@id\":\"https:\/\/www.nettali.com\/2025\/12\/11\/reciprocite-yassine-fall-annonce-la-suspension-de-laccord-dextradition-entre-le-senegal-et-la-france\/#primaryimage\"},\"datePublished\":\"2025-12-11T22:58:39+00:00\",\"dateModified\":\"2025-12-11T23:33:53+00:00\",\"author\":{\"@id\":\"https:\/\/www.nettali.com\/#\/schema\/person\/3317e0bb3aa1da309fbf7b2780901bf4\"},\"breadcrumb\":{\"@id\":\"https:\/\/www.nettali.com\/2025\/12\/11\/reciprocite-yassine-fall-annonce-la-suspension-de-laccord-dextradition-entre-le-senegal-et-la-france\/#breadcrumb\"},\"inLanguage\":\"fr-FR\",\"potentialAction\":[{\"@type\":\"ReadAction\",\"target\":[\"https:\/\/www.nettali.com\/2025\/12\/11\/reciprocite-yassine-fall-annonce-la-suspension-de-laccord-dextradition-entre-le-senegal-et-la-france\/\"]}]},{\"@type\":\"BreadcrumbList\",\"@id\":\"https:\/\/www.nettali.com\/2025\/12\/11\/reciprocite-yassine-fall-annonce-la-suspension-de-laccord-dextradition-entre-le-senegal-et-la-france\/#breadcrumb\",\"itemListElement\":[{\"@type\":\"ListItem\",\"position\":1,\"name\":\"Accueil\",\"item\":\"https:\/\/www.nettali.com\/\"},{\"@type\":\"ListItem\",\"position\":2,\"name\":\"RECIPROCIT\\u00c9 - Yassine Fall annonce la suspension de l'accord d\\u2019extradition entre le S\\u00e9n\\u00e9gal et la France\"}]},{\"@type\":\"Person\",\"@id\":\"https:\/\/www.nettali.com\/#\/schema\/person\/3317e0bb3aa1da309fbf7b2780901bf4\",\"name\":\"Daouda\",\"image\":{\"@type\":\"ImageObject\",\"@id\":\"https:\/\/www.nettali.com\/#personlogo\",\"inLanguage\":\"fr-FR\",\"url\":\"https:\/\/secure.gravatar.com\/avatar\/8d143b5a49345098ddcfee1c49c2f47c?s=96&d=mm&r=g\",\"contentUrl\":\"https:\/\/secure.gravatar.com\/avatar\/8d143b5a49345098ddcfee1c49c2f47c?s=96&d=mm&r=g\",\"caption\":\"Daouda\"},\"sameAs\":[\"https:\/\/www.nettali.com\"]}]}<\/script>\n<!-- \/ Yoast SEO Premium plugin. -->","yoast_head_json":{"title":"RECIPROCIT\u00c9 - Yassine Fall annonce la suspension de l'accord d\u2019extradition entre le S\u00e9n\u00e9gal et la France | Nettali.com","robots":{"index":"index","follow":"follow","max-snippet":"max-snippet:-1","max-image-preview":"max-image-preview:large","max-video-preview":"max-video-preview:-1"},"canonical":"https:\/\/www.nettali.com\/2025\/12\/11\/reciprocite-yassine-fall-annonce-la-suspension-de-laccord-dextradition-entre-le-senegal-et-la-france\/","og_locale":"fr_FR","og_type":"article","og_title":"RECIPROCIT\u00c9 - Yassine Fall annonce la suspension de l'accord d\u2019extradition entre le S\u00e9n\u00e9gal et la France","og_description":"NETTALI.COM - Le S\u00e9n\u00e9gal a d\u00e9cid\u00e9 de suspendre son accord d\u2019extradition avec la France, jusqu\u2019\u00e0 ce que Paris accepte de lui remettre deux de ses ressortissants recherch\u00e9s par la justice s\u00e9n\u00e9galaise, a d\u00e9clar\u00e9 la garde des Sceaux, ministre de la Justice, Yassine Fall, jeudi, \u00e0 Dakar. \"Nous avons d\u00e9cid\u00e9 de suspendre toute extradition vers la [&hellip;]","og_url":"https:\/\/www.nettali.com\/2025\/12\/11\/reciprocite-yassine-fall-annonce-la-suspension-de-laccord-dextradition-entre-le-senegal-et-la-france\/","og_site_name":"Nettali.com","article_publisher":"https:\/\/www.facebook.com\/nettalicom","article_published_time":"2025-12-11T22:58:39+00:00","article_modified_time":"2025-12-11T23:33:53+00:00","og_image":[{"width":824,"height":519,"url":"https:\/\/www.nettali.com\/wp-content\/uploads\/2025\/09\/Yassine-Fall-2-min.jpg","type":"image\/jpeg"}],"twitter_card":"summary_large_image","twitter_misc":{"\u00c9crit par":"Daouda","Dur\u00e9e de lecture estim\u00e9e":"2 minutes"},"schema":{"@context":"https:\/\/schema.org","@graph":[{"@type":"WebSite","@id":"https:\/\/www.nettali.com\/#website","url":"https:\/\/www.nettali.com\/","name":"Nettali.com","description":"Le rendez-vous critique du Net","potentialAction":[{"@type":"SearchAction","target":{"@type":"EntryPoint","urlTemplate":"https:\/\/www.nettali.com\/?s={search_term_string}"},"query-input":"required name=search_term_string"}],"inLanguage":"fr-FR"},{"@type":"ImageObject","@id":"https:\/\/www.nettali.com\/2025\/12\/11\/reciprocite-yassine-fall-annonce-la-suspension-de-laccord-dextradition-entre-le-senegal-et-la-france\/#primaryimage","inLanguage":"fr-FR","url":"https:\/\/www.nettali.com\/wp-content\/uploads\/2025\/09\/Yassine-Fall-2-min.jpg","contentUrl":"https:\/\/www.nettali.com\/wp-content\/uploads\/2025\/09\/Yassine-Fall-2-min.jpg","width":824,"height":519},{"@type":"WebPage","@id":"https:\/\/www.nettali.com\/2025\/12\/11\/reciprocite-yassine-fall-annonce-la-suspension-de-laccord-dextradition-entre-le-senegal-et-la-france\/#webpage","url":"https:\/\/www.nettali.com\/2025\/12\/11\/reciprocite-yassine-fall-annonce-la-suspension-de-laccord-dextradition-entre-le-senegal-et-la-france\/","name":"RECIPROCIT\u00c9 - Yassine Fall annonce la suspension de l'accord d\u2019extradition entre le S\u00e9n\u00e9gal et la France | Nettali.com","isPartOf":{"@id":"https:\/\/www.nettali.com\/#website"},"primaryImageOfPage":{"@id":"https:\/\/www.nettali.com\/2025\/12\/11\/reciprocite-yassine-fall-annonce-la-suspension-de-laccord-dextradition-entre-le-senegal-et-la-france\/#primaryimage"},"datePublished":"2025-12-11T22:58:39+00:00","dateModified":"2025-12-11T23:33:53+00:00","author":{"@id":"https:\/\/www.nettali.com\/#\/schema\/person\/3317e0bb3aa1da309fbf7b2780901bf4"},"breadcrumb":{"@id":"https:\/\/www.nettali.com\/2025\/12\/11\/reciprocite-yassine-fall-annonce-la-suspension-de-laccord-dextradition-entre-le-senegal-et-la-france\/#breadcrumb"},"inLanguage":"fr-FR","potentialAction":[{"@type":"ReadAction","target":["https:\/\/www.nettali.com\/2025\/12\/11\/reciprocite-yassine-fall-annonce-la-suspension-de-laccord-dextradition-entre-le-senegal-et-la-france\/"]}]},{"@type":"BreadcrumbList","@id":"https:\/\/www.nettali.com\/2025\/12\/11\/reciprocite-yassine-fall-annonce-la-suspension-de-laccord-dextradition-entre-le-senegal-et-la-france\/#breadcrumb","itemListElement":[{"@type":"ListItem","position":1,"name":"Accueil","item":"https:\/\/www.nettali.com\/"},{"@type":"ListItem","position":2,"name":"RECIPROCIT\u00c9 - Yassine Fall annonce la suspension de l'accord d\u2019extradition entre le S\u00e9n\u00e9gal et la France"}]},{"@type":"Person","@id":"https:\/\/www.nettali.com\/#\/schema\/person\/3317e0bb3aa1da309fbf7b2780901bf4","name":"Daouda","image":{"@type":"ImageObject","@id":"https:\/\/www.nettali.com\/#personlogo","inLanguage":"fr-FR","url":"https:\/\/secure.gravatar.com\/avatar\/8d143b5a49345098ddcfee1c49c2f47c?s=96&d=mm&r=g","contentUrl":"https:\/\/secure.gravatar.com\/avatar\/8d143b5a49345098ddcfee1c49c2f47c?s=96&d=mm&r=g","caption":"Daouda"},"sameAs":["https:\/\/www.nettali.com"]}]}},"_links":{"self":[{"href":"https:\/\/www.nettali.com\/rest\/wp\/v2\/posts\/166199"}],"collection":[{"href":"https:\/\/www.nettali.com\/rest\/wp\/v2\/posts"}],"about":[{"href":"https:\/\/www.nettali.com\/rest\/wp\/v2\/types\/post"}],"author":[{"embeddable":true,"href":"https:\/\/www.nettali.com\/rest\/wp\/v2\/users\/4"}],"replies":[{"embeddable":true,"href":"https:\/\/www.nettali.com\/rest\/wp\/v2\/comments?post=166199"}],"version-history":[{"count":2,"href":"https:\/\/www.nettali.com\/rest\/wp\/v2\/posts\/166199\/revisions"}],"predecessor-version":[{"id":166201,"href":"https:\/\/www.nettali.com\/rest\/wp\/v2\/posts\/166199\/revisions\/166201"}],"wp:featuredmedia":[{"embeddable":true,"href":"https:\/\/www.nettali.com\/rest\/wp\/v2\/media\/160919"}],"wp:attachment":[{"href":"https:\/\/www.nettali.com\/rest\/wp\/v2\/media?parent=166199"}],"wp:term":[{"taxonomy":"category","embeddable":true,"href":"https:\/\/www.nettali.com\/rest\/wp\/v2\/categories?post=166199"},{"taxonomy":"post_tag","embeddable":true,"href":"https:\/\/www.nettali.com\/rest\/wp\/v2\/tags?post=166199"}],"curies":[{"name":"wp","href":"https:\/\/api.w.org\/{rel}","templated":true}]}}