{"id":166188,"date":"2025-12-11T17:02:49","date_gmt":"2025-12-11T17:02:49","guid":{"rendered":"https:\/\/www.nettali.com\/?p=166188"},"modified":"2025-12-28T23:23:20","modified_gmt":"2025-12-28T23:23:20","slug":"prison-de-rebeuss-badara-gadiaga-retrouve-la-liberte-provisoire-apres-cinq-mois-de-detention","status":"publish","type":"post","link":"https:\/\/www.nettali.com\/2025\/12\/11\/prison-de-rebeuss-badara-gadiaga-retrouve-la-liberte-provisoire-apres-cinq-mois-de-detention\/","title":{"rendered":"PRISON DE REBEUSS - Badara Gadiaga retrouve la libert\u00e9 provisoire ce vendredi apr\u00e8s cinq mois de d\u00e9tention"},"content":{"rendered":"<p data-start=\"84\" data-end=\"339\"><strong data-start=\"84\" data-end=\"339\">NETTALI.COM - Le chroniqueur, incarc\u00e9r\u00e9 depuis juillet 2025 \u00e0 la suite d\u2019une altercation sur un plateau t\u00e9l\u00e9vis\u00e9, va finalement quitter la prison de Rebeuss ce jeudi, apr\u00e8s la mise en \u0153uvre tardive d\u2019une d\u00e9cision judiciaire pourtant acquise depuis plusieurs semaines.<\/strong><\/p>\n<p data-start=\"341\" data-end=\"562\">Badara Gadiaga sort enfin ce vendredi. Le chroniqueur va b\u00e9n\u00e9ficier d\u2019une libert\u00e9 provisoire assortie d\u2019un contr\u00f4le judiciaire, effective ce jeudi 12 d\u00e9cembre 2025, apr\u00e8s plus de cinq mois pass\u00e9s \u00e0 la prison de Rebeuss. <em>\u00abTout a \u00e9t\u00e9 act\u00e9 pour sa lib\u00e9ration, qui donne l\u2019information. L\u2019\u00e9quipe ou les techniciens charg\u00e9s de poser le bracelet [\u00e9lectronique] \u00e9taient \u00e0 Rebeuss ce jeudi pour \u00e7a.\u00bb<\/em><\/p>\n<p>Ses amis, parents et sympathisants attendent avec impatience sa lib\u00e9ration. Ils <em>\u00abpr\u00e9voient une forte mobilisation pour l\u2019accueillir \u00e0 sa sortie [de prison] pour l\u2019accompagner jusqu\u2019\u00e0 sa maison. Rendez-vous est d\u2019ailleurs donn\u00e9 \u00e0 tout ce beau monde \u00e0 partir de 10 heures\u00bb.<\/em><\/p>\n<p data-start=\"564\" data-end=\"903\">Arr\u00eat\u00e9 en juillet 2025, il avait \u00e9t\u00e9 poursuivi pour diffusion de fausses nouvelles, discours contraires aux bonnes m\u0153urs et offense \u00e0 une personne exer\u00e7ant des pr\u00e9rogatives du pr\u00e9sident de la R\u00e9publique, des accusations li\u00e9es \u00e0 une altercation verbale enregistr\u00e9e lors d\u2019un d\u00e9bat t\u00e9l\u00e9vis\u00e9 avec un d\u00e9put\u00e9 depuis devenu ministre.<\/p>\n<p data-start=\"905\" data-end=\"1296\">En novembre, le doyen des juges avait ordonn\u00e9 sa mise en libert\u00e9 provisoire sous bracelet \u00e9lectronique, malgr\u00e9 l\u2019opposition du parquet. Une d\u00e9cision confirm\u00e9e d\u00e9but d\u00e9cembre par la Chambre d\u2019accusation de la Cour d\u2019appel de Dakar, qui avait valid\u00e9 la libert\u00e9 provisoire avec contr\u00f4le judiciaire. Mais cette mesure n\u2019\u00e9tait jusque-l\u00e0 pas ex\u00e9cutoire, maintenant le chroniqueur en d\u00e9tention. Finalement, le procureur g\u00e9n\u00e9ral pr\u00e8s la Cour d'appel de Dakar n'a pas form\u00e9 un pourvoi en cassation. Ce n\u2019est qu\u2019en ce 11 d\u00e9cembre que la d\u00e9cision a pu \u00eatre appliqu\u00e9e, permettant \u00e0 Badara Gadiaga de recouvrer la libert\u00e9.<\/p>\n<div class='share-to-whatsapp-wrapper'><div class='share-on-whsp'>PARTAGER SUR : <\/div><a data-text='PRISON DE REBEUSS - Badara Gadiaga retrouve la libert\u00e9 provisoire ce vendredi apr\u00e8s cinq mois de d\u00e9tention' data-link='https:\/\/www.nettali.com\/2025\/12\/11\/prison-de-rebeuss-badara-gadiaga-retrouve-la-liberte-provisoire-apres-cinq-mois-de-detention\/' class='whatsapp-button whatsapp-share'>WhatsApp<\/a><div class='clear '><\/div><\/div>","protected":false},"excerpt":{"rendered":"<p>NETTALI.COM - Le chroniqueur, incarc\u00e9r\u00e9 depuis juillet 2025 \u00e0 la suite d\u2019une altercation sur un plateau t\u00e9l\u00e9vis\u00e9, va finalement quitter la prison de Rebeuss ce jeudi, apr\u00e8s la mise en \u0153uvre tardive d\u2019une d\u00e9cision judiciaire pourtant acquise depuis plusieurs semaines. Badara Gadiaga sort enfin ce vendredi. Le chroniqueur va b\u00e9n\u00e9ficier d\u2019une libert\u00e9 provisoire assortie d\u2019un [&hellip;]<\/p>\n","protected":false},"author":5,"featured_media":157407,"comment_status":"open","ping_status":"open","sticky":false,"template":"","format":"standard","meta":{"_et_pb_use_builder":"","_et_pb_old_content":""},"categories":[3],"tags":[],"yoast_head":"<!-- This site is optimized with the Yoast SEO Premium plugin v17.8 (Yoast SEO v17.8) - https:\/\/yoast.com\/wordpress\/plugins\/seo\/ -->\n<title>PRISON DE REBEUSS - Badara Gadiaga retrouve la libert\u00e9 provisoire ce vendredi apr\u00e8s cinq mois de d\u00e9tention | Nettali.com<\/title>\n<meta name=\"robots\" content=\"index, follow, max-snippet:-1, max-image-preview:large, max-video-preview:-1\" \/>\n<link rel=\"canonical\" href=\"https:\/\/www.nettali.com\/2025\/12\/11\/prison-de-rebeuss-badara-gadiaga-retrouve-la-liberte-provisoire-apres-cinq-mois-de-detention\/\" \/>\n<meta property=\"og:locale\" content=\"fr_FR\" \/>\n<meta property=\"og:type\" content=\"article\" \/>\n<meta property=\"og:title\" content=\"PRISON DE REBEUSS - Badara Gadiaga retrouve la libert\u00e9 provisoire ce vendredi apr\u00e8s cinq mois de d\u00e9tention\" \/>\n<meta property=\"og:description\" content=\"NETTALI.COM - Le chroniqueur, incarc\u00e9r\u00e9 depuis juillet 2025 \u00e0 la suite d\u2019une altercation sur un plateau t\u00e9l\u00e9vis\u00e9, va finalement quitter la prison de Rebeuss ce jeudi, apr\u00e8s la mise en \u0153uvre tardive d\u2019une d\u00e9cision judiciaire pourtant acquise depuis plusieurs semaines. Badara Gadiaga sort enfin ce vendredi. Le chroniqueur va b\u00e9n\u00e9ficier d\u2019une libert\u00e9 provisoire assortie d\u2019un [&hellip;]\" \/>\n<meta property=\"og:url\" content=\"https:\/\/www.nettali.com\/2025\/12\/11\/prison-de-rebeuss-badara-gadiaga-retrouve-la-liberte-provisoire-apres-cinq-mois-de-detention\/\" \/>\n<meta property=\"og:site_name\" content=\"Nettali.com\" \/>\n<meta property=\"article:publisher\" content=\"https:\/\/www.facebook.com\/nettalicom\" \/>\n<meta property=\"article:published_time\" content=\"2025-12-11T17:02:49+00:00\" \/>\n<meta property=\"article:modified_time\" content=\"2025-12-28T23:23:20+00:00\" \/>\n<meta property=\"og:image\" content=\"https:\/\/www.nettali.com\/wp-content\/uploads\/2025\/07\/Badara-Gadiaga-2-e1752258692760.jpg\" \/>\n\t<meta property=\"og:image:width\" content=\"727\" \/>\n\t<meta property=\"og:image:height\" content=\"492\" \/>\n<meta name=\"twitter:card\" content=\"summary_large_image\" \/>\n<meta name=\"twitter:label1\" content=\"\u00c9crit par\" \/>\n\t<meta name=\"twitter:data1\" content=\"Ibrahima\" \/>\n\t<meta name=\"twitter:label2\" content=\"Dur\u00e9e de lecture estim\u00e9e\" \/>\n\t<meta name=\"twitter:data2\" content=\"2 minutes\" \/>\n<script type=\"application\/ld+json\" class=\"yoast-schema-graph\">{\"@context\":\"https:\/\/schema.org\",\"@graph\":[{\"@type\":\"WebSite\",\"@id\":\"https:\/\/www.nettali.com\/#website\",\"url\":\"https:\/\/www.nettali.com\/\",\"name\":\"Nettali.com\",\"description\":\"Le rendez-vous critique du Net\",\"potentialAction\":[{\"@type\":\"SearchAction\",\"target\":{\"@type\":\"EntryPoint\",\"urlTemplate\":\"https:\/\/www.nettali.com\/?s={search_term_string}\"},\"query-input\":\"required name=search_term_string\"}],\"inLanguage\":\"fr-FR\"},{\"@type\":\"ImageObject\",\"@id\":\"https:\/\/www.nettali.com\/2025\/12\/11\/prison-de-rebeuss-badara-gadiaga-retrouve-la-liberte-provisoire-apres-cinq-mois-de-detention\/#primaryimage\",\"inLanguage\":\"fr-FR\",\"url\":\"https:\/\/www.nettali.com\/wp-content\/uploads\/2025\/07\/Badara-Gadiaga-2-e1752258692760.jpg\",\"contentUrl\":\"https:\/\/www.nettali.com\/wp-content\/uploads\/2025\/07\/Badara-Gadiaga-2-e1752258692760.jpg\",\"width\":727,\"height\":492},{\"@type\":\"WebPage\",\"@id\":\"https:\/\/www.nettali.com\/2025\/12\/11\/prison-de-rebeuss-badara-gadiaga-retrouve-la-liberte-provisoire-apres-cinq-mois-de-detention\/#webpage\",\"url\":\"https:\/\/www.nettali.com\/2025\/12\/11\/prison-de-rebeuss-badara-gadiaga-retrouve-la-liberte-provisoire-apres-cinq-mois-de-detention\/\",\"name\":\"PRISON DE REBEUSS - Badara Gadiaga retrouve la libert\\u00e9 provisoire ce vendredi apr\\u00e8s cinq mois de d\\u00e9tention | Nettali.com\",\"isPartOf\":{\"@id\":\"https:\/\/www.nettali.com\/#website\"},\"primaryImageOfPage\":{\"@id\":\"https:\/\/www.nettali.com\/2025\/12\/11\/prison-de-rebeuss-badara-gadiaga-retrouve-la-liberte-provisoire-apres-cinq-mois-de-detention\/#primaryimage\"},\"datePublished\":\"2025-12-11T17:02:49+00:00\",\"dateModified\":\"2025-12-28T23:23:20+00:00\",\"author\":{\"@id\":\"https:\/\/www.nettali.com\/#\/schema\/person\/bb147657c2986240405a608162b9bb23\"},\"breadcrumb\":{\"@id\":\"https:\/\/www.nettali.com\/2025\/12\/11\/prison-de-rebeuss-badara-gadiaga-retrouve-la-liberte-provisoire-apres-cinq-mois-de-detention\/#breadcrumb\"},\"inLanguage\":\"fr-FR\",\"potentialAction\":[{\"@type\":\"ReadAction\",\"target\":[\"https:\/\/www.nettali.com\/2025\/12\/11\/prison-de-rebeuss-badara-gadiaga-retrouve-la-liberte-provisoire-apres-cinq-mois-de-detention\/\"]}]},{\"@type\":\"BreadcrumbList\",\"@id\":\"https:\/\/www.nettali.com\/2025\/12\/11\/prison-de-rebeuss-badara-gadiaga-retrouve-la-liberte-provisoire-apres-cinq-mois-de-detention\/#breadcrumb\",\"itemListElement\":[{\"@type\":\"ListItem\",\"position\":1,\"name\":\"Accueil\",\"item\":\"https:\/\/www.nettali.com\/\"},{\"@type\":\"ListItem\",\"position\":2,\"name\":\"PRISON DE REBEUSS - Badara Gadiaga retrouve la libert\\u00e9 provisoire ce vendredi apr\\u00e8s cinq mois de d\\u00e9tention\"}]},{\"@type\":\"Person\",\"@id\":\"https:\/\/www.nettali.com\/#\/schema\/person\/bb147657c2986240405a608162b9bb23\",\"name\":\"Ibrahima\",\"image\":{\"@type\":\"ImageObject\",\"@id\":\"https:\/\/www.nettali.com\/#personlogo\",\"inLanguage\":\"fr-FR\",\"url\":\"https:\/\/secure.gravatar.com\/avatar\/26a8a81f09f0dd7624c9d5c36c9ba3a2?s=96&d=mm&r=g\",\"contentUrl\":\"https:\/\/secure.gravatar.com\/avatar\/26a8a81f09f0dd7624c9d5c36c9ba3a2?s=96&d=mm&r=g\",\"caption\":\"Ibrahima\"},\"sameAs\":[\"https:\/\/www.nettali.com\"]}]}<\/script>\n<!-- \/ Yoast SEO Premium plugin. -->","yoast_head_json":{"title":"PRISON DE REBEUSS - Badara Gadiaga retrouve la libert\u00e9 provisoire ce vendredi apr\u00e8s cinq mois de d\u00e9tention | Nettali.com","robots":{"index":"index","follow":"follow","max-snippet":"max-snippet:-1","max-image-preview":"max-image-preview:large","max-video-preview":"max-video-preview:-1"},"canonical":"https:\/\/www.nettali.com\/2025\/12\/11\/prison-de-rebeuss-badara-gadiaga-retrouve-la-liberte-provisoire-apres-cinq-mois-de-detention\/","og_locale":"fr_FR","og_type":"article","og_title":"PRISON DE REBEUSS - Badara Gadiaga retrouve la libert\u00e9 provisoire ce vendredi apr\u00e8s cinq mois de d\u00e9tention","og_description":"NETTALI.COM - Le chroniqueur, incarc\u00e9r\u00e9 depuis juillet 2025 \u00e0 la suite d\u2019une altercation sur un plateau t\u00e9l\u00e9vis\u00e9, va finalement quitter la prison de Rebeuss ce jeudi, apr\u00e8s la mise en \u0153uvre tardive d\u2019une d\u00e9cision judiciaire pourtant acquise depuis plusieurs semaines. Badara Gadiaga sort enfin ce vendredi. Le chroniqueur va b\u00e9n\u00e9ficier d\u2019une libert\u00e9 provisoire assortie d\u2019un [&hellip;]","og_url":"https:\/\/www.nettali.com\/2025\/12\/11\/prison-de-rebeuss-badara-gadiaga-retrouve-la-liberte-provisoire-apres-cinq-mois-de-detention\/","og_site_name":"Nettali.com","article_publisher":"https:\/\/www.facebook.com\/nettalicom","article_published_time":"2025-12-11T17:02:49+00:00","article_modified_time":"2025-12-28T23:23:20+00:00","og_image":[{"width":727,"height":492,"url":"https:\/\/www.nettali.com\/wp-content\/uploads\/2025\/07\/Badara-Gadiaga-2-e1752258692760.jpg","type":"image\/jpeg"}],"twitter_card":"summary_large_image","twitter_misc":{"\u00c9crit par":"Ibrahima","Dur\u00e9e de lecture estim\u00e9e":"2 minutes"},"schema":{"@context":"https:\/\/schema.org","@graph":[{"@type":"WebSite","@id":"https:\/\/www.nettali.com\/#website","url":"https:\/\/www.nettali.com\/","name":"Nettali.com","description":"Le rendez-vous critique du Net","potentialAction":[{"@type":"SearchAction","target":{"@type":"EntryPoint","urlTemplate":"https:\/\/www.nettali.com\/?s={search_term_string}"},"query-input":"required name=search_term_string"}],"inLanguage":"fr-FR"},{"@type":"ImageObject","@id":"https:\/\/www.nettali.com\/2025\/12\/11\/prison-de-rebeuss-badara-gadiaga-retrouve-la-liberte-provisoire-apres-cinq-mois-de-detention\/#primaryimage","inLanguage":"fr-FR","url":"https:\/\/www.nettali.com\/wp-content\/uploads\/2025\/07\/Badara-Gadiaga-2-e1752258692760.jpg","contentUrl":"https:\/\/www.nettali.com\/wp-content\/uploads\/2025\/07\/Badara-Gadiaga-2-e1752258692760.jpg","width":727,"height":492},{"@type":"WebPage","@id":"https:\/\/www.nettali.com\/2025\/12\/11\/prison-de-rebeuss-badara-gadiaga-retrouve-la-liberte-provisoire-apres-cinq-mois-de-detention\/#webpage","url":"https:\/\/www.nettali.com\/2025\/12\/11\/prison-de-rebeuss-badara-gadiaga-retrouve-la-liberte-provisoire-apres-cinq-mois-de-detention\/","name":"PRISON DE REBEUSS - Badara Gadiaga retrouve la libert\u00e9 provisoire ce vendredi apr\u00e8s cinq mois de d\u00e9tention | Nettali.com","isPartOf":{"@id":"https:\/\/www.nettali.com\/#website"},"primaryImageOfPage":{"@id":"https:\/\/www.nettali.com\/2025\/12\/11\/prison-de-rebeuss-badara-gadiaga-retrouve-la-liberte-provisoire-apres-cinq-mois-de-detention\/#primaryimage"},"datePublished":"2025-12-11T17:02:49+00:00","dateModified":"2025-12-28T23:23:20+00:00","author":{"@id":"https:\/\/www.nettali.com\/#\/schema\/person\/bb147657c2986240405a608162b9bb23"},"breadcrumb":{"@id":"https:\/\/www.nettali.com\/2025\/12\/11\/prison-de-rebeuss-badara-gadiaga-retrouve-la-liberte-provisoire-apres-cinq-mois-de-detention\/#breadcrumb"},"inLanguage":"fr-FR","potentialAction":[{"@type":"ReadAction","target":["https:\/\/www.nettali.com\/2025\/12\/11\/prison-de-rebeuss-badara-gadiaga-retrouve-la-liberte-provisoire-apres-cinq-mois-de-detention\/"]}]},{"@type":"BreadcrumbList","@id":"https:\/\/www.nettali.com\/2025\/12\/11\/prison-de-rebeuss-badara-gadiaga-retrouve-la-liberte-provisoire-apres-cinq-mois-de-detention\/#breadcrumb","itemListElement":[{"@type":"ListItem","position":1,"name":"Accueil","item":"https:\/\/www.nettali.com\/"},{"@type":"ListItem","position":2,"name":"PRISON DE REBEUSS - Badara Gadiaga retrouve la libert\u00e9 provisoire ce vendredi apr\u00e8s cinq mois de d\u00e9tention"}]},{"@type":"Person","@id":"https:\/\/www.nettali.com\/#\/schema\/person\/bb147657c2986240405a608162b9bb23","name":"Ibrahima","image":{"@type":"ImageObject","@id":"https:\/\/www.nettali.com\/#personlogo","inLanguage":"fr-FR","url":"https:\/\/secure.gravatar.com\/avatar\/26a8a81f09f0dd7624c9d5c36c9ba3a2?s=96&d=mm&r=g","contentUrl":"https:\/\/secure.gravatar.com\/avatar\/26a8a81f09f0dd7624c9d5c36c9ba3a2?s=96&d=mm&r=g","caption":"Ibrahima"},"sameAs":["https:\/\/www.nettali.com"]}]}},"_links":{"self":[{"href":"https:\/\/www.nettali.com\/rest\/wp\/v2\/posts\/166188"}],"collection":[{"href":"https:\/\/www.nettali.com\/rest\/wp\/v2\/posts"}],"about":[{"href":"https:\/\/www.nettali.com\/rest\/wp\/v2\/types\/post"}],"author":[{"embeddable":true,"href":"https:\/\/www.nettali.com\/rest\/wp\/v2\/users\/5"}],"replies":[{"embeddable":true,"href":"https:\/\/www.nettali.com\/rest\/wp\/v2\/comments?post=166188"}],"version-history":[{"count":2,"href":"https:\/\/www.nettali.com\/rest\/wp\/v2\/posts\/166188\/revisions"}],"predecessor-version":[{"id":166231,"href":"https:\/\/www.nettali.com\/rest\/wp\/v2\/posts\/166188\/revisions\/166231"}],"wp:featuredmedia":[{"embeddable":true,"href":"https:\/\/www.nettali.com\/rest\/wp\/v2\/media\/157407"}],"wp:attachment":[{"href":"https:\/\/www.nettali.com\/rest\/wp\/v2\/media?parent=166188"}],"wp:term":[{"taxonomy":"category","embeddable":true,"href":"https:\/\/www.nettali.com\/rest\/wp\/v2\/categories?post=166188"},{"taxonomy":"post_tag","embeddable":true,"href":"https:\/\/www.nettali.com\/rest\/wp\/v2\/tags?post=166188"}],"curies":[{"name":"wp","href":"https:\/\/api.w.org\/{rel}","templated":true}]}}