{"id":166184,"date":"2025-12-11T17:12:47","date_gmt":"2025-12-11T17:12:47","guid":{"rendered":"https:\/\/www.nettali.com\/?p=166184"},"modified":"2025-12-11T17:12:47","modified_gmt":"2025-12-11T17:12:47","slug":"detention-de-farba-ngom-et-de-moustapha-diop-abdou-mbow-sensibilise-le-ministre-de-la-justice-sur-leurs-cas","status":"publish","type":"post","link":"https:\/\/www.nettali.com\/2025\/12\/11\/detention-de-farba-ngom-et-de-moustapha-diop-abdou-mbow-sensibilise-le-ministre-de-la-justice-sur-leurs-cas\/","title":{"rendered":"D\u00c9TENTION DE FARBA NGOM ET DE MOUSTAPHA DIOP : Abdou Mbow sensibilise le ministre de la Justice sur leurs cas"},"content":{"rendered":"<p><strong>NETTALI.COM-\u00a0Lors de l\u2019examen du projet de budget du minist\u00e8re de la Justice pour l\u2019exercice 2026, ce jeudi 11 d\u00e9cembre, le d\u00e9put\u00e9 Abdou Mbow a invit\u00e9 le ministre de la Justice \u00e0 se pencher sur la situation judiciaire des d\u00e9put\u00e9s Farba Ngom et Moustapha Diop.<\/strong><\/p>\n<p>L\u2019examen du projet de budget du minist\u00e8re de la Justice pour l\u2019exercice 2026 s'est tenu ce jeudi 11 d\u00e9cembre 2025. Lors de son intervention, le d\u00e9put\u00e9 de l\u2019opposition, Abdou Mbow a interpell\u00e9 le ministre de la Justice, Yassine Fall, sur la situation de Farba Ngom et Moustapha\u00a0 Diop. Il a \u00e9mis le souhait de voir l\u2019Assembl\u00e9e nationale mettre un terme aux poursuites engag\u00e9es contre eux.<\/p>\n<p>\u00ab <em>L\u2019immunit\u00e9 parlementaire de Farba Ngom a \u00e9t\u00e9 lev\u00e9e depuis 321 jours, et celle de Moustapha Diop depuis pr\u00e8s de 260 jours<\/em> \u00bb, a-t-il rappel\u00e9.<\/p>\n<p>Selon lui, l'Assembl\u00e9e, conform\u00e9ment aux articles 61 de la Constitution et 60 de son R\u00e8glement int\u00e9rieur, a lev\u00e9 l\u2019immunit\u00e9 parlementaire de Farba Ngom et Moustapha Diop, en r\u00e9pondant \u00e0 la requ\u00eate du Procureur g\u00e9n\u00e9ral.<\/p>\n<p>\u00ab <em>Notre institution n\u2019a pas voulu faire entrave \u00e0 l\u2019action de la justice<\/em> \u00bb, a-t-il soulign\u00e9, tout en rappelant que les m\u00eames textes pr\u00e9voient la possibilit\u00e9 de demander la suspension des poursuites lorsque les parlementaires concern\u00e9s sont en d\u00e9tention.<\/p>\n<p>\u00ab <em>Nos coll\u00e8gues sont des maires, ils sont emprisonn\u00e9s depuis neuf et six mois sans \u00eatre entendus sur le fond. L\u2019Assembl\u00e9e nationale a le devoir d\u2019arr\u00eater ces poursuites. J\u2019invite le pr\u00e9sident de l\u2019institution parlementaire \u00e0 se saisir de cette disposition<\/em> \u00bb, a-t-il argu\u00e9.<\/p>\n<p>S\u2019adressant \u00e0 la Garde des Sceaux, M. Mbow a demand\u00e9 \u00e0 savoir si les services du minist\u00e8re de la Justice s\u2019\u00e9taient conform\u00e9s \u00e0 la formalit\u00e9 substantielle consistant \u00e0 informer l\u2019Assembl\u00e9e de l\u2019\u00e9tat d\u2019avancement des proc\u00e9dures, conform\u00e9ment au R\u00e8glement int\u00e9rieur de l\u2019institution parlementaire. Ni<\/p>\n<div class='share-to-whatsapp-wrapper'><div class='share-on-whsp'>PARTAGER SUR : <\/div><a data-text='D\u00c9TENTION DE FARBA NGOM ET DE MOUSTAPHA DIOP : Abdou Mbow sensibilise le ministre de la Justice sur leurs cas' data-link='https:\/\/www.nettali.com\/2025\/12\/11\/detention-de-farba-ngom-et-de-moustapha-diop-abdou-mbow-sensibilise-le-ministre-de-la-justice-sur-leurs-cas\/' class='whatsapp-button whatsapp-share'>WhatsApp<\/a><div class='clear '><\/div><\/div>","protected":false},"excerpt":{"rendered":"<p>NETTALI.COM-\u00a0Lors de l\u2019examen du projet de budget du minist\u00e8re de la Justice pour l\u2019exercice 2026, ce jeudi 11 d\u00e9cembre, le d\u00e9put\u00e9 Abdou Mbow a invit\u00e9 le ministre de la Justice \u00e0 se pencher sur la situation judiciaire des d\u00e9put\u00e9s Farba Ngom et Moustapha Diop. L\u2019examen du projet de budget du minist\u00e8re de la Justice pour [&hellip;]<\/p>\n","protected":false},"author":6,"featured_media":151665,"comment_status":"open","ping_status":"open","sticky":false,"template":"","format":"standard","meta":{"_et_pb_use_builder":"","_et_pb_old_content":""},"categories":[2],"tags":[],"yoast_head":"<!-- This site is optimized with the Yoast SEO Premium plugin v17.8 (Yoast SEO v17.8) - https:\/\/yoast.com\/wordpress\/plugins\/seo\/ -->\n<title>D\u00c9TENTION DE FARBA NGOM ET DE MOUSTAPHA DIOP : Abdou Mbow sensibilise le ministre de la Justice sur leurs cas | Nettali.com<\/title>\n<meta name=\"robots\" content=\"index, follow, max-snippet:-1, max-image-preview:large, max-video-preview:-1\" \/>\n<link rel=\"canonical\" href=\"https:\/\/www.nettali.com\/2025\/12\/11\/detention-de-farba-ngom-et-de-moustapha-diop-abdou-mbow-sensibilise-le-ministre-de-la-justice-sur-leurs-cas\/\" \/>\n<meta property=\"og:locale\" content=\"fr_FR\" \/>\n<meta property=\"og:type\" content=\"article\" \/>\n<meta property=\"og:title\" content=\"D\u00c9TENTION DE FARBA NGOM ET DE MOUSTAPHA DIOP : Abdou Mbow sensibilise le ministre de la Justice sur leurs cas\" \/>\n<meta property=\"og:description\" content=\"NETTALI.COM-\u00a0Lors de l\u2019examen du projet de budget du minist\u00e8re de la Justice pour l\u2019exercice 2026, ce jeudi 11 d\u00e9cembre, le d\u00e9put\u00e9 Abdou Mbow a invit\u00e9 le ministre de la Justice \u00e0 se pencher sur la situation judiciaire des d\u00e9put\u00e9s Farba Ngom et Moustapha Diop. L\u2019examen du projet de budget du minist\u00e8re de la Justice pour [&hellip;]\" \/>\n<meta property=\"og:url\" content=\"https:\/\/www.nettali.com\/2025\/12\/11\/detention-de-farba-ngom-et-de-moustapha-diop-abdou-mbow-sensibilise-le-ministre-de-la-justice-sur-leurs-cas\/\" \/>\n<meta property=\"og:site_name\" content=\"Nettali.com\" \/>\n<meta property=\"article:publisher\" content=\"https:\/\/www.facebook.com\/nettalicom\" \/>\n<meta property=\"article:published_time\" content=\"2025-12-11T17:12:47+00:00\" \/>\n<meta property=\"og:image\" content=\"https:\/\/www.nettali.com\/wp-content\/uploads\/2025\/04\/abdou-mbow.jpg\" \/>\n\t<meta property=\"og:image:width\" content=\"600\" \/>\n\t<meta property=\"og:image:height\" content=\"406\" \/>\n<meta name=\"twitter:card\" content=\"summary_large_image\" \/>\n<meta name=\"twitter:label1\" content=\"\u00c9crit par\" \/>\n\t<meta name=\"twitter:data1\" content=\"Fatou\" \/>\n\t<meta name=\"twitter:label2\" content=\"Dur\u00e9e de lecture estim\u00e9e\" \/>\n\t<meta name=\"twitter:data2\" content=\"2 minutes\" \/>\n<script type=\"application\/ld+json\" class=\"yoast-schema-graph\">{\"@context\":\"https:\/\/schema.org\",\"@graph\":[{\"@type\":\"WebSite\",\"@id\":\"https:\/\/www.nettali.com\/#website\",\"url\":\"https:\/\/www.nettali.com\/\",\"name\":\"Nettali.com\",\"description\":\"Le rendez-vous critique du Net\",\"potentialAction\":[{\"@type\":\"SearchAction\",\"target\":{\"@type\":\"EntryPoint\",\"urlTemplate\":\"https:\/\/www.nettali.com\/?s={search_term_string}\"},\"query-input\":\"required name=search_term_string\"}],\"inLanguage\":\"fr-FR\"},{\"@type\":\"ImageObject\",\"@id\":\"https:\/\/www.nettali.com\/2025\/12\/11\/detention-de-farba-ngom-et-de-moustapha-diop-abdou-mbow-sensibilise-le-ministre-de-la-justice-sur-leurs-cas\/#primaryimage\",\"inLanguage\":\"fr-FR\",\"url\":\"https:\/\/www.nettali.com\/wp-content\/uploads\/2025\/04\/abdou-mbow.jpg\",\"contentUrl\":\"https:\/\/www.nettali.com\/wp-content\/uploads\/2025\/04\/abdou-mbow.jpg\",\"width\":600,\"height\":406},{\"@type\":\"WebPage\",\"@id\":\"https:\/\/www.nettali.com\/2025\/12\/11\/detention-de-farba-ngom-et-de-moustapha-diop-abdou-mbow-sensibilise-le-ministre-de-la-justice-sur-leurs-cas\/#webpage\",\"url\":\"https:\/\/www.nettali.com\/2025\/12\/11\/detention-de-farba-ngom-et-de-moustapha-diop-abdou-mbow-sensibilise-le-ministre-de-la-justice-sur-leurs-cas\/\",\"name\":\"D\\u00c9TENTION DE FARBA NGOM ET DE MOUSTAPHA DIOP : Abdou Mbow sensibilise le ministre de la Justice sur leurs cas | Nettali.com\",\"isPartOf\":{\"@id\":\"https:\/\/www.nettali.com\/#website\"},\"primaryImageOfPage\":{\"@id\":\"https:\/\/www.nettali.com\/2025\/12\/11\/detention-de-farba-ngom-et-de-moustapha-diop-abdou-mbow-sensibilise-le-ministre-de-la-justice-sur-leurs-cas\/#primaryimage\"},\"datePublished\":\"2025-12-11T17:12:47+00:00\",\"dateModified\":\"2025-12-11T17:12:47+00:00\",\"author\":{\"@id\":\"https:\/\/www.nettali.com\/#\/schema\/person\/418274a86bdf87caff7a3ef476bd0bbf\"},\"breadcrumb\":{\"@id\":\"https:\/\/www.nettali.com\/2025\/12\/11\/detention-de-farba-ngom-et-de-moustapha-diop-abdou-mbow-sensibilise-le-ministre-de-la-justice-sur-leurs-cas\/#breadcrumb\"},\"inLanguage\":\"fr-FR\",\"potentialAction\":[{\"@type\":\"ReadAction\",\"target\":[\"https:\/\/www.nettali.com\/2025\/12\/11\/detention-de-farba-ngom-et-de-moustapha-diop-abdou-mbow-sensibilise-le-ministre-de-la-justice-sur-leurs-cas\/\"]}]},{\"@type\":\"BreadcrumbList\",\"@id\":\"https:\/\/www.nettali.com\/2025\/12\/11\/detention-de-farba-ngom-et-de-moustapha-diop-abdou-mbow-sensibilise-le-ministre-de-la-justice-sur-leurs-cas\/#breadcrumb\",\"itemListElement\":[{\"@type\":\"ListItem\",\"position\":1,\"name\":\"Accueil\",\"item\":\"https:\/\/www.nettali.com\/\"},{\"@type\":\"ListItem\",\"position\":2,\"name\":\"D\\u00c9TENTION DE FARBA NGOM ET DE MOUSTAPHA DIOP : Abdou Mbow sensibilise le ministre de la Justice sur leurs cas\"}]},{\"@type\":\"Person\",\"@id\":\"https:\/\/www.nettali.com\/#\/schema\/person\/418274a86bdf87caff7a3ef476bd0bbf\",\"name\":\"Fatou\",\"image\":{\"@type\":\"ImageObject\",\"@id\":\"https:\/\/www.nettali.com\/#personlogo\",\"inLanguage\":\"fr-FR\",\"url\":\"https:\/\/secure.gravatar.com\/avatar\/5a9442a2bee7b4dcf167cab035858e9a?s=96&d=mm&r=g\",\"contentUrl\":\"https:\/\/secure.gravatar.com\/avatar\/5a9442a2bee7b4dcf167cab035858e9a?s=96&d=mm&r=g\",\"caption\":\"Fatou\"},\"sameAs\":[\"https:\/\/www.nettali.com\"]}]}<\/script>\n<!-- \/ Yoast SEO Premium plugin. -->","yoast_head_json":{"title":"D\u00c9TENTION DE FARBA NGOM ET DE MOUSTAPHA DIOP : Abdou Mbow sensibilise le ministre de la Justice sur leurs cas | Nettali.com","robots":{"index":"index","follow":"follow","max-snippet":"max-snippet:-1","max-image-preview":"max-image-preview:large","max-video-preview":"max-video-preview:-1"},"canonical":"https:\/\/www.nettali.com\/2025\/12\/11\/detention-de-farba-ngom-et-de-moustapha-diop-abdou-mbow-sensibilise-le-ministre-de-la-justice-sur-leurs-cas\/","og_locale":"fr_FR","og_type":"article","og_title":"D\u00c9TENTION DE FARBA NGOM ET DE MOUSTAPHA DIOP : Abdou Mbow sensibilise le ministre de la Justice sur leurs cas","og_description":"NETTALI.COM-\u00a0Lors de l\u2019examen du projet de budget du minist\u00e8re de la Justice pour l\u2019exercice 2026, ce jeudi 11 d\u00e9cembre, le d\u00e9put\u00e9 Abdou Mbow a invit\u00e9 le ministre de la Justice \u00e0 se pencher sur la situation judiciaire des d\u00e9put\u00e9s Farba Ngom et Moustapha Diop. L\u2019examen du projet de budget du minist\u00e8re de la Justice pour [&hellip;]","og_url":"https:\/\/www.nettali.com\/2025\/12\/11\/detention-de-farba-ngom-et-de-moustapha-diop-abdou-mbow-sensibilise-le-ministre-de-la-justice-sur-leurs-cas\/","og_site_name":"Nettali.com","article_publisher":"https:\/\/www.facebook.com\/nettalicom","article_published_time":"2025-12-11T17:12:47+00:00","og_image":[{"width":600,"height":406,"url":"https:\/\/www.nettali.com\/wp-content\/uploads\/2025\/04\/abdou-mbow.jpg","type":"image\/jpeg"}],"twitter_card":"summary_large_image","twitter_misc":{"\u00c9crit par":"Fatou","Dur\u00e9e de lecture estim\u00e9e":"2 minutes"},"schema":{"@context":"https:\/\/schema.org","@graph":[{"@type":"WebSite","@id":"https:\/\/www.nettali.com\/#website","url":"https:\/\/www.nettali.com\/","name":"Nettali.com","description":"Le rendez-vous critique du Net","potentialAction":[{"@type":"SearchAction","target":{"@type":"EntryPoint","urlTemplate":"https:\/\/www.nettali.com\/?s={search_term_string}"},"query-input":"required name=search_term_string"}],"inLanguage":"fr-FR"},{"@type":"ImageObject","@id":"https:\/\/www.nettali.com\/2025\/12\/11\/detention-de-farba-ngom-et-de-moustapha-diop-abdou-mbow-sensibilise-le-ministre-de-la-justice-sur-leurs-cas\/#primaryimage","inLanguage":"fr-FR","url":"https:\/\/www.nettali.com\/wp-content\/uploads\/2025\/04\/abdou-mbow.jpg","contentUrl":"https:\/\/www.nettali.com\/wp-content\/uploads\/2025\/04\/abdou-mbow.jpg","width":600,"height":406},{"@type":"WebPage","@id":"https:\/\/www.nettali.com\/2025\/12\/11\/detention-de-farba-ngom-et-de-moustapha-diop-abdou-mbow-sensibilise-le-ministre-de-la-justice-sur-leurs-cas\/#webpage","url":"https:\/\/www.nettali.com\/2025\/12\/11\/detention-de-farba-ngom-et-de-moustapha-diop-abdou-mbow-sensibilise-le-ministre-de-la-justice-sur-leurs-cas\/","name":"D\u00c9TENTION DE FARBA NGOM ET DE MOUSTAPHA DIOP : Abdou Mbow sensibilise le ministre de la Justice sur leurs cas | Nettali.com","isPartOf":{"@id":"https:\/\/www.nettali.com\/#website"},"primaryImageOfPage":{"@id":"https:\/\/www.nettali.com\/2025\/12\/11\/detention-de-farba-ngom-et-de-moustapha-diop-abdou-mbow-sensibilise-le-ministre-de-la-justice-sur-leurs-cas\/#primaryimage"},"datePublished":"2025-12-11T17:12:47+00:00","dateModified":"2025-12-11T17:12:47+00:00","author":{"@id":"https:\/\/www.nettali.com\/#\/schema\/person\/418274a86bdf87caff7a3ef476bd0bbf"},"breadcrumb":{"@id":"https:\/\/www.nettali.com\/2025\/12\/11\/detention-de-farba-ngom-et-de-moustapha-diop-abdou-mbow-sensibilise-le-ministre-de-la-justice-sur-leurs-cas\/#breadcrumb"},"inLanguage":"fr-FR","potentialAction":[{"@type":"ReadAction","target":["https:\/\/www.nettali.com\/2025\/12\/11\/detention-de-farba-ngom-et-de-moustapha-diop-abdou-mbow-sensibilise-le-ministre-de-la-justice-sur-leurs-cas\/"]}]},{"@type":"BreadcrumbList","@id":"https:\/\/www.nettali.com\/2025\/12\/11\/detention-de-farba-ngom-et-de-moustapha-diop-abdou-mbow-sensibilise-le-ministre-de-la-justice-sur-leurs-cas\/#breadcrumb","itemListElement":[{"@type":"ListItem","position":1,"name":"Accueil","item":"https:\/\/www.nettali.com\/"},{"@type":"ListItem","position":2,"name":"D\u00c9TENTION DE FARBA NGOM ET DE MOUSTAPHA DIOP : Abdou Mbow sensibilise le ministre de la Justice sur leurs cas"}]},{"@type":"Person","@id":"https:\/\/www.nettali.com\/#\/schema\/person\/418274a86bdf87caff7a3ef476bd0bbf","name":"Fatou","image":{"@type":"ImageObject","@id":"https:\/\/www.nettali.com\/#personlogo","inLanguage":"fr-FR","url":"https:\/\/secure.gravatar.com\/avatar\/5a9442a2bee7b4dcf167cab035858e9a?s=96&d=mm&r=g","contentUrl":"https:\/\/secure.gravatar.com\/avatar\/5a9442a2bee7b4dcf167cab035858e9a?s=96&d=mm&r=g","caption":"Fatou"},"sameAs":["https:\/\/www.nettali.com"]}]}},"_links":{"self":[{"href":"https:\/\/www.nettali.com\/rest\/wp\/v2\/posts\/166184"}],"collection":[{"href":"https:\/\/www.nettali.com\/rest\/wp\/v2\/posts"}],"about":[{"href":"https:\/\/www.nettali.com\/rest\/wp\/v2\/types\/post"}],"author":[{"embeddable":true,"href":"https:\/\/www.nettali.com\/rest\/wp\/v2\/users\/6"}],"replies":[{"embeddable":true,"href":"https:\/\/www.nettali.com\/rest\/wp\/v2\/comments?post=166184"}],"version-history":[{"count":1,"href":"https:\/\/www.nettali.com\/rest\/wp\/v2\/posts\/166184\/revisions"}],"predecessor-version":[{"id":166185,"href":"https:\/\/www.nettali.com\/rest\/wp\/v2\/posts\/166184\/revisions\/166185"}],"wp:featuredmedia":[{"embeddable":true,"href":"https:\/\/www.nettali.com\/rest\/wp\/v2\/media\/151665"}],"wp:attachment":[{"href":"https:\/\/www.nettali.com\/rest\/wp\/v2\/media?parent=166184"}],"wp:term":[{"taxonomy":"category","embeddable":true,"href":"https:\/\/www.nettali.com\/rest\/wp\/v2\/categories?post=166184"},{"taxonomy":"post_tag","embeddable":true,"href":"https:\/\/www.nettali.com\/rest\/wp\/v2\/tags?post=166184"}],"curies":[{"name":"wp","href":"https:\/\/api.w.org\/{rel}","templated":true}]}}