{"id":166178,"date":"2025-12-11T16:03:22","date_gmt":"2025-12-11T16:03:22","guid":{"rendered":"https:\/\/www.nettali.com\/?p=166178"},"modified":"2025-12-11T16:03:22","modified_gmt":"2025-12-11T16:03:22","slug":"incendie-a-kaolack-plusieurs-ateliers-de-menuiserie-en-feu-au-marche-central","status":"publish","type":"post","link":"https:\/\/www.nettali.com\/2025\/12\/11\/incendie-a-kaolack-plusieurs-ateliers-de-menuiserie-en-feu-au-marche-central\/","title":{"rendered":"INCENDIE \u00c0 KAOLACK : Plusieurs ateliers de menuiserie en feu au march\u00e9 Central"},"content":{"rendered":"<div class=\"container\">\n<div id=\"model-response-message-contentr_9c6fff6a1d9c7a6c\" class=\"markdown markdown-main-panel enable-updated-hr-color\" dir=\"ltr\" aria-live=\"polite\" aria-busy=\"false\">\n<p data-path-to-node=\"2\"><strong>NETTALI.COM- \u00c0 Kaolack, plusieurs ateliers de menuiserie en bois ont pris feu au march\u00e9 central dans la nuit de mercredi \u00e0 jeudi.<\/strong><\/p>\n<p data-path-to-node=\"3\">Le Commandant de la 31e Compagnie d\u2019Incendie et de Secours de la Brigade nationale des sapeurs-pompiers, le Capitaine Mamadou Yahya Man\u00e9, a indiqu\u00e9 que ses hommes \u00ab <em>ont \u00e9t\u00e9 alert\u00e9s \u00e0 01h 40mn pour un violent feu d\u2019ateliers de menuiserie en bois au march\u00e9 central de Kaolack, sur une superficie d\u2019environ 700 m\u00b2 <\/em>\u00bb.<\/p>\n<p data-path-to-node=\"4\">Un fourgon pompe tonne (FPT), un camion-citerne grande capacit\u00e9 (CCGC) et un v\u00e9hicule d\u2019intervention l\u00e9ger (VIL) ont permis de ma\u00eetriser les flammes et d\u2019\u00e9teindre cet incendie, dont l\u2019origine n\u2019a pas encore \u00e9t\u00e9 d\u00e9termin\u00e9e.<\/p>\n<p data-path-to-node=\"5\">Il a soulign\u00e9 qu\u2019aucune perte en vie humaine n\u2019a \u00e9t\u00e9 enregistr\u00e9e. \u00ab <em>Les d\u00e9g\u00e2ts mat\u00e9riels sont consid\u00e9rables <\/em>\u00bb, a-t-il pr\u00e9cis\u00e9.<\/p>\n<p data-path-to-node=\"6\">Il note qu'apr\u00e8s les constatations d\u2019usage effectu\u00e9es par des \u00e9l\u00e9ments du commissariat central de Kaolack, une enqu\u00eate a \u00e9t\u00e9 ouverte pour d\u00e9terminer les causes de l\u2019incendie. Ainsi, il invite les populations \u00e0 plus de vigilance.<\/p>\n<\/div>\n<\/div>\n<div class='share-to-whatsapp-wrapper'><div class='share-on-whsp'>PARTAGER SUR : <\/div><a data-text='INCENDIE \u00c0 KAOLACK : Plusieurs ateliers de menuiserie en feu au march\u00e9 Central' data-link='https:\/\/www.nettali.com\/2025\/12\/11\/incendie-a-kaolack-plusieurs-ateliers-de-menuiserie-en-feu-au-marche-central\/' class='whatsapp-button whatsapp-share'>WhatsApp<\/a><div class='clear '><\/div><\/div>","protected":false},"excerpt":{"rendered":"<p>NETTALI.COM- \u00c0 Kaolack, plusieurs ateliers de menuiserie en bois ont pris feu au march\u00e9 central dans la nuit de mercredi \u00e0 jeudi. Le Commandant de la 31e Compagnie d\u2019Incendie et de Secours de la Brigade nationale des sapeurs-pompiers, le Capitaine Mamadou Yahya Man\u00e9, a indiqu\u00e9 que ses hommes \u00ab ont \u00e9t\u00e9 alert\u00e9s \u00e0 01h 40mn [&hellip;]<\/p>\n","protected":false},"author":6,"featured_media":166183,"comment_status":"open","ping_status":"open","sticky":false,"template":"","format":"standard","meta":{"_et_pb_use_builder":"","_et_pb_old_content":""},"categories":[3],"tags":[],"yoast_head":"<!-- This site is optimized with the Yoast SEO Premium plugin v17.8 (Yoast SEO v17.8) - https:\/\/yoast.com\/wordpress\/plugins\/seo\/ -->\n<title>INCENDIE \u00c0 KAOLACK : Plusieurs ateliers de menuiserie en feu au march\u00e9 Central | Nettali.com<\/title>\n<meta name=\"robots\" content=\"index, follow, max-snippet:-1, max-image-preview:large, max-video-preview:-1\" \/>\n<link rel=\"canonical\" href=\"https:\/\/www.nettali.com\/2025\/12\/11\/incendie-a-kaolack-plusieurs-ateliers-de-menuiserie-en-feu-au-marche-central\/\" \/>\n<meta property=\"og:locale\" content=\"fr_FR\" \/>\n<meta property=\"og:type\" content=\"article\" \/>\n<meta property=\"og:title\" content=\"INCENDIE \u00c0 KAOLACK : Plusieurs ateliers de menuiserie en feu au march\u00e9 Central\" \/>\n<meta property=\"og:description\" content=\"NETTALI.COM- \u00c0 Kaolack, plusieurs ateliers de menuiserie en bois ont pris feu au march\u00e9 central dans la nuit de mercredi \u00e0 jeudi. Le Commandant de la 31e Compagnie d\u2019Incendie et de Secours de la Brigade nationale des sapeurs-pompiers, le Capitaine Mamadou Yahya Man\u00e9, a indiqu\u00e9 que ses hommes \u00ab ont \u00e9t\u00e9 alert\u00e9s \u00e0 01h 40mn [&hellip;]\" \/>\n<meta property=\"og:url\" content=\"https:\/\/www.nettali.com\/2025\/12\/11\/incendie-a-kaolack-plusieurs-ateliers-de-menuiserie-en-feu-au-marche-central\/\" \/>\n<meta property=\"og:site_name\" content=\"Nettali.com\" \/>\n<meta property=\"article:publisher\" content=\"https:\/\/www.facebook.com\/nettalicom\" \/>\n<meta property=\"article:published_time\" content=\"2025-12-11T16:03:22+00:00\" \/>\n<meta property=\"og:image\" content=\"https:\/\/www.nettali.com\/wp-content\/uploads\/2025\/12\/incendie2.jpeg\" \/>\n\t<meta property=\"og:image:width\" content=\"720\" \/>\n\t<meta property=\"og:image:height\" content=\"480\" \/>\n<meta name=\"twitter:card\" content=\"summary_large_image\" \/>\n<meta name=\"twitter:label1\" content=\"\u00c9crit par\" \/>\n\t<meta name=\"twitter:data1\" content=\"Fatou\" \/>\n\t<meta name=\"twitter:label2\" content=\"Dur\u00e9e de lecture estim\u00e9e\" \/>\n\t<meta name=\"twitter:data2\" content=\"1 minute\" \/>\n<script type=\"application\/ld+json\" class=\"yoast-schema-graph\">{\"@context\":\"https:\/\/schema.org\",\"@graph\":[{\"@type\":\"WebSite\",\"@id\":\"https:\/\/www.nettali.com\/#website\",\"url\":\"https:\/\/www.nettali.com\/\",\"name\":\"Nettali.com\",\"description\":\"Le rendez-vous critique du Net\",\"potentialAction\":[{\"@type\":\"SearchAction\",\"target\":{\"@type\":\"EntryPoint\",\"urlTemplate\":\"https:\/\/www.nettali.com\/?s={search_term_string}\"},\"query-input\":\"required name=search_term_string\"}],\"inLanguage\":\"fr-FR\"},{\"@type\":\"ImageObject\",\"@id\":\"https:\/\/www.nettali.com\/2025\/12\/11\/incendie-a-kaolack-plusieurs-ateliers-de-menuiserie-en-feu-au-marche-central\/#primaryimage\",\"inLanguage\":\"fr-FR\",\"url\":\"https:\/\/www.nettali.com\/wp-content\/uploads\/2025\/12\/incendie2.jpeg\",\"contentUrl\":\"https:\/\/www.nettali.com\/wp-content\/uploads\/2025\/12\/incendie2.jpeg\",\"width\":720,\"height\":480},{\"@type\":\"WebPage\",\"@id\":\"https:\/\/www.nettali.com\/2025\/12\/11\/incendie-a-kaolack-plusieurs-ateliers-de-menuiserie-en-feu-au-marche-central\/#webpage\",\"url\":\"https:\/\/www.nettali.com\/2025\/12\/11\/incendie-a-kaolack-plusieurs-ateliers-de-menuiserie-en-feu-au-marche-central\/\",\"name\":\"INCENDIE \\u00c0 KAOLACK : Plusieurs ateliers de menuiserie en feu au march\\u00e9 Central | Nettali.com\",\"isPartOf\":{\"@id\":\"https:\/\/www.nettali.com\/#website\"},\"primaryImageOfPage\":{\"@id\":\"https:\/\/www.nettali.com\/2025\/12\/11\/incendie-a-kaolack-plusieurs-ateliers-de-menuiserie-en-feu-au-marche-central\/#primaryimage\"},\"datePublished\":\"2025-12-11T16:03:22+00:00\",\"dateModified\":\"2025-12-11T16:03:22+00:00\",\"author\":{\"@id\":\"https:\/\/www.nettali.com\/#\/schema\/person\/418274a86bdf87caff7a3ef476bd0bbf\"},\"breadcrumb\":{\"@id\":\"https:\/\/www.nettali.com\/2025\/12\/11\/incendie-a-kaolack-plusieurs-ateliers-de-menuiserie-en-feu-au-marche-central\/#breadcrumb\"},\"inLanguage\":\"fr-FR\",\"potentialAction\":[{\"@type\":\"ReadAction\",\"target\":[\"https:\/\/www.nettali.com\/2025\/12\/11\/incendie-a-kaolack-plusieurs-ateliers-de-menuiserie-en-feu-au-marche-central\/\"]}]},{\"@type\":\"BreadcrumbList\",\"@id\":\"https:\/\/www.nettali.com\/2025\/12\/11\/incendie-a-kaolack-plusieurs-ateliers-de-menuiserie-en-feu-au-marche-central\/#breadcrumb\",\"itemListElement\":[{\"@type\":\"ListItem\",\"position\":1,\"name\":\"Accueil\",\"item\":\"https:\/\/www.nettali.com\/\"},{\"@type\":\"ListItem\",\"position\":2,\"name\":\"INCENDIE \\u00c0 KAOLACK : Plusieurs ateliers de menuiserie en feu au march\\u00e9 Central\"}]},{\"@type\":\"Person\",\"@id\":\"https:\/\/www.nettali.com\/#\/schema\/person\/418274a86bdf87caff7a3ef476bd0bbf\",\"name\":\"Fatou\",\"image\":{\"@type\":\"ImageObject\",\"@id\":\"https:\/\/www.nettali.com\/#personlogo\",\"inLanguage\":\"fr-FR\",\"url\":\"https:\/\/secure.gravatar.com\/avatar\/5a9442a2bee7b4dcf167cab035858e9a?s=96&d=mm&r=g\",\"contentUrl\":\"https:\/\/secure.gravatar.com\/avatar\/5a9442a2bee7b4dcf167cab035858e9a?s=96&d=mm&r=g\",\"caption\":\"Fatou\"},\"sameAs\":[\"https:\/\/www.nettali.com\"]}]}<\/script>\n<!-- \/ Yoast SEO Premium plugin. -->","yoast_head_json":{"title":"INCENDIE \u00c0 KAOLACK : Plusieurs ateliers de menuiserie en feu au march\u00e9 Central | Nettali.com","robots":{"index":"index","follow":"follow","max-snippet":"max-snippet:-1","max-image-preview":"max-image-preview:large","max-video-preview":"max-video-preview:-1"},"canonical":"https:\/\/www.nettali.com\/2025\/12\/11\/incendie-a-kaolack-plusieurs-ateliers-de-menuiserie-en-feu-au-marche-central\/","og_locale":"fr_FR","og_type":"article","og_title":"INCENDIE \u00c0 KAOLACK : Plusieurs ateliers de menuiserie en feu au march\u00e9 Central","og_description":"NETTALI.COM- \u00c0 Kaolack, plusieurs ateliers de menuiserie en bois ont pris feu au march\u00e9 central dans la nuit de mercredi \u00e0 jeudi. Le Commandant de la 31e Compagnie d\u2019Incendie et de Secours de la Brigade nationale des sapeurs-pompiers, le Capitaine Mamadou Yahya Man\u00e9, a indiqu\u00e9 que ses hommes \u00ab ont \u00e9t\u00e9 alert\u00e9s \u00e0 01h 40mn [&hellip;]","og_url":"https:\/\/www.nettali.com\/2025\/12\/11\/incendie-a-kaolack-plusieurs-ateliers-de-menuiserie-en-feu-au-marche-central\/","og_site_name":"Nettali.com","article_publisher":"https:\/\/www.facebook.com\/nettalicom","article_published_time":"2025-12-11T16:03:22+00:00","og_image":[{"width":720,"height":480,"url":"https:\/\/www.nettali.com\/wp-content\/uploads\/2025\/12\/incendie2.jpeg","type":"image\/jpeg"}],"twitter_card":"summary_large_image","twitter_misc":{"\u00c9crit par":"Fatou","Dur\u00e9e de lecture estim\u00e9e":"1 minute"},"schema":{"@context":"https:\/\/schema.org","@graph":[{"@type":"WebSite","@id":"https:\/\/www.nettali.com\/#website","url":"https:\/\/www.nettali.com\/","name":"Nettali.com","description":"Le rendez-vous critique du Net","potentialAction":[{"@type":"SearchAction","target":{"@type":"EntryPoint","urlTemplate":"https:\/\/www.nettali.com\/?s={search_term_string}"},"query-input":"required name=search_term_string"}],"inLanguage":"fr-FR"},{"@type":"ImageObject","@id":"https:\/\/www.nettali.com\/2025\/12\/11\/incendie-a-kaolack-plusieurs-ateliers-de-menuiserie-en-feu-au-marche-central\/#primaryimage","inLanguage":"fr-FR","url":"https:\/\/www.nettali.com\/wp-content\/uploads\/2025\/12\/incendie2.jpeg","contentUrl":"https:\/\/www.nettali.com\/wp-content\/uploads\/2025\/12\/incendie2.jpeg","width":720,"height":480},{"@type":"WebPage","@id":"https:\/\/www.nettali.com\/2025\/12\/11\/incendie-a-kaolack-plusieurs-ateliers-de-menuiserie-en-feu-au-marche-central\/#webpage","url":"https:\/\/www.nettali.com\/2025\/12\/11\/incendie-a-kaolack-plusieurs-ateliers-de-menuiserie-en-feu-au-marche-central\/","name":"INCENDIE \u00c0 KAOLACK : Plusieurs ateliers de menuiserie en feu au march\u00e9 Central | Nettali.com","isPartOf":{"@id":"https:\/\/www.nettali.com\/#website"},"primaryImageOfPage":{"@id":"https:\/\/www.nettali.com\/2025\/12\/11\/incendie-a-kaolack-plusieurs-ateliers-de-menuiserie-en-feu-au-marche-central\/#primaryimage"},"datePublished":"2025-12-11T16:03:22+00:00","dateModified":"2025-12-11T16:03:22+00:00","author":{"@id":"https:\/\/www.nettali.com\/#\/schema\/person\/418274a86bdf87caff7a3ef476bd0bbf"},"breadcrumb":{"@id":"https:\/\/www.nettali.com\/2025\/12\/11\/incendie-a-kaolack-plusieurs-ateliers-de-menuiserie-en-feu-au-marche-central\/#breadcrumb"},"inLanguage":"fr-FR","potentialAction":[{"@type":"ReadAction","target":["https:\/\/www.nettali.com\/2025\/12\/11\/incendie-a-kaolack-plusieurs-ateliers-de-menuiserie-en-feu-au-marche-central\/"]}]},{"@type":"BreadcrumbList","@id":"https:\/\/www.nettali.com\/2025\/12\/11\/incendie-a-kaolack-plusieurs-ateliers-de-menuiserie-en-feu-au-marche-central\/#breadcrumb","itemListElement":[{"@type":"ListItem","position":1,"name":"Accueil","item":"https:\/\/www.nettali.com\/"},{"@type":"ListItem","position":2,"name":"INCENDIE \u00c0 KAOLACK : Plusieurs ateliers de menuiserie en feu au march\u00e9 Central"}]},{"@type":"Person","@id":"https:\/\/www.nettali.com\/#\/schema\/person\/418274a86bdf87caff7a3ef476bd0bbf","name":"Fatou","image":{"@type":"ImageObject","@id":"https:\/\/www.nettali.com\/#personlogo","inLanguage":"fr-FR","url":"https:\/\/secure.gravatar.com\/avatar\/5a9442a2bee7b4dcf167cab035858e9a?s=96&d=mm&r=g","contentUrl":"https:\/\/secure.gravatar.com\/avatar\/5a9442a2bee7b4dcf167cab035858e9a?s=96&d=mm&r=g","caption":"Fatou"},"sameAs":["https:\/\/www.nettali.com"]}]}},"_links":{"self":[{"href":"https:\/\/www.nettali.com\/rest\/wp\/v2\/posts\/166178"}],"collection":[{"href":"https:\/\/www.nettali.com\/rest\/wp\/v2\/posts"}],"about":[{"href":"https:\/\/www.nettali.com\/rest\/wp\/v2\/types\/post"}],"author":[{"embeddable":true,"href":"https:\/\/www.nettali.com\/rest\/wp\/v2\/users\/6"}],"replies":[{"embeddable":true,"href":"https:\/\/www.nettali.com\/rest\/wp\/v2\/comments?post=166178"}],"version-history":[{"count":1,"href":"https:\/\/www.nettali.com\/rest\/wp\/v2\/posts\/166178\/revisions"}],"predecessor-version":[{"id":166179,"href":"https:\/\/www.nettali.com\/rest\/wp\/v2\/posts\/166178\/revisions\/166179"}],"wp:featuredmedia":[{"embeddable":true,"href":"https:\/\/www.nettali.com\/rest\/wp\/v2\/media\/166183"}],"wp:attachment":[{"href":"https:\/\/www.nettali.com\/rest\/wp\/v2\/media?parent=166178"}],"wp:term":[{"taxonomy":"category","embeddable":true,"href":"https:\/\/www.nettali.com\/rest\/wp\/v2\/categories?post=166178"},{"taxonomy":"post_tag","embeddable":true,"href":"https:\/\/www.nettali.com\/rest\/wp\/v2\/tags?post=166178"}],"curies":[{"name":"wp","href":"https:\/\/api.w.org\/{rel}","templated":true}]}}