{"id":166176,"date":"2025-12-11T14:16:41","date_gmt":"2025-12-11T14:16:41","guid":{"rendered":"https:\/\/www.nettali.com\/?p=166176"},"modified":"2025-12-13T08:20:09","modified_gmt":"2025-12-13T08:20:09","slug":"encadrement-de-la-presse-la-cour-supreme-annule-deux-arretes-du-ministre-de-la-communication","status":"publish","type":"post","link":"https:\/\/www.nettali.com\/2025\/12\/11\/encadrement-de-la-presse-la-cour-supreme-annule-deux-arretes-du-ministre-de-la-communication\/","title":{"rendered":"ENCADREMENT DE LA PRESSE - La Cour supr\u00eame annule deux arr\u00eat\u00e9s du ministre de la Communication"},"content":{"rendered":"<p data-start=\"77\" data-end=\"362\"><strong data-start=\"77\" data-end=\"362\">NETTALI.COM - La plus haute juridiction administrative a invalid\u00e9 deux textes majeurs pris par le minist\u00e8re de la Communication, jug\u00e9s contraires aux lois encadrant la presse. Une d\u00e9cision qui fragilise l\u2019action du ministre et relance le d\u00e9bat sur les tensions entre l\u2019\u00c9tat et les m\u00e9dias priv\u00e9s.<\/strong><\/p>\n<p data-start=\"364\" data-end=\"835\">La Chambre administrative de la Cour supr\u00eame a annul\u00e9 deux arr\u00eat\u00e9s du ministre de la Communication, des T\u00e9l\u00e9communications et du Num\u00e9rique (MCTN), pris en 2024, et consid\u00e9r\u00e9s comme ill\u00e9gaux par le Conseil des \u00e9diteurs et diffuseurs de presse du S\u00e9n\u00e9gal (CDEPS). Les arr\u00eat\u00e9s concern\u00e9s portaient sur la mise en place d\u2019une plateforme num\u00e9rique d\u2019identification des entreprises de presse et sur la cr\u00e9ation d\u2019une Commission charg\u00e9e d\u2019examiner et de valider leur d\u00e9claration.<\/p>\n<p data-start=\"837\" data-end=\"1286\">Selon Me Cheikh Ahmadou Ndiaye, avocat du CDEPS, ces textes violent plusieurs dispositions de la Constitution et du Code de la presse. La d\u00e9cision \u00e9crite sera publi\u00e9e dans les prochains jours, mais la port\u00e9e juridique est d\u00e9j\u00e0 claire : toutes les d\u00e9cisions fond\u00e9es sur ces arr\u00eat\u00e9s sont frapp\u00e9es de nullit\u00e9, notamment la plateforme, la Commission de validation et les proc\u00e9dures li\u00e9es au Fonds d\u2019appui et de d\u00e9veloppement de la presse (FADP).<\/p>\n<p data-start=\"1288\" data-end=\"1504\">Le CDEPS interroge \u00e9galement la l\u00e9galit\u00e9 du d\u00e9blocage de fonds publics au profit du CORED, de la Commission nationale de la carte de presse et de la Maison de la Presse, \u00e9voquant un possible d\u00e9tournement d\u2019objectifs.<\/p>\n<p data-start=\"1506\" data-end=\"2008\">Cette nouvelle annulation intervient apr\u00e8s une premi\u00e8re suspension d\u2019un arr\u00eat\u00e9 du m\u00eame ministre interdisant la parution et la diffusion de 381 m\u00e9dias. Pour le CDEPS, ces d\u00e9cisions judiciaires confirment un \u00ab encha\u00eenement de violations r\u00e9p\u00e9t\u00e9es \u00bb depuis 21 mois, au d\u00e9triment de la presse priv\u00e9e, qu\u2019il accuse d\u2019\u00eatre la cible d\u2019une politique d\u2019\u00ab asphyxie \u00bb : coupures de signal, rupture de contrats publicitaires, blocage des subventions, restrictions d\u2019acc\u00e8s aux \u00e9v\u00e9nements officiels, entre autres.<\/p>\n<p data-start=\"2010\" data-end=\"2256\" data-is-last-node=\"\" data-is-only-node=\"\">Face aux pertes d\u2019emplois et aux difficult\u00e9s sociales dans le secteur, le CDEPS salue une d\u00e9cision qui, selon lui, <em>\u00ab renforce indiscutablement l\u2019\u00c9tat de droit \u00bb<\/em> et r\u00e9affirme le r\u00f4le des tribunaux comme rempart contre les d\u00e9rives autoritaires.<\/p>\n<div class='share-to-whatsapp-wrapper'><div class='share-on-whsp'>PARTAGER SUR : <\/div><a data-text='ENCADREMENT DE LA PRESSE - La Cour supr\u00eame annule deux arr\u00eat\u00e9s du ministre de la Communication' data-link='https:\/\/www.nettali.com\/2025\/12\/11\/encadrement-de-la-presse-la-cour-supreme-annule-deux-arretes-du-ministre-de-la-communication\/' class='whatsapp-button whatsapp-share'>WhatsApp<\/a><div class='clear '><\/div><\/div>","protected":false},"excerpt":{"rendered":"<p>NETTALI.COM - La plus haute juridiction administrative a invalid\u00e9 deux textes majeurs pris par le minist\u00e8re de la Communication, jug\u00e9s contraires aux lois encadrant la presse. Une d\u00e9cision qui fragilise l\u2019action du ministre et relance le d\u00e9bat sur les tensions entre l\u2019\u00c9tat et les m\u00e9dias priv\u00e9s. La Chambre administrative de la Cour supr\u00eame a annul\u00e9 [&hellip;]<\/p>\n","protected":false},"author":4,"featured_media":144949,"comment_status":"open","ping_status":"open","sticky":false,"template":"","format":"standard","meta":{"_et_pb_use_builder":"","_et_pb_old_content":""},"categories":[3],"tags":[],"yoast_head":"<!-- This site is optimized with the Yoast SEO Premium plugin v17.8 (Yoast SEO v17.8) - https:\/\/yoast.com\/wordpress\/plugins\/seo\/ -->\n<title>ENCADREMENT DE LA PRESSE - La Cour supr\u00eame annule deux arr\u00eat\u00e9s du ministre de la Communication | Nettali.com<\/title>\n<meta name=\"robots\" content=\"index, follow, max-snippet:-1, max-image-preview:large, max-video-preview:-1\" \/>\n<link rel=\"canonical\" href=\"https:\/\/www.nettali.com\/2025\/12\/11\/encadrement-de-la-presse-la-cour-supreme-annule-deux-arretes-du-ministre-de-la-communication\/\" \/>\n<meta property=\"og:locale\" content=\"fr_FR\" \/>\n<meta property=\"og:type\" content=\"article\" \/>\n<meta property=\"og:title\" content=\"ENCADREMENT DE LA PRESSE - La Cour supr\u00eame annule deux arr\u00eat\u00e9s du ministre de la Communication\" \/>\n<meta property=\"og:description\" content=\"NETTALI.COM - La plus haute juridiction administrative a invalid\u00e9 deux textes majeurs pris par le minist\u00e8re de la Communication, jug\u00e9s contraires aux lois encadrant la presse. Une d\u00e9cision qui fragilise l\u2019action du ministre et relance le d\u00e9bat sur les tensions entre l\u2019\u00c9tat et les m\u00e9dias priv\u00e9s. La Chambre administrative de la Cour supr\u00eame a annul\u00e9 [&hellip;]\" \/>\n<meta property=\"og:url\" content=\"https:\/\/www.nettali.com\/2025\/12\/11\/encadrement-de-la-presse-la-cour-supreme-annule-deux-arretes-du-ministre-de-la-communication\/\" \/>\n<meta property=\"og:site_name\" content=\"Nettali.com\" \/>\n<meta property=\"article:publisher\" content=\"https:\/\/www.facebook.com\/nettalicom\" \/>\n<meta property=\"article:published_time\" content=\"2025-12-11T14:16:41+00:00\" \/>\n<meta property=\"article:modified_time\" content=\"2025-12-13T08:20:09+00:00\" \/>\n<meta property=\"og:image\" content=\"https:\/\/www.nettali.com\/wp-content\/uploads\/2024\/12\/ALIOUNE-SALL-MINISTRE-DES-Telecoms.png\" \/>\n\t<meta property=\"og:image:width\" content=\"810\" \/>\n\t<meta property=\"og:image:height\" content=\"501\" \/>\n<meta name=\"twitter:card\" content=\"summary_large_image\" \/>\n<meta name=\"twitter:label1\" content=\"\u00c9crit par\" \/>\n\t<meta name=\"twitter:data1\" content=\"Daouda\" \/>\n\t<meta name=\"twitter:label2\" content=\"Dur\u00e9e de lecture estim\u00e9e\" \/>\n\t<meta name=\"twitter:data2\" content=\"2 minutes\" \/>\n<script type=\"application\/ld+json\" class=\"yoast-schema-graph\">{\"@context\":\"https:\/\/schema.org\",\"@graph\":[{\"@type\":\"WebSite\",\"@id\":\"https:\/\/www.nettali.com\/#website\",\"url\":\"https:\/\/www.nettali.com\/\",\"name\":\"Nettali.com\",\"description\":\"Le rendez-vous critique du Net\",\"potentialAction\":[{\"@type\":\"SearchAction\",\"target\":{\"@type\":\"EntryPoint\",\"urlTemplate\":\"https:\/\/www.nettali.com\/?s={search_term_string}\"},\"query-input\":\"required name=search_term_string\"}],\"inLanguage\":\"fr-FR\"},{\"@type\":\"ImageObject\",\"@id\":\"https:\/\/www.nettali.com\/2025\/12\/11\/encadrement-de-la-presse-la-cour-supreme-annule-deux-arretes-du-ministre-de-la-communication\/#primaryimage\",\"inLanguage\":\"fr-FR\",\"url\":\"https:\/\/www.nettali.com\/wp-content\/uploads\/2024\/12\/ALIOUNE-SALL-MINISTRE-DES-Telecoms.png\",\"contentUrl\":\"https:\/\/www.nettali.com\/wp-content\/uploads\/2024\/12\/ALIOUNE-SALL-MINISTRE-DES-Telecoms.png\",\"width\":810,\"height\":501},{\"@type\":\"WebPage\",\"@id\":\"https:\/\/www.nettali.com\/2025\/12\/11\/encadrement-de-la-presse-la-cour-supreme-annule-deux-arretes-du-ministre-de-la-communication\/#webpage\",\"url\":\"https:\/\/www.nettali.com\/2025\/12\/11\/encadrement-de-la-presse-la-cour-supreme-annule-deux-arretes-du-ministre-de-la-communication\/\",\"name\":\"ENCADREMENT DE LA PRESSE - La Cour supr\\u00eame annule deux arr\\u00eat\\u00e9s du ministre de la Communication | Nettali.com\",\"isPartOf\":{\"@id\":\"https:\/\/www.nettali.com\/#website\"},\"primaryImageOfPage\":{\"@id\":\"https:\/\/www.nettali.com\/2025\/12\/11\/encadrement-de-la-presse-la-cour-supreme-annule-deux-arretes-du-ministre-de-la-communication\/#primaryimage\"},\"datePublished\":\"2025-12-11T14:16:41+00:00\",\"dateModified\":\"2025-12-13T08:20:09+00:00\",\"author\":{\"@id\":\"https:\/\/www.nettali.com\/#\/schema\/person\/3317e0bb3aa1da309fbf7b2780901bf4\"},\"breadcrumb\":{\"@id\":\"https:\/\/www.nettali.com\/2025\/12\/11\/encadrement-de-la-presse-la-cour-supreme-annule-deux-arretes-du-ministre-de-la-communication\/#breadcrumb\"},\"inLanguage\":\"fr-FR\",\"potentialAction\":[{\"@type\":\"ReadAction\",\"target\":[\"https:\/\/www.nettali.com\/2025\/12\/11\/encadrement-de-la-presse-la-cour-supreme-annule-deux-arretes-du-ministre-de-la-communication\/\"]}]},{\"@type\":\"BreadcrumbList\",\"@id\":\"https:\/\/www.nettali.com\/2025\/12\/11\/encadrement-de-la-presse-la-cour-supreme-annule-deux-arretes-du-ministre-de-la-communication\/#breadcrumb\",\"itemListElement\":[{\"@type\":\"ListItem\",\"position\":1,\"name\":\"Accueil\",\"item\":\"https:\/\/www.nettali.com\/\"},{\"@type\":\"ListItem\",\"position\":2,\"name\":\"ENCADREMENT DE LA PRESSE - La Cour supr\\u00eame annule deux arr\\u00eat\\u00e9s du ministre de la Communication\"}]},{\"@type\":\"Person\",\"@id\":\"https:\/\/www.nettali.com\/#\/schema\/person\/3317e0bb3aa1da309fbf7b2780901bf4\",\"name\":\"Daouda\",\"image\":{\"@type\":\"ImageObject\",\"@id\":\"https:\/\/www.nettali.com\/#personlogo\",\"inLanguage\":\"fr-FR\",\"url\":\"https:\/\/secure.gravatar.com\/avatar\/8d143b5a49345098ddcfee1c49c2f47c?s=96&d=mm&r=g\",\"contentUrl\":\"https:\/\/secure.gravatar.com\/avatar\/8d143b5a49345098ddcfee1c49c2f47c?s=96&d=mm&r=g\",\"caption\":\"Daouda\"},\"sameAs\":[\"https:\/\/www.nettali.com\"]}]}<\/script>\n<!-- \/ Yoast SEO Premium plugin. -->","yoast_head_json":{"title":"ENCADREMENT DE LA PRESSE - La Cour supr\u00eame annule deux arr\u00eat\u00e9s du ministre de la Communication | Nettali.com","robots":{"index":"index","follow":"follow","max-snippet":"max-snippet:-1","max-image-preview":"max-image-preview:large","max-video-preview":"max-video-preview:-1"},"canonical":"https:\/\/www.nettali.com\/2025\/12\/11\/encadrement-de-la-presse-la-cour-supreme-annule-deux-arretes-du-ministre-de-la-communication\/","og_locale":"fr_FR","og_type":"article","og_title":"ENCADREMENT DE LA PRESSE - La Cour supr\u00eame annule deux arr\u00eat\u00e9s du ministre de la Communication","og_description":"NETTALI.COM - La plus haute juridiction administrative a invalid\u00e9 deux textes majeurs pris par le minist\u00e8re de la Communication, jug\u00e9s contraires aux lois encadrant la presse. Une d\u00e9cision qui fragilise l\u2019action du ministre et relance le d\u00e9bat sur les tensions entre l\u2019\u00c9tat et les m\u00e9dias priv\u00e9s. La Chambre administrative de la Cour supr\u00eame a annul\u00e9 [&hellip;]","og_url":"https:\/\/www.nettali.com\/2025\/12\/11\/encadrement-de-la-presse-la-cour-supreme-annule-deux-arretes-du-ministre-de-la-communication\/","og_site_name":"Nettali.com","article_publisher":"https:\/\/www.facebook.com\/nettalicom","article_published_time":"2025-12-11T14:16:41+00:00","article_modified_time":"2025-12-13T08:20:09+00:00","og_image":[{"width":810,"height":501,"url":"https:\/\/www.nettali.com\/wp-content\/uploads\/2024\/12\/ALIOUNE-SALL-MINISTRE-DES-Telecoms.png","type":"image\/png"}],"twitter_card":"summary_large_image","twitter_misc":{"\u00c9crit par":"Daouda","Dur\u00e9e de lecture estim\u00e9e":"2 minutes"},"schema":{"@context":"https:\/\/schema.org","@graph":[{"@type":"WebSite","@id":"https:\/\/www.nettali.com\/#website","url":"https:\/\/www.nettali.com\/","name":"Nettali.com","description":"Le rendez-vous critique du Net","potentialAction":[{"@type":"SearchAction","target":{"@type":"EntryPoint","urlTemplate":"https:\/\/www.nettali.com\/?s={search_term_string}"},"query-input":"required name=search_term_string"}],"inLanguage":"fr-FR"},{"@type":"ImageObject","@id":"https:\/\/www.nettali.com\/2025\/12\/11\/encadrement-de-la-presse-la-cour-supreme-annule-deux-arretes-du-ministre-de-la-communication\/#primaryimage","inLanguage":"fr-FR","url":"https:\/\/www.nettali.com\/wp-content\/uploads\/2024\/12\/ALIOUNE-SALL-MINISTRE-DES-Telecoms.png","contentUrl":"https:\/\/www.nettali.com\/wp-content\/uploads\/2024\/12\/ALIOUNE-SALL-MINISTRE-DES-Telecoms.png","width":810,"height":501},{"@type":"WebPage","@id":"https:\/\/www.nettali.com\/2025\/12\/11\/encadrement-de-la-presse-la-cour-supreme-annule-deux-arretes-du-ministre-de-la-communication\/#webpage","url":"https:\/\/www.nettali.com\/2025\/12\/11\/encadrement-de-la-presse-la-cour-supreme-annule-deux-arretes-du-ministre-de-la-communication\/","name":"ENCADREMENT DE LA PRESSE - La Cour supr\u00eame annule deux arr\u00eat\u00e9s du ministre de la Communication | Nettali.com","isPartOf":{"@id":"https:\/\/www.nettali.com\/#website"},"primaryImageOfPage":{"@id":"https:\/\/www.nettali.com\/2025\/12\/11\/encadrement-de-la-presse-la-cour-supreme-annule-deux-arretes-du-ministre-de-la-communication\/#primaryimage"},"datePublished":"2025-12-11T14:16:41+00:00","dateModified":"2025-12-13T08:20:09+00:00","author":{"@id":"https:\/\/www.nettali.com\/#\/schema\/person\/3317e0bb3aa1da309fbf7b2780901bf4"},"breadcrumb":{"@id":"https:\/\/www.nettali.com\/2025\/12\/11\/encadrement-de-la-presse-la-cour-supreme-annule-deux-arretes-du-ministre-de-la-communication\/#breadcrumb"},"inLanguage":"fr-FR","potentialAction":[{"@type":"ReadAction","target":["https:\/\/www.nettali.com\/2025\/12\/11\/encadrement-de-la-presse-la-cour-supreme-annule-deux-arretes-du-ministre-de-la-communication\/"]}]},{"@type":"BreadcrumbList","@id":"https:\/\/www.nettali.com\/2025\/12\/11\/encadrement-de-la-presse-la-cour-supreme-annule-deux-arretes-du-ministre-de-la-communication\/#breadcrumb","itemListElement":[{"@type":"ListItem","position":1,"name":"Accueil","item":"https:\/\/www.nettali.com\/"},{"@type":"ListItem","position":2,"name":"ENCADREMENT DE LA PRESSE - La Cour supr\u00eame annule deux arr\u00eat\u00e9s du ministre de la Communication"}]},{"@type":"Person","@id":"https:\/\/www.nettali.com\/#\/schema\/person\/3317e0bb3aa1da309fbf7b2780901bf4","name":"Daouda","image":{"@type":"ImageObject","@id":"https:\/\/www.nettali.com\/#personlogo","inLanguage":"fr-FR","url":"https:\/\/secure.gravatar.com\/avatar\/8d143b5a49345098ddcfee1c49c2f47c?s=96&d=mm&r=g","contentUrl":"https:\/\/secure.gravatar.com\/avatar\/8d143b5a49345098ddcfee1c49c2f47c?s=96&d=mm&r=g","caption":"Daouda"},"sameAs":["https:\/\/www.nettali.com"]}]}},"_links":{"self":[{"href":"https:\/\/www.nettali.com\/rest\/wp\/v2\/posts\/166176"}],"collection":[{"href":"https:\/\/www.nettali.com\/rest\/wp\/v2\/posts"}],"about":[{"href":"https:\/\/www.nettali.com\/rest\/wp\/v2\/types\/post"}],"author":[{"embeddable":true,"href":"https:\/\/www.nettali.com\/rest\/wp\/v2\/users\/4"}],"replies":[{"embeddable":true,"href":"https:\/\/www.nettali.com\/rest\/wp\/v2\/comments?post=166176"}],"version-history":[{"count":1,"href":"https:\/\/www.nettali.com\/rest\/wp\/v2\/posts\/166176\/revisions"}],"predecessor-version":[{"id":166180,"href":"https:\/\/www.nettali.com\/rest\/wp\/v2\/posts\/166176\/revisions\/166180"}],"wp:featuredmedia":[{"embeddable":true,"href":"https:\/\/www.nettali.com\/rest\/wp\/v2\/media\/144949"}],"wp:attachment":[{"href":"https:\/\/www.nettali.com\/rest\/wp\/v2\/media?parent=166176"}],"wp:term":[{"taxonomy":"category","embeddable":true,"href":"https:\/\/www.nettali.com\/rest\/wp\/v2\/categories?post=166176"},{"taxonomy":"post_tag","embeddable":true,"href":"https:\/\/www.nettali.com\/rest\/wp\/v2\/tags?post=166176"}],"curies":[{"name":"wp","href":"https:\/\/api.w.org\/{rel}","templated":true}]}}