{"id":166173,"date":"2025-12-11T16:49:53","date_gmt":"2025-12-11T16:49:53","guid":{"rendered":"https:\/\/www.nettali.com\/?p=166173"},"modified":"2025-12-11T13:50:28","modified_gmt":"2025-12-11T13:50:28","slug":"olivier-glasner-je-pense-que-sarr-participera-a-la-can","status":"publish","type":"post","link":"https:\/\/www.nettali.com\/2025\/12\/11\/olivier-glasner-je-pense-que-sarr-participera-a-la-can\/","title":{"rendered":"OLIVIER GLASNER - \"Je pense que Sarr participera \u00e0 la CAN\""},"content":{"rendered":"<p><strong>NETTALI.COM - Le S\u00e9n\u00e9gal devrait bien pouvoir compter sur Isma\u00efla Sarr pour la CAN. En conf\u00e9rence de presse ce jeudi, l\u2019entra\u00eeneur de Crystal Palace a effectivement confirm\u00e9 la pr\u00e9sence au tournoi continental de son ailier s\u00e9n\u00e9galais dont le retour \u00e0 la comp\u00e9tition devrait \u00eatre d\u00e9cid\u00e9 par la s\u00e9lection.<\/strong><\/p>\n<p>Les doutes se dissipent peu \u00e0 peu avec Isma\u00efla Sarr. Quand il quittait la pelouse du Selhurst Park apr\u00e8s 38 minutes de jeu, face \u00e0 Manchester United (1-2), le 30 novembre, l\u2019ailier de Crystal Palace avait sans doute la t\u00eate \u00e0 la CAN 2025 (21 d\u00e9cembre 2025 \u2013 18 janvier 2026) et s\u2019il allait pouvoir participer \u00e0 la comp\u00e9tition, alors qu\u2019il venait de subir une blessure aux ischio-jambiers. Finalement, si l\u2019on se fie \u00e0 son entra\u00eeneur, il semblerait que l\u2019homme aux 18 buts et 8 passes d\u00e9cisives en 76 s\u00e9lections sera bien au Maroc.<\/p>\n<p>\u00c0 la veille du match de Ligue Conf\u00e9rence contre le Shelbourne FC, Oliver Glasner a en effet \u00e9t\u00e9 interrog\u00e9 sur l\u2019\u00e9tat de sant\u00e9 de Sarr. Si un retour contre Manchester City, dimanche, pourrait \u00eatre juste, Sarr devrait s\u2019envoler pour le S\u00e9n\u00e9gal apr\u00e8s ce match. \"<em>Ismaila Sarr a peu de chances d\u2019\u00eatre disponible pour Manchester City. Je pense qu\u2019il participera \u00e0 la CAN car la F\u00e9d\u00e9ration (FSF) souhaite l\u2019\u00e9valuer. Chaque nation a le droit d\u2019\u00e9valuer ses joueurs. Je m\u2019attends \u00e0 ce qu\u2019il y aille, et on verra ensuite<\/em>\", a d\u00e9clar\u00e9 Glasner.<\/p>\n<div class='share-to-whatsapp-wrapper'><div class='share-on-whsp'>PARTAGER SUR : <\/div><a data-text='OLIVIER GLASNER - \"Je pense que Sarr participera \u00e0 la CAN\"' data-link='https:\/\/www.nettali.com\/2025\/12\/11\/olivier-glasner-je-pense-que-sarr-participera-a-la-can\/' class='whatsapp-button whatsapp-share'>WhatsApp<\/a><div class='clear '><\/div><\/div>","protected":false},"excerpt":{"rendered":"<p>NETTALI.COM - Le S\u00e9n\u00e9gal devrait bien pouvoir compter sur Isma\u00efla Sarr pour la CAN. En conf\u00e9rence de presse ce jeudi, l\u2019entra\u00eeneur de Crystal Palace a effectivement confirm\u00e9 la pr\u00e9sence au tournoi continental de son ailier s\u00e9n\u00e9galais dont le retour \u00e0 la comp\u00e9tition devrait \u00eatre d\u00e9cid\u00e9 par la s\u00e9lection. Les doutes se dissipent peu \u00e0 peu [&hellip;]<\/p>\n","protected":false},"author":5,"featured_media":166174,"comment_status":"open","ping_status":"open","sticky":false,"template":"","format":"standard","meta":{"_et_pb_use_builder":"","_et_pb_old_content":""},"categories":[6],"tags":[],"yoast_head":"<!-- This site is optimized with the Yoast SEO Premium plugin v17.8 (Yoast SEO v17.8) - https:\/\/yoast.com\/wordpress\/plugins\/seo\/ -->\n<title>OLIVIER GLASNER - &quot;Je pense que Sarr participera \u00e0 la CAN&quot; | Nettali.com<\/title>\n<meta name=\"robots\" content=\"index, follow, max-snippet:-1, max-image-preview:large, max-video-preview:-1\" \/>\n<link rel=\"canonical\" href=\"https:\/\/www.nettali.com\/2025\/12\/11\/olivier-glasner-je-pense-que-sarr-participera-a-la-can\/\" \/>\n<meta property=\"og:locale\" content=\"fr_FR\" \/>\n<meta property=\"og:type\" content=\"article\" \/>\n<meta property=\"og:title\" content=\"OLIVIER GLASNER - &quot;Je pense que Sarr participera \u00e0 la CAN&quot;\" \/>\n<meta property=\"og:description\" content=\"NETTALI.COM - Le S\u00e9n\u00e9gal devrait bien pouvoir compter sur Isma\u00efla Sarr pour la CAN. En conf\u00e9rence de presse ce jeudi, l\u2019entra\u00eeneur de Crystal Palace a effectivement confirm\u00e9 la pr\u00e9sence au tournoi continental de son ailier s\u00e9n\u00e9galais dont le retour \u00e0 la comp\u00e9tition devrait \u00eatre d\u00e9cid\u00e9 par la s\u00e9lection. Les doutes se dissipent peu \u00e0 peu [&hellip;]\" \/>\n<meta property=\"og:url\" content=\"https:\/\/www.nettali.com\/2025\/12\/11\/olivier-glasner-je-pense-que-sarr-participera-a-la-can\/\" \/>\n<meta property=\"og:site_name\" content=\"Nettali.com\" \/>\n<meta property=\"article:publisher\" content=\"https:\/\/www.facebook.com\/nettalicom\" \/>\n<meta property=\"article:published_time\" content=\"2025-12-11T16:49:53+00:00\" \/>\n<meta property=\"article:modified_time\" content=\"2025-12-11T13:50:28+00:00\" \/>\n<meta property=\"og:image\" content=\"https:\/\/www.nettali.com\/wp-content\/uploads\/2025\/12\/NOUVEAU-POUR-SITE-2025-12-11T075539.363.jpg\" \/>\n\t<meta property=\"og:image:width\" content=\"1200\" \/>\n\t<meta property=\"og:image:height\" content=\"628\" \/>\n<meta name=\"twitter:card\" content=\"summary_large_image\" \/>\n<meta name=\"twitter:label1\" content=\"\u00c9crit par\" \/>\n\t<meta name=\"twitter:data1\" content=\"Ibrahima\" \/>\n\t<meta name=\"twitter:label2\" content=\"Dur\u00e9e de lecture estim\u00e9e\" \/>\n\t<meta name=\"twitter:data2\" content=\"2 minutes\" \/>\n<script type=\"application\/ld+json\" class=\"yoast-schema-graph\">{\"@context\":\"https:\/\/schema.org\",\"@graph\":[{\"@type\":\"WebSite\",\"@id\":\"https:\/\/www.nettali.com\/#website\",\"url\":\"https:\/\/www.nettali.com\/\",\"name\":\"Nettali.com\",\"description\":\"Le rendez-vous critique du Net\",\"potentialAction\":[{\"@type\":\"SearchAction\",\"target\":{\"@type\":\"EntryPoint\",\"urlTemplate\":\"https:\/\/www.nettali.com\/?s={search_term_string}\"},\"query-input\":\"required name=search_term_string\"}],\"inLanguage\":\"fr-FR\"},{\"@type\":\"ImageObject\",\"@id\":\"https:\/\/www.nettali.com\/2025\/12\/11\/olivier-glasner-je-pense-que-sarr-participera-a-la-can\/#primaryimage\",\"inLanguage\":\"fr-FR\",\"url\":\"https:\/\/www.nettali.com\/wp-content\/uploads\/2025\/12\/NOUVEAU-POUR-SITE-2025-12-11T075539.363.jpg\",\"contentUrl\":\"https:\/\/www.nettali.com\/wp-content\/uploads\/2025\/12\/NOUVEAU-POUR-SITE-2025-12-11T075539.363.jpg\",\"width\":1200,\"height\":628},{\"@type\":\"WebPage\",\"@id\":\"https:\/\/www.nettali.com\/2025\/12\/11\/olivier-glasner-je-pense-que-sarr-participera-a-la-can\/#webpage\",\"url\":\"https:\/\/www.nettali.com\/2025\/12\/11\/olivier-glasner-je-pense-que-sarr-participera-a-la-can\/\",\"name\":\"OLIVIER GLASNER - \\\"Je pense que Sarr participera \\u00e0 la CAN\\\" | Nettali.com\",\"isPartOf\":{\"@id\":\"https:\/\/www.nettali.com\/#website\"},\"primaryImageOfPage\":{\"@id\":\"https:\/\/www.nettali.com\/2025\/12\/11\/olivier-glasner-je-pense-que-sarr-participera-a-la-can\/#primaryimage\"},\"datePublished\":\"2025-12-11T16:49:53+00:00\",\"dateModified\":\"2025-12-11T13:50:28+00:00\",\"author\":{\"@id\":\"https:\/\/www.nettali.com\/#\/schema\/person\/bb147657c2986240405a608162b9bb23\"},\"breadcrumb\":{\"@id\":\"https:\/\/www.nettali.com\/2025\/12\/11\/olivier-glasner-je-pense-que-sarr-participera-a-la-can\/#breadcrumb\"},\"inLanguage\":\"fr-FR\",\"potentialAction\":[{\"@type\":\"ReadAction\",\"target\":[\"https:\/\/www.nettali.com\/2025\/12\/11\/olivier-glasner-je-pense-que-sarr-participera-a-la-can\/\"]}]},{\"@type\":\"BreadcrumbList\",\"@id\":\"https:\/\/www.nettali.com\/2025\/12\/11\/olivier-glasner-je-pense-que-sarr-participera-a-la-can\/#breadcrumb\",\"itemListElement\":[{\"@type\":\"ListItem\",\"position\":1,\"name\":\"Accueil\",\"item\":\"https:\/\/www.nettali.com\/\"},{\"@type\":\"ListItem\",\"position\":2,\"name\":\"OLIVIER GLASNER - \\\"Je pense que Sarr participera \\u00e0 la CAN\\\"\"}]},{\"@type\":\"Person\",\"@id\":\"https:\/\/www.nettali.com\/#\/schema\/person\/bb147657c2986240405a608162b9bb23\",\"name\":\"Ibrahima\",\"image\":{\"@type\":\"ImageObject\",\"@id\":\"https:\/\/www.nettali.com\/#personlogo\",\"inLanguage\":\"fr-FR\",\"url\":\"https:\/\/secure.gravatar.com\/avatar\/26a8a81f09f0dd7624c9d5c36c9ba3a2?s=96&d=mm&r=g\",\"contentUrl\":\"https:\/\/secure.gravatar.com\/avatar\/26a8a81f09f0dd7624c9d5c36c9ba3a2?s=96&d=mm&r=g\",\"caption\":\"Ibrahima\"},\"sameAs\":[\"https:\/\/www.nettali.com\"]}]}<\/script>\n<!-- \/ Yoast SEO Premium plugin. -->","yoast_head_json":{"title":"OLIVIER GLASNER - \"Je pense que Sarr participera \u00e0 la CAN\" | Nettali.com","robots":{"index":"index","follow":"follow","max-snippet":"max-snippet:-1","max-image-preview":"max-image-preview:large","max-video-preview":"max-video-preview:-1"},"canonical":"https:\/\/www.nettali.com\/2025\/12\/11\/olivier-glasner-je-pense-que-sarr-participera-a-la-can\/","og_locale":"fr_FR","og_type":"article","og_title":"OLIVIER GLASNER - \"Je pense que Sarr participera \u00e0 la CAN\"","og_description":"NETTALI.COM - Le S\u00e9n\u00e9gal devrait bien pouvoir compter sur Isma\u00efla Sarr pour la CAN. En conf\u00e9rence de presse ce jeudi, l\u2019entra\u00eeneur de Crystal Palace a effectivement confirm\u00e9 la pr\u00e9sence au tournoi continental de son ailier s\u00e9n\u00e9galais dont le retour \u00e0 la comp\u00e9tition devrait \u00eatre d\u00e9cid\u00e9 par la s\u00e9lection. Les doutes se dissipent peu \u00e0 peu [&hellip;]","og_url":"https:\/\/www.nettali.com\/2025\/12\/11\/olivier-glasner-je-pense-que-sarr-participera-a-la-can\/","og_site_name":"Nettali.com","article_publisher":"https:\/\/www.facebook.com\/nettalicom","article_published_time":"2025-12-11T16:49:53+00:00","article_modified_time":"2025-12-11T13:50:28+00:00","og_image":[{"width":1200,"height":628,"url":"https:\/\/www.nettali.com\/wp-content\/uploads\/2025\/12\/NOUVEAU-POUR-SITE-2025-12-11T075539.363.jpg","type":"image\/jpeg"}],"twitter_card":"summary_large_image","twitter_misc":{"\u00c9crit par":"Ibrahima","Dur\u00e9e de lecture estim\u00e9e":"2 minutes"},"schema":{"@context":"https:\/\/schema.org","@graph":[{"@type":"WebSite","@id":"https:\/\/www.nettali.com\/#website","url":"https:\/\/www.nettali.com\/","name":"Nettali.com","description":"Le rendez-vous critique du Net","potentialAction":[{"@type":"SearchAction","target":{"@type":"EntryPoint","urlTemplate":"https:\/\/www.nettali.com\/?s={search_term_string}"},"query-input":"required name=search_term_string"}],"inLanguage":"fr-FR"},{"@type":"ImageObject","@id":"https:\/\/www.nettali.com\/2025\/12\/11\/olivier-glasner-je-pense-que-sarr-participera-a-la-can\/#primaryimage","inLanguage":"fr-FR","url":"https:\/\/www.nettali.com\/wp-content\/uploads\/2025\/12\/NOUVEAU-POUR-SITE-2025-12-11T075539.363.jpg","contentUrl":"https:\/\/www.nettali.com\/wp-content\/uploads\/2025\/12\/NOUVEAU-POUR-SITE-2025-12-11T075539.363.jpg","width":1200,"height":628},{"@type":"WebPage","@id":"https:\/\/www.nettali.com\/2025\/12\/11\/olivier-glasner-je-pense-que-sarr-participera-a-la-can\/#webpage","url":"https:\/\/www.nettali.com\/2025\/12\/11\/olivier-glasner-je-pense-que-sarr-participera-a-la-can\/","name":"OLIVIER GLASNER - \"Je pense que Sarr participera \u00e0 la CAN\" | Nettali.com","isPartOf":{"@id":"https:\/\/www.nettali.com\/#website"},"primaryImageOfPage":{"@id":"https:\/\/www.nettali.com\/2025\/12\/11\/olivier-glasner-je-pense-que-sarr-participera-a-la-can\/#primaryimage"},"datePublished":"2025-12-11T16:49:53+00:00","dateModified":"2025-12-11T13:50:28+00:00","author":{"@id":"https:\/\/www.nettali.com\/#\/schema\/person\/bb147657c2986240405a608162b9bb23"},"breadcrumb":{"@id":"https:\/\/www.nettali.com\/2025\/12\/11\/olivier-glasner-je-pense-que-sarr-participera-a-la-can\/#breadcrumb"},"inLanguage":"fr-FR","potentialAction":[{"@type":"ReadAction","target":["https:\/\/www.nettali.com\/2025\/12\/11\/olivier-glasner-je-pense-que-sarr-participera-a-la-can\/"]}]},{"@type":"BreadcrumbList","@id":"https:\/\/www.nettali.com\/2025\/12\/11\/olivier-glasner-je-pense-que-sarr-participera-a-la-can\/#breadcrumb","itemListElement":[{"@type":"ListItem","position":1,"name":"Accueil","item":"https:\/\/www.nettali.com\/"},{"@type":"ListItem","position":2,"name":"OLIVIER GLASNER - \"Je pense que Sarr participera \u00e0 la CAN\""}]},{"@type":"Person","@id":"https:\/\/www.nettali.com\/#\/schema\/person\/bb147657c2986240405a608162b9bb23","name":"Ibrahima","image":{"@type":"ImageObject","@id":"https:\/\/www.nettali.com\/#personlogo","inLanguage":"fr-FR","url":"https:\/\/secure.gravatar.com\/avatar\/26a8a81f09f0dd7624c9d5c36c9ba3a2?s=96&d=mm&r=g","contentUrl":"https:\/\/secure.gravatar.com\/avatar\/26a8a81f09f0dd7624c9d5c36c9ba3a2?s=96&d=mm&r=g","caption":"Ibrahima"},"sameAs":["https:\/\/www.nettali.com"]}]}},"_links":{"self":[{"href":"https:\/\/www.nettali.com\/rest\/wp\/v2\/posts\/166173"}],"collection":[{"href":"https:\/\/www.nettali.com\/rest\/wp\/v2\/posts"}],"about":[{"href":"https:\/\/www.nettali.com\/rest\/wp\/v2\/types\/post"}],"author":[{"embeddable":true,"href":"https:\/\/www.nettali.com\/rest\/wp\/v2\/users\/5"}],"replies":[{"embeddable":true,"href":"https:\/\/www.nettali.com\/rest\/wp\/v2\/comments?post=166173"}],"version-history":[{"count":1,"href":"https:\/\/www.nettali.com\/rest\/wp\/v2\/posts\/166173\/revisions"}],"predecessor-version":[{"id":166175,"href":"https:\/\/www.nettali.com\/rest\/wp\/v2\/posts\/166173\/revisions\/166175"}],"wp:featuredmedia":[{"embeddable":true,"href":"https:\/\/www.nettali.com\/rest\/wp\/v2\/media\/166174"}],"wp:attachment":[{"href":"https:\/\/www.nettali.com\/rest\/wp\/v2\/media?parent=166173"}],"wp:term":[{"taxonomy":"category","embeddable":true,"href":"https:\/\/www.nettali.com\/rest\/wp\/v2\/categories?post=166173"},{"taxonomy":"post_tag","embeddable":true,"href":"https:\/\/www.nettali.com\/rest\/wp\/v2\/tags?post=166173"}],"curies":[{"name":"wp","href":"https:\/\/api.w.org\/{rel}","templated":true}]}}