{"id":166168,"date":"2025-12-11T14:57:25","date_gmt":"2025-12-11T14:57:25","guid":{"rendered":"https:\/\/www.nettali.com\/?p=166168"},"modified":"2025-12-11T13:57:58","modified_gmt":"2025-12-11T13:57:58","slug":"can-2025-la-federation-ivoirienne-prend-la-defense-de-pepe","status":"publish","type":"post","link":"https:\/\/www.nettali.com\/2025\/12\/11\/can-2025-la-federation-ivoirienne-prend-la-defense-de-pepe\/","title":{"rendered":"CAN 2025 - La f\u00e9d\u00e9ration ivoirienne prend la d\u00e9fense de P\u00e9p\u00e9"},"content":{"rendered":"<p dir=\"ltr\"><strong>NETTALI.COM - La F\u00e9d\u00e9ration ivoirienne de football (FIF) a bris\u00e9 le silence suite aux attaques \u00e0 caract\u00e8re raciste contre Nicolas P\u00e9p\u00e9.<\/strong><\/p>\n<p dir=\"ltr\">La FIF m\u00e9decin apr\u00e8s la mort ? Epingl\u00e9e pour son apathie devant la gal\u00e8re de Nicolas P\u00e9p\u00e9, la fa\u00eeti\u00e8re du football\u00a0ivoirien\u00a0a enfin r\u00e9agi aux insultes racistes\u00a0prof\u00e9r\u00e9es \u00e0 l\u2019encontre du joueur apr\u00e8s sa blague sur le Maroc.<\/p>\n<p dir=\"ltr\">Dans un\u00a0communiqu\u00e9\u00a0publi\u00e9 ce mercredi sur son compte officiel Instagram, deux jours apr\u00e8s la r\u00e9ponse de P\u00e9p\u00e9 \u00e0 la pol\u00e9mique,\u00a0la FIF a fait part de sa d\u00e9sapprobation.<\/p>\n<p>Elle a insist\u00e9 sur le fait que\u00a0\"<em>aucune incompr\u00e9hension ne peut justifier les propos haineux diffus\u00e9s en ligne<\/em><i>\"\u00a0<\/i>alors que le concern\u00e9 a pr\u00e9sent\u00e9 ses excuses dans un geste d\u2019apaisement.<\/p>\n<p dir=\"ltr\">\"<em>Le Pr\u00e9sident de la F\u00e9d\u00e9ration Ivoirienne de Football, Yacine Idriss Diallo, et son Comit\u00e9 Ex\u00e9cutif condamnent avec la plus grande fermet\u00e9 le harc\u00e8lement et les insultes racistes dont a \u00e9t\u00e9 victime l\u2019international ivoirien Nicolas P\u00e9p\u00e9, sur les r\u00e9seaux sociaux.<\/em><br \/>\n<em>Nicolas P\u00e9p\u00e9 a pr\u00e9sent\u00e9 ses excuses pour le<\/em><br \/>\n<em>malentendu li\u00e9 \u00e0 une plaisanterie et la FIF salue ce geste d'apaisement.<\/em><br \/>\n<em>Toutefois, aucune incompr\u00e9hension ne peut justifier les propos haineux diffus\u00e9s en ligne.<\/em><br \/>\n<em>La F\u00e9d\u00e9ration Ivoirienne de Football rappelle que le respect mutuel, la fraternit\u00e9 et la solidarit\u00e9 entre les peuples demeurent des valeurs essentielles du football africain.<\/em><br \/>\n<em>\u00c0 l'aube de la CAN 2025, organis\u00e9e par le Maroc, pays d'accueil et d'hospitalit\u00e9, la FIF r\u00e9affirme son engagement \u00e0 promouvoir un football fond\u00e9 sur le respect, l'unit\u00e9 et la lutte contre toutes les formes de discrimination<\/em>\", a laiss\u00e9 entendre la f\u00e9d\u00e9ration ivoirienne de football.<\/p>\n<p dir=\"ltr\"><strong>Pris pour cible, Nicolas P\u00e9p\u00e9 \u00e9cart\u00e9 pour la CAN<\/strong><\/p>\n<p dir=\"ltr\">Dans une vid\u00e9o avec l\u2019influenceur alg\u00e9rien Just Riyadh, P\u00e9p\u00e9 avait eu le malheur de se moquer gentiment du palmar\u00e8s du Maroc \u00e0 la CAN, \u00e0 quelques jours seulement du coup d\u2019envoi de la prochaine \u00e9dition tant attendue en terre marocaine (du 21 d\u00e9cembre au 18 janvier).<\/p>\n<p dir=\"ltr\">\"<em>On a trois \u00e9toiles et vous (l\u2019Alg\u00e9rie) n\u2019en avez que deux. Mais attention aux Marocains, ils sont l\u00e0. Ils ont combien d\u2019\u00e9toiles, eux ? Une ? Ils ont d\u00fb gagner \u00e7a en 1818 (en 1976, ndlr). On n\u2019\u00e9tait pas n\u00e9s, m\u00eame mon daron (mon p\u00e8re) n\u2019\u00e9tait pas n\u00e9<\/em>\", avait-il plaisant\u00e9.<\/p>\n<p dir=\"ltr\">Dans la foul\u00e9e, la page Instagram de l\u2019ancien Ni\u00e7ois a \u00e9t\u00e9 inond\u00e9e d\u2019emojis d\u00e9gradants. Il prenait alors la parole sur ses r\u00e9seaux sociaux pour clarifier le contexte et pr\u00e9senter ses excuses. Mais, il n\u2019\u00e9tait pas encore au bout de ses peines.<\/p>\n<p dir=\"ltr\">Car, il se faisait exclure de la liste de la C\u00f4te d\u2019Ivoire pour la CAN. D\u00e9vast\u00e9, il a d\u00e9plor\u00e9 une \"<em>double peine<\/em>\" alors que sa s\u0153ur a cartonn\u00e9 la s\u00e9lection, et plus pr\u00e9cis\u00e9ment le s\u00e9lectionneur Emerse Fa\u00e9 sans le nommer.<\/p>\n<div class='share-to-whatsapp-wrapper'><div class='share-on-whsp'>PARTAGER SUR : <\/div><a data-text='CAN 2025 - La f\u00e9d\u00e9ration ivoirienne prend la d\u00e9fense de P\u00e9p\u00e9' data-link='https:\/\/www.nettali.com\/2025\/12\/11\/can-2025-la-federation-ivoirienne-prend-la-defense-de-pepe\/' class='whatsapp-button whatsapp-share'>WhatsApp<\/a><div class='clear '><\/div><\/div>","protected":false},"excerpt":{"rendered":"<p>NETTALI.COM - La F\u00e9d\u00e9ration ivoirienne de football (FIF) a bris\u00e9 le silence suite aux attaques \u00e0 caract\u00e8re raciste contre Nicolas P\u00e9p\u00e9. La FIF m\u00e9decin apr\u00e8s la mort ? Epingl\u00e9e pour son apathie devant la gal\u00e8re de Nicolas P\u00e9p\u00e9, la fa\u00eeti\u00e8re du football\u00a0ivoirien\u00a0a enfin r\u00e9agi aux insultes racistes\u00a0prof\u00e9r\u00e9es \u00e0 l\u2019encontre du joueur apr\u00e8s sa blague sur [&hellip;]<\/p>\n","protected":false},"author":5,"featured_media":166169,"comment_status":"open","ping_status":"open","sticky":false,"template":"","format":"standard","meta":{"_et_pb_use_builder":"","_et_pb_old_content":""},"categories":[6],"tags":[],"yoast_head":"<!-- This site is optimized with the Yoast SEO Premium plugin v17.8 (Yoast SEO v17.8) - https:\/\/yoast.com\/wordpress\/plugins\/seo\/ -->\n<title>CAN 2025 - La f\u00e9d\u00e9ration ivoirienne prend la d\u00e9fense de P\u00e9p\u00e9 | Nettali.com<\/title>\n<meta name=\"robots\" content=\"index, follow, max-snippet:-1, max-image-preview:large, max-video-preview:-1\" \/>\n<link rel=\"canonical\" href=\"https:\/\/www.nettali.com\/2025\/12\/11\/can-2025-la-federation-ivoirienne-prend-la-defense-de-pepe\/\" \/>\n<meta property=\"og:locale\" content=\"fr_FR\" \/>\n<meta property=\"og:type\" content=\"article\" \/>\n<meta property=\"og:title\" content=\"CAN 2025 - La f\u00e9d\u00e9ration ivoirienne prend la d\u00e9fense de P\u00e9p\u00e9\" \/>\n<meta property=\"og:description\" content=\"NETTALI.COM - La F\u00e9d\u00e9ration ivoirienne de football (FIF) a bris\u00e9 le silence suite aux attaques \u00e0 caract\u00e8re raciste contre Nicolas P\u00e9p\u00e9. La FIF m\u00e9decin apr\u00e8s la mort ? Epingl\u00e9e pour son apathie devant la gal\u00e8re de Nicolas P\u00e9p\u00e9, la fa\u00eeti\u00e8re du football\u00a0ivoirien\u00a0a enfin r\u00e9agi aux insultes racistes\u00a0prof\u00e9r\u00e9es \u00e0 l\u2019encontre du joueur apr\u00e8s sa blague sur [&hellip;]\" \/>\n<meta property=\"og:url\" content=\"https:\/\/www.nettali.com\/2025\/12\/11\/can-2025-la-federation-ivoirienne-prend-la-defense-de-pepe\/\" \/>\n<meta property=\"og:site_name\" content=\"Nettali.com\" \/>\n<meta property=\"article:publisher\" content=\"https:\/\/www.facebook.com\/nettalicom\" \/>\n<meta property=\"article:published_time\" content=\"2025-12-11T14:57:25+00:00\" \/>\n<meta property=\"article:modified_time\" content=\"2025-12-11T13:57:58+00:00\" \/>\n<meta property=\"og:image\" content=\"https:\/\/www.nettali.com\/wp-content\/uploads\/2025\/12\/MjAyNTEyNzk3OTRmMjlhOTNlMDI2YmMzMzVkNTllMmEyMjU3NjA.jpeg\" \/>\n\t<meta property=\"og:image:width\" content=\"1260\" \/>\n\t<meta property=\"og:image:height\" content=\"708\" \/>\n<meta name=\"twitter:card\" content=\"summary_large_image\" \/>\n<meta name=\"twitter:label1\" content=\"\u00c9crit par\" \/>\n\t<meta name=\"twitter:data1\" content=\"Ibrahima\" \/>\n\t<meta name=\"twitter:label2\" content=\"Dur\u00e9e de lecture estim\u00e9e\" \/>\n\t<meta name=\"twitter:data2\" content=\"3 minutes\" \/>\n<script type=\"application\/ld+json\" class=\"yoast-schema-graph\">{\"@context\":\"https:\/\/schema.org\",\"@graph\":[{\"@type\":\"WebSite\",\"@id\":\"https:\/\/www.nettali.com\/#website\",\"url\":\"https:\/\/www.nettali.com\/\",\"name\":\"Nettali.com\",\"description\":\"Le rendez-vous critique du Net\",\"potentialAction\":[{\"@type\":\"SearchAction\",\"target\":{\"@type\":\"EntryPoint\",\"urlTemplate\":\"https:\/\/www.nettali.com\/?s={search_term_string}\"},\"query-input\":\"required name=search_term_string\"}],\"inLanguage\":\"fr-FR\"},{\"@type\":\"ImageObject\",\"@id\":\"https:\/\/www.nettali.com\/2025\/12\/11\/can-2025-la-federation-ivoirienne-prend-la-defense-de-pepe\/#primaryimage\",\"inLanguage\":\"fr-FR\",\"url\":\"https:\/\/www.nettali.com\/wp-content\/uploads\/2025\/12\/MjAyNTEyNzk3OTRmMjlhOTNlMDI2YmMzMzVkNTllMmEyMjU3NjA.jpeg\",\"contentUrl\":\"https:\/\/www.nettali.com\/wp-content\/uploads\/2025\/12\/MjAyNTEyNzk3OTRmMjlhOTNlMDI2YmMzMzVkNTllMmEyMjU3NjA.jpeg\",\"width\":1260,\"height\":708,\"caption\":\"Ivory Coast's French coach Emerse Fae (R) speaks with Ivory Coast's forward #19 Nicolas Pepe during the Africa Cup of Nations (CAN) 2024 quarter-final football match between Mali and Ivory Coast at the Stade de la Paix in Bouake on February 3, 2024. (Photo by Issouf SANOGO \/ AFP)\"},{\"@type\":\"WebPage\",\"@id\":\"https:\/\/www.nettali.com\/2025\/12\/11\/can-2025-la-federation-ivoirienne-prend-la-defense-de-pepe\/#webpage\",\"url\":\"https:\/\/www.nettali.com\/2025\/12\/11\/can-2025-la-federation-ivoirienne-prend-la-defense-de-pepe\/\",\"name\":\"CAN 2025 - La f\\u00e9d\\u00e9ration ivoirienne prend la d\\u00e9fense de P\\u00e9p\\u00e9 | Nettali.com\",\"isPartOf\":{\"@id\":\"https:\/\/www.nettali.com\/#website\"},\"primaryImageOfPage\":{\"@id\":\"https:\/\/www.nettali.com\/2025\/12\/11\/can-2025-la-federation-ivoirienne-prend-la-defense-de-pepe\/#primaryimage\"},\"datePublished\":\"2025-12-11T14:57:25+00:00\",\"dateModified\":\"2025-12-11T13:57:58+00:00\",\"author\":{\"@id\":\"https:\/\/www.nettali.com\/#\/schema\/person\/bb147657c2986240405a608162b9bb23\"},\"breadcrumb\":{\"@id\":\"https:\/\/www.nettali.com\/2025\/12\/11\/can-2025-la-federation-ivoirienne-prend-la-defense-de-pepe\/#breadcrumb\"},\"inLanguage\":\"fr-FR\",\"potentialAction\":[{\"@type\":\"ReadAction\",\"target\":[\"https:\/\/www.nettali.com\/2025\/12\/11\/can-2025-la-federation-ivoirienne-prend-la-defense-de-pepe\/\"]}]},{\"@type\":\"BreadcrumbList\",\"@id\":\"https:\/\/www.nettali.com\/2025\/12\/11\/can-2025-la-federation-ivoirienne-prend-la-defense-de-pepe\/#breadcrumb\",\"itemListElement\":[{\"@type\":\"ListItem\",\"position\":1,\"name\":\"Accueil\",\"item\":\"https:\/\/www.nettali.com\/\"},{\"@type\":\"ListItem\",\"position\":2,\"name\":\"CAN 2025 - La f\\u00e9d\\u00e9ration ivoirienne prend la d\\u00e9fense de P\\u00e9p\\u00e9\"}]},{\"@type\":\"Person\",\"@id\":\"https:\/\/www.nettali.com\/#\/schema\/person\/bb147657c2986240405a608162b9bb23\",\"name\":\"Ibrahima\",\"image\":{\"@type\":\"ImageObject\",\"@id\":\"https:\/\/www.nettali.com\/#personlogo\",\"inLanguage\":\"fr-FR\",\"url\":\"https:\/\/secure.gravatar.com\/avatar\/26a8a81f09f0dd7624c9d5c36c9ba3a2?s=96&d=mm&r=g\",\"contentUrl\":\"https:\/\/secure.gravatar.com\/avatar\/26a8a81f09f0dd7624c9d5c36c9ba3a2?s=96&d=mm&r=g\",\"caption\":\"Ibrahima\"},\"sameAs\":[\"https:\/\/www.nettali.com\"]}]}<\/script>\n<!-- \/ Yoast SEO Premium plugin. -->","yoast_head_json":{"title":"CAN 2025 - La f\u00e9d\u00e9ration ivoirienne prend la d\u00e9fense de P\u00e9p\u00e9 | Nettali.com","robots":{"index":"index","follow":"follow","max-snippet":"max-snippet:-1","max-image-preview":"max-image-preview:large","max-video-preview":"max-video-preview:-1"},"canonical":"https:\/\/www.nettali.com\/2025\/12\/11\/can-2025-la-federation-ivoirienne-prend-la-defense-de-pepe\/","og_locale":"fr_FR","og_type":"article","og_title":"CAN 2025 - La f\u00e9d\u00e9ration ivoirienne prend la d\u00e9fense de P\u00e9p\u00e9","og_description":"NETTALI.COM - La F\u00e9d\u00e9ration ivoirienne de football (FIF) a bris\u00e9 le silence suite aux attaques \u00e0 caract\u00e8re raciste contre Nicolas P\u00e9p\u00e9. La FIF m\u00e9decin apr\u00e8s la mort ? Epingl\u00e9e pour son apathie devant la gal\u00e8re de Nicolas P\u00e9p\u00e9, la fa\u00eeti\u00e8re du football\u00a0ivoirien\u00a0a enfin r\u00e9agi aux insultes racistes\u00a0prof\u00e9r\u00e9es \u00e0 l\u2019encontre du joueur apr\u00e8s sa blague sur [&hellip;]","og_url":"https:\/\/www.nettali.com\/2025\/12\/11\/can-2025-la-federation-ivoirienne-prend-la-defense-de-pepe\/","og_site_name":"Nettali.com","article_publisher":"https:\/\/www.facebook.com\/nettalicom","article_published_time":"2025-12-11T14:57:25+00:00","article_modified_time":"2025-12-11T13:57:58+00:00","og_image":[{"width":1260,"height":708,"url":"https:\/\/www.nettali.com\/wp-content\/uploads\/2025\/12\/MjAyNTEyNzk3OTRmMjlhOTNlMDI2YmMzMzVkNTllMmEyMjU3NjA.jpeg","type":"image\/jpeg"}],"twitter_card":"summary_large_image","twitter_misc":{"\u00c9crit par":"Ibrahima","Dur\u00e9e de lecture estim\u00e9e":"3 minutes"},"schema":{"@context":"https:\/\/schema.org","@graph":[{"@type":"WebSite","@id":"https:\/\/www.nettali.com\/#website","url":"https:\/\/www.nettali.com\/","name":"Nettali.com","description":"Le rendez-vous critique du Net","potentialAction":[{"@type":"SearchAction","target":{"@type":"EntryPoint","urlTemplate":"https:\/\/www.nettali.com\/?s={search_term_string}"},"query-input":"required name=search_term_string"}],"inLanguage":"fr-FR"},{"@type":"ImageObject","@id":"https:\/\/www.nettali.com\/2025\/12\/11\/can-2025-la-federation-ivoirienne-prend-la-defense-de-pepe\/#primaryimage","inLanguage":"fr-FR","url":"https:\/\/www.nettali.com\/wp-content\/uploads\/2025\/12\/MjAyNTEyNzk3OTRmMjlhOTNlMDI2YmMzMzVkNTllMmEyMjU3NjA.jpeg","contentUrl":"https:\/\/www.nettali.com\/wp-content\/uploads\/2025\/12\/MjAyNTEyNzk3OTRmMjlhOTNlMDI2YmMzMzVkNTllMmEyMjU3NjA.jpeg","width":1260,"height":708,"caption":"Ivory Coast's French coach Emerse Fae (R) speaks with Ivory Coast's forward #19 Nicolas Pepe during the Africa Cup of Nations (CAN) 2024 quarter-final football match between Mali and Ivory Coast at the Stade de la Paix in Bouake on February 3, 2024. (Photo by Issouf SANOGO \/ AFP)"},{"@type":"WebPage","@id":"https:\/\/www.nettali.com\/2025\/12\/11\/can-2025-la-federation-ivoirienne-prend-la-defense-de-pepe\/#webpage","url":"https:\/\/www.nettali.com\/2025\/12\/11\/can-2025-la-federation-ivoirienne-prend-la-defense-de-pepe\/","name":"CAN 2025 - La f\u00e9d\u00e9ration ivoirienne prend la d\u00e9fense de P\u00e9p\u00e9 | Nettali.com","isPartOf":{"@id":"https:\/\/www.nettali.com\/#website"},"primaryImageOfPage":{"@id":"https:\/\/www.nettali.com\/2025\/12\/11\/can-2025-la-federation-ivoirienne-prend-la-defense-de-pepe\/#primaryimage"},"datePublished":"2025-12-11T14:57:25+00:00","dateModified":"2025-12-11T13:57:58+00:00","author":{"@id":"https:\/\/www.nettali.com\/#\/schema\/person\/bb147657c2986240405a608162b9bb23"},"breadcrumb":{"@id":"https:\/\/www.nettali.com\/2025\/12\/11\/can-2025-la-federation-ivoirienne-prend-la-defense-de-pepe\/#breadcrumb"},"inLanguage":"fr-FR","potentialAction":[{"@type":"ReadAction","target":["https:\/\/www.nettali.com\/2025\/12\/11\/can-2025-la-federation-ivoirienne-prend-la-defense-de-pepe\/"]}]},{"@type":"BreadcrumbList","@id":"https:\/\/www.nettali.com\/2025\/12\/11\/can-2025-la-federation-ivoirienne-prend-la-defense-de-pepe\/#breadcrumb","itemListElement":[{"@type":"ListItem","position":1,"name":"Accueil","item":"https:\/\/www.nettali.com\/"},{"@type":"ListItem","position":2,"name":"CAN 2025 - La f\u00e9d\u00e9ration ivoirienne prend la d\u00e9fense de P\u00e9p\u00e9"}]},{"@type":"Person","@id":"https:\/\/www.nettali.com\/#\/schema\/person\/bb147657c2986240405a608162b9bb23","name":"Ibrahima","image":{"@type":"ImageObject","@id":"https:\/\/www.nettali.com\/#personlogo","inLanguage":"fr-FR","url":"https:\/\/secure.gravatar.com\/avatar\/26a8a81f09f0dd7624c9d5c36c9ba3a2?s=96&d=mm&r=g","contentUrl":"https:\/\/secure.gravatar.com\/avatar\/26a8a81f09f0dd7624c9d5c36c9ba3a2?s=96&d=mm&r=g","caption":"Ibrahima"},"sameAs":["https:\/\/www.nettali.com"]}]}},"_links":{"self":[{"href":"https:\/\/www.nettali.com\/rest\/wp\/v2\/posts\/166168"}],"collection":[{"href":"https:\/\/www.nettali.com\/rest\/wp\/v2\/posts"}],"about":[{"href":"https:\/\/www.nettali.com\/rest\/wp\/v2\/types\/post"}],"author":[{"embeddable":true,"href":"https:\/\/www.nettali.com\/rest\/wp\/v2\/users\/5"}],"replies":[{"embeddable":true,"href":"https:\/\/www.nettali.com\/rest\/wp\/v2\/comments?post=166168"}],"version-history":[{"count":1,"href":"https:\/\/www.nettali.com\/rest\/wp\/v2\/posts\/166168\/revisions"}],"predecessor-version":[{"id":166170,"href":"https:\/\/www.nettali.com\/rest\/wp\/v2\/posts\/166168\/revisions\/166170"}],"wp:featuredmedia":[{"embeddable":true,"href":"https:\/\/www.nettali.com\/rest\/wp\/v2\/media\/166169"}],"wp:attachment":[{"href":"https:\/\/www.nettali.com\/rest\/wp\/v2\/media?parent=166168"}],"wp:term":[{"taxonomy":"category","embeddable":true,"href":"https:\/\/www.nettali.com\/rest\/wp\/v2\/categories?post=166168"},{"taxonomy":"post_tag","embeddable":true,"href":"https:\/\/www.nettali.com\/rest\/wp\/v2\/tags?post=166168"}],"curies":[{"name":"wp","href":"https:\/\/api.w.org\/{rel}","templated":true}]}}