{"id":166162,"date":"2025-12-11T18:28:40","date_gmt":"2025-12-11T18:28:40","guid":{"rendered":"https:\/\/www.nettali.com\/?p=166162"},"modified":"2025-12-14T17:03:37","modified_gmt":"2025-12-14T17:03:37","slug":"trajectoire-nouveau-chef-detat-major-general-des-armees-vice-amiral-destrade-oumar-wade-une-excellence-devenue-destin","status":"publish","type":"post","link":"https:\/\/www.nettali.com\/2025\/12\/11\/trajectoire-nouveau-chef-detat-major-general-des-armees-vice-amiral-destrade-oumar-wade-une-excellence-devenue-destin\/","title":{"rendered":"TRAJECTOIRE NOUVEAU CEMGA - Amiral d\u2019escadre Oumar Wade, une excellence devenue destin"},"content":{"rendered":"<p><strong>NETTALI.COM - De l\u2019enfance en caserne aux ponts des navires de combat, Oumar Wade incarne l\u2019excellence militaire, forg\u00e9e par l\u2019effort, la constance et la ma\u00eetrise de soi. Sa nomination au poste de Chef d\u2019Etat-major g\u00e9n\u00e9ral des arm\u00e9es s\u00e9n\u00e9galaises consacre une trajectoire faite de rigueur, de loyaut\u00e9 et de vertus silencieuses.<\/strong><\/p>\n<p>Chaque mot pos\u00e9 sur l\u2019\u00e9difice du Vice-Amiral d\u2019estrade Oumar Wade, tout juste promu Chef d\u2019\u00c9tat-major g\u00e9n\u00e9ral des Arm\u00e9es s\u00e9n\u00e9galaises, s\u2019apparente \u00e0 une pierre pr\u00e9cieuse ench\u00e2ss\u00e9e dans le marbre de sa destin\u00e9e. L\u2019homme incarne cette lign\u00e9e rare d\u2019officiers que le devoir cis\u00e8le avec la pr\u00e9cision d\u2019un orf\u00e8vre, un alliage subtil et imp\u00e9rieux de rigueur, de bravoure silencieuse et de verticalit\u00e9 morale.<\/p>\n<p>Il y a d\u2019abord l\u2019enfance encasern\u00e9e, surgissant comme un moule intransigeant, fa\u00e7onnant l\u2019endurance et forgeant l\u2019esprit de d\u00e9passement bien avant que l\u2019ambition ne prenne forme.<\/p>\n<p>Suit l\u2019apprentissage du commandement, dans la poussi\u00e8re vibrante des cours d\u2019honneur, l\u00e0 o\u00f9 les ordres r\u00e9sonnent et o\u00f9 s\u2019inscrivent \u00e0 jamais les valeurs cardinales.<\/p>\n<p>Enfin, l\u2019ascension s\u2019accomplit, patiente et m\u00e9rit\u00e9e, de celui qui ne doit rien au hasard mais tout \u00e0 l\u2019effort, \u00e0 l\u2019exemplarit\u00e9 et \u00e0 la constance d\u2019un homme qui trace sa trajectoire comme on grave une \u0153uvre dans la pierre \u00e9ternelle.<\/p>\n<p>Cette grandeur-l\u00e0, Cheikh Tidiane Kouyat\u00e9 de la promotion 1984 du Prytan\u00e9e militaire de Saint-Louis, la raconte sans emphase inutile, avec la lucidit\u00e9 de ceux qui connaissent les hommes depuis leurs premi\u00e8res armes. Sa parole \u00e9claire un caract\u00e8re : <em>\u00abOumar Wade est mon a\u00een\u00e9 pour ne pas dire mon ancien de trois ans au Prytan\u00e9e. Dans nos rapports, en tant qu\u2019enfants de troupe, l\u2019anciennet\u00e9 compte \u00e9norm\u00e9ment. C\u2019est un cadre o\u00f9 la hi\u00e9rarchie est fortement marqu\u00e9e et les liens qui nous unissent aux ancien sont solides puisqu'ils nous initient \u00e0 la vie militaire d\u00e8s notre entr\u00e9e \u00e0 l\u2019\u00e9cole. Des rapports forts se tissent, ind\u00e9l\u00e9biles\u00bb,<\/em> t\u00e9moigne-t-il.<\/p>\n<p style=\"text-align: center;\"><strong>Les premi\u00e8res armes d\u2019une vocation<\/strong><\/p>\n<p>Cette fid\u00e9lit\u00e9 au souvenir, cette pr\u00e9cision dans le r\u00e9cit, disent d\u00e9j\u00e0 beaucoup. Il ne s\u2019agit pas de flatter, mais d'attester, d\u2019honorer une v\u00e9rit\u00e9 v\u00e9cue. Car C. T. Kouyat\u00e9 ne parle pas seulement en ancien cadet. Il parle en t\u00e9moin privil\u00e9gi\u00e9 d\u2019une excellence devenue destin. Et d\u2019ajouter, cette fois avec une admiration qui affleure, presque teint\u00e9e de fiert\u00e9 fraternelle : <em>\u00abJe connais Oumar depuis l\u2019\u00e9cole. Oumar a toujours \u00e9t\u00e9 brillant : \u00e0 l\u2019\u00e9tude comme dans sa carri\u00e8re d\u2019officier. Il a accompli un parcours exemplaire dans la marine qui l\u2019a men\u00e9 au poste de Cemga aujourd\u2019hui.\u00bb<\/em><\/p>\n<p>Dans ces mots, il n\u2019y a ni surprise ni miracle, seulement la reconnaissance du m\u00e9rite. Comme si, pour ceux qui l\u2019ont c\u00f4toy\u00e9 d\u00e8s l\u2019adolescence, l\u2019accession au sommet \u00e9tait moins une cons\u00e9cration qu\u2019une suite logique. Le Vice-Amiral d\u2019estrade Oumar Wade a simplement atteint la hauteur que son caract\u00e8re, forg\u00e9 par la discipline et l\u2019exigence, commandait. Il s\u2019impose aujourd\u2019hui comme le premier marin \u00e0 acc\u00e9der au poste de Chef d\u2019\u00c9tat-major g\u00e9n\u00e9ral des Arm\u00e9es s\u00e9n\u00e9galaises, consacrant ainsi une trajectoire hors du commun.<\/p>\n<p style=\"text-align: center;\"><strong>A l\u2019\u00e9cole de la mer et du commandement<\/strong><\/p>\n<p>Form\u00e9 \u00e0 la discipline avant m\u00eame d\u2019avoir r\u00eav\u00e9 d\u2019embrasser les flots, Oumar Wade accomplit, de 1981 \u00e0 1988, l\u2019un des parcours les plus exigeants qu\u2019offre la R\u00e9publique : le Prytan\u00e9e militaire de Saint-Louis. L\u00e0, s\u2019affirme le socle, asc\u00e8se, endurance, loyaut\u00e9, sur lequel se construira toute une destin\u00e9e. En 1988, il rejoint officiellement les Forces arm\u00e9es du S\u00e9n\u00e9gal au titre des classes pr\u00e9paratoires. Tr\u00e8s vite, l\u2019horizon se d\u00e9gage vers le large : en 1990, il prend le cap de Brest, mythique sanctuaire de la formation navale fran\u00e7aise. Il y obtient le dipl\u00f4me d\u2019ing\u00e9nieur, sp\u00e9cialit\u00e9 \u00c9nergie\/Propulsion, science du mouvement, puissance ma\u00eetris\u00e9e, c\u0153ur technique des navires de combat. De 1993 \u00e0 2008, le marin se fait chef. Affect\u00e9 successivement \u00e0 divers b\u00e2timents de la Marine nationale, il apprend la mer par tous les temps et sous tous les commandements, avant de recevoir les siens propres. Il sert \u00e0 bord de plusieurs unit\u00e9s navales o\u00f9 il occupe des fonctions \u00e0 la fois techniques et de commandement. Il dirige successivement la Vedette C\u00f4ti\u00e8re Rapide Sine-Saloum II, l\u2019EDIC Fal\u00e9m\u00e9 II puis le Patrouilleur de Haute Mer Njambuur. Il exerce \u00e9galement diverses responsabilit\u00e9s strat\u00e9giques en tant que commandant d\u2019unit\u00e9 au Centre d\u2019Instruction Naval et chef du service \u00abEnergie\u00bb, notamment \u00e0 bord du MS\/Le Joola, du Phm Njambuur et du Phm Fouta.<\/p>\n<p style=\"text-align: center;\"><strong>L\u2019exp\u00e9rience qui forge le chef<\/strong><\/p>\n<p>Son parcours, riche d\u2019une longue exp\u00e9rience en mer, s\u2019est aussi construit \u00e0 terre o\u00f9 il a altern\u00e9 les fonctions op\u00e9rationnelles et d\u00e9cisionnelles : Chef du Bureau Emploi \u00e0 la Division Op\u00e9rations, officier adjoint au Chef de Cabinet du Cemga, Chef du Bureau Planification Op\u00e9rations, Commandant en second du Groupement Naval Op\u00e9rationnel, Observateur militaire \u00e0 la Mission de l\u2019Onu en R\u00e9publique D\u00e9mocratique du Congo, Chef de la Division Op\u00e9rations \u00e0 l\u2019\u00c9tat-major de la Marine, puis Officier adjoint au Chef d\u2019\u00e9tat-major de la Marine nationale. Il sera ensuite nomm\u00e9 Secr\u00e9taire g\u00e9n\u00e9ral de la Hassmar avant d\u2019acc\u00e9der au poste de Chef d\u2019\u00e9tat-major de la Marine nationale.<\/p>\n<p>A la t\u00eate de la Marine, il conduit la mise en \u0153uvre de la composante maritime du Format 2025 des Arm\u00e9es. Cette p\u00e9riode se distingue par des avanc\u00e9es majeures : cr\u00e9ation et ouverture de l\u2019\u00c9cole de la Marine nationale en juin 2022, finalisation du programme d\u2019acquisition des trois patrouilleurs de haute mer type Walo, et mise en service des stations fluviales renfor\u00e7ant la s\u00e9curit\u00e9 des voies int\u00e9rieures.<\/p>\n<p>Le 10 avril 2023, il est promu Vice-amiral et nomm\u00e9 Chef de l\u2019Etat-major particulier du Pr\u00e9sident de la R\u00e9publique. Etoff\u00e9e par une formation d\u2019\u00e9lite, sa trajectoire est jalonn\u00e9e de dipl\u00f4mes et qualifications de tr\u00e8s haut niveau. Dipl\u00f4me de Qualification Sup\u00e9rieure de S\u00e9curit\u00e9, Sp\u00e9cialit\u00e9 \u00c9nergie-Propulsion, International Maritime Officers Course (Imoc), dipl\u00f4me d\u2019\u00c9tat-major interarm\u00e9es (ACSC7, Royaume-Uni), qualification en D\u00e9mobilisation-D\u00e9sarmement-R\u00e9int\u00e9gration, Brevet de l\u2019\u00c9cole Sup\u00e9rieure de Guerre Navale (\u00c9tats-Unis), dipl\u00f4me du Royal College of Defense Studies (Royaume-Uni) ainsi qu\u2019un Master en S\u00e9curit\u00e9 et Strat\u00e9gies obtenu au King\u2019s College de Londres. Le Vice-amiral Oumar Wade porte les distinctions honorifiques suivantes : Officier de l'Ordre national du Lion, Officier dans l\u2019ordre du M\u00e9rite, M\u00e9daille d\u2019honneur de la Marine nationale, Officier dans la L\u00e9gion d\u2019honneur fran\u00e7aise, Chevalier dans l\u2019Ordre du M\u00e9rite maritime fran\u00e7ais. Il a \u00e9galement \u00e9t\u00e9 d\u00e9cor\u00e9 de la Croix du M\u00e9rite de la Guardia Civil dans sa cat\u00e9gorie d\u2019Argent ainsi que de la M\u00e9daille de la Mission d\u2019observation des Nations Unies pour la R\u00e9publique d\u00e9mocratique du Congo.<\/p>\n<p style=\"text-align: center;\"><strong>La force tranquille d\u2019un commandant en chef<\/strong><\/p>\n<p>Mais derri\u00e8re ce palmar\u00e8s \u00e9clatant, ce n\u2019est pas la gloire ni la reconnaissance qui d\u00e9finissent l\u2019homme. Sa grandeur se lit dans la ma\u00eetrise de soi, la force tranquille et l\u2019intelligence des situations qu\u2019il d\u00e9ploie au quotidien. <em>\u00abC\u2019est une personne tr\u00e8s humble, pond\u00e9r\u00e9e, qui ne parle pas beaucoup mais qui agit plus. C\u2019est une bonne personne \u00e0 tout point de vue. C\u2019est quelqu'un d'extr\u00eamement intelligent, tr\u00e8s mod\u00e9r\u00e9 et d\u2019un commerce tr\u00e8s facile. Il ne cherche pas \u00e0 se faire voir. Mais derri\u00e8re son calme, il est d\u2019une tr\u00e8s grande rigueur\u00bb<\/em>, rench\u00e9rit C. T. Kouyat\u00e9. Une discr\u00e9tion qui n\u2019est ni effacement, ni r\u00e9serve de fa\u00e7ade : elle dit une ma\u00eetrise absolue de soi, une intelligence des situations, une force tranquille forg\u00e9e dans la discipline militaire. Chez lui, le silence n\u2019est jamais creux : il pr\u00e9pare la d\u00e9cision, pr\u00e9cise la pens\u00e9e, affine le geste.<\/p>\n<p>Ce que confirme le Colonel Jean Paul Diockel Ndiaye : <em>\u00abJ\u2019ai effectu\u00e9 une mission en France avec lui. Dans l\u2019avion on \u00e9tait c\u00f4te \u00e0 c\u00f4te, mais il parle peu. Cependant, quand on l\u2019interpelle dans le cadre du travail c\u2019est quelqu\u2019un qui a le commerce tr\u00e8s facile. Il est g\u00e9n\u00e9reux dans les id\u00e9es. J\u2019ai beaucoup appris de lui durant cette mission. Il ne sort jamais des mots pour ne rien dire\u00bb<\/em>. Dans les centres n\u00e9vralgiques du commandement comme sur les th\u00e9\u00e2tres op\u00e9rationnels, son autorit\u00e9 s\u2019exprime dans l\u2019efficacit\u00e9, sa pr\u00e9sence dans l\u2019action, son aura dans l\u2019exemple. Il est de ceux dont la voix compte d\u2019autant plus qu\u2019elle ne se hausse jamais. Un chef qui ne parle que lorsque chaque mot doit peser, toucher juste, et faire avancer.<\/p>\n<p style=\"text-align: center;\"><strong>\u00abIl consacre g\u00e9n\u00e9ralement ses dimanches \u00e0 son quartier d'enfance\u00bb<\/strong><\/p>\n<p>Cette ma\u00eetrise du silence et de l\u2019action, cette capacit\u00e9 \u00e0 faire parler ses actes plut\u00f4t que ses mots, ne se limite pas aux salles de commandement ni aux ponts des navires : elle irrigue \u00e9galement ses rapports humains, la mani\u00e8re dont il tisse et entretient ses liens les plus pr\u00e9cieux. La m\u00eame rigueur, la m\u00eame fid\u00e9lit\u00e9 et le m\u00eame sens du devoir qui gouvernent ses d\u00e9cisions strat\u00e9giques guident ses relations personnelles et son engagement envers ceux qui l\u2019ont accompagn\u00e9 depuis l\u2019enfance. Ainsi, pour mesurer la profondeur de son humanit\u00e9 et la constance de ses attaches, il suffit d\u2019\u00e9couter ceux qui l\u2019ont connu d\u00e8s les premi\u00e8res armes. Fallou S\u00e8ye, ami d\u2019enfance et camarade de la promotion 81, ne se contente pas de t\u00e9moigner. Il \u00e9nonce, au nom de nombreux camarades, l\u2019essence m\u00eame de ce que repr\u00e9sente le Vice-amiral Oumar Wade.<\/p>\n<p>Chaque mot est charg\u00e9 de fiert\u00e9 contenue, chaque phrase r\u00e9sonne comme l\u2019\u00e9cho d\u2019une admiration forg\u00e9e depuis les premi\u00e8res ann\u00e9es de formation. Il d\u00e9clare : <em>\u00abLe Vice-amiral Wade accorde une importance particuli\u00e8re aux relations humaines. Il consacre g\u00e9n\u00e9ralement ses dimanches \u00e0 son quartier d'enfance et \u00e0 sa famille, tout sp\u00e9cialement \u00e0 ses parents, auxquels nous rendons ici un hommage appuy\u00e9. Les anciens enfants de troupe et ses camarades de promotion du Prytan\u00e9e militaire de Saint-Louis, occupent une place privil\u00e9gi\u00e9e dans sa vie. Il apporte par ailleurs une contribution significative aux actions de solidarit\u00e9 men\u00e9es au sein de sa promotion.\u00bb<\/em><\/p>\n<p>D\u00e8s cette \u00e9num\u00e9ration, la force de l\u2019homme se r\u00e9v\u00e8le dans le respect des origines et des liens forg\u00e9s dans l\u2019acier des ann\u00e9es de formation. Chaque geste, chaque choix, chaque engagement t\u00e9moigne d\u2019une grandeur silencieuse, faite d\u2019\u00e9quilibre, de loyaut\u00e9 et de g\u00e9n\u00e9rosit\u00e9, qui d\u00e9passe la simple mesure des grades et des distinctions. Comme pour accompagner le Cemga dans cette c\u00e9l\u00e9bration de son exemplarit\u00e9, Fallou S\u00e8ye conclut, avec la gravit\u00e9 et la solennit\u00e9 que commande un tel moment : <em>\u00abNous lui souhaitons courage, abn\u00e9gation et r\u00e9ussite dans les hautes responsabilit\u00e9s qui lui sont confi\u00e9es au service exclusif de la Nation s\u00e9n\u00e9galaise.\u00bb<\/em> Une b\u00e9n\u00e9diction quasi nationale, r\u00e9sonnant comme l\u2019\u00e9crin symbolique de l\u2019entr\u00e9e en fonction du Vice-Amiral d\u2019estrade Oumar Wade, le 12 f\u00e9vrier prochain, pour succ\u00e9der \u00e0 l\u2019illustre G\u00e9n\u00e9ral d\u2019arm\u00e9e Mbaye Ciss\u00e9, admis \u00e0 la deuxi\u00e8me section avec tous les honneurs et la reconnaissance de la R\u00e9publique.<\/p>\n<p>&nbsp;<\/p>\n<div class='share-to-whatsapp-wrapper'><div class='share-on-whsp'>PARTAGER SUR : <\/div><a data-text='TRAJECTOIRE NOUVEAU CEMGA - Amiral d\u2019escadre Oumar Wade, une excellence devenue destin' data-link='https:\/\/www.nettali.com\/2025\/12\/11\/trajectoire-nouveau-chef-detat-major-general-des-armees-vice-amiral-destrade-oumar-wade-une-excellence-devenue-destin\/' class='whatsapp-button whatsapp-share'>WhatsApp<\/a><div class='clear '><\/div><\/div>","protected":false},"excerpt":{"rendered":"<p>NETTALI.COM - De l\u2019enfance en caserne aux ponts des navires de combat, Oumar Wade incarne l\u2019excellence militaire, forg\u00e9e par l\u2019effort, la constance et la ma\u00eetrise de soi. Sa nomination au poste de Chef d\u2019Etat-major g\u00e9n\u00e9ral des arm\u00e9es s\u00e9n\u00e9galaises consacre une trajectoire faite de rigueur, de loyaut\u00e9 et de vertus silencieuses. Chaque mot pos\u00e9 sur l\u2019\u00e9difice [&hellip;]<\/p>\n","protected":false},"author":4,"featured_media":166163,"comment_status":"open","ping_status":"open","sticky":false,"template":"","format":"standard","meta":{"_et_pb_use_builder":"","_et_pb_old_content":""},"categories":[3],"tags":[],"yoast_head":"<!-- This site is optimized with the Yoast SEO Premium plugin v17.8 (Yoast SEO v17.8) - https:\/\/yoast.com\/wordpress\/plugins\/seo\/ -->\n<title>TRAJECTOIRE NOUVEAU CEMGA - Amiral d\u2019escadre Oumar Wade, une excellence devenue destin | Nettali.com<\/title>\n<meta name=\"robots\" content=\"index, follow, max-snippet:-1, max-image-preview:large, max-video-preview:-1\" \/>\n<link rel=\"canonical\" href=\"https:\/\/www.nettali.com\/2025\/12\/11\/trajectoire-nouveau-chef-detat-major-general-des-armees-vice-amiral-destrade-oumar-wade-une-excellence-devenue-destin\/\" \/>\n<meta property=\"og:locale\" content=\"fr_FR\" \/>\n<meta property=\"og:type\" content=\"article\" \/>\n<meta property=\"og:title\" content=\"TRAJECTOIRE NOUVEAU CEMGA - Amiral d\u2019escadre Oumar Wade, une excellence devenue destin\" \/>\n<meta property=\"og:description\" content=\"NETTALI.COM - De l\u2019enfance en caserne aux ponts des navires de combat, Oumar Wade incarne l\u2019excellence militaire, forg\u00e9e par l\u2019effort, la constance et la ma\u00eetrise de soi. Sa nomination au poste de Chef d\u2019Etat-major g\u00e9n\u00e9ral des arm\u00e9es s\u00e9n\u00e9galaises consacre une trajectoire faite de rigueur, de loyaut\u00e9 et de vertus silencieuses. Chaque mot pos\u00e9 sur l\u2019\u00e9difice [&hellip;]\" \/>\n<meta property=\"og:url\" content=\"https:\/\/www.nettali.com\/2025\/12\/11\/trajectoire-nouveau-chef-detat-major-general-des-armees-vice-amiral-destrade-oumar-wade-une-excellence-devenue-destin\/\" \/>\n<meta property=\"og:site_name\" content=\"Nettali.com\" \/>\n<meta property=\"article:publisher\" content=\"https:\/\/www.facebook.com\/nettalicom\" \/>\n<meta property=\"article:published_time\" content=\"2025-12-11T18:28:40+00:00\" \/>\n<meta property=\"article:modified_time\" content=\"2025-12-14T17:03:37+00:00\" \/>\n<meta property=\"og:image\" content=\"https:\/\/www.nettali.com\/wp-content\/uploads\/2025\/12\/Le-Vice-amiral-Oumar-Wade-au-poste-de-Chef-dEtat-major-general-des-Armees-a-compter-du-12-fevrier-2026-696x596-1-e1765442131625.jpg\" \/>\n\t<meta property=\"og:image:width\" content=\"692\" \/>\n\t<meta property=\"og:image:height\" content=\"509\" \/>\n<meta name=\"twitter:card\" content=\"summary_large_image\" \/>\n<meta name=\"twitter:label1\" content=\"\u00c9crit par\" \/>\n\t<meta name=\"twitter:data1\" content=\"Daouda\" \/>\n\t<meta name=\"twitter:label2\" content=\"Dur\u00e9e de lecture estim\u00e9e\" \/>\n\t<meta name=\"twitter:data2\" content=\"9 minutes\" \/>\n<script type=\"application\/ld+json\" class=\"yoast-schema-graph\">{\"@context\":\"https:\/\/schema.org\",\"@graph\":[{\"@type\":\"WebSite\",\"@id\":\"https:\/\/www.nettali.com\/#website\",\"url\":\"https:\/\/www.nettali.com\/\",\"name\":\"Nettali.com\",\"description\":\"Le rendez-vous critique du Net\",\"potentialAction\":[{\"@type\":\"SearchAction\",\"target\":{\"@type\":\"EntryPoint\",\"urlTemplate\":\"https:\/\/www.nettali.com\/?s={search_term_string}\"},\"query-input\":\"required name=search_term_string\"}],\"inLanguage\":\"fr-FR\"},{\"@type\":\"ImageObject\",\"@id\":\"https:\/\/www.nettali.com\/2025\/12\/11\/trajectoire-nouveau-chef-detat-major-general-des-armees-vice-amiral-destrade-oumar-wade-une-excellence-devenue-destin\/#primaryimage\",\"inLanguage\":\"fr-FR\",\"url\":\"https:\/\/www.nettali.com\/wp-content\/uploads\/2025\/12\/Le-Vice-amiral-Oumar-Wade-au-poste-de-Chef-dEtat-major-general-des-Armees-a-compter-du-12-fevrier-2026-696x596-1-e1765442131625.jpg\",\"contentUrl\":\"https:\/\/www.nettali.com\/wp-content\/uploads\/2025\/12\/Le-Vice-amiral-Oumar-Wade-au-poste-de-Chef-dEtat-major-general-des-Armees-a-compter-du-12-fevrier-2026-696x596-1-e1765442131625.jpg\",\"width\":692,\"height\":509},{\"@type\":\"WebPage\",\"@id\":\"https:\/\/www.nettali.com\/2025\/12\/11\/trajectoire-nouveau-chef-detat-major-general-des-armees-vice-amiral-destrade-oumar-wade-une-excellence-devenue-destin\/#webpage\",\"url\":\"https:\/\/www.nettali.com\/2025\/12\/11\/trajectoire-nouveau-chef-detat-major-general-des-armees-vice-amiral-destrade-oumar-wade-une-excellence-devenue-destin\/\",\"name\":\"TRAJECTOIRE NOUVEAU CEMGA - Amiral d\\u2019escadre Oumar Wade, une excellence devenue destin | Nettali.com\",\"isPartOf\":{\"@id\":\"https:\/\/www.nettali.com\/#website\"},\"primaryImageOfPage\":{\"@id\":\"https:\/\/www.nettali.com\/2025\/12\/11\/trajectoire-nouveau-chef-detat-major-general-des-armees-vice-amiral-destrade-oumar-wade-une-excellence-devenue-destin\/#primaryimage\"},\"datePublished\":\"2025-12-11T18:28:40+00:00\",\"dateModified\":\"2025-12-14T17:03:37+00:00\",\"author\":{\"@id\":\"https:\/\/www.nettali.com\/#\/schema\/person\/3317e0bb3aa1da309fbf7b2780901bf4\"},\"breadcrumb\":{\"@id\":\"https:\/\/www.nettali.com\/2025\/12\/11\/trajectoire-nouveau-chef-detat-major-general-des-armees-vice-amiral-destrade-oumar-wade-une-excellence-devenue-destin\/#breadcrumb\"},\"inLanguage\":\"fr-FR\",\"potentialAction\":[{\"@type\":\"ReadAction\",\"target\":[\"https:\/\/www.nettali.com\/2025\/12\/11\/trajectoire-nouveau-chef-detat-major-general-des-armees-vice-amiral-destrade-oumar-wade-une-excellence-devenue-destin\/\"]}]},{\"@type\":\"BreadcrumbList\",\"@id\":\"https:\/\/www.nettali.com\/2025\/12\/11\/trajectoire-nouveau-chef-detat-major-general-des-armees-vice-amiral-destrade-oumar-wade-une-excellence-devenue-destin\/#breadcrumb\",\"itemListElement\":[{\"@type\":\"ListItem\",\"position\":1,\"name\":\"Accueil\",\"item\":\"https:\/\/www.nettali.com\/\"},{\"@type\":\"ListItem\",\"position\":2,\"name\":\"TRAJECTOIRE NOUVEAU CEMGA - Amiral d\\u2019escadre Oumar Wade, une excellence devenue destin\"}]},{\"@type\":\"Person\",\"@id\":\"https:\/\/www.nettali.com\/#\/schema\/person\/3317e0bb3aa1da309fbf7b2780901bf4\",\"name\":\"Daouda\",\"image\":{\"@type\":\"ImageObject\",\"@id\":\"https:\/\/www.nettali.com\/#personlogo\",\"inLanguage\":\"fr-FR\",\"url\":\"https:\/\/secure.gravatar.com\/avatar\/8d143b5a49345098ddcfee1c49c2f47c?s=96&d=mm&r=g\",\"contentUrl\":\"https:\/\/secure.gravatar.com\/avatar\/8d143b5a49345098ddcfee1c49c2f47c?s=96&d=mm&r=g\",\"caption\":\"Daouda\"},\"sameAs\":[\"https:\/\/www.nettali.com\"]}]}<\/script>\n<!-- \/ Yoast SEO Premium plugin. -->","yoast_head_json":{"title":"TRAJECTOIRE NOUVEAU CEMGA - Amiral d\u2019escadre Oumar Wade, une excellence devenue destin | Nettali.com","robots":{"index":"index","follow":"follow","max-snippet":"max-snippet:-1","max-image-preview":"max-image-preview:large","max-video-preview":"max-video-preview:-1"},"canonical":"https:\/\/www.nettali.com\/2025\/12\/11\/trajectoire-nouveau-chef-detat-major-general-des-armees-vice-amiral-destrade-oumar-wade-une-excellence-devenue-destin\/","og_locale":"fr_FR","og_type":"article","og_title":"TRAJECTOIRE NOUVEAU CEMGA - Amiral d\u2019escadre Oumar Wade, une excellence devenue destin","og_description":"NETTALI.COM - De l\u2019enfance en caserne aux ponts des navires de combat, Oumar Wade incarne l\u2019excellence militaire, forg\u00e9e par l\u2019effort, la constance et la ma\u00eetrise de soi. Sa nomination au poste de Chef d\u2019Etat-major g\u00e9n\u00e9ral des arm\u00e9es s\u00e9n\u00e9galaises consacre une trajectoire faite de rigueur, de loyaut\u00e9 et de vertus silencieuses. Chaque mot pos\u00e9 sur l\u2019\u00e9difice [&hellip;]","og_url":"https:\/\/www.nettali.com\/2025\/12\/11\/trajectoire-nouveau-chef-detat-major-general-des-armees-vice-amiral-destrade-oumar-wade-une-excellence-devenue-destin\/","og_site_name":"Nettali.com","article_publisher":"https:\/\/www.facebook.com\/nettalicom","article_published_time":"2025-12-11T18:28:40+00:00","article_modified_time":"2025-12-14T17:03:37+00:00","og_image":[{"width":692,"height":509,"url":"https:\/\/www.nettali.com\/wp-content\/uploads\/2025\/12\/Le-Vice-amiral-Oumar-Wade-au-poste-de-Chef-dEtat-major-general-des-Armees-a-compter-du-12-fevrier-2026-696x596-1-e1765442131625.jpg","type":"image\/jpeg"}],"twitter_card":"summary_large_image","twitter_misc":{"\u00c9crit par":"Daouda","Dur\u00e9e de lecture estim\u00e9e":"9 minutes"},"schema":{"@context":"https:\/\/schema.org","@graph":[{"@type":"WebSite","@id":"https:\/\/www.nettali.com\/#website","url":"https:\/\/www.nettali.com\/","name":"Nettali.com","description":"Le rendez-vous critique du Net","potentialAction":[{"@type":"SearchAction","target":{"@type":"EntryPoint","urlTemplate":"https:\/\/www.nettali.com\/?s={search_term_string}"},"query-input":"required name=search_term_string"}],"inLanguage":"fr-FR"},{"@type":"ImageObject","@id":"https:\/\/www.nettali.com\/2025\/12\/11\/trajectoire-nouveau-chef-detat-major-general-des-armees-vice-amiral-destrade-oumar-wade-une-excellence-devenue-destin\/#primaryimage","inLanguage":"fr-FR","url":"https:\/\/www.nettali.com\/wp-content\/uploads\/2025\/12\/Le-Vice-amiral-Oumar-Wade-au-poste-de-Chef-dEtat-major-general-des-Armees-a-compter-du-12-fevrier-2026-696x596-1-e1765442131625.jpg","contentUrl":"https:\/\/www.nettali.com\/wp-content\/uploads\/2025\/12\/Le-Vice-amiral-Oumar-Wade-au-poste-de-Chef-dEtat-major-general-des-Armees-a-compter-du-12-fevrier-2026-696x596-1-e1765442131625.jpg","width":692,"height":509},{"@type":"WebPage","@id":"https:\/\/www.nettali.com\/2025\/12\/11\/trajectoire-nouveau-chef-detat-major-general-des-armees-vice-amiral-destrade-oumar-wade-une-excellence-devenue-destin\/#webpage","url":"https:\/\/www.nettali.com\/2025\/12\/11\/trajectoire-nouveau-chef-detat-major-general-des-armees-vice-amiral-destrade-oumar-wade-une-excellence-devenue-destin\/","name":"TRAJECTOIRE NOUVEAU CEMGA - Amiral d\u2019escadre Oumar Wade, une excellence devenue destin | Nettali.com","isPartOf":{"@id":"https:\/\/www.nettali.com\/#website"},"primaryImageOfPage":{"@id":"https:\/\/www.nettali.com\/2025\/12\/11\/trajectoire-nouveau-chef-detat-major-general-des-armees-vice-amiral-destrade-oumar-wade-une-excellence-devenue-destin\/#primaryimage"},"datePublished":"2025-12-11T18:28:40+00:00","dateModified":"2025-12-14T17:03:37+00:00","author":{"@id":"https:\/\/www.nettali.com\/#\/schema\/person\/3317e0bb3aa1da309fbf7b2780901bf4"},"breadcrumb":{"@id":"https:\/\/www.nettali.com\/2025\/12\/11\/trajectoire-nouveau-chef-detat-major-general-des-armees-vice-amiral-destrade-oumar-wade-une-excellence-devenue-destin\/#breadcrumb"},"inLanguage":"fr-FR","potentialAction":[{"@type":"ReadAction","target":["https:\/\/www.nettali.com\/2025\/12\/11\/trajectoire-nouveau-chef-detat-major-general-des-armees-vice-amiral-destrade-oumar-wade-une-excellence-devenue-destin\/"]}]},{"@type":"BreadcrumbList","@id":"https:\/\/www.nettali.com\/2025\/12\/11\/trajectoire-nouveau-chef-detat-major-general-des-armees-vice-amiral-destrade-oumar-wade-une-excellence-devenue-destin\/#breadcrumb","itemListElement":[{"@type":"ListItem","position":1,"name":"Accueil","item":"https:\/\/www.nettali.com\/"},{"@type":"ListItem","position":2,"name":"TRAJECTOIRE NOUVEAU CEMGA - Amiral d\u2019escadre Oumar Wade, une excellence devenue destin"}]},{"@type":"Person","@id":"https:\/\/www.nettali.com\/#\/schema\/person\/3317e0bb3aa1da309fbf7b2780901bf4","name":"Daouda","image":{"@type":"ImageObject","@id":"https:\/\/www.nettali.com\/#personlogo","inLanguage":"fr-FR","url":"https:\/\/secure.gravatar.com\/avatar\/8d143b5a49345098ddcfee1c49c2f47c?s=96&d=mm&r=g","contentUrl":"https:\/\/secure.gravatar.com\/avatar\/8d143b5a49345098ddcfee1c49c2f47c?s=96&d=mm&r=g","caption":"Daouda"},"sameAs":["https:\/\/www.nettali.com"]}]}},"_links":{"self":[{"href":"https:\/\/www.nettali.com\/rest\/wp\/v2\/posts\/166162"}],"collection":[{"href":"https:\/\/www.nettali.com\/rest\/wp\/v2\/posts"}],"about":[{"href":"https:\/\/www.nettali.com\/rest\/wp\/v2\/types\/post"}],"author":[{"embeddable":true,"href":"https:\/\/www.nettali.com\/rest\/wp\/v2\/users\/4"}],"replies":[{"embeddable":true,"href":"https:\/\/www.nettali.com\/rest\/wp\/v2\/comments?post=166162"}],"version-history":[{"count":4,"href":"https:\/\/www.nettali.com\/rest\/wp\/v2\/posts\/166162\/revisions"}],"predecessor-version":[{"id":166274,"href":"https:\/\/www.nettali.com\/rest\/wp\/v2\/posts\/166162\/revisions\/166274"}],"wp:featuredmedia":[{"embeddable":true,"href":"https:\/\/www.nettali.com\/rest\/wp\/v2\/media\/166163"}],"wp:attachment":[{"href":"https:\/\/www.nettali.com\/rest\/wp\/v2\/media?parent=166162"}],"wp:term":[{"taxonomy":"category","embeddable":true,"href":"https:\/\/www.nettali.com\/rest\/wp\/v2\/categories?post=166162"},{"taxonomy":"post_tag","embeddable":true,"href":"https:\/\/www.nettali.com\/rest\/wp\/v2\/tags?post=166162"}],"curies":[{"name":"wp","href":"https:\/\/api.w.org\/{rel}","templated":true}]}}