{"id":166149,"date":"2025-12-11T07:28:47","date_gmt":"2025-12-11T07:28:47","guid":{"rendered":"https:\/\/www.nettali.com\/?p=166149"},"modified":"2025-12-11T12:15:52","modified_gmt":"2025-12-11T12:15:52","slug":"assemblee-la-lecon-dethique-republicaine-de-aissata-tall-sall-au-ministre-de-linterieur-bamba-cisse","status":"publish","type":"post","link":"https:\/\/www.nettali.com\/2025\/12\/11\/assemblee-la-lecon-dethique-republicaine-de-aissata-tall-sall-au-ministre-de-linterieur-bamba-cisse\/","title":{"rendered":"ASSEMBL\u00c9E \u2013 La le\u00e7on d\u2019\u00e9thique r\u00e9publicaine de A\u00efssata Tall Sall au ministre de l\u2019Int\u00e9rieur"},"content":{"rendered":"<p><strong>NETTALI.COM - La pr\u00e9sidente du groupe parlementaire Takku Wallu S\u00e9n\u00e9gal a livr\u00e9, mercredi, une intervention marquante au ministre de l\u2019Int\u00e9rieur, Me Bamba Ciss\u00e9, rappelant l\u2019extr\u00eame d\u00e9licatesse des missions qui lui incombent.<\/strong><\/p>\n<p>Devant l\u2019h\u00e9micycle, Me A\u00efssata Tall Sall a dress\u00e9 un portrait pr\u00e9cis, presque p\u00e9dagogique, du r\u00f4le du ministre de l\u2019Int\u00e9rieur dans un \u00c9tat r\u00e9publicain comme le S\u00e9n\u00e9gal. Elle a rappel\u00e9 que cette fonction concentre des responsabilit\u00e9s sensibles, souvent en tension.<\/p>\n<p><em>\u00ab Vous \u00eates le ministre de la la\u00efcit\u00e9 \u00bb<\/em>, a-t-elle d\u2019abord soulign\u00e9, rappelant l\u2019obligation de garantir la neutralit\u00e9 religieuse de l\u2019\u00c9tat tout en respectant la sacralit\u00e9 de la religion et la libert\u00e9 de culte des citoyens.<br \/>\nElle a ensuite rappel\u00e9 que le ministre est aussi <em>\u00ab le garant des libert\u00e9s publiques \u00bb<\/em>, charg\u00e9 de prot\u00e9ger le droit de manifester, de s\u2019exprimer et de s\u2019associer.<br \/>\nEnfin, elle a mentionn\u00e9 son r\u00f4le de <em>\u00ab responsable de l\u2019ordre public \u00bb<\/em>, garant de la s\u00e9curit\u00e9 des personnes et des biens, avec un usage strictement encadr\u00e9 de la force.<\/p>\n<p>Pour la d\u00e9put\u00e9e, la cl\u00e9 r\u00e9side dans la capacit\u00e9 du ministre \u00e0 maintenir <em>\u00ab une balance des antonymes \u00bb<\/em> : concilier autorit\u00e9 et libert\u00e9, fermet\u00e9 et dialogue, puissance publique et respect des droits fondamentaux.<\/p>\n<p>Me A\u00efssata Tall Sall a insist\u00e9 sur la n\u00e9cessit\u00e9 d\u2019un dialogue inclusif : <em>\u00ab Parlez aux gens \u2014 acteurs politiques, soci\u00e9t\u00e9 civile, parties concern\u00e9es \u2014 et ce n\u2019est qu\u2019apr\u00e8s ce dialogue qu\u2019une d\u00e9cision l\u00e9gitime et apais\u00e9e peut \u00eatre prise. \u00bb<\/em><\/p>\n<p>Elle a exhort\u00e9 Me Bamba Ciss\u00e9 \u00e0 rester \u00e0 \u00e9quidistance de tous les partis politiques, \u00e0 refuser tout alignement partisan, et \u00e0 demeurer strictement au service de l\u2019\u00c9tat et non d\u2019un camp.<\/p>\n<p>Au-del\u00e0 de l\u2019interpellation parlementaire, l\u2019ancienne ministre de la Justice a livr\u00e9 une v\u00e9ritable le\u00e7on de droit public. Elle a rappel\u00e9 que le pouvoir du ministre de l\u2019Int\u00e9rieur <em>\u00ab n\u2019est pas une fin en soi \u00bb<\/em>, mais un instrument au service de l\u2019\u00e9quilibre d\u00e9mocratique, dans un pays o\u00f9 la stabilit\u00e9 repose sur la confiance entre citoyens et institutions.<\/p>\n<p>Son intervention, salu\u00e9e pour sa profondeur, s\u2019inscrit dans un moment o\u00f9 les enjeux de libert\u00e9s publiques, de s\u00e9curit\u00e9 et de coh\u00e9sion nationale se posent avec acuit\u00e9.<\/p>\n<p>En r\u00e9ponse \u00e0 sa cons\u0153ur Me A\u00efssata Tall Sall, Me Bamba Ciss\u00e9, ministre de l\u2019int\u00e9rieur, a tenu \u00e0 r\u00e9affirmer son approche calme et r\u00e9fl\u00e9chie des probl\u00e8mes. Me Bamba Ciss\u00e9 souligne son engagement envers les petits commer\u00e7ants et les couches populaires, et met l'accent sur l'importance de la citoyennet\u00e9 et de la responsabilit\u00e9 partag\u00e9e. Me Bamba Ciss\u00e9 affirme ldevant les d\u00e9put\u00e9s, \u00eatre du c\u00f4t\u00e9 du bas peuple et des petits commer\u00e7ants en rappelant <em>\u00ab ne pas \u00eatre en position d\u2019imposer quoi que ce soit par la force. \u00bb<\/em><\/p>\n<p>&nbsp;<\/p>\n<div class='share-to-whatsapp-wrapper'><div class='share-on-whsp'>PARTAGER SUR : <\/div><a data-text='ASSEMBL\u00c9E \u2013 La le\u00e7on d\u2019\u00e9thique r\u00e9publicaine de A\u00efssata Tall Sall au ministre de l\u2019Int\u00e9rieur' data-link='https:\/\/www.nettali.com\/2025\/12\/11\/assemblee-la-lecon-dethique-republicaine-de-aissata-tall-sall-au-ministre-de-linterieur-bamba-cisse\/' class='whatsapp-button whatsapp-share'>WhatsApp<\/a><div class='clear '><\/div><\/div>","protected":false},"excerpt":{"rendered":"<p>NETTALI.COM - La pr\u00e9sidente du groupe parlementaire Takku Wallu S\u00e9n\u00e9gal a livr\u00e9, mercredi, une intervention marquante au ministre de l\u2019Int\u00e9rieur, Me Bamba Ciss\u00e9, rappelant l\u2019extr\u00eame d\u00e9licatesse des missions qui lui incombent. Devant l\u2019h\u00e9micycle, Me A\u00efssata Tall Sall a dress\u00e9 un portrait pr\u00e9cis, presque p\u00e9dagogique, du r\u00f4le du ministre de l\u2019Int\u00e9rieur dans un \u00c9tat r\u00e9publicain comme [&hellip;]<\/p>\n","protected":false},"author":4,"featured_media":166151,"comment_status":"open","ping_status":"open","sticky":false,"template":"","format":"standard","meta":{"_et_pb_use_builder":"","_et_pb_old_content":""},"categories":[3],"tags":[],"yoast_head":"<!-- This site is optimized with the Yoast SEO Premium plugin v17.8 (Yoast SEO v17.8) - https:\/\/yoast.com\/wordpress\/plugins\/seo\/ -->\n<title>ASSEMBL\u00c9E \u2013 La le\u00e7on d\u2019\u00e9thique r\u00e9publicaine de A\u00efssata Tall Sall au ministre de l\u2019Int\u00e9rieur | Nettali.com<\/title>\n<meta name=\"robots\" content=\"index, follow, max-snippet:-1, max-image-preview:large, max-video-preview:-1\" \/>\n<link rel=\"canonical\" href=\"https:\/\/www.nettali.com\/2025\/12\/11\/assemblee-la-lecon-dethique-republicaine-de-aissata-tall-sall-au-ministre-de-linterieur-bamba-cisse\/\" \/>\n<meta property=\"og:locale\" content=\"fr_FR\" \/>\n<meta property=\"og:type\" content=\"article\" \/>\n<meta property=\"og:title\" content=\"ASSEMBL\u00c9E \u2013 La le\u00e7on d\u2019\u00e9thique r\u00e9publicaine de A\u00efssata Tall Sall au ministre de l\u2019Int\u00e9rieur\" \/>\n<meta property=\"og:description\" content=\"NETTALI.COM - La pr\u00e9sidente du groupe parlementaire Takku Wallu S\u00e9n\u00e9gal a livr\u00e9, mercredi, une intervention marquante au ministre de l\u2019Int\u00e9rieur, Me Bamba Ciss\u00e9, rappelant l\u2019extr\u00eame d\u00e9licatesse des missions qui lui incombent. Devant l\u2019h\u00e9micycle, Me A\u00efssata Tall Sall a dress\u00e9 un portrait pr\u00e9cis, presque p\u00e9dagogique, du r\u00f4le du ministre de l\u2019Int\u00e9rieur dans un \u00c9tat r\u00e9publicain comme [&hellip;]\" \/>\n<meta property=\"og:url\" content=\"https:\/\/www.nettali.com\/2025\/12\/11\/assemblee-la-lecon-dethique-republicaine-de-aissata-tall-sall-au-ministre-de-linterieur-bamba-cisse\/\" \/>\n<meta property=\"og:site_name\" content=\"Nettali.com\" \/>\n<meta property=\"article:publisher\" content=\"https:\/\/www.facebook.com\/nettalicom\" \/>\n<meta property=\"article:published_time\" content=\"2025-12-11T07:28:47+00:00\" \/>\n<meta property=\"article:modified_time\" content=\"2025-12-11T12:15:52+00:00\" \/>\n<meta property=\"og:image\" content=\"https:\/\/www.nettali.com\/wp-content\/uploads\/2025\/12\/hq720.jpg\" \/>\n\t<meta property=\"og:image:width\" content=\"572\" \/>\n\t<meta property=\"og:image:height\" content=\"288\" \/>\n<meta name=\"twitter:card\" content=\"summary_large_image\" \/>\n<meta name=\"twitter:label1\" content=\"\u00c9crit par\" \/>\n\t<meta name=\"twitter:data1\" content=\"Daouda\" \/>\n\t<meta name=\"twitter:label2\" content=\"Dur\u00e9e de lecture estim\u00e9e\" \/>\n\t<meta name=\"twitter:data2\" content=\"2 minutes\" \/>\n<script type=\"application\/ld+json\" class=\"yoast-schema-graph\">{\"@context\":\"https:\/\/schema.org\",\"@graph\":[{\"@type\":\"WebSite\",\"@id\":\"https:\/\/www.nettali.com\/#website\",\"url\":\"https:\/\/www.nettali.com\/\",\"name\":\"Nettali.com\",\"description\":\"Le rendez-vous critique du Net\",\"potentialAction\":[{\"@type\":\"SearchAction\",\"target\":{\"@type\":\"EntryPoint\",\"urlTemplate\":\"https:\/\/www.nettali.com\/?s={search_term_string}\"},\"query-input\":\"required name=search_term_string\"}],\"inLanguage\":\"fr-FR\"},{\"@type\":\"ImageObject\",\"@id\":\"https:\/\/www.nettali.com\/2025\/12\/11\/assemblee-la-lecon-dethique-republicaine-de-aissata-tall-sall-au-ministre-de-linterieur-bamba-cisse\/#primaryimage\",\"inLanguage\":\"fr-FR\",\"url\":\"https:\/\/www.nettali.com\/wp-content\/uploads\/2025\/12\/hq720.jpg\",\"contentUrl\":\"https:\/\/www.nettali.com\/wp-content\/uploads\/2025\/12\/hq720.jpg\",\"width\":572,\"height\":288},{\"@type\":\"WebPage\",\"@id\":\"https:\/\/www.nettali.com\/2025\/12\/11\/assemblee-la-lecon-dethique-republicaine-de-aissata-tall-sall-au-ministre-de-linterieur-bamba-cisse\/#webpage\",\"url\":\"https:\/\/www.nettali.com\/2025\/12\/11\/assemblee-la-lecon-dethique-republicaine-de-aissata-tall-sall-au-ministre-de-linterieur-bamba-cisse\/\",\"name\":\"ASSEMBL\\u00c9E \\u2013 La le\\u00e7on d\\u2019\\u00e9thique r\\u00e9publicaine de A\\u00efssata Tall Sall au ministre de l\\u2019Int\\u00e9rieur | Nettali.com\",\"isPartOf\":{\"@id\":\"https:\/\/www.nettali.com\/#website\"},\"primaryImageOfPage\":{\"@id\":\"https:\/\/www.nettali.com\/2025\/12\/11\/assemblee-la-lecon-dethique-republicaine-de-aissata-tall-sall-au-ministre-de-linterieur-bamba-cisse\/#primaryimage\"},\"datePublished\":\"2025-12-11T07:28:47+00:00\",\"dateModified\":\"2025-12-11T12:15:52+00:00\",\"author\":{\"@id\":\"https:\/\/www.nettali.com\/#\/schema\/person\/3317e0bb3aa1da309fbf7b2780901bf4\"},\"breadcrumb\":{\"@id\":\"https:\/\/www.nettali.com\/2025\/12\/11\/assemblee-la-lecon-dethique-republicaine-de-aissata-tall-sall-au-ministre-de-linterieur-bamba-cisse\/#breadcrumb\"},\"inLanguage\":\"fr-FR\",\"potentialAction\":[{\"@type\":\"ReadAction\",\"target\":[\"https:\/\/www.nettali.com\/2025\/12\/11\/assemblee-la-lecon-dethique-republicaine-de-aissata-tall-sall-au-ministre-de-linterieur-bamba-cisse\/\"]}]},{\"@type\":\"BreadcrumbList\",\"@id\":\"https:\/\/www.nettali.com\/2025\/12\/11\/assemblee-la-lecon-dethique-republicaine-de-aissata-tall-sall-au-ministre-de-linterieur-bamba-cisse\/#breadcrumb\",\"itemListElement\":[{\"@type\":\"ListItem\",\"position\":1,\"name\":\"Accueil\",\"item\":\"https:\/\/www.nettali.com\/\"},{\"@type\":\"ListItem\",\"position\":2,\"name\":\"ASSEMBL\\u00c9E \\u2013 La le\\u00e7on d\\u2019\\u00e9thique r\\u00e9publicaine de A\\u00efssata Tall Sall au ministre de l\\u2019Int\\u00e9rieur\"}]},{\"@type\":\"Person\",\"@id\":\"https:\/\/www.nettali.com\/#\/schema\/person\/3317e0bb3aa1da309fbf7b2780901bf4\",\"name\":\"Daouda\",\"image\":{\"@type\":\"ImageObject\",\"@id\":\"https:\/\/www.nettali.com\/#personlogo\",\"inLanguage\":\"fr-FR\",\"url\":\"https:\/\/secure.gravatar.com\/avatar\/8d143b5a49345098ddcfee1c49c2f47c?s=96&d=mm&r=g\",\"contentUrl\":\"https:\/\/secure.gravatar.com\/avatar\/8d143b5a49345098ddcfee1c49c2f47c?s=96&d=mm&r=g\",\"caption\":\"Daouda\"},\"sameAs\":[\"https:\/\/www.nettali.com\"]}]}<\/script>\n<!-- \/ Yoast SEO Premium plugin. -->","yoast_head_json":{"title":"ASSEMBL\u00c9E \u2013 La le\u00e7on d\u2019\u00e9thique r\u00e9publicaine de A\u00efssata Tall Sall au ministre de l\u2019Int\u00e9rieur | Nettali.com","robots":{"index":"index","follow":"follow","max-snippet":"max-snippet:-1","max-image-preview":"max-image-preview:large","max-video-preview":"max-video-preview:-1"},"canonical":"https:\/\/www.nettali.com\/2025\/12\/11\/assemblee-la-lecon-dethique-republicaine-de-aissata-tall-sall-au-ministre-de-linterieur-bamba-cisse\/","og_locale":"fr_FR","og_type":"article","og_title":"ASSEMBL\u00c9E \u2013 La le\u00e7on d\u2019\u00e9thique r\u00e9publicaine de A\u00efssata Tall Sall au ministre de l\u2019Int\u00e9rieur","og_description":"NETTALI.COM - La pr\u00e9sidente du groupe parlementaire Takku Wallu S\u00e9n\u00e9gal a livr\u00e9, mercredi, une intervention marquante au ministre de l\u2019Int\u00e9rieur, Me Bamba Ciss\u00e9, rappelant l\u2019extr\u00eame d\u00e9licatesse des missions qui lui incombent. Devant l\u2019h\u00e9micycle, Me A\u00efssata Tall Sall a dress\u00e9 un portrait pr\u00e9cis, presque p\u00e9dagogique, du r\u00f4le du ministre de l\u2019Int\u00e9rieur dans un \u00c9tat r\u00e9publicain comme [&hellip;]","og_url":"https:\/\/www.nettali.com\/2025\/12\/11\/assemblee-la-lecon-dethique-republicaine-de-aissata-tall-sall-au-ministre-de-linterieur-bamba-cisse\/","og_site_name":"Nettali.com","article_publisher":"https:\/\/www.facebook.com\/nettalicom","article_published_time":"2025-12-11T07:28:47+00:00","article_modified_time":"2025-12-11T12:15:52+00:00","og_image":[{"width":572,"height":288,"url":"https:\/\/www.nettali.com\/wp-content\/uploads\/2025\/12\/hq720.jpg","type":"image\/jpeg"}],"twitter_card":"summary_large_image","twitter_misc":{"\u00c9crit par":"Daouda","Dur\u00e9e de lecture estim\u00e9e":"2 minutes"},"schema":{"@context":"https:\/\/schema.org","@graph":[{"@type":"WebSite","@id":"https:\/\/www.nettali.com\/#website","url":"https:\/\/www.nettali.com\/","name":"Nettali.com","description":"Le rendez-vous critique du Net","potentialAction":[{"@type":"SearchAction","target":{"@type":"EntryPoint","urlTemplate":"https:\/\/www.nettali.com\/?s={search_term_string}"},"query-input":"required name=search_term_string"}],"inLanguage":"fr-FR"},{"@type":"ImageObject","@id":"https:\/\/www.nettali.com\/2025\/12\/11\/assemblee-la-lecon-dethique-republicaine-de-aissata-tall-sall-au-ministre-de-linterieur-bamba-cisse\/#primaryimage","inLanguage":"fr-FR","url":"https:\/\/www.nettali.com\/wp-content\/uploads\/2025\/12\/hq720.jpg","contentUrl":"https:\/\/www.nettali.com\/wp-content\/uploads\/2025\/12\/hq720.jpg","width":572,"height":288},{"@type":"WebPage","@id":"https:\/\/www.nettali.com\/2025\/12\/11\/assemblee-la-lecon-dethique-republicaine-de-aissata-tall-sall-au-ministre-de-linterieur-bamba-cisse\/#webpage","url":"https:\/\/www.nettali.com\/2025\/12\/11\/assemblee-la-lecon-dethique-republicaine-de-aissata-tall-sall-au-ministre-de-linterieur-bamba-cisse\/","name":"ASSEMBL\u00c9E \u2013 La le\u00e7on d\u2019\u00e9thique r\u00e9publicaine de A\u00efssata Tall Sall au ministre de l\u2019Int\u00e9rieur | Nettali.com","isPartOf":{"@id":"https:\/\/www.nettali.com\/#website"},"primaryImageOfPage":{"@id":"https:\/\/www.nettali.com\/2025\/12\/11\/assemblee-la-lecon-dethique-republicaine-de-aissata-tall-sall-au-ministre-de-linterieur-bamba-cisse\/#primaryimage"},"datePublished":"2025-12-11T07:28:47+00:00","dateModified":"2025-12-11T12:15:52+00:00","author":{"@id":"https:\/\/www.nettali.com\/#\/schema\/person\/3317e0bb3aa1da309fbf7b2780901bf4"},"breadcrumb":{"@id":"https:\/\/www.nettali.com\/2025\/12\/11\/assemblee-la-lecon-dethique-republicaine-de-aissata-tall-sall-au-ministre-de-linterieur-bamba-cisse\/#breadcrumb"},"inLanguage":"fr-FR","potentialAction":[{"@type":"ReadAction","target":["https:\/\/www.nettali.com\/2025\/12\/11\/assemblee-la-lecon-dethique-republicaine-de-aissata-tall-sall-au-ministre-de-linterieur-bamba-cisse\/"]}]},{"@type":"BreadcrumbList","@id":"https:\/\/www.nettali.com\/2025\/12\/11\/assemblee-la-lecon-dethique-republicaine-de-aissata-tall-sall-au-ministre-de-linterieur-bamba-cisse\/#breadcrumb","itemListElement":[{"@type":"ListItem","position":1,"name":"Accueil","item":"https:\/\/www.nettali.com\/"},{"@type":"ListItem","position":2,"name":"ASSEMBL\u00c9E \u2013 La le\u00e7on d\u2019\u00e9thique r\u00e9publicaine de A\u00efssata Tall Sall au ministre de l\u2019Int\u00e9rieur"}]},{"@type":"Person","@id":"https:\/\/www.nettali.com\/#\/schema\/person\/3317e0bb3aa1da309fbf7b2780901bf4","name":"Daouda","image":{"@type":"ImageObject","@id":"https:\/\/www.nettali.com\/#personlogo","inLanguage":"fr-FR","url":"https:\/\/secure.gravatar.com\/avatar\/8d143b5a49345098ddcfee1c49c2f47c?s=96&d=mm&r=g","contentUrl":"https:\/\/secure.gravatar.com\/avatar\/8d143b5a49345098ddcfee1c49c2f47c?s=96&d=mm&r=g","caption":"Daouda"},"sameAs":["https:\/\/www.nettali.com"]}]}},"_links":{"self":[{"href":"https:\/\/www.nettali.com\/rest\/wp\/v2\/posts\/166149"}],"collection":[{"href":"https:\/\/www.nettali.com\/rest\/wp\/v2\/posts"}],"about":[{"href":"https:\/\/www.nettali.com\/rest\/wp\/v2\/types\/post"}],"author":[{"embeddable":true,"href":"https:\/\/www.nettali.com\/rest\/wp\/v2\/users\/4"}],"replies":[{"embeddable":true,"href":"https:\/\/www.nettali.com\/rest\/wp\/v2\/comments?post=166149"}],"version-history":[{"count":2,"href":"https:\/\/www.nettali.com\/rest\/wp\/v2\/posts\/166149\/revisions"}],"predecessor-version":[{"id":166171,"href":"https:\/\/www.nettali.com\/rest\/wp\/v2\/posts\/166149\/revisions\/166171"}],"wp:featuredmedia":[{"embeddable":true,"href":"https:\/\/www.nettali.com\/rest\/wp\/v2\/media\/166151"}],"wp:attachment":[{"href":"https:\/\/www.nettali.com\/rest\/wp\/v2\/media?parent=166149"}],"wp:term":[{"taxonomy":"category","embeddable":true,"href":"https:\/\/www.nettali.com\/rest\/wp\/v2\/categories?post=166149"},{"taxonomy":"post_tag","embeddable":true,"href":"https:\/\/www.nettali.com\/rest\/wp\/v2\/tags?post=166149"}],"curies":[{"name":"wp","href":"https:\/\/api.w.org\/{rel}","templated":true}]}}