{"id":166129,"date":"2025-12-10T19:15:33","date_gmt":"2025-12-10T19:15:33","guid":{"rendered":"https:\/\/www.nettali.com\/?p=166129"},"modified":"2025-12-10T19:15:33","modified_gmt":"2025-12-10T19:15:33","slug":"thierno-alassane-sall-jai-vu-des-images-detudiants-avec-des-blessures-par-balles","status":"publish","type":"post","link":"https:\/\/www.nettali.com\/2025\/12\/10\/thierno-alassane-sall-jai-vu-des-images-detudiants-avec-des-blessures-par-balles\/","title":{"rendered":"THIERNO ALASSANE SALL : \"J'ai vu des images d'\u00e9tudiants avec des blessures par balles\""},"content":{"rendered":"<p><strong>NETTALI.COM - Des \u00e9tudiants ont-ils \u00e9t\u00e9 bless\u00e9s par balles lors des r\u00e9cents affrontements sur le campus universitaire ? C'est en tout cas ce qu'affirme le d\u00e9put\u00e9 Thierno Alassane Sall.\u00a0<\/strong><\/p>\n<p>L'affirmation vient du d\u00e9put\u00e9 Thierno Alassane Sall. Selon lui, des \u00e9tudiants ont \u00e9t\u00e9 bless\u00e9s par balles lors des derniers affrontements avec les forces de l\u2019ordre sur le campus de l'universit\u00e9 Cheikh Anta Diop de Dakar.<\/p>\n<p><em>\"J'ai vu des images d'\u00e9tudiants insoutenables \u00e0 l'universit\u00e9 avec des blessures par balles au niveau du ventre pour certains. J'ai vu de mes propres yeux des \u00e9tudiants bless\u00e9s \u00e0 la jambe par ce qui semble \u00eatre des projectiles par balles r\u00e9elles<\/em>\", a soutenu Thierno Alassane Sall lors de l'examen du projet de Budget du minist\u00e8re de l\u2019Int\u00e9rieur et de la S\u00e9curit\u00e9 publique. \"<em>Et je veux demander \u00e0\u00a0 coll\u00e8gues qui, il y a deux ans, stigmatisaient ce type de comportements, de nous dire aujourd\u2019hui ce qui a chang\u00e9\"<\/em>, a poursuivi le d\u00e9put\u00e9 et patron du parti\u00a0 R\u00e9publique des valeurs.<\/p>\n<p>Ces d\u00e9clarations de Thierno Alassane Sall sont d\u00e9menties par le ministre de l'Int\u00e9rieur. \"<em>Il n'y a pas de blessures par balles \u00e0 l'universit\u00e9 de Dakar<\/em>\", a assur\u00e9 Me Mouhamadou Bamba Ciss\u00e9.<\/p>\n<div class='share-to-whatsapp-wrapper'><div class='share-on-whsp'>PARTAGER SUR : <\/div><a data-text='THIERNO ALASSANE SALL : \"J'ai vu des images d'\u00e9tudiants avec des blessures par balles\"' data-link='https:\/\/www.nettali.com\/2025\/12\/10\/thierno-alassane-sall-jai-vu-des-images-detudiants-avec-des-blessures-par-balles\/' class='whatsapp-button whatsapp-share'>WhatsApp<\/a><div class='clear '><\/div><\/div>","protected":false},"excerpt":{"rendered":"<p>NETTALI.COM - Des \u00e9tudiants ont-ils \u00e9t\u00e9 bless\u00e9s par balles lors des r\u00e9cents affrontements sur le campus universitaire ? C'est en tout cas ce qu'affirme le d\u00e9put\u00e9 Thierno Alassane Sall.\u00a0 L'affirmation vient du d\u00e9put\u00e9 Thierno Alassane Sall. Selon lui, des \u00e9tudiants ont \u00e9t\u00e9 bless\u00e9s par balles lors des derniers affrontements avec les forces de l\u2019ordre sur [&hellip;]<\/p>\n","protected":false},"author":3,"featured_media":166130,"comment_status":"open","ping_status":"open","sticky":false,"template":"","format":"standard","meta":{"_et_pb_use_builder":"","_et_pb_old_content":""},"categories":[3],"tags":[],"yoast_head":"<!-- This site is optimized with the Yoast SEO Premium plugin v17.8 (Yoast SEO v17.8) - https:\/\/yoast.com\/wordpress\/plugins\/seo\/ -->\n<title>THIERNO ALASSANE SALL : &quot;J&#039;ai vu des images d&#039;\u00e9tudiants avec des blessures par balles&quot; | Nettali.com<\/title>\n<meta name=\"robots\" content=\"index, follow, max-snippet:-1, max-image-preview:large, max-video-preview:-1\" \/>\n<link rel=\"canonical\" href=\"https:\/\/www.nettali.com\/2025\/12\/10\/thierno-alassane-sall-jai-vu-des-images-detudiants-avec-des-blessures-par-balles\/\" \/>\n<meta property=\"og:locale\" content=\"fr_FR\" \/>\n<meta property=\"og:type\" content=\"article\" \/>\n<meta property=\"og:title\" content=\"THIERNO ALASSANE SALL : &quot;J&#039;ai vu des images d&#039;\u00e9tudiants avec des blessures par balles&quot;\" \/>\n<meta property=\"og:description\" content=\"NETTALI.COM - Des \u00e9tudiants ont-ils \u00e9t\u00e9 bless\u00e9s par balles lors des r\u00e9cents affrontements sur le campus universitaire ? C&#039;est en tout cas ce qu&#039;affirme le d\u00e9put\u00e9 Thierno Alassane Sall.\u00a0 L&#039;affirmation vient du d\u00e9put\u00e9 Thierno Alassane Sall. Selon lui, des \u00e9tudiants ont \u00e9t\u00e9 bless\u00e9s par balles lors des derniers affrontements avec les forces de l\u2019ordre sur [&hellip;]\" \/>\n<meta property=\"og:url\" content=\"https:\/\/www.nettali.com\/2025\/12\/10\/thierno-alassane-sall-jai-vu-des-images-detudiants-avec-des-blessures-par-balles\/\" \/>\n<meta property=\"og:site_name\" content=\"Nettali.com\" \/>\n<meta property=\"article:publisher\" content=\"https:\/\/www.facebook.com\/nettalicom\" \/>\n<meta property=\"article:published_time\" content=\"2025-12-10T19:15:33+00:00\" \/>\n<meta property=\"og:image\" content=\"https:\/\/www.nettali.com\/wp-content\/uploads\/2025\/12\/fb_img_1764768274728.jpg\" \/>\n\t<meta property=\"og:image:width\" content=\"750\" \/>\n\t<meta property=\"og:image:height\" content=\"430\" \/>\n<meta name=\"twitter:card\" content=\"summary_large_image\" \/>\n<meta name=\"twitter:label1\" content=\"\u00c9crit par\" \/>\n\t<meta name=\"twitter:data1\" content=\"Moustapha\" \/>\n\t<meta name=\"twitter:label2\" content=\"Dur\u00e9e de lecture estim\u00e9e\" \/>\n\t<meta name=\"twitter:data2\" content=\"1 minute\" \/>\n<script type=\"application\/ld+json\" class=\"yoast-schema-graph\">{\"@context\":\"https:\/\/schema.org\",\"@graph\":[{\"@type\":\"WebSite\",\"@id\":\"https:\/\/www.nettali.com\/#website\",\"url\":\"https:\/\/www.nettali.com\/\",\"name\":\"Nettali.com\",\"description\":\"Le rendez-vous critique du Net\",\"potentialAction\":[{\"@type\":\"SearchAction\",\"target\":{\"@type\":\"EntryPoint\",\"urlTemplate\":\"https:\/\/www.nettali.com\/?s={search_term_string}\"},\"query-input\":\"required name=search_term_string\"}],\"inLanguage\":\"fr-FR\"},{\"@type\":\"ImageObject\",\"@id\":\"https:\/\/www.nettali.com\/2025\/12\/10\/thierno-alassane-sall-jai-vu-des-images-detudiants-avec-des-blessures-par-balles\/#primaryimage\",\"inLanguage\":\"fr-FR\",\"url\":\"https:\/\/www.nettali.com\/wp-content\/uploads\/2025\/12\/fb_img_1764768274728.jpg\",\"contentUrl\":\"https:\/\/www.nettali.com\/wp-content\/uploads\/2025\/12\/fb_img_1764768274728.jpg\",\"width\":750,\"height\":430},{\"@type\":\"WebPage\",\"@id\":\"https:\/\/www.nettali.com\/2025\/12\/10\/thierno-alassane-sall-jai-vu-des-images-detudiants-avec-des-blessures-par-balles\/#webpage\",\"url\":\"https:\/\/www.nettali.com\/2025\/12\/10\/thierno-alassane-sall-jai-vu-des-images-detudiants-avec-des-blessures-par-balles\/\",\"name\":\"THIERNO ALASSANE SALL : \\\"J'ai vu des images d'\\u00e9tudiants avec des blessures par balles\\\" | Nettali.com\",\"isPartOf\":{\"@id\":\"https:\/\/www.nettali.com\/#website\"},\"primaryImageOfPage\":{\"@id\":\"https:\/\/www.nettali.com\/2025\/12\/10\/thierno-alassane-sall-jai-vu-des-images-detudiants-avec-des-blessures-par-balles\/#primaryimage\"},\"datePublished\":\"2025-12-10T19:15:33+00:00\",\"dateModified\":\"2025-12-10T19:15:33+00:00\",\"author\":{\"@id\":\"https:\/\/www.nettali.com\/#\/schema\/person\/7962a12a6e0267f88f0ffa544c36469a\"},\"breadcrumb\":{\"@id\":\"https:\/\/www.nettali.com\/2025\/12\/10\/thierno-alassane-sall-jai-vu-des-images-detudiants-avec-des-blessures-par-balles\/#breadcrumb\"},\"inLanguage\":\"fr-FR\",\"potentialAction\":[{\"@type\":\"ReadAction\",\"target\":[\"https:\/\/www.nettali.com\/2025\/12\/10\/thierno-alassane-sall-jai-vu-des-images-detudiants-avec-des-blessures-par-balles\/\"]}]},{\"@type\":\"BreadcrumbList\",\"@id\":\"https:\/\/www.nettali.com\/2025\/12\/10\/thierno-alassane-sall-jai-vu-des-images-detudiants-avec-des-blessures-par-balles\/#breadcrumb\",\"itemListElement\":[{\"@type\":\"ListItem\",\"position\":1,\"name\":\"Accueil\",\"item\":\"https:\/\/www.nettali.com\/\"},{\"@type\":\"ListItem\",\"position\":2,\"name\":\"THIERNO ALASSANE SALL : \\\"J'ai vu des images d'\\u00e9tudiants avec des blessures par balles\\\"\"}]},{\"@type\":\"Person\",\"@id\":\"https:\/\/www.nettali.com\/#\/schema\/person\/7962a12a6e0267f88f0ffa544c36469a\",\"name\":\"Moustapha\",\"image\":{\"@type\":\"ImageObject\",\"@id\":\"https:\/\/www.nettali.com\/#personlogo\",\"inLanguage\":\"fr-FR\",\"url\":\"https:\/\/secure.gravatar.com\/avatar\/10fdf6a071cccdcf374e3dbe45159590?s=96&d=mm&r=g\",\"contentUrl\":\"https:\/\/secure.gravatar.com\/avatar\/10fdf6a071cccdcf374e3dbe45159590?s=96&d=mm&r=g\",\"caption\":\"Moustapha\"},\"sameAs\":[\"https:\/\/www.nettali.com\"]}]}<\/script>\n<!-- \/ Yoast SEO Premium plugin. -->","yoast_head_json":{"title":"THIERNO ALASSANE SALL : \"J'ai vu des images d'\u00e9tudiants avec des blessures par balles\" | Nettali.com","robots":{"index":"index","follow":"follow","max-snippet":"max-snippet:-1","max-image-preview":"max-image-preview:large","max-video-preview":"max-video-preview:-1"},"canonical":"https:\/\/www.nettali.com\/2025\/12\/10\/thierno-alassane-sall-jai-vu-des-images-detudiants-avec-des-blessures-par-balles\/","og_locale":"fr_FR","og_type":"article","og_title":"THIERNO ALASSANE SALL : \"J'ai vu des images d'\u00e9tudiants avec des blessures par balles\"","og_description":"NETTALI.COM - Des \u00e9tudiants ont-ils \u00e9t\u00e9 bless\u00e9s par balles lors des r\u00e9cents affrontements sur le campus universitaire ? C'est en tout cas ce qu'affirme le d\u00e9put\u00e9 Thierno Alassane Sall.\u00a0 L'affirmation vient du d\u00e9put\u00e9 Thierno Alassane Sall. Selon lui, des \u00e9tudiants ont \u00e9t\u00e9 bless\u00e9s par balles lors des derniers affrontements avec les forces de l\u2019ordre sur [&hellip;]","og_url":"https:\/\/www.nettali.com\/2025\/12\/10\/thierno-alassane-sall-jai-vu-des-images-detudiants-avec-des-blessures-par-balles\/","og_site_name":"Nettali.com","article_publisher":"https:\/\/www.facebook.com\/nettalicom","article_published_time":"2025-12-10T19:15:33+00:00","og_image":[{"width":750,"height":430,"url":"https:\/\/www.nettali.com\/wp-content\/uploads\/2025\/12\/fb_img_1764768274728.jpg","type":"image\/jpeg"}],"twitter_card":"summary_large_image","twitter_misc":{"\u00c9crit par":"Moustapha","Dur\u00e9e de lecture estim\u00e9e":"1 minute"},"schema":{"@context":"https:\/\/schema.org","@graph":[{"@type":"WebSite","@id":"https:\/\/www.nettali.com\/#website","url":"https:\/\/www.nettali.com\/","name":"Nettali.com","description":"Le rendez-vous critique du Net","potentialAction":[{"@type":"SearchAction","target":{"@type":"EntryPoint","urlTemplate":"https:\/\/www.nettali.com\/?s={search_term_string}"},"query-input":"required name=search_term_string"}],"inLanguage":"fr-FR"},{"@type":"ImageObject","@id":"https:\/\/www.nettali.com\/2025\/12\/10\/thierno-alassane-sall-jai-vu-des-images-detudiants-avec-des-blessures-par-balles\/#primaryimage","inLanguage":"fr-FR","url":"https:\/\/www.nettali.com\/wp-content\/uploads\/2025\/12\/fb_img_1764768274728.jpg","contentUrl":"https:\/\/www.nettali.com\/wp-content\/uploads\/2025\/12\/fb_img_1764768274728.jpg","width":750,"height":430},{"@type":"WebPage","@id":"https:\/\/www.nettali.com\/2025\/12\/10\/thierno-alassane-sall-jai-vu-des-images-detudiants-avec-des-blessures-par-balles\/#webpage","url":"https:\/\/www.nettali.com\/2025\/12\/10\/thierno-alassane-sall-jai-vu-des-images-detudiants-avec-des-blessures-par-balles\/","name":"THIERNO ALASSANE SALL : \"J'ai vu des images d'\u00e9tudiants avec des blessures par balles\" | Nettali.com","isPartOf":{"@id":"https:\/\/www.nettali.com\/#website"},"primaryImageOfPage":{"@id":"https:\/\/www.nettali.com\/2025\/12\/10\/thierno-alassane-sall-jai-vu-des-images-detudiants-avec-des-blessures-par-balles\/#primaryimage"},"datePublished":"2025-12-10T19:15:33+00:00","dateModified":"2025-12-10T19:15:33+00:00","author":{"@id":"https:\/\/www.nettali.com\/#\/schema\/person\/7962a12a6e0267f88f0ffa544c36469a"},"breadcrumb":{"@id":"https:\/\/www.nettali.com\/2025\/12\/10\/thierno-alassane-sall-jai-vu-des-images-detudiants-avec-des-blessures-par-balles\/#breadcrumb"},"inLanguage":"fr-FR","potentialAction":[{"@type":"ReadAction","target":["https:\/\/www.nettali.com\/2025\/12\/10\/thierno-alassane-sall-jai-vu-des-images-detudiants-avec-des-blessures-par-balles\/"]}]},{"@type":"BreadcrumbList","@id":"https:\/\/www.nettali.com\/2025\/12\/10\/thierno-alassane-sall-jai-vu-des-images-detudiants-avec-des-blessures-par-balles\/#breadcrumb","itemListElement":[{"@type":"ListItem","position":1,"name":"Accueil","item":"https:\/\/www.nettali.com\/"},{"@type":"ListItem","position":2,"name":"THIERNO ALASSANE SALL : \"J'ai vu des images d'\u00e9tudiants avec des blessures par balles\""}]},{"@type":"Person","@id":"https:\/\/www.nettali.com\/#\/schema\/person\/7962a12a6e0267f88f0ffa544c36469a","name":"Moustapha","image":{"@type":"ImageObject","@id":"https:\/\/www.nettali.com\/#personlogo","inLanguage":"fr-FR","url":"https:\/\/secure.gravatar.com\/avatar\/10fdf6a071cccdcf374e3dbe45159590?s=96&d=mm&r=g","contentUrl":"https:\/\/secure.gravatar.com\/avatar\/10fdf6a071cccdcf374e3dbe45159590?s=96&d=mm&r=g","caption":"Moustapha"},"sameAs":["https:\/\/www.nettali.com"]}]}},"_links":{"self":[{"href":"https:\/\/www.nettali.com\/rest\/wp\/v2\/posts\/166129"}],"collection":[{"href":"https:\/\/www.nettali.com\/rest\/wp\/v2\/posts"}],"about":[{"href":"https:\/\/www.nettali.com\/rest\/wp\/v2\/types\/post"}],"author":[{"embeddable":true,"href":"https:\/\/www.nettali.com\/rest\/wp\/v2\/users\/3"}],"replies":[{"embeddable":true,"href":"https:\/\/www.nettali.com\/rest\/wp\/v2\/comments?post=166129"}],"version-history":[{"count":1,"href":"https:\/\/www.nettali.com\/rest\/wp\/v2\/posts\/166129\/revisions"}],"predecessor-version":[{"id":166131,"href":"https:\/\/www.nettali.com\/rest\/wp\/v2\/posts\/166129\/revisions\/166131"}],"wp:featuredmedia":[{"embeddable":true,"href":"https:\/\/www.nettali.com\/rest\/wp\/v2\/media\/166130"}],"wp:attachment":[{"href":"https:\/\/www.nettali.com\/rest\/wp\/v2\/media?parent=166129"}],"wp:term":[{"taxonomy":"category","embeddable":true,"href":"https:\/\/www.nettali.com\/rest\/wp\/v2\/categories?post=166129"},{"taxonomy":"post_tag","embeddable":true,"href":"https:\/\/www.nettali.com\/rest\/wp\/v2\/tags?post=166129"}],"curies":[{"name":"wp","href":"https:\/\/api.w.org\/{rel}","templated":true}]}}