{"id":166120,"date":"2025-12-10T15:45:30","date_gmt":"2025-12-10T15:45:30","guid":{"rendered":"https:\/\/www.nettali.com\/?p=166120"},"modified":"2025-12-10T12:50:06","modified_gmt":"2025-12-10T12:50:06","slug":"cooperation-renforcee-une-delegation-des-emirats-arabes-unis-en-visite-a-dakar","status":"publish","type":"post","link":"https:\/\/www.nettali.com\/2025\/12\/10\/cooperation-renforcee-une-delegation-des-emirats-arabes-unis-en-visite-a-dakar\/","title":{"rendered":"COOP\u00c9RATION RENFORC\u00c9E - Une d\u00e9l\u00e9gation des \u00c9mirats Arabes Unis en visite \u00e0 Dakar"},"content":{"rendered":"<p data-start=\"91\" data-end=\"391\"><strong data-start=\"91\" data-end=\"391\">NETTALI.COM - Conduite par le ministre du Commerce ext\u00e9rieur, Dr Thani Bin Ahmed Al Zeyoudi, une importante d\u00e9l\u00e9gation \u00e9miratie a entam\u00e9 ce mercredi 10 d\u00e9cembre 2025 une visite officielle au S\u00e9n\u00e9gal. Les travaux, ouverts \u00e0 la Primature, visent \u00e0 dynamiser les partenariats dans plusieurs secteurs strat\u00e9giques.<\/strong><\/p>\n<p data-start=\"393\" data-end=\"733\">Une mission de haut niveau des \u00c9mirats Arabes Unis s\u00e9journe depuis mercredi \u00e0 Dakar pour une s\u00e9rie d\u2019\u00e9changes avec les autorit\u00e9s s\u00e9n\u00e9galaises. La d\u00e9l\u00e9gation, conduite par le ministre \u00e9mirati du Commerce ext\u00e9rieur, Dr Thani Bin Ahmed Al Zeyoudi, a pris part \u00e0 la c\u00e9r\u00e9monie d\u2019ouverture des rencontres S\u00e9n\u00e9gal\u2013\u00c9mirats, pr\u00e9sid\u00e9e \u00e0 la Primature.<\/p>\n<p data-start=\"735\" data-end=\"1030\">Plac\u00e9e sous la coordination du ministre des Finances et du Budget, Cheikh Diba, cette visite pr\u00e9voit plusieurs s\u00e9ances de travail sectorielles. Les discussions couvriront des domaines cl\u00e9s pour l\u2019\u00e9conomie s\u00e9n\u00e9galaise : sant\u00e9, \u00e9nergies, mines, p\u00e9trole et gaz, t\u00e9l\u00e9communications et agriculture.<\/p>\n<p data-start=\"1032\" data-end=\"1177\" data-is-last-node=\"\" data-is-only-node=\"\">L\u2019objectif affich\u00e9 est de renforcer la coop\u00e9ration bilat\u00e9rale et d\u2019explorer de nouvelles opportunit\u00e9s d\u2019investissements entre Dakar et Abu Dhabi.<\/p>\n<div class='share-to-whatsapp-wrapper'><div class='share-on-whsp'>PARTAGER SUR : <\/div><a data-text='COOP\u00c9RATION RENFORC\u00c9E - Une d\u00e9l\u00e9gation des \u00c9mirats Arabes Unis en visite \u00e0 Dakar' data-link='https:\/\/www.nettali.com\/2025\/12\/10\/cooperation-renforcee-une-delegation-des-emirats-arabes-unis-en-visite-a-dakar\/' class='whatsapp-button whatsapp-share'>WhatsApp<\/a><div class='clear '><\/div><\/div>","protected":false},"excerpt":{"rendered":"<p>NETTALI.COM - Conduite par le ministre du Commerce ext\u00e9rieur, Dr Thani Bin Ahmed Al Zeyoudi, une importante d\u00e9l\u00e9gation \u00e9miratie a entam\u00e9 ce mercredi 10 d\u00e9cembre 2025 une visite officielle au S\u00e9n\u00e9gal. Les travaux, ouverts \u00e0 la Primature, visent \u00e0 dynamiser les partenariats dans plusieurs secteurs strat\u00e9giques. Une mission de haut niveau des \u00c9mirats Arabes Unis [&hellip;]<\/p>\n","protected":false},"author":4,"featured_media":166121,"comment_status":"open","ping_status":"open","sticky":false,"template":"","format":"standard","meta":{"_et_pb_use_builder":"","_et_pb_old_content":""},"categories":[2],"tags":[],"yoast_head":"<!-- This site is optimized with the Yoast SEO Premium plugin v17.8 (Yoast SEO v17.8) - https:\/\/yoast.com\/wordpress\/plugins\/seo\/ -->\n<title>COOP\u00c9RATION RENFORC\u00c9E - Une d\u00e9l\u00e9gation des \u00c9mirats Arabes Unis en visite \u00e0 Dakar | Nettali.com<\/title>\n<meta name=\"robots\" content=\"index, follow, max-snippet:-1, max-image-preview:large, max-video-preview:-1\" \/>\n<link rel=\"canonical\" href=\"https:\/\/www.nettali.com\/2025\/12\/10\/cooperation-renforcee-une-delegation-des-emirats-arabes-unis-en-visite-a-dakar\/\" \/>\n<meta property=\"og:locale\" content=\"fr_FR\" \/>\n<meta property=\"og:type\" content=\"article\" \/>\n<meta property=\"og:title\" content=\"COOP\u00c9RATION RENFORC\u00c9E - Une d\u00e9l\u00e9gation des \u00c9mirats Arabes Unis en visite \u00e0 Dakar\" \/>\n<meta property=\"og:description\" content=\"NETTALI.COM - Conduite par le ministre du Commerce ext\u00e9rieur, Dr Thani Bin Ahmed Al Zeyoudi, une importante d\u00e9l\u00e9gation \u00e9miratie a entam\u00e9 ce mercredi 10 d\u00e9cembre 2025 une visite officielle au S\u00e9n\u00e9gal. Les travaux, ouverts \u00e0 la Primature, visent \u00e0 dynamiser les partenariats dans plusieurs secteurs strat\u00e9giques. Une mission de haut niveau des \u00c9mirats Arabes Unis [&hellip;]\" \/>\n<meta property=\"og:url\" content=\"https:\/\/www.nettali.com\/2025\/12\/10\/cooperation-renforcee-une-delegation-des-emirats-arabes-unis-en-visite-a-dakar\/\" \/>\n<meta property=\"og:site_name\" content=\"Nettali.com\" \/>\n<meta property=\"article:publisher\" content=\"https:\/\/www.facebook.com\/nettalicom\" \/>\n<meta property=\"article:published_time\" content=\"2025-12-10T15:45:30+00:00\" \/>\n<meta property=\"article:modified_time\" content=\"2025-12-10T12:50:06+00:00\" \/>\n<meta property=\"og:image\" content=\"https:\/\/www.nettali.com\/wp-content\/uploads\/2025\/12\/Capture-de\u0301cran-2025-12-10-a\u0300-12.48.38.png\" \/>\n\t<meta property=\"og:image:width\" content=\"668\" \/>\n\t<meta property=\"og:image:height\" content=\"407\" \/>\n<meta name=\"twitter:card\" content=\"summary_large_image\" \/>\n<meta name=\"twitter:label1\" content=\"\u00c9crit par\" \/>\n\t<meta name=\"twitter:data1\" content=\"Daouda\" \/>\n\t<meta name=\"twitter:label2\" content=\"Dur\u00e9e de lecture estim\u00e9e\" \/>\n\t<meta name=\"twitter:data2\" content=\"1 minute\" \/>\n<script type=\"application\/ld+json\" class=\"yoast-schema-graph\">{\"@context\":\"https:\/\/schema.org\",\"@graph\":[{\"@type\":\"WebSite\",\"@id\":\"https:\/\/www.nettali.com\/#website\",\"url\":\"https:\/\/www.nettali.com\/\",\"name\":\"Nettali.com\",\"description\":\"Le rendez-vous critique du Net\",\"potentialAction\":[{\"@type\":\"SearchAction\",\"target\":{\"@type\":\"EntryPoint\",\"urlTemplate\":\"https:\/\/www.nettali.com\/?s={search_term_string}\"},\"query-input\":\"required name=search_term_string\"}],\"inLanguage\":\"fr-FR\"},{\"@type\":\"ImageObject\",\"@id\":\"https:\/\/www.nettali.com\/2025\/12\/10\/cooperation-renforcee-une-delegation-des-emirats-arabes-unis-en-visite-a-dakar\/#primaryimage\",\"inLanguage\":\"fr-FR\",\"url\":\"https:\/\/www.nettali.com\/wp-content\/uploads\/2025\/12\/Capture-de\\u0301cran-2025-12-10-a\\u0300-12.48.38.png\",\"contentUrl\":\"https:\/\/www.nettali.com\/wp-content\/uploads\/2025\/12\/Capture-de\\u0301cran-2025-12-10-a\\u0300-12.48.38.png\",\"width\":668,\"height\":407},{\"@type\":\"WebPage\",\"@id\":\"https:\/\/www.nettali.com\/2025\/12\/10\/cooperation-renforcee-une-delegation-des-emirats-arabes-unis-en-visite-a-dakar\/#webpage\",\"url\":\"https:\/\/www.nettali.com\/2025\/12\/10\/cooperation-renforcee-une-delegation-des-emirats-arabes-unis-en-visite-a-dakar\/\",\"name\":\"COOP\\u00c9RATION RENFORC\\u00c9E - Une d\\u00e9l\\u00e9gation des \\u00c9mirats Arabes Unis en visite \\u00e0 Dakar | Nettali.com\",\"isPartOf\":{\"@id\":\"https:\/\/www.nettali.com\/#website\"},\"primaryImageOfPage\":{\"@id\":\"https:\/\/www.nettali.com\/2025\/12\/10\/cooperation-renforcee-une-delegation-des-emirats-arabes-unis-en-visite-a-dakar\/#primaryimage\"},\"datePublished\":\"2025-12-10T15:45:30+00:00\",\"dateModified\":\"2025-12-10T12:50:06+00:00\",\"author\":{\"@id\":\"https:\/\/www.nettali.com\/#\/schema\/person\/3317e0bb3aa1da309fbf7b2780901bf4\"},\"breadcrumb\":{\"@id\":\"https:\/\/www.nettali.com\/2025\/12\/10\/cooperation-renforcee-une-delegation-des-emirats-arabes-unis-en-visite-a-dakar\/#breadcrumb\"},\"inLanguage\":\"fr-FR\",\"potentialAction\":[{\"@type\":\"ReadAction\",\"target\":[\"https:\/\/www.nettali.com\/2025\/12\/10\/cooperation-renforcee-une-delegation-des-emirats-arabes-unis-en-visite-a-dakar\/\"]}]},{\"@type\":\"BreadcrumbList\",\"@id\":\"https:\/\/www.nettali.com\/2025\/12\/10\/cooperation-renforcee-une-delegation-des-emirats-arabes-unis-en-visite-a-dakar\/#breadcrumb\",\"itemListElement\":[{\"@type\":\"ListItem\",\"position\":1,\"name\":\"Accueil\",\"item\":\"https:\/\/www.nettali.com\/\"},{\"@type\":\"ListItem\",\"position\":2,\"name\":\"COOP\\u00c9RATION RENFORC\\u00c9E - Une d\\u00e9l\\u00e9gation des \\u00c9mirats Arabes Unis en visite \\u00e0 Dakar\"}]},{\"@type\":\"Person\",\"@id\":\"https:\/\/www.nettali.com\/#\/schema\/person\/3317e0bb3aa1da309fbf7b2780901bf4\",\"name\":\"Daouda\",\"image\":{\"@type\":\"ImageObject\",\"@id\":\"https:\/\/www.nettali.com\/#personlogo\",\"inLanguage\":\"fr-FR\",\"url\":\"https:\/\/secure.gravatar.com\/avatar\/8d143b5a49345098ddcfee1c49c2f47c?s=96&d=mm&r=g\",\"contentUrl\":\"https:\/\/secure.gravatar.com\/avatar\/8d143b5a49345098ddcfee1c49c2f47c?s=96&d=mm&r=g\",\"caption\":\"Daouda\"},\"sameAs\":[\"https:\/\/www.nettali.com\"]}]}<\/script>\n<!-- \/ Yoast SEO Premium plugin. -->","yoast_head_json":{"title":"COOP\u00c9RATION RENFORC\u00c9E - Une d\u00e9l\u00e9gation des \u00c9mirats Arabes Unis en visite \u00e0 Dakar | Nettali.com","robots":{"index":"index","follow":"follow","max-snippet":"max-snippet:-1","max-image-preview":"max-image-preview:large","max-video-preview":"max-video-preview:-1"},"canonical":"https:\/\/www.nettali.com\/2025\/12\/10\/cooperation-renforcee-une-delegation-des-emirats-arabes-unis-en-visite-a-dakar\/","og_locale":"fr_FR","og_type":"article","og_title":"COOP\u00c9RATION RENFORC\u00c9E - Une d\u00e9l\u00e9gation des \u00c9mirats Arabes Unis en visite \u00e0 Dakar","og_description":"NETTALI.COM - Conduite par le ministre du Commerce ext\u00e9rieur, Dr Thani Bin Ahmed Al Zeyoudi, une importante d\u00e9l\u00e9gation \u00e9miratie a entam\u00e9 ce mercredi 10 d\u00e9cembre 2025 une visite officielle au S\u00e9n\u00e9gal. Les travaux, ouverts \u00e0 la Primature, visent \u00e0 dynamiser les partenariats dans plusieurs secteurs strat\u00e9giques. Une mission de haut niveau des \u00c9mirats Arabes Unis [&hellip;]","og_url":"https:\/\/www.nettali.com\/2025\/12\/10\/cooperation-renforcee-une-delegation-des-emirats-arabes-unis-en-visite-a-dakar\/","og_site_name":"Nettali.com","article_publisher":"https:\/\/www.facebook.com\/nettalicom","article_published_time":"2025-12-10T15:45:30+00:00","article_modified_time":"2025-12-10T12:50:06+00:00","og_image":[{"width":668,"height":407,"url":"https:\/\/www.nettali.com\/wp-content\/uploads\/2025\/12\/Capture-de\u0301cran-2025-12-10-a\u0300-12.48.38.png","type":"image\/png"}],"twitter_card":"summary_large_image","twitter_misc":{"\u00c9crit par":"Daouda","Dur\u00e9e de lecture estim\u00e9e":"1 minute"},"schema":{"@context":"https:\/\/schema.org","@graph":[{"@type":"WebSite","@id":"https:\/\/www.nettali.com\/#website","url":"https:\/\/www.nettali.com\/","name":"Nettali.com","description":"Le rendez-vous critique du Net","potentialAction":[{"@type":"SearchAction","target":{"@type":"EntryPoint","urlTemplate":"https:\/\/www.nettali.com\/?s={search_term_string}"},"query-input":"required name=search_term_string"}],"inLanguage":"fr-FR"},{"@type":"ImageObject","@id":"https:\/\/www.nettali.com\/2025\/12\/10\/cooperation-renforcee-une-delegation-des-emirats-arabes-unis-en-visite-a-dakar\/#primaryimage","inLanguage":"fr-FR","url":"https:\/\/www.nettali.com\/wp-content\/uploads\/2025\/12\/Capture-de\u0301cran-2025-12-10-a\u0300-12.48.38.png","contentUrl":"https:\/\/www.nettali.com\/wp-content\/uploads\/2025\/12\/Capture-de\u0301cran-2025-12-10-a\u0300-12.48.38.png","width":668,"height":407},{"@type":"WebPage","@id":"https:\/\/www.nettali.com\/2025\/12\/10\/cooperation-renforcee-une-delegation-des-emirats-arabes-unis-en-visite-a-dakar\/#webpage","url":"https:\/\/www.nettali.com\/2025\/12\/10\/cooperation-renforcee-une-delegation-des-emirats-arabes-unis-en-visite-a-dakar\/","name":"COOP\u00c9RATION RENFORC\u00c9E - Une d\u00e9l\u00e9gation des \u00c9mirats Arabes Unis en visite \u00e0 Dakar | Nettali.com","isPartOf":{"@id":"https:\/\/www.nettali.com\/#website"},"primaryImageOfPage":{"@id":"https:\/\/www.nettali.com\/2025\/12\/10\/cooperation-renforcee-une-delegation-des-emirats-arabes-unis-en-visite-a-dakar\/#primaryimage"},"datePublished":"2025-12-10T15:45:30+00:00","dateModified":"2025-12-10T12:50:06+00:00","author":{"@id":"https:\/\/www.nettali.com\/#\/schema\/person\/3317e0bb3aa1da309fbf7b2780901bf4"},"breadcrumb":{"@id":"https:\/\/www.nettali.com\/2025\/12\/10\/cooperation-renforcee-une-delegation-des-emirats-arabes-unis-en-visite-a-dakar\/#breadcrumb"},"inLanguage":"fr-FR","potentialAction":[{"@type":"ReadAction","target":["https:\/\/www.nettali.com\/2025\/12\/10\/cooperation-renforcee-une-delegation-des-emirats-arabes-unis-en-visite-a-dakar\/"]}]},{"@type":"BreadcrumbList","@id":"https:\/\/www.nettali.com\/2025\/12\/10\/cooperation-renforcee-une-delegation-des-emirats-arabes-unis-en-visite-a-dakar\/#breadcrumb","itemListElement":[{"@type":"ListItem","position":1,"name":"Accueil","item":"https:\/\/www.nettali.com\/"},{"@type":"ListItem","position":2,"name":"COOP\u00c9RATION RENFORC\u00c9E - Une d\u00e9l\u00e9gation des \u00c9mirats Arabes Unis en visite \u00e0 Dakar"}]},{"@type":"Person","@id":"https:\/\/www.nettali.com\/#\/schema\/person\/3317e0bb3aa1da309fbf7b2780901bf4","name":"Daouda","image":{"@type":"ImageObject","@id":"https:\/\/www.nettali.com\/#personlogo","inLanguage":"fr-FR","url":"https:\/\/secure.gravatar.com\/avatar\/8d143b5a49345098ddcfee1c49c2f47c?s=96&d=mm&r=g","contentUrl":"https:\/\/secure.gravatar.com\/avatar\/8d143b5a49345098ddcfee1c49c2f47c?s=96&d=mm&r=g","caption":"Daouda"},"sameAs":["https:\/\/www.nettali.com"]}]}},"_links":{"self":[{"href":"https:\/\/www.nettali.com\/rest\/wp\/v2\/posts\/166120"}],"collection":[{"href":"https:\/\/www.nettali.com\/rest\/wp\/v2\/posts"}],"about":[{"href":"https:\/\/www.nettali.com\/rest\/wp\/v2\/types\/post"}],"author":[{"embeddable":true,"href":"https:\/\/www.nettali.com\/rest\/wp\/v2\/users\/4"}],"replies":[{"embeddable":true,"href":"https:\/\/www.nettali.com\/rest\/wp\/v2\/comments?post=166120"}],"version-history":[{"count":1,"href":"https:\/\/www.nettali.com\/rest\/wp\/v2\/posts\/166120\/revisions"}],"predecessor-version":[{"id":166122,"href":"https:\/\/www.nettali.com\/rest\/wp\/v2\/posts\/166120\/revisions\/166122"}],"wp:featuredmedia":[{"embeddable":true,"href":"https:\/\/www.nettali.com\/rest\/wp\/v2\/media\/166121"}],"wp:attachment":[{"href":"https:\/\/www.nettali.com\/rest\/wp\/v2\/media?parent=166120"}],"wp:term":[{"taxonomy":"category","embeddable":true,"href":"https:\/\/www.nettali.com\/rest\/wp\/v2\/categories?post=166120"},{"taxonomy":"post_tag","embeddable":true,"href":"https:\/\/www.nettali.com\/rest\/wp\/v2\/tags?post=166120"}],"curies":[{"name":"wp","href":"https:\/\/api.w.org\/{rel}","templated":true}]}}