{"id":166108,"date":"2025-12-10T13:30:06","date_gmt":"2025-12-10T13:30:06","guid":{"rendered":"https:\/\/www.nettali.com\/?p=166108"},"modified":"2025-12-10T19:16:05","modified_gmt":"2025-12-10T19:16:05","slug":"cameroun-renvoye-brys-publie-une-liste-pour-la-can","status":"publish","type":"post","link":"https:\/\/www.nettali.com\/2025\/12\/10\/cameroun-renvoye-brys-publie-une-liste-pour-la-can\/","title":{"rendered":"CAMEROUN - Renvoy\u00e9, Brys publie une liste pour la Can"},"content":{"rendered":"<p><strong>NETTALI.COM -<\/strong> Le 1er d\u00e9cembre, David Pagou - tout juste intronis\u00e9 s\u00e9lectionneur de Cameroun apr\u00e8s le limogeage de Marc Brys - annon\u00e7ait la liste des 28 Camerounais qui iront au Maroc pour disputer la Coupe d'Afrique des nations 2025. Dans cette liste, manquaient \u00e0 l'appel Andr\u00e9 Onana et Vincent Aboubakar alors que Christian Kofane et Eric-Junior Dina- Ebimbe \u00e9taient appel\u00e9s.<\/p>\n<p>Chass\u00e9 par Eto'o, avec lequel il \u00e9tait en conflit, Brys (63 ans) est encore officiellement sous contrat avec le Cameroun jusqu'au 30 septembre 2026. Employ\u00e9 par le minist\u00e8re des Sports, il n'aurait re\u00e7u aucune notification officielle de son licenciement de la part du ministre Narcisse Mouelle Kombi. Et le Belge a critiqu\u00e9 la liste de Pagou dans un entretien \u00e0 \u201cAfrik Foot\u201d : \u201c<em>Eto'o a \u00e9vinc\u00e9 des joueurs importants, des leaders, car c'est \u00e9videmment lui qui a fait cette liste. Comment peuton aller disputer un tel tournoi sans un gardien de niveau mondial, ou sans Aboubakar ? Parce que ce sont des joueurs qui ont du caract\u00e8re, qui tiennent t\u00eate au pr\u00e9sident<\/em>\u201d.<\/p>\n<p>Selon le m\u00e9dia \u201cActu Cameroun\u201d, Marc Brys a publi\u00e9 sa propre liste des 28 joueurs qu'il aurait choisis pour la Can au Maroc. Dans celle-ci, sept changements sont \u00e0 noter par rapport \u00e0 la liste de Pagou : avec notamment la pr\u00e9sence d'Andr\u00e9 Onana, Vincent Aboubakar et d'Eric Maxim Choupo-Moting. Ngadeu Ngadjui, Jackson Tchatchoua, Yvan Neyou et Martin Hongla font aussi partie des choix de Brys.<\/p>\n<div class='share-to-whatsapp-wrapper'><div class='share-on-whsp'>PARTAGER SUR : <\/div><a data-text='CAMEROUN - Renvoy\u00e9, Brys publie une liste pour la Can' data-link='https:\/\/www.nettali.com\/2025\/12\/10\/cameroun-renvoye-brys-publie-une-liste-pour-la-can\/' class='whatsapp-button whatsapp-share'>WhatsApp<\/a><div class='clear '><\/div><\/div>","protected":false},"excerpt":{"rendered":"<p>NETTALI.COM - Le 1er d\u00e9cembre, David Pagou - tout juste intronis\u00e9 s\u00e9lectionneur de Cameroun apr\u00e8s le limogeage de Marc Brys - annon\u00e7ait la liste des 28 Camerounais qui iront au Maroc pour disputer la Coupe d'Afrique des nations 2025. Dans cette liste, manquaient \u00e0 l'appel Andr\u00e9 Onana et Vincent Aboubakar alors que Christian Kofane et [&hellip;]<\/p>\n","protected":false},"author":2,"featured_media":165985,"comment_status":"open","ping_status":"open","sticky":false,"template":"","format":"standard","meta":{"_et_pb_use_builder":"","_et_pb_old_content":""},"categories":[6],"tags":[],"yoast_head":"<!-- This site is optimized with the Yoast SEO Premium plugin v17.8 (Yoast SEO v17.8) - https:\/\/yoast.com\/wordpress\/plugins\/seo\/ -->\n<title>CAMEROUN - Renvoy\u00e9, Brys publie une liste pour la Can | Nettali.com<\/title>\n<meta name=\"robots\" content=\"index, follow, max-snippet:-1, max-image-preview:large, max-video-preview:-1\" \/>\n<link rel=\"canonical\" href=\"https:\/\/www.nettali.com\/2025\/12\/10\/cameroun-renvoye-brys-publie-une-liste-pour-la-can\/\" \/>\n<meta property=\"og:locale\" content=\"fr_FR\" \/>\n<meta property=\"og:type\" content=\"article\" \/>\n<meta property=\"og:title\" content=\"CAMEROUN - Renvoy\u00e9, Brys publie une liste pour la Can\" \/>\n<meta property=\"og:description\" content=\"NETTALI.COM - Le 1er d\u00e9cembre, David Pagou - tout juste intronis\u00e9 s\u00e9lectionneur de Cameroun apr\u00e8s le limogeage de Marc Brys - annon\u00e7ait la liste des 28 Camerounais qui iront au Maroc pour disputer la Coupe d&#039;Afrique des nations 2025. Dans cette liste, manquaient \u00e0 l&#039;appel Andr\u00e9 Onana et Vincent Aboubakar alors que Christian Kofane et [&hellip;]\" \/>\n<meta property=\"og:url\" content=\"https:\/\/www.nettali.com\/2025\/12\/10\/cameroun-renvoye-brys-publie-une-liste-pour-la-can\/\" \/>\n<meta property=\"og:site_name\" content=\"Nettali.com\" \/>\n<meta property=\"article:publisher\" content=\"https:\/\/www.facebook.com\/nettalicom\" \/>\n<meta property=\"article:published_time\" content=\"2025-12-10T13:30:06+00:00\" \/>\n<meta property=\"article:modified_time\" content=\"2025-12-10T19:16:05+00:00\" \/>\n<meta property=\"og:image\" content=\"https:\/\/www.nettali.com\/wp-content\/uploads\/2025\/12\/cameroun-6656422a7efdb.jpg\" \/>\n\t<meta property=\"og:image:width\" content=\"1200\" \/>\n\t<meta property=\"og:image:height\" content=\"900\" \/>\n<meta name=\"twitter:card\" content=\"summary_large_image\" \/>\n<meta name=\"twitter:label1\" content=\"\u00c9crit par\" \/>\n\t<meta name=\"twitter:data1\" content=\"CK\" \/>\n\t<meta name=\"twitter:label2\" content=\"Dur\u00e9e de lecture estim\u00e9e\" \/>\n\t<meta name=\"twitter:data2\" content=\"1 minute\" \/>\n<script type=\"application\/ld+json\" class=\"yoast-schema-graph\">{\"@context\":\"https:\/\/schema.org\",\"@graph\":[{\"@type\":\"WebSite\",\"@id\":\"https:\/\/www.nettali.com\/#website\",\"url\":\"https:\/\/www.nettali.com\/\",\"name\":\"Nettali.com\",\"description\":\"Le rendez-vous critique du Net\",\"potentialAction\":[{\"@type\":\"SearchAction\",\"target\":{\"@type\":\"EntryPoint\",\"urlTemplate\":\"https:\/\/www.nettali.com\/?s={search_term_string}\"},\"query-input\":\"required name=search_term_string\"}],\"inLanguage\":\"fr-FR\"},{\"@type\":\"ImageObject\",\"@id\":\"https:\/\/www.nettali.com\/2025\/12\/10\/cameroun-renvoye-brys-publie-une-liste-pour-la-can\/#primaryimage\",\"inLanguage\":\"fr-FR\",\"url\":\"https:\/\/www.nettali.com\/wp-content\/uploads\/2025\/12\/cameroun-6656422a7efdb.jpg\",\"contentUrl\":\"https:\/\/www.nettali.com\/wp-content\/uploads\/2025\/12\/cameroun-6656422a7efdb.jpg\",\"width\":1200,\"height\":900},{\"@type\":\"WebPage\",\"@id\":\"https:\/\/www.nettali.com\/2025\/12\/10\/cameroun-renvoye-brys-publie-une-liste-pour-la-can\/#webpage\",\"url\":\"https:\/\/www.nettali.com\/2025\/12\/10\/cameroun-renvoye-brys-publie-une-liste-pour-la-can\/\",\"name\":\"CAMEROUN - Renvoy\\u00e9, Brys publie une liste pour la Can | Nettali.com\",\"isPartOf\":{\"@id\":\"https:\/\/www.nettali.com\/#website\"},\"primaryImageOfPage\":{\"@id\":\"https:\/\/www.nettali.com\/2025\/12\/10\/cameroun-renvoye-brys-publie-une-liste-pour-la-can\/#primaryimage\"},\"datePublished\":\"2025-12-10T13:30:06+00:00\",\"dateModified\":\"2025-12-10T19:16:05+00:00\",\"author\":{\"@id\":\"https:\/\/www.nettali.com\/#\/schema\/person\/d8ac7b7e27ddad43f1c0d2ef090d7f71\"},\"breadcrumb\":{\"@id\":\"https:\/\/www.nettali.com\/2025\/12\/10\/cameroun-renvoye-brys-publie-une-liste-pour-la-can\/#breadcrumb\"},\"inLanguage\":\"fr-FR\",\"potentialAction\":[{\"@type\":\"ReadAction\",\"target\":[\"https:\/\/www.nettali.com\/2025\/12\/10\/cameroun-renvoye-brys-publie-une-liste-pour-la-can\/\"]}]},{\"@type\":\"BreadcrumbList\",\"@id\":\"https:\/\/www.nettali.com\/2025\/12\/10\/cameroun-renvoye-brys-publie-une-liste-pour-la-can\/#breadcrumb\",\"itemListElement\":[{\"@type\":\"ListItem\",\"position\":1,\"name\":\"Accueil\",\"item\":\"https:\/\/www.nettali.com\/\"},{\"@type\":\"ListItem\",\"position\":2,\"name\":\"CAMEROUN - Renvoy\\u00e9, Brys publie une liste pour la Can\"}]},{\"@type\":\"Person\",\"@id\":\"https:\/\/www.nettali.com\/#\/schema\/person\/d8ac7b7e27ddad43f1c0d2ef090d7f71\",\"name\":\"CK\",\"image\":{\"@type\":\"ImageObject\",\"@id\":\"https:\/\/www.nettali.com\/#personlogo\",\"inLanguage\":\"fr-FR\",\"url\":\"https:\/\/secure.gravatar.com\/avatar\/1d8d5118b9327d94da7cd4ce7f17fec2?s=96&d=mm&r=g\",\"contentUrl\":\"https:\/\/secure.gravatar.com\/avatar\/1d8d5118b9327d94da7cd4ce7f17fec2?s=96&d=mm&r=g\",\"caption\":\"CK\"},\"sameAs\":[\"https:\/\/www.nettali.com\"]}]}<\/script>\n<!-- \/ Yoast SEO Premium plugin. -->","yoast_head_json":{"title":"CAMEROUN - Renvoy\u00e9, Brys publie une liste pour la Can | Nettali.com","robots":{"index":"index","follow":"follow","max-snippet":"max-snippet:-1","max-image-preview":"max-image-preview:large","max-video-preview":"max-video-preview:-1"},"canonical":"https:\/\/www.nettali.com\/2025\/12\/10\/cameroun-renvoye-brys-publie-une-liste-pour-la-can\/","og_locale":"fr_FR","og_type":"article","og_title":"CAMEROUN - Renvoy\u00e9, Brys publie une liste pour la Can","og_description":"NETTALI.COM - Le 1er d\u00e9cembre, David Pagou - tout juste intronis\u00e9 s\u00e9lectionneur de Cameroun apr\u00e8s le limogeage de Marc Brys - annon\u00e7ait la liste des 28 Camerounais qui iront au Maroc pour disputer la Coupe d'Afrique des nations 2025. Dans cette liste, manquaient \u00e0 l'appel Andr\u00e9 Onana et Vincent Aboubakar alors que Christian Kofane et [&hellip;]","og_url":"https:\/\/www.nettali.com\/2025\/12\/10\/cameroun-renvoye-brys-publie-une-liste-pour-la-can\/","og_site_name":"Nettali.com","article_publisher":"https:\/\/www.facebook.com\/nettalicom","article_published_time":"2025-12-10T13:30:06+00:00","article_modified_time":"2025-12-10T19:16:05+00:00","og_image":[{"width":1200,"height":900,"url":"https:\/\/www.nettali.com\/wp-content\/uploads\/2025\/12\/cameroun-6656422a7efdb.jpg","type":"image\/jpeg"}],"twitter_card":"summary_large_image","twitter_misc":{"\u00c9crit par":"CK","Dur\u00e9e de lecture estim\u00e9e":"1 minute"},"schema":{"@context":"https:\/\/schema.org","@graph":[{"@type":"WebSite","@id":"https:\/\/www.nettali.com\/#website","url":"https:\/\/www.nettali.com\/","name":"Nettali.com","description":"Le rendez-vous critique du Net","potentialAction":[{"@type":"SearchAction","target":{"@type":"EntryPoint","urlTemplate":"https:\/\/www.nettali.com\/?s={search_term_string}"},"query-input":"required name=search_term_string"}],"inLanguage":"fr-FR"},{"@type":"ImageObject","@id":"https:\/\/www.nettali.com\/2025\/12\/10\/cameroun-renvoye-brys-publie-une-liste-pour-la-can\/#primaryimage","inLanguage":"fr-FR","url":"https:\/\/www.nettali.com\/wp-content\/uploads\/2025\/12\/cameroun-6656422a7efdb.jpg","contentUrl":"https:\/\/www.nettali.com\/wp-content\/uploads\/2025\/12\/cameroun-6656422a7efdb.jpg","width":1200,"height":900},{"@type":"WebPage","@id":"https:\/\/www.nettali.com\/2025\/12\/10\/cameroun-renvoye-brys-publie-une-liste-pour-la-can\/#webpage","url":"https:\/\/www.nettali.com\/2025\/12\/10\/cameroun-renvoye-brys-publie-une-liste-pour-la-can\/","name":"CAMEROUN - Renvoy\u00e9, Brys publie une liste pour la Can | Nettali.com","isPartOf":{"@id":"https:\/\/www.nettali.com\/#website"},"primaryImageOfPage":{"@id":"https:\/\/www.nettali.com\/2025\/12\/10\/cameroun-renvoye-brys-publie-une-liste-pour-la-can\/#primaryimage"},"datePublished":"2025-12-10T13:30:06+00:00","dateModified":"2025-12-10T19:16:05+00:00","author":{"@id":"https:\/\/www.nettali.com\/#\/schema\/person\/d8ac7b7e27ddad43f1c0d2ef090d7f71"},"breadcrumb":{"@id":"https:\/\/www.nettali.com\/2025\/12\/10\/cameroun-renvoye-brys-publie-une-liste-pour-la-can\/#breadcrumb"},"inLanguage":"fr-FR","potentialAction":[{"@type":"ReadAction","target":["https:\/\/www.nettali.com\/2025\/12\/10\/cameroun-renvoye-brys-publie-une-liste-pour-la-can\/"]}]},{"@type":"BreadcrumbList","@id":"https:\/\/www.nettali.com\/2025\/12\/10\/cameroun-renvoye-brys-publie-une-liste-pour-la-can\/#breadcrumb","itemListElement":[{"@type":"ListItem","position":1,"name":"Accueil","item":"https:\/\/www.nettali.com\/"},{"@type":"ListItem","position":2,"name":"CAMEROUN - Renvoy\u00e9, Brys publie une liste pour la Can"}]},{"@type":"Person","@id":"https:\/\/www.nettali.com\/#\/schema\/person\/d8ac7b7e27ddad43f1c0d2ef090d7f71","name":"CK","image":{"@type":"ImageObject","@id":"https:\/\/www.nettali.com\/#personlogo","inLanguage":"fr-FR","url":"https:\/\/secure.gravatar.com\/avatar\/1d8d5118b9327d94da7cd4ce7f17fec2?s=96&d=mm&r=g","contentUrl":"https:\/\/secure.gravatar.com\/avatar\/1d8d5118b9327d94da7cd4ce7f17fec2?s=96&d=mm&r=g","caption":"CK"},"sameAs":["https:\/\/www.nettali.com"]}]}},"_links":{"self":[{"href":"https:\/\/www.nettali.com\/rest\/wp\/v2\/posts\/166108"}],"collection":[{"href":"https:\/\/www.nettali.com\/rest\/wp\/v2\/posts"}],"about":[{"href":"https:\/\/www.nettali.com\/rest\/wp\/v2\/types\/post"}],"author":[{"embeddable":true,"href":"https:\/\/www.nettali.com\/rest\/wp\/v2\/users\/2"}],"replies":[{"embeddable":true,"href":"https:\/\/www.nettali.com\/rest\/wp\/v2\/comments?post=166108"}],"version-history":[{"count":1,"href":"https:\/\/www.nettali.com\/rest\/wp\/v2\/posts\/166108\/revisions"}],"predecessor-version":[{"id":166109,"href":"https:\/\/www.nettali.com\/rest\/wp\/v2\/posts\/166108\/revisions\/166109"}],"wp:featuredmedia":[{"embeddable":true,"href":"https:\/\/www.nettali.com\/rest\/wp\/v2\/media\/165985"}],"wp:attachment":[{"href":"https:\/\/www.nettali.com\/rest\/wp\/v2\/media?parent=166108"}],"wp:term":[{"taxonomy":"category","embeddable":true,"href":"https:\/\/www.nettali.com\/rest\/wp\/v2\/categories?post=166108"},{"taxonomy":"post_tag","embeddable":true,"href":"https:\/\/www.nettali.com\/rest\/wp\/v2\/tags?post=166108"}],"curies":[{"name":"wp","href":"https:\/\/api.w.org\/{rel}","templated":true}]}}